{"id":1055567,"date":"2026-09-01T14:00:46","date_gmt":"2026-09-01T11:00:46","guid":{"rendered":"https:\/\/www.rri.ro\/?p=1055567"},"modified":"2026-09-01T10:30:19","modified_gmt":"2026-09-01T07:30:19","slug":"end-of-the-line-for-romanias-recovery-and-resilience-plan","status":"publish","type":"post","link":"https:\/\/www.rri.ro\/en\/news-and-current-affairs\/today-in-the-news\/end-of-the-line-for-romanias-recovery-and-resilience-plan-id1055567.html","title":{"rendered":"End of the line for Romania\u2019s Recovery and Resilience Plan"},"content":{"rendered":"<p>Romania\u2019s Recovery and Resilience Plan (PNRR) has reached the end of the line. Up until the very last day, there were final project sign-offs and normative acts adopted in the Government meeting to secure as many assumed commitments and fulfilled milestones as possible. In T\u00e2rgu Mure\u0219, the new Cardiovascular Surgical Center at the Heart Institute was inaugurated, and on the A7 Moldova Motorway (north-east), another segment of nearly 50 kilometers was opened to traffic.<\/p>\n<p>&nbsp;<\/p>\n<p data-path-to-node=\"3\">Major investments will remain in Romania, states interim Liberal Prime Minister Ilie Bolojan:<\/p>\n<p data-path-to-node=\"3\">\n<p>\u201cThese are important projects in major infrastructure\u2014meaning modernized and electrified railways, Romania\u2019s hospital network, and numerous projects related to the quality of education in schools across the country, in almost all county seats. Most of the modernized schools have been equipped and rehabilitated with appropriate, latest-generation infrastructure. There are also many energy efficiency projects for local authorities that they have successfully completed\u201d.<\/p>\n<p>&nbsp;<\/p>\n<p>Ilie Bolojan said that PNRR funding amounted to \u20ac13.5 billion in the grant component, meaning non-repayable funds, and approximately \u20ac7 billion in the loan component, a portion gradually reduced to minimize the risk of losing European money as much as possible. Nevertheless, substantial funds were lost, for example, \u20ac770 million for missing the public sector wage reform, or nearly \u20ac100 million for incomplete measures in the field of decarbonization. The head of government explained that, due to delays in building new production capacities, replacing coal-fired power plants was impossible.<\/p>\n<p>&nbsp;<\/p>\n<p data-path-to-node=\"5\">In the coming days, evaluations and checks are being conducted, after which the authorities will present exact figures, the interim prime minister stated. In his view, the implementation of PNRR was affected by delays and problems that surfaced right from the initial stages of the program. He also noted that Romania renegotiated a series of milestones over recent years and reduced the scope of certain commitments. Out of more than 15,000 assumed investments, nearly 4,500 projects remained unfinished or unaccepted.<\/p>\n<p data-path-to-node=\"5\">\n<p data-path-to-node=\"6\">Compared to the rest of the EU, Romania sits at the bottom of the rankings regarding the percentage of money actually collected from the PNRR, managing to secure only about 61% of its total revised allocation. The absolute champions in securing PNRR funds are Spain and Italy, which drew down 90 to 100% of their allocated funds. They are followed by Portugal and Greece with an absorption rate of 80 to 85%. Most EU states obtained around 70 to 75% of the funds initially allocated, while Poland obtained over 65% of the money, sharply accelerating its funding requests in the past year. In this entire context, Romania, positioned at the bottom of the rankings, is surpassed only by Bulgaria, which obtained just 53% of its PNRR funds due to severe political instability. (VP)<\/p>\n","protected":false},"excerpt":{"rendered":"<p>Romania\u2019s Recovery and Resilience Plan (PNRR) has reached the end of the line. Up until the very last day, there were final project sign-offs and normative acts adopted in the Government meeting to secure as many assumed commitments and fulfilled milestones as possible. In T\u00e2rgu Mure\u0219, the new Cardiovascular Surgical Center at the Heart Institute [&hellip;]<\/p>\n","protected":false},"author":106,"featured_media":1055544,"comment_status":"closed","ping_status":"closed","sticky":false,"template":"","format":"standard","meta":{"_acf_changed":false,"footnotes":""},"categories":[37738],"tags":[30011,162179,36481,142354,116337,38086],"coauthors":[113311],"class_list":["post-1055567","post","type-post","status-publish","format-standard","has-post-thumbnail","hentry","category-today-in-the-news","tag-eu-funds","tag-ilie-bolojan-2","tag-milestones","tag-pnrr-2","tag-recovery-and-resilience","tag-reforms"],"acf":[],"yoast_head":"<!-- This site is optimized with the Yoast SEO plugin v28.2 - https:\/\/yoast.com\/product\/yoast-seo-wordpress\/ -->\n<title>End of the line for Romania\u2019s Recovery and Resilience Plan - Radio Romania International<\/title>\n<meta name=\"robots\" content=\"index, follow, max-snippet:-1, max-image-preview:large, max-video-preview:-1\" \/>\n<link rel=\"canonical\" href=\"https:\/\/www.rri.ro\/en\/news-and-current-affairs\/today-in-the-news\/end-of-the-line-for-romanias-recovery-and-resilience-plan-id1055567.html\" \/>\n<meta property=\"og:locale\" content=\"en_US\" \/>\n<meta property=\"og:type\" content=\"article\" \/>\n<meta property=\"og:title\" content=\"End of the line for Romania\u2019s Recovery and Resilience Plan - Radio Romania International\" \/>\n<meta property=\"og:description\" content=\"Romania\u2019s Recovery and Resilience Plan (PNRR) has reached the end of the line. Up until the very last day, there were final project sign-offs and normative acts adopted in the Government meeting to secure as many assumed commitments and fulfilled milestones as possible. In T\u00e2rgu Mure\u0219, the new Cardiovascular Surgical Center at the Heart Institute [&hellip;]\" \/>\n<meta property=\"og:url\" content=\"https:\/\/www.rri.ro\/en\/news-and-current-affairs\/today-in-the-news\/end-of-the-line-for-romanias-recovery-and-resilience-plan-id1055567.html\" \/>\n<meta property=\"og:site_name\" content=\"Radio Romania International\" \/>\n<meta property=\"article:published_time\" content=\"2026-09-01T11:00:46+00:00\" \/>\n<meta property=\"og:image\" content=\"https:\/\/www.rri.ro\/wp-content\/uploads\/2026\/09\/PNRR-sursa-foto-guvernul-Romaniei-facebook.jpg\" \/>\n\t<meta property=\"og:image:width\" content=\"960\" \/>\n\t<meta property=\"og:image:height\" content=\"541\" \/>\n\t<meta property=\"og:image:type\" content=\"image\/jpeg\" \/>\n<meta name=\"author\" content=\"Mihai Pelin\" \/>\n<meta name=\"twitter:card\" content=\"summary_large_image\" \/>\n<meta name=\"twitter:label1\" content=\"Written by\" \/>\n\t<meta name=\"twitter:data1\" content=\"Mihai Pelin\" \/>\n\t<meta name=\"twitter:label2\" content=\"Est. reading time\" \/>\n\t<meta name=\"twitter:data2\" content=\"2 minutes\" \/>\n<script type=\"application\/ld+json\" class=\"yoast-schema-graph\">{\"@context\":\"https:\\\/\\\/schema.org\",\"@graph\":[{\"@type\":\"Article\",\"@id\":\"https:\\\/\\\/www.rri.ro\\\/en\\\/news-and-current-affairs\\\/today-in-the-news\\\/end-of-the-line-for-romanias-recovery-and-resilience-plan-id1055567.html#article\",\"isPartOf\":{\"@id\":\"https:\\\/\\\/www.rri.ro\\\/en\\\/news-and-current-affairs\\\/today-in-the-news\\\/end-of-the-line-for-romanias-recovery-and-resilience-plan-id1055567.html\"},\"author\":{\"name\":\"Mihai Pelin\",\"@id\":\"https:\\\/\\\/www.rri.ro\\\/#\\\/schema\\\/person\\\/c6036c822534c855dc3aad41a484f05d\"},\"headline\":\"End of the line for Romania\u2019s Recovery and Resilience Plan\",\"datePublished\":\"2026-09-01T11:00:46+00:00\",\"mainEntityOfPage\":{\"@id\":\"https:\\\/\\\/www.rri.ro\\\/en\\\/news-and-current-affairs\\\/today-in-the-news\\\/end-of-the-line-for-romanias-recovery-and-resilience-plan-id1055567.html\"},\"wordCount\":453,\"image\":{\"@id\":\"https:\\\/\\\/www.rri.ro\\\/en\\\/news-and-current-affairs\\\/today-in-the-news\\\/end-of-the-line-for-romanias-recovery-and-resilience-plan-id1055567.html#primaryimage\"},\"thumbnailUrl\":\"https:\\\/\\\/www.rri.ro\\\/wp-content\\\/uploads\\\/2026\\\/09\\\/PNRR-sursa-foto-guvernul-Romaniei-facebook.jpg\",\"keywords\":[\"EU funds\",\"Ilie Bolojan\",\"milestones\",\"PNRR\",\"recovery and resilience\",\"reforms\"],\"articleSection\":[\"Today in the News\"],\"inLanguage\":\"en-US\"},{\"@type\":\"WebPage\",\"@id\":\"https:\\\/\\\/www.rri.ro\\\/en\\\/news-and-current-affairs\\\/today-in-the-news\\\/end-of-the-line-for-romanias-recovery-and-resilience-plan-id1055567.html\",\"url\":\"https:\\\/\\\/www.rri.ro\\\/en\\\/news-and-current-affairs\\\/today-in-the-news\\\/end-of-the-line-for-romanias-recovery-and-resilience-plan-id1055567.html\",\"name\":\"End of the line for Romania\u2019s Recovery and Resilience Plan - Radio Romania International\",\"isPartOf\":{\"@id\":\"https:\\\/\\\/www.rri.ro\\\/#website\"},\"primaryImageOfPage\":{\"@id\":\"https:\\\/\\\/www.rri.ro\\\/en\\\/news-and-current-affairs\\\/today-in-the-news\\\/end-of-the-line-for-romanias-recovery-and-resilience-plan-id1055567.html#primaryimage\"},\"image\":{\"@id\":\"https:\\\/\\\/www.rri.ro\\\/en\\\/news-and-current-affairs\\\/today-in-the-news\\\/end-of-the-line-for-romanias-recovery-and-resilience-plan-id1055567.html#primaryimage\"},\"thumbnailUrl\":\"https:\\\/\\\/www.rri.ro\\\/wp-content\\\/uploads\\\/2026\\\/09\\\/PNRR-sursa-foto-guvernul-Romaniei-facebook.jpg\",\"datePublished\":\"2026-09-01T11:00:46+00:00\",\"author\":{\"@id\":\"https:\\\/\\\/www.rri.ro\\\/#\\\/schema\\\/person\\\/c6036c822534c855dc3aad41a484f05d\"},\"breadcrumb\":{\"@id\":\"https:\\\/\\\/www.rri.ro\\\/en\\\/news-and-current-affairs\\\/today-in-the-news\\\/end-of-the-line-for-romanias-recovery-and-resilience-plan-id1055567.html#breadcrumb\"},\"inLanguage\":\"en-US\",\"potentialAction\":[{\"@type\":\"ReadAction\",\"target\":[\"https:\\\/\\\/www.rri.ro\\\/en\\\/news-and-current-affairs\\\/today-in-the-news\\\/end-of-the-line-for-romanias-recovery-and-resilience-plan-id1055567.html\"]}]},{\"@type\":\"ImageObject\",\"inLanguage\":\"en-US\",\"@id\":\"https:\\\/\\\/www.rri.ro\\\/en\\\/news-and-current-affairs\\\/today-in-the-news\\\/end-of-the-line-for-romanias-recovery-and-resilience-plan-id1055567.html#primaryimage\",\"url\":\"https:\\\/\\\/www.rri.ro\\\/wp-content\\\/uploads\\\/2026\\\/09\\\/PNRR-sursa-foto-guvernul-Romaniei-facebook.jpg\",\"contentUrl\":\"https:\\\/\\\/www.rri.ro\\\/wp-content\\\/uploads\\\/2026\\\/09\\\/PNRR-sursa-foto-guvernul-Romaniei-facebook.jpg\",\"width\":960,\"height\":541,\"caption\":\"PNRR sursa foto guvernul Romaniei facebook\"},{\"@type\":\"BreadcrumbList\",\"@id\":\"https:\\\/\\\/www.rri.ro\\\/en\\\/news-and-current-affairs\\\/today-in-the-news\\\/end-of-the-line-for-romanias-recovery-and-resilience-plan-id1055567.html#breadcrumb\",\"itemListElement\":[{\"@type\":\"ListItem\",\"position\":1,\"name\":\"Homepage\",\"item\":\"https:\\\/\\\/www.rri.ro\\\/en\"},{\"@type\":\"ListItem\",\"position\":2,\"name\":\"Actualitate\",\"item\":\"https:\\\/\\\/www.rri.ro\\\/actualitate\"},{\"@type\":\"ListItem\",\"position\":3,\"name\":\"Today in the News\",\"item\":\"https:\\\/\\\/www.rri.ro\\\/en\\\/news-and-current-affairs\\\/today-in-the-news\"},{\"@type\":\"ListItem\",\"position\":4,\"name\":\"End of the line for Romania\u2019s Recovery and Resilience Plan\"}]},{\"@type\":\"WebSite\",\"@id\":\"https:\\\/\\\/www.rri.ro\\\/#website\",\"url\":\"https:\\\/\\\/www.rri.ro\\\/\",\"name\":\"Radio Romania International\",\"description\":\"Totul despre Rom\u00e2nia \u015fi rom\u00e2ni, \u00een 13 limbi\\\/dialecte!\",\"inLanguage\":\"en-US\"},{\"@type\":\"Person\",\"@id\":\"https:\\\/\\\/www.rri.ro\\\/#\\\/schema\\\/person\\\/c6036c822534c855dc3aad41a484f05d\",\"name\":\"Mihai Pelin\",\"url\":\"https:\\\/\\\/www.rri.ro\\\/en\\\/author\\\/mihai-pelin\"}]}<\/script>\n<!-- \/ Yoast SEO plugin. -->","yoast_head_json":{"title":"End of the line for Romania\u2019s Recovery and Resilience Plan - Radio Romania International","robots":{"index":"index","follow":"follow","max-snippet":"max-snippet:-1","max-image-preview":"max-image-preview:large","max-video-preview":"max-video-preview:-1"},"canonical":"https:\/\/www.rri.ro\/en\/news-and-current-affairs\/today-in-the-news\/end-of-the-line-for-romanias-recovery-and-resilience-plan-id1055567.html","og_locale":"en_US","og_type":"article","og_title":"End of the line for Romania\u2019s Recovery and Resilience Plan - Radio Romania International","og_description":"Romania\u2019s Recovery and Resilience Plan (PNRR) has reached the end of the line. Up until the very last day, there were final project sign-offs and normative acts adopted in the Government meeting to secure as many assumed commitments and fulfilled milestones as possible. In T\u00e2rgu Mure\u0219, the new Cardiovascular Surgical Center at the Heart Institute [&hellip;]","og_url":"https:\/\/www.rri.ro\/en\/news-and-current-affairs\/today-in-the-news\/end-of-the-line-for-romanias-recovery-and-resilience-plan-id1055567.html","og_site_name":"Radio Romania International","article_published_time":"2026-09-01T11:00:46+00:00","og_image":[{"width":960,"height":541,"url":"https:\/\/www.rri.ro\/wp-content\/uploads\/2026\/09\/PNRR-sursa-foto-guvernul-Romaniei-facebook.jpg","type":"image\/jpeg"}],"author":"Mihai Pelin","twitter_card":"summary_large_image","twitter_misc":{"Written by":"Mihai Pelin","Est. reading time":"2 minutes"},"schema":{"@context":"https:\/\/schema.org","@graph":[{"@type":"Article","@id":"https:\/\/www.rri.ro\/en\/news-and-current-affairs\/today-in-the-news\/end-of-the-line-for-romanias-recovery-and-resilience-plan-id1055567.html#article","isPartOf":{"@id":"https:\/\/www.rri.ro\/en\/news-and-current-affairs\/today-in-the-news\/end-of-the-line-for-romanias-recovery-and-resilience-plan-id1055567.html"},"author":{"name":"Mihai Pelin","@id":"https:\/\/www.rri.ro\/#\/schema\/person\/c6036c822534c855dc3aad41a484f05d"},"headline":"End of the line for Romania\u2019s Recovery and Resilience Plan","datePublished":"2026-09-01T11:00:46+00:00","mainEntityOfPage":{"@id":"https:\/\/www.rri.ro\/en\/news-and-current-affairs\/today-in-the-news\/end-of-the-line-for-romanias-recovery-and-resilience-plan-id1055567.html"},"wordCount":453,"image":{"@id":"https:\/\/www.rri.ro\/en\/news-and-current-affairs\/today-in-the-news\/end-of-the-line-for-romanias-recovery-and-resilience-plan-id1055567.html#primaryimage"},"thumbnailUrl":"https:\/\/www.rri.ro\/wp-content\/uploads\/2026\/09\/PNRR-sursa-foto-guvernul-Romaniei-facebook.jpg","keywords":["EU funds","Ilie Bolojan","milestones","PNRR","recovery and resilience","reforms"],"articleSection":["Today in the News"],"inLanguage":"en-US"},{"@type":"WebPage","@id":"https:\/\/www.rri.ro\/en\/news-and-current-affairs\/today-in-the-news\/end-of-the-line-for-romanias-recovery-and-resilience-plan-id1055567.html","url":"https:\/\/www.rri.ro\/en\/news-and-current-affairs\/today-in-the-news\/end-of-the-line-for-romanias-recovery-and-resilience-plan-id1055567.html","name":"End of the line for Romania\u2019s Recovery and Resilience Plan - Radio Romania International","isPartOf":{"@id":"https:\/\/www.rri.ro\/#website"},"primaryImageOfPage":{"@id":"https:\/\/www.rri.ro\/en\/news-and-current-affairs\/today-in-the-news\/end-of-the-line-for-romanias-recovery-and-resilience-plan-id1055567.html#primaryimage"},"image":{"@id":"https:\/\/www.rri.ro\/en\/news-and-current-affairs\/today-in-the-news\/end-of-the-line-for-romanias-recovery-and-resilience-plan-id1055567.html#primaryimage"},"thumbnailUrl":"https:\/\/www.rri.ro\/wp-content\/uploads\/2026\/09\/PNRR-sursa-foto-guvernul-Romaniei-facebook.jpg","datePublished":"2026-09-01T11:00:46+00:00","author":{"@id":"https:\/\/www.rri.ro\/#\/schema\/person\/c6036c822534c855dc3aad41a484f05d"},"breadcrumb":{"@id":"https:\/\/www.rri.ro\/en\/news-and-current-affairs\/today-in-the-news\/end-of-the-line-for-romanias-recovery-and-resilience-plan-id1055567.html#breadcrumb"},"inLanguage":"en-US","potentialAction":[{"@type":"ReadAction","target":["https:\/\/www.rri.ro\/en\/news-and-current-affairs\/today-in-the-news\/end-of-the-line-for-romanias-recovery-and-resilience-plan-id1055567.html"]}]},{"@type":"ImageObject","inLanguage":"en-US","@id":"https:\/\/www.rri.ro\/en\/news-and-current-affairs\/today-in-the-news\/end-of-the-line-for-romanias-recovery-and-resilience-plan-id1055567.html#primaryimage","url":"https:\/\/www.rri.ro\/wp-content\/uploads\/2026\/09\/PNRR-sursa-foto-guvernul-Romaniei-facebook.jpg","contentUrl":"https:\/\/www.rri.ro\/wp-content\/uploads\/2026\/09\/PNRR-sursa-foto-guvernul-Romaniei-facebook.jpg","width":960,"height":541,"caption":"PNRR sursa foto guvernul Romaniei facebook"},{"@type":"BreadcrumbList","@id":"https:\/\/www.rri.ro\/en\/news-and-current-affairs\/today-in-the-news\/end-of-the-line-for-romanias-recovery-and-resilience-plan-id1055567.html#breadcrumb","itemListElement":[{"@type":"ListItem","position":1,"name":"Homepage","item":"https:\/\/www.rri.ro\/en"},{"@type":"ListItem","position":2,"name":"Actualitate","item":"https:\/\/www.rri.ro\/actualitate"},{"@type":"ListItem","position":3,"name":"Today in the News","item":"https:\/\/www.rri.ro\/en\/news-and-current-affairs\/today-in-the-news"},{"@type":"ListItem","position":4,"name":"End of the line for Romania\u2019s Recovery and Resilience Plan"}]},{"@type":"WebSite","@id":"https:\/\/www.rri.ro\/#website","url":"https:\/\/www.rri.ro\/","name":"Radio Romania International","description":"Totul despre Rom\u00e2nia \u015fi rom\u00e2ni, \u00een 13 limbi\/dialecte!","inLanguage":"en-US"},{"@type":"Person","@id":"https:\/\/www.rri.ro\/#\/schema\/person\/c6036c822534c855dc3aad41a484f05d","name":"Mihai Pelin","url":"https:\/\/www.rri.ro\/en\/author\/mihai-pelin"}]}},"_links":{"self":[{"href":"https:\/\/www.rri.ro\/en\/wp-json\/wp\/v2\/posts\/1055567","targetHints":{"allow":["GET"]}}],"collection":[{"href":"https:\/\/www.rri.ro\/en\/wp-json\/wp\/v2\/posts"}],"about":[{"href":"https:\/\/www.rri.ro\/en\/wp-json\/wp\/v2\/types\/post"}],"author":[{"embeddable":true,"href":"https:\/\/www.rri.ro\/en\/wp-json\/wp\/v2\/users\/106"}],"replies":[{"embeddable":true,"href":"https:\/\/www.rri.ro\/en\/wp-json\/wp\/v2\/comments?post=1055567"}],"version-history":[{"count":1,"href":"https:\/\/www.rri.ro\/en\/wp-json\/wp\/v2\/posts\/1055567\/revisions"}],"predecessor-version":[{"id":1055568,"href":"https:\/\/www.rri.ro\/en\/wp-json\/wp\/v2\/posts\/1055567\/revisions\/1055568"}],"wp:featuredmedia":[{"embeddable":true,"href":"https:\/\/www.rri.ro\/en\/wp-json\/wp\/v2\/media\/1055544"}],"wp:attachment":[{"href":"https:\/\/www.rri.ro\/en\/wp-json\/wp\/v2\/media?parent=1055567"}],"wp:term":[{"taxonomy":"category","embeddable":true,"href":"https:\/\/www.rri.ro\/en\/wp-json\/wp\/v2\/categories?post=1055567"},{"taxonomy":"post_tag","embeddable":true,"href":"https:\/\/www.rri.ro\/en\/wp-json\/wp\/v2\/tags?post=1055567"},{"taxonomy":"author","embeddable":true,"href":"https:\/\/www.rri.ro\/en\/wp-json\/wp\/v2\/coauthors?post=1055567"}],"curies":[{"name":"wp","href":"https:\/\/api.w.org\/{rel}","templated":true}]}}