{"id":1055800,"date":"2026-09-01T20:28:06","date_gmt":"2026-09-01T17:28:06","guid":{"rendered":"https:\/\/www.rri.ro\/?p=1055800"},"modified":"2026-09-01T20:28:06","modified_gmt":"2026-09-01T17:28:06","slug":"september-1-2026-update","status":"publish","type":"post","link":"https:\/\/www.rri.ro\/en\/news-and-current-affairs\/newsflash\/september-1-2026-update-id1055800.html","title":{"rendered":"September 1, 2026 UPDATE"},"content":{"rendered":"<p>PNRR Romania\u2019s interim Prime Minister, Ilie Bolojan, on Tuesday said that Romania managed to accomplish very important projects by means of the funds from the National Plan of Recovery and Resilience also known as PNRR. Bolojan says that although Romania managed to absorb only 90% of the funds allotted through this programme, over 2 thousand projects were not finalized by August 31, the EU deadline of finalizing and meeting all the milestones, targets and PNRR-funded projects. Romania\u2019s Parliament has urgently endorsed a law under which the works done after August 31, are no longer covered from EU funds, but will be covered from local and state budgets or from other funds. If the beneficiaries do not finish them by December 31, 2026, they will have to return all the money they received.<\/p>\n<p>&nbsp;<\/p>\n<p>SESSION Romania\u2019s two-chamber Parliament kicked off its autumn session on Tuesday. The first day was dedicated to electing the leadership of both chambers and of the party representatives to the permanent bureaus. Key priorities for the session include the vote on a new government with full powers, the reorganisation of the public administration of state-owned enterprises and electoral reform. Other topics on its agenda are the unified wage system in the public sector and healthcare system funding, as well as the high school admission system in the field of education. Romania has had a caretaker government since May 5, when the minority cabinet formed by the National Liberal Party, the Save Romania Union and the Democratic Union of Ethnic Hungarians in Romania and led by the Liberal leader Ilie Bolojan was dismissed by Parliament in a vote of no-confidence. After MEP Eugen Tomac, initially designated as the prime ministerial candidate withdrew, dissident Liberal Adrian Ve\u015ftea was nominated but failed to secure the necessary endorsements in Parliament.<\/p>\n<p>&nbsp;<\/p>\n<p>TALKS Romanian Interim Prime Minister Ilie Bolojan held a telephone conversation on Tuesday with NATO Secretary General Mark Rutte regarding key security challenges in the region, focusing on the war in Ukraine and the security situation in the Black Sea. The Romanian official emphasized the need for the Alliance to maintain its focus on the Eastern Flank and the Black Sea\u2014including through the deployment of Allied capabilities to Romania\u2014amidst intensifying drone incursions into national maritime and airspace. Also on Tuesday, Ilie Bolojan spoke by phone with Ukrainian Prime Minister Sergii Koretskyi, discussing regional security developments and key areas of cooperation between Romania and Ukraine. Prime Minister Ilie Bolojan reaffirmed Romania&#8217;s solidarity with and support for Ukraine and expressed appreciation for the sacrifices made by the Ukrainian people in the face of Russian aggression.<\/p>\n<p>&nbsp;<\/p>\n<p>CHANCELLOR The Former German Chancellor Angela Merkel was received on Tuesday by the President of Romania, Nicu\u0219or Dan. Their discussions focused on the international political and security context, European Union solidarity, and the need for European states to assume greater responsibility within NATO. The former German Chancellor is in Bucharest to present her memoir, *Freedom: Memories 1954\u20132021*. The book was launched internationally in 2024 across more than 30 countries. Bucharest is one of the few locations\u2014alongside capitals such as Berlin, Washington, Budapest, and Athens\u2014where the former Chancellor chose to attend the book presentation in person. In the book, she reflects on her childhood and youth spent in the so-called German Democratic Republic\u2014a communist satellite of the Soviet Union\u2014the fall of the Berlin Wall, and the beginnings of her political career; she also offers insight into the decisions made during her 16 years leading the German government and her meetings with leaders on the international stage. Angela Merkel served as Chancellor of Germany from 2005 to 2021, becoming the first woman to hold the office.<br \/>\n(bill)<\/p>\n<p>&nbsp;<\/p>\n","protected":false},"excerpt":{"rendered":"<p>PNRR Romania\u2019s interim Prime Minister, Ilie Bolojan, on Tuesday said that Romania managed to accomplish very important projects by means of the funds from the National Plan of Recovery and Resilience also known as PNRR. Bolojan says that although Romania managed to absorb only 90% of the funds allotted through this programme, over 2 thousand [&hellip;]<\/p>\n","protected":false},"author":113,"featured_media":731769,"comment_status":"closed","ping_status":"closed","sticky":false,"template":"","format":"standard","meta":{"_acf_changed":false,"footnotes":""},"categories":[22],"tags":[31270,30036,45762,32140,29268,28905,36582],"coauthors":[116091],"class_list":["post-1055800","post","type-post","status-publish","format-standard","has-post-thumbnail","hentry","category-newsflash","tag-diplomacy","tag-mark-rutte","tag-nato-2","tag-nicusor-dan","tag-parliament","tag-ukraine","tag-war"],"acf":[],"yoast_head":"<!-- This site is optimized with the Yoast SEO plugin v28.2 - https:\/\/yoast.com\/product\/yoast-seo-wordpress\/ -->\n<title>September 1, 2026 UPDATE - Radio Romania International<\/title>\n<meta name=\"robots\" content=\"index, follow, max-snippet:-1, max-image-preview:large, max-video-preview:-1\" \/>\n<link rel=\"canonical\" href=\"https:\/\/www.rri.ro\/en\/news-and-current-affairs\/newsflash\/september-1-2026-update-id1055800.html\" \/>\n<meta property=\"og:locale\" content=\"en_US\" \/>\n<meta property=\"og:type\" content=\"article\" \/>\n<meta property=\"og:title\" content=\"September 1, 2026 UPDATE - Radio Romania International\" \/>\n<meta property=\"og:description\" content=\"PNRR Romania\u2019s interim Prime Minister, Ilie Bolojan, on Tuesday said that Romania managed to accomplish very important projects by means of the funds from the National Plan of Recovery and Resilience also known as PNRR. Bolojan says that although Romania managed to absorb only 90% of the funds allotted through this programme, over 2 thousand [&hellip;]\" \/>\n<meta property=\"og:url\" content=\"https:\/\/www.rri.ro\/en\/news-and-current-affairs\/newsflash\/september-1-2026-update-id1055800.html\" \/>\n<meta property=\"og:site_name\" content=\"Radio Romania International\" \/>\n<meta property=\"article:published_time\" content=\"2026-09-01T17:28:06+00:00\" \/>\n<meta property=\"og:image\" content=\"https:\/\/www.rri.ro\/wp-content\/uploads\/2024\/04\/Newsflash-stiri-alb-960x540-1.jpg\" \/>\n\t<meta property=\"og:image:width\" content=\"960\" \/>\n\t<meta property=\"og:image:height\" content=\"540\" \/>\n\t<meta property=\"og:image:type\" content=\"image\/jpeg\" \/>\n<meta name=\"author\" content=\"Newsroom\" \/>\n<meta name=\"twitter:card\" content=\"summary_large_image\" \/>\n<meta name=\"twitter:label1\" content=\"Written by\" \/>\n\t<meta name=\"twitter:data1\" content=\"Newsroom\" \/>\n\t<meta name=\"twitter:label2\" content=\"Est. reading time\" \/>\n\t<meta name=\"twitter:data2\" content=\"3 minutes\" \/>\n<script type=\"application\/ld+json\" class=\"yoast-schema-graph\">{\"@context\":\"https:\\\/\\\/schema.org\",\"@graph\":[{\"@type\":\"Article\",\"@id\":\"https:\\\/\\\/www.rri.ro\\\/en\\\/news-and-current-affairs\\\/newsflash\\\/september-1-2026-update-id1055800.html#article\",\"isPartOf\":{\"@id\":\"https:\\\/\\\/www.rri.ro\\\/en\\\/news-and-current-affairs\\\/newsflash\\\/september-1-2026-update-id1055800.html\"},\"author\":{\"name\":\"Newsroom\",\"@id\":\"https:\\\/\\\/www.rri.ro\\\/#\\\/schema\\\/person\\\/4a479940371b9fdefd194f561e8a7f88\"},\"headline\":\"September 1, 2026 UPDATE\",\"datePublished\":\"2026-09-01T17:28:06+00:00\",\"mainEntityOfPage\":{\"@id\":\"https:\\\/\\\/www.rri.ro\\\/en\\\/news-and-current-affairs\\\/newsflash\\\/september-1-2026-update-id1055800.html\"},\"wordCount\":611,\"image\":{\"@id\":\"https:\\\/\\\/www.rri.ro\\\/en\\\/news-and-current-affairs\\\/newsflash\\\/september-1-2026-update-id1055800.html#primaryimage\"},\"thumbnailUrl\":\"https:\\\/\\\/www.rri.ro\\\/wp-content\\\/uploads\\\/2024\\\/04\\\/Newsflash-stiri-alb-960x540-1.jpg\",\"keywords\":[\"Diplomacy\",\"Mark Rutte\",\"NATO\",\"Nicusor Dan\",\"parliament\",\"Ukraine\",\"war\"],\"articleSection\":[\"Newsflash\"],\"inLanguage\":\"en-US\"},{\"@type\":\"WebPage\",\"@id\":\"https:\\\/\\\/www.rri.ro\\\/en\\\/news-and-current-affairs\\\/newsflash\\\/september-1-2026-update-id1055800.html\",\"url\":\"https:\\\/\\\/www.rri.ro\\\/en\\\/news-and-current-affairs\\\/newsflash\\\/september-1-2026-update-id1055800.html\",\"name\":\"September 1, 2026 UPDATE - Radio Romania International\",\"isPartOf\":{\"@id\":\"https:\\\/\\\/www.rri.ro\\\/#website\"},\"primaryImageOfPage\":{\"@id\":\"https:\\\/\\\/www.rri.ro\\\/en\\\/news-and-current-affairs\\\/newsflash\\\/september-1-2026-update-id1055800.html#primaryimage\"},\"image\":{\"@id\":\"https:\\\/\\\/www.rri.ro\\\/en\\\/news-and-current-affairs\\\/newsflash\\\/september-1-2026-update-id1055800.html#primaryimage\"},\"thumbnailUrl\":\"https:\\\/\\\/www.rri.ro\\\/wp-content\\\/uploads\\\/2024\\\/04\\\/Newsflash-stiri-alb-960x540-1.jpg\",\"datePublished\":\"2026-09-01T17:28:06+00:00\",\"author\":{\"@id\":\"https:\\\/\\\/www.rri.ro\\\/#\\\/schema\\\/person\\\/4a479940371b9fdefd194f561e8a7f88\"},\"breadcrumb\":{\"@id\":\"https:\\\/\\\/www.rri.ro\\\/en\\\/news-and-current-affairs\\\/newsflash\\\/september-1-2026-update-id1055800.html#breadcrumb\"},\"inLanguage\":\"en-US\",\"potentialAction\":[{\"@type\":\"ReadAction\",\"target\":[\"https:\\\/\\\/www.rri.ro\\\/en\\\/news-and-current-affairs\\\/newsflash\\\/september-1-2026-update-id1055800.html\"]}]},{\"@type\":\"ImageObject\",\"inLanguage\":\"en-US\",\"@id\":\"https:\\\/\\\/www.rri.ro\\\/en\\\/news-and-current-affairs\\\/newsflash\\\/september-1-2026-update-id1055800.html#primaryimage\",\"url\":\"https:\\\/\\\/www.rri.ro\\\/wp-content\\\/uploads\\\/2024\\\/04\\\/Newsflash-stiri-alb-960x540-1.jpg\",\"contentUrl\":\"https:\\\/\\\/www.rri.ro\\\/wp-content\\\/uploads\\\/2024\\\/04\\\/Newsflash-stiri-alb-960x540-1.jpg\",\"width\":960,\"height\":540,\"caption\":\"Newsflash\"},{\"@type\":\"BreadcrumbList\",\"@id\":\"https:\\\/\\\/www.rri.ro\\\/en\\\/news-and-current-affairs\\\/newsflash\\\/september-1-2026-update-id1055800.html#breadcrumb\",\"itemListElement\":[{\"@type\":\"ListItem\",\"position\":1,\"name\":\"Homepage\",\"item\":\"https:\\\/\\\/www.rri.ro\\\/en\"},{\"@type\":\"ListItem\",\"position\":2,\"name\":\"News and Current Affairs\",\"item\":\"https:\\\/\\\/www.rri.ro\\\/en\\\/news-and-current-affairs\"},{\"@type\":\"ListItem\",\"position\":3,\"name\":\"Newsflash\",\"item\":\"https:\\\/\\\/www.rri.ro\\\/en\\\/news-and-current-affairs\\\/newsflash\"},{\"@type\":\"ListItem\",\"position\":4,\"name\":\"September 1, 2026 UPDATE\"}]},{\"@type\":\"WebSite\",\"@id\":\"https:\\\/\\\/www.rri.ro\\\/#website\",\"url\":\"https:\\\/\\\/www.rri.ro\\\/\",\"name\":\"Radio Romania International\",\"description\":\"Totul despre Rom\u00e2nia \u015fi rom\u00e2ni, \u00een 13 limbi\\\/dialecte!\",\"inLanguage\":\"en-US\"},{\"@type\":\"Person\",\"@id\":\"https:\\\/\\\/www.rri.ro\\\/#\\\/schema\\\/person\\\/4a479940371b9fdefd194f561e8a7f88\",\"name\":\"Newsroom\",\"url\":\"https:\\\/\\\/www.rri.ro\\\/en\\\/author\\\/newsroom\"}]}<\/script>\n<!-- \/ Yoast SEO plugin. -->","yoast_head_json":{"title":"September 1, 2026 UPDATE - Radio Romania International","robots":{"index":"index","follow":"follow","max-snippet":"max-snippet:-1","max-image-preview":"max-image-preview:large","max-video-preview":"max-video-preview:-1"},"canonical":"https:\/\/www.rri.ro\/en\/news-and-current-affairs\/newsflash\/september-1-2026-update-id1055800.html","og_locale":"en_US","og_type":"article","og_title":"September 1, 2026 UPDATE - Radio Romania International","og_description":"PNRR Romania\u2019s interim Prime Minister, Ilie Bolojan, on Tuesday said that Romania managed to accomplish very important projects by means of the funds from the National Plan of Recovery and Resilience also known as PNRR. Bolojan says that although Romania managed to absorb only 90% of the funds allotted through this programme, over 2 thousand [&hellip;]","og_url":"https:\/\/www.rri.ro\/en\/news-and-current-affairs\/newsflash\/september-1-2026-update-id1055800.html","og_site_name":"Radio Romania International","article_published_time":"2026-09-01T17:28:06+00:00","og_image":[{"width":960,"height":540,"url":"https:\/\/www.rri.ro\/wp-content\/uploads\/2024\/04\/Newsflash-stiri-alb-960x540-1.jpg","type":"image\/jpeg"}],"author":"Newsroom","twitter_card":"summary_large_image","twitter_misc":{"Written by":"Newsroom","Est. reading time":"3 minutes"},"schema":{"@context":"https:\/\/schema.org","@graph":[{"@type":"Article","@id":"https:\/\/www.rri.ro\/en\/news-and-current-affairs\/newsflash\/september-1-2026-update-id1055800.html#article","isPartOf":{"@id":"https:\/\/www.rri.ro\/en\/news-and-current-affairs\/newsflash\/september-1-2026-update-id1055800.html"},"author":{"name":"Newsroom","@id":"https:\/\/www.rri.ro\/#\/schema\/person\/4a479940371b9fdefd194f561e8a7f88"},"headline":"September 1, 2026 UPDATE","datePublished":"2026-09-01T17:28:06+00:00","mainEntityOfPage":{"@id":"https:\/\/www.rri.ro\/en\/news-and-current-affairs\/newsflash\/september-1-2026-update-id1055800.html"},"wordCount":611,"image":{"@id":"https:\/\/www.rri.ro\/en\/news-and-current-affairs\/newsflash\/september-1-2026-update-id1055800.html#primaryimage"},"thumbnailUrl":"https:\/\/www.rri.ro\/wp-content\/uploads\/2024\/04\/Newsflash-stiri-alb-960x540-1.jpg","keywords":["Diplomacy","Mark Rutte","NATO","Nicusor Dan","parliament","Ukraine","war"],"articleSection":["Newsflash"],"inLanguage":"en-US"},{"@type":"WebPage","@id":"https:\/\/www.rri.ro\/en\/news-and-current-affairs\/newsflash\/september-1-2026-update-id1055800.html","url":"https:\/\/www.rri.ro\/en\/news-and-current-affairs\/newsflash\/september-1-2026-update-id1055800.html","name":"September 1, 2026 UPDATE - Radio Romania International","isPartOf":{"@id":"https:\/\/www.rri.ro\/#website"},"primaryImageOfPage":{"@id":"https:\/\/www.rri.ro\/en\/news-and-current-affairs\/newsflash\/september-1-2026-update-id1055800.html#primaryimage"},"image":{"@id":"https:\/\/www.rri.ro\/en\/news-and-current-affairs\/newsflash\/september-1-2026-update-id1055800.html#primaryimage"},"thumbnailUrl":"https:\/\/www.rri.ro\/wp-content\/uploads\/2024\/04\/Newsflash-stiri-alb-960x540-1.jpg","datePublished":"2026-09-01T17:28:06+00:00","author":{"@id":"https:\/\/www.rri.ro\/#\/schema\/person\/4a479940371b9fdefd194f561e8a7f88"},"breadcrumb":{"@id":"https:\/\/www.rri.ro\/en\/news-and-current-affairs\/newsflash\/september-1-2026-update-id1055800.html#breadcrumb"},"inLanguage":"en-US","potentialAction":[{"@type":"ReadAction","target":["https:\/\/www.rri.ro\/en\/news-and-current-affairs\/newsflash\/september-1-2026-update-id1055800.html"]}]},{"@type":"ImageObject","inLanguage":"en-US","@id":"https:\/\/www.rri.ro\/en\/news-and-current-affairs\/newsflash\/september-1-2026-update-id1055800.html#primaryimage","url":"https:\/\/www.rri.ro\/wp-content\/uploads\/2024\/04\/Newsflash-stiri-alb-960x540-1.jpg","contentUrl":"https:\/\/www.rri.ro\/wp-content\/uploads\/2024\/04\/Newsflash-stiri-alb-960x540-1.jpg","width":960,"height":540,"caption":"Newsflash"},{"@type":"BreadcrumbList","@id":"https:\/\/www.rri.ro\/en\/news-and-current-affairs\/newsflash\/september-1-2026-update-id1055800.html#breadcrumb","itemListElement":[{"@type":"ListItem","position":1,"name":"Homepage","item":"https:\/\/www.rri.ro\/en"},{"@type":"ListItem","position":2,"name":"News and Current Affairs","item":"https:\/\/www.rri.ro\/en\/news-and-current-affairs"},{"@type":"ListItem","position":3,"name":"Newsflash","item":"https:\/\/www.rri.ro\/en\/news-and-current-affairs\/newsflash"},{"@type":"ListItem","position":4,"name":"September 1, 2026 UPDATE"}]},{"@type":"WebSite","@id":"https:\/\/www.rri.ro\/#website","url":"https:\/\/www.rri.ro\/","name":"Radio Romania International","description":"Totul despre Rom\u00e2nia \u015fi rom\u00e2ni, \u00een 13 limbi\/dialecte!","inLanguage":"en-US"},{"@type":"Person","@id":"https:\/\/www.rri.ro\/#\/schema\/person\/4a479940371b9fdefd194f561e8a7f88","name":"Newsroom","url":"https:\/\/www.rri.ro\/en\/author\/newsroom"}]}},"_links":{"self":[{"href":"https:\/\/www.rri.ro\/en\/wp-json\/wp\/v2\/posts\/1055800","targetHints":{"allow":["GET"]}}],"collection":[{"href":"https:\/\/www.rri.ro\/en\/wp-json\/wp\/v2\/posts"}],"about":[{"href":"https:\/\/www.rri.ro\/en\/wp-json\/wp\/v2\/types\/post"}],"author":[{"embeddable":true,"href":"https:\/\/www.rri.ro\/en\/wp-json\/wp\/v2\/users\/113"}],"replies":[{"embeddable":true,"href":"https:\/\/www.rri.ro\/en\/wp-json\/wp\/v2\/comments?post=1055800"}],"version-history":[{"count":1,"href":"https:\/\/www.rri.ro\/en\/wp-json\/wp\/v2\/posts\/1055800\/revisions"}],"predecessor-version":[{"id":1055801,"href":"https:\/\/www.rri.ro\/en\/wp-json\/wp\/v2\/posts\/1055800\/revisions\/1055801"}],"wp:featuredmedia":[{"embeddable":true,"href":"https:\/\/www.rri.ro\/en\/wp-json\/wp\/v2\/media\/731769"}],"wp:attachment":[{"href":"https:\/\/www.rri.ro\/en\/wp-json\/wp\/v2\/media?parent=1055800"}],"wp:term":[{"taxonomy":"category","embeddable":true,"href":"https:\/\/www.rri.ro\/en\/wp-json\/wp\/v2\/categories?post=1055800"},{"taxonomy":"post_tag","embeddable":true,"href":"https:\/\/www.rri.ro\/en\/wp-json\/wp\/v2\/tags?post=1055800"},{"taxonomy":"author","embeddable":true,"href":"https:\/\/www.rri.ro\/en\/wp-json\/wp\/v2\/coauthors?post=1055800"}],"curies":[{"name":"wp","href":"https:\/\/api.w.org\/{rel}","templated":true}]}}