{"id":1055986,"date":"2026-09-02T20:00:15","date_gmt":"2026-09-02T17:00:15","guid":{"rendered":"https:\/\/www.rri.ro\/?p=1055986"},"modified":"2026-09-02T19:56:13","modified_gmt":"2026-09-02T16:56:13","slug":"september-2-2026-update","status":"publish","type":"post","link":"https:\/\/www.rri.ro\/en\/news-and-current-affairs\/newsflash\/september-2-2026-update-id1055986.html","title":{"rendered":"September 2, 2026 UPDATE"},"content":{"rendered":"<p><strong>Romania summons Russian Ambassador following Leipzig drone attack and alleged hybrid warfare activities<\/strong><\/p>\n<p>Russia&#8217;s ambassador to Bucharest will be summoned to the Ministry of Foreign Affairs following the drone attack on the Leipzig airport, which has been attributed to Russia, interim Romanian Foreign Minister Oana \u021aoiu announced. She emphasized that Romania stands in solidarity with Germany and other European nations facing Russia&#8217;s hybrid activities, interference, and persistent, reckless provocations, which Romania has experienced as well. The European Union and several member states have similarly summoned Russian diplomatic representatives regarding the Leipzig incident. Meanwhile, Germany&#8217;s charg\u00e9 d&#8217;affaires was called to the Russian Foreign Ministry after Berlin accused Moscow of engaging in hybrid warfare. German police have identified the DNA of two men holding Russian passports who are suspected of bringing an explosive-laden drone to the Leipzig airport.<\/p>\n<p>&nbsp;<\/p>\n<p><strong>Political consultations pending<\/strong><\/p>\n<p>In Romania, parliamentary party leaders are waiting for President Nicu\u0219or Dan to call them back to consultations to form a new government, following the start of the autumn parliamentary session on Tuesday without a clear majority. According to political analysts, the right-wing National Liberal Party (PNL) and Save Romania Union (USR), which together with the Democratic Alliance of Hungarians in Romania (UDMR) currently form the caretaker government, categorically refuse to join an executive alongside the left-wing Social Democratic Party (PSD), which left the executive coalition a few months ago. PSD announced it will make a decision after a prime minister-designate is named. Meanwhile, the nationalist opposition party, the Alliance for the Union of Romanians (AUR), buoyed by strong momentum in recent polls, is calling for snap elections, describing them as the only way to break the current political deadlock.<\/p>\n<p>&nbsp;<\/p>\n<p><strong>Parliamentary dispute and boycott<\/strong><\/p>\n<p>PNL and USR representatives in the caretaker government refused to participate in Wednesday\u2019s plenary session of the Chamber of Deputies. The move came as a protest over how leadership positions in the Chamber were allocated on Tuesday. The two parties cited an abuse of power by an ad-hoc PSD-AUR-SOS Romania majority, claiming it violates the established political algorithm and ignores mandatory negotiations between group leaders. PNL floor leader Gabriel Andronache stated there is clear jurisprudence on the matter, established by a Constitutional Court ruling dating back to 2010. Conversely, PSD firmly rejected speculation regarding a formal coalition with AUR and SOS Romania. Social Democrat deputy Mihai Ghigiu stated that the allocation aligns with the position of the majority of group leaders and represents a standard administrative procedure. PNL and USR representatives announced plans to file a challenge with the Constitutional Court next week regarding the leadership distribution.<\/p>\n<p>&nbsp;<\/p>\n<p><strong>European Council President to visit Bucharest<\/strong><\/p>\n<p>European Council President Ant\u00f3nio Costa arrives in Bucharest on Thursday, where he will be received by Romanian President Nicu\u0219or Dan. According to the Presidential Administration, the two leaders will hold one-on-one meetings followed by official talks, concluding with a joint press conference. On the same day, Costa is scheduled to visit Sofia and Athens. The European Council Chief is conducting a tour of EU member state capitals through September 17 to discuss national priorities and concerns directly with member states. His discussions cover key topics including defense, economic competitiveness, EU enlargement, support for Ukraine and the future multi-year EU budget for 2028\u20132034. Costa has already visited Slovakia, Estonia, Latvia, Lithuania, the Czech Republic, Hungary, Croatia and Luxembourg. His most recent visit to Bucharest took place in September 2025.<\/p>\n<p>&nbsp;<\/p>\n<p><strong>Romgaz completes acquisition of Azomure\u0219<\/strong><\/p>\n<p>Romgaz, Romania&#8217;s primary natural gas producer and supplier, has finalized the acquisition formalities for Azomure\u0219, the country&#8217;s largest producer of mineral fertilizers for agriculture. The transfer agreement was signed late last month, paving the way for integration and technical preparations to restart operations at the plant. According to a statement from Romgaz representatives, resuming production requires completing preliminary technical steps, including evaluating equipment status, running safety checks, performing necessary maintenance and repairs, and verifying safety systems to ensure a phased restart. Last week, interim Prime Minister Ilie Bolojan noted that more than 800 Azomure\u0219 employees will be transitioned to Romgaz starting this month, with production projected to resume in the first quarter of next year. (VP)<\/p>\n","protected":false},"excerpt":{"rendered":"<p>Romania summons Russian Ambassador following Leipzig drone attack and alleged hybrid warfare activities Russia&#8217;s ambassador to Bucharest will be summoned to the Ministry of Foreign Affairs following the drone attack on the Leipzig airport, which has been attributed to Russia, interim Romanian Foreign Minister Oana \u021aoiu announced. She emphasized that Romania stands in solidarity with [&hellip;]<\/p>\n","protected":false},"author":113,"featured_media":731769,"comment_status":"closed","ping_status":"closed","sticky":false,"template":"","format":"standard","meta":{"_acf_changed":false,"footnotes":""},"categories":[22],"tags":[55954,196017,144319,31322,196015,157584,38029],"coauthors":[116091],"class_list":["post-1055986","post","type-post","status-publish","format-standard","has-post-thumbnail","hentry","category-newsflash","tag-antonio-costa","tag-hybrid-warfare","tag-nicusor-dan-2","tag-political-consultations","tag-political-dispute","tag-romgaz-2","tag-russian-ambassador"],"acf":[],"yoast_head":"<!-- This site is optimized with the Yoast SEO plugin v28.2 - https:\/\/yoast.com\/product\/yoast-seo-wordpress\/ -->\n<title>September 2, 2026 UPDATE - Radio Romania International<\/title>\n<meta name=\"robots\" content=\"index, follow, max-snippet:-1, max-image-preview:large, max-video-preview:-1\" \/>\n<link rel=\"canonical\" href=\"https:\/\/www.rri.ro\/en\/news-and-current-affairs\/newsflash\/september-2-2026-update-id1055986.html\" \/>\n<meta property=\"og:locale\" content=\"en_US\" \/>\n<meta property=\"og:type\" content=\"article\" \/>\n<meta property=\"og:title\" content=\"September 2, 2026 UPDATE - Radio Romania International\" \/>\n<meta property=\"og:description\" content=\"Romania summons Russian Ambassador following Leipzig drone attack and alleged hybrid warfare activities Russia&#8217;s ambassador to Bucharest will be summoned to the Ministry of Foreign Affairs following the drone attack on the Leipzig airport, which has been attributed to Russia, interim Romanian Foreign Minister Oana \u021aoiu announced. She emphasized that Romania stands in solidarity with [&hellip;]\" \/>\n<meta property=\"og:url\" content=\"https:\/\/www.rri.ro\/en\/news-and-current-affairs\/newsflash\/september-2-2026-update-id1055986.html\" \/>\n<meta property=\"og:site_name\" content=\"Radio Romania International\" \/>\n<meta property=\"article:published_time\" content=\"2026-09-02T17:00:15+00:00\" \/>\n<meta property=\"og:image\" content=\"https:\/\/www.rri.ro\/wp-content\/uploads\/2024\/04\/Newsflash-stiri-alb-960x540-1.jpg\" \/>\n\t<meta property=\"og:image:width\" content=\"960\" \/>\n\t<meta property=\"og:image:height\" content=\"540\" \/>\n\t<meta property=\"og:image:type\" content=\"image\/jpeg\" \/>\n<meta name=\"author\" content=\"Newsroom\" \/>\n<meta name=\"twitter:card\" content=\"summary_large_image\" \/>\n<meta name=\"twitter:label1\" content=\"Written by\" \/>\n\t<meta name=\"twitter:data1\" content=\"Newsroom\" \/>\n\t<meta name=\"twitter:label2\" content=\"Est. reading time\" \/>\n\t<meta name=\"twitter:data2\" content=\"3 minutes\" \/>\n<script type=\"application\/ld+json\" class=\"yoast-schema-graph\">{\"@context\":\"https:\\\/\\\/schema.org\",\"@graph\":[{\"@type\":\"Article\",\"@id\":\"https:\\\/\\\/www.rri.ro\\\/en\\\/news-and-current-affairs\\\/newsflash\\\/september-2-2026-update-id1055986.html#article\",\"isPartOf\":{\"@id\":\"https:\\\/\\\/www.rri.ro\\\/en\\\/news-and-current-affairs\\\/newsflash\\\/september-2-2026-update-id1055986.html\"},\"author\":{\"name\":\"Newsroom\",\"@id\":\"https:\\\/\\\/www.rri.ro\\\/#\\\/schema\\\/person\\\/4a479940371b9fdefd194f561e8a7f88\"},\"headline\":\"September 2, 2026 UPDATE\",\"datePublished\":\"2026-09-02T17:00:15+00:00\",\"mainEntityOfPage\":{\"@id\":\"https:\\\/\\\/www.rri.ro\\\/en\\\/news-and-current-affairs\\\/newsflash\\\/september-2-2026-update-id1055986.html\"},\"wordCount\":695,\"image\":{\"@id\":\"https:\\\/\\\/www.rri.ro\\\/en\\\/news-and-current-affairs\\\/newsflash\\\/september-2-2026-update-id1055986.html#primaryimage\"},\"thumbnailUrl\":\"https:\\\/\\\/www.rri.ro\\\/wp-content\\\/uploads\\\/2024\\\/04\\\/Newsflash-stiri-alb-960x540-1.jpg\",\"keywords\":[\"Antonio Costa\",\"hybrid warfare\",\"Nicusor Dan\",\"political consultations\",\"political dispute\",\"Romgaz\",\"Russian Ambassador\"],\"articleSection\":[\"Newsflash\"],\"inLanguage\":\"en-US\"},{\"@type\":\"WebPage\",\"@id\":\"https:\\\/\\\/www.rri.ro\\\/en\\\/news-and-current-affairs\\\/newsflash\\\/september-2-2026-update-id1055986.html\",\"url\":\"https:\\\/\\\/www.rri.ro\\\/en\\\/news-and-current-affairs\\\/newsflash\\\/september-2-2026-update-id1055986.html\",\"name\":\"September 2, 2026 UPDATE - Radio Romania International\",\"isPartOf\":{\"@id\":\"https:\\\/\\\/www.rri.ro\\\/#website\"},\"primaryImageOfPage\":{\"@id\":\"https:\\\/\\\/www.rri.ro\\\/en\\\/news-and-current-affairs\\\/newsflash\\\/september-2-2026-update-id1055986.html#primaryimage\"},\"image\":{\"@id\":\"https:\\\/\\\/www.rri.ro\\\/en\\\/news-and-current-affairs\\\/newsflash\\\/september-2-2026-update-id1055986.html#primaryimage\"},\"thumbnailUrl\":\"https:\\\/\\\/www.rri.ro\\\/wp-content\\\/uploads\\\/2024\\\/04\\\/Newsflash-stiri-alb-960x540-1.jpg\",\"datePublished\":\"2026-09-02T17:00:15+00:00\",\"author\":{\"@id\":\"https:\\\/\\\/www.rri.ro\\\/#\\\/schema\\\/person\\\/4a479940371b9fdefd194f561e8a7f88\"},\"breadcrumb\":{\"@id\":\"https:\\\/\\\/www.rri.ro\\\/en\\\/news-and-current-affairs\\\/newsflash\\\/september-2-2026-update-id1055986.html#breadcrumb\"},\"inLanguage\":\"en-US\",\"potentialAction\":[{\"@type\":\"ReadAction\",\"target\":[\"https:\\\/\\\/www.rri.ro\\\/en\\\/news-and-current-affairs\\\/newsflash\\\/september-2-2026-update-id1055986.html\"]}]},{\"@type\":\"ImageObject\",\"inLanguage\":\"en-US\",\"@id\":\"https:\\\/\\\/www.rri.ro\\\/en\\\/news-and-current-affairs\\\/newsflash\\\/september-2-2026-update-id1055986.html#primaryimage\",\"url\":\"https:\\\/\\\/www.rri.ro\\\/wp-content\\\/uploads\\\/2024\\\/04\\\/Newsflash-stiri-alb-960x540-1.jpg\",\"contentUrl\":\"https:\\\/\\\/www.rri.ro\\\/wp-content\\\/uploads\\\/2024\\\/04\\\/Newsflash-stiri-alb-960x540-1.jpg\",\"width\":960,\"height\":540,\"caption\":\"Newsflash\"},{\"@type\":\"BreadcrumbList\",\"@id\":\"https:\\\/\\\/www.rri.ro\\\/en\\\/news-and-current-affairs\\\/newsflash\\\/september-2-2026-update-id1055986.html#breadcrumb\",\"itemListElement\":[{\"@type\":\"ListItem\",\"position\":1,\"name\":\"Homepage\",\"item\":\"https:\\\/\\\/www.rri.ro\\\/en\"},{\"@type\":\"ListItem\",\"position\":2,\"name\":\"Actualitate\",\"item\":\"https:\\\/\\\/www.rri.ro\\\/actualitate\"},{\"@type\":\"ListItem\",\"position\":3,\"name\":\"Newsflash\",\"item\":\"https:\\\/\\\/www.rri.ro\\\/en\\\/news-and-current-affairs\\\/newsflash\"},{\"@type\":\"ListItem\",\"position\":4,\"name\":\"September 2, 2026 UPDATE\"}]},{\"@type\":\"WebSite\",\"@id\":\"https:\\\/\\\/www.rri.ro\\\/#website\",\"url\":\"https:\\\/\\\/www.rri.ro\\\/\",\"name\":\"Radio Romania International\",\"description\":\"Totul despre Rom\u00e2nia \u015fi rom\u00e2ni, \u00een 13 limbi\\\/dialecte!\",\"inLanguage\":\"en-US\"},{\"@type\":\"Person\",\"@id\":\"https:\\\/\\\/www.rri.ro\\\/#\\\/schema\\\/person\\\/4a479940371b9fdefd194f561e8a7f88\",\"name\":\"Newsroom\",\"url\":\"https:\\\/\\\/www.rri.ro\\\/en\\\/author\\\/newsroom\"}]}<\/script>\n<!-- \/ Yoast SEO plugin. -->","yoast_head_json":{"title":"September 2, 2026 UPDATE - Radio Romania International","robots":{"index":"index","follow":"follow","max-snippet":"max-snippet:-1","max-image-preview":"max-image-preview:large","max-video-preview":"max-video-preview:-1"},"canonical":"https:\/\/www.rri.ro\/en\/news-and-current-affairs\/newsflash\/september-2-2026-update-id1055986.html","og_locale":"en_US","og_type":"article","og_title":"September 2, 2026 UPDATE - Radio Romania International","og_description":"Romania summons Russian Ambassador following Leipzig drone attack and alleged hybrid warfare activities Russia&#8217;s ambassador to Bucharest will be summoned to the Ministry of Foreign Affairs following the drone attack on the Leipzig airport, which has been attributed to Russia, interim Romanian Foreign Minister Oana \u021aoiu announced. She emphasized that Romania stands in solidarity with [&hellip;]","og_url":"https:\/\/www.rri.ro\/en\/news-and-current-affairs\/newsflash\/september-2-2026-update-id1055986.html","og_site_name":"Radio Romania International","article_published_time":"2026-09-02T17:00:15+00:00","og_image":[{"width":960,"height":540,"url":"https:\/\/www.rri.ro\/wp-content\/uploads\/2024\/04\/Newsflash-stiri-alb-960x540-1.jpg","type":"image\/jpeg"}],"author":"Newsroom","twitter_card":"summary_large_image","twitter_misc":{"Written by":"Newsroom","Est. reading time":"3 minutes"},"schema":{"@context":"https:\/\/schema.org","@graph":[{"@type":"Article","@id":"https:\/\/www.rri.ro\/en\/news-and-current-affairs\/newsflash\/september-2-2026-update-id1055986.html#article","isPartOf":{"@id":"https:\/\/www.rri.ro\/en\/news-and-current-affairs\/newsflash\/september-2-2026-update-id1055986.html"},"author":{"name":"Newsroom","@id":"https:\/\/www.rri.ro\/#\/schema\/person\/4a479940371b9fdefd194f561e8a7f88"},"headline":"September 2, 2026 UPDATE","datePublished":"2026-09-02T17:00:15+00:00","mainEntityOfPage":{"@id":"https:\/\/www.rri.ro\/en\/news-and-current-affairs\/newsflash\/september-2-2026-update-id1055986.html"},"wordCount":695,"image":{"@id":"https:\/\/www.rri.ro\/en\/news-and-current-affairs\/newsflash\/september-2-2026-update-id1055986.html#primaryimage"},"thumbnailUrl":"https:\/\/www.rri.ro\/wp-content\/uploads\/2024\/04\/Newsflash-stiri-alb-960x540-1.jpg","keywords":["Antonio Costa","hybrid warfare","Nicusor Dan","political consultations","political dispute","Romgaz","Russian Ambassador"],"articleSection":["Newsflash"],"inLanguage":"en-US"},{"@type":"WebPage","@id":"https:\/\/www.rri.ro\/en\/news-and-current-affairs\/newsflash\/september-2-2026-update-id1055986.html","url":"https:\/\/www.rri.ro\/en\/news-and-current-affairs\/newsflash\/september-2-2026-update-id1055986.html","name":"September 2, 2026 UPDATE - Radio Romania International","isPartOf":{"@id":"https:\/\/www.rri.ro\/#website"},"primaryImageOfPage":{"@id":"https:\/\/www.rri.ro\/en\/news-and-current-affairs\/newsflash\/september-2-2026-update-id1055986.html#primaryimage"},"image":{"@id":"https:\/\/www.rri.ro\/en\/news-and-current-affairs\/newsflash\/september-2-2026-update-id1055986.html#primaryimage"},"thumbnailUrl":"https:\/\/www.rri.ro\/wp-content\/uploads\/2024\/04\/Newsflash-stiri-alb-960x540-1.jpg","datePublished":"2026-09-02T17:00:15+00:00","author":{"@id":"https:\/\/www.rri.ro\/#\/schema\/person\/4a479940371b9fdefd194f561e8a7f88"},"breadcrumb":{"@id":"https:\/\/www.rri.ro\/en\/news-and-current-affairs\/newsflash\/september-2-2026-update-id1055986.html#breadcrumb"},"inLanguage":"en-US","potentialAction":[{"@type":"ReadAction","target":["https:\/\/www.rri.ro\/en\/news-and-current-affairs\/newsflash\/september-2-2026-update-id1055986.html"]}]},{"@type":"ImageObject","inLanguage":"en-US","@id":"https:\/\/www.rri.ro\/en\/news-and-current-affairs\/newsflash\/september-2-2026-update-id1055986.html#primaryimage","url":"https:\/\/www.rri.ro\/wp-content\/uploads\/2024\/04\/Newsflash-stiri-alb-960x540-1.jpg","contentUrl":"https:\/\/www.rri.ro\/wp-content\/uploads\/2024\/04\/Newsflash-stiri-alb-960x540-1.jpg","width":960,"height":540,"caption":"Newsflash"},{"@type":"BreadcrumbList","@id":"https:\/\/www.rri.ro\/en\/news-and-current-affairs\/newsflash\/september-2-2026-update-id1055986.html#breadcrumb","itemListElement":[{"@type":"ListItem","position":1,"name":"Homepage","item":"https:\/\/www.rri.ro\/en"},{"@type":"ListItem","position":2,"name":"Actualitate","item":"https:\/\/www.rri.ro\/actualitate"},{"@type":"ListItem","position":3,"name":"Newsflash","item":"https:\/\/www.rri.ro\/en\/news-and-current-affairs\/newsflash"},{"@type":"ListItem","position":4,"name":"September 2, 2026 UPDATE"}]},{"@type":"WebSite","@id":"https:\/\/www.rri.ro\/#website","url":"https:\/\/www.rri.ro\/","name":"Radio Romania International","description":"Totul despre Rom\u00e2nia \u015fi rom\u00e2ni, \u00een 13 limbi\/dialecte!","inLanguage":"en-US"},{"@type":"Person","@id":"https:\/\/www.rri.ro\/#\/schema\/person\/4a479940371b9fdefd194f561e8a7f88","name":"Newsroom","url":"https:\/\/www.rri.ro\/en\/author\/newsroom"}]}},"_links":{"self":[{"href":"https:\/\/www.rri.ro\/en\/wp-json\/wp\/v2\/posts\/1055986","targetHints":{"allow":["GET"]}}],"collection":[{"href":"https:\/\/www.rri.ro\/en\/wp-json\/wp\/v2\/posts"}],"about":[{"href":"https:\/\/www.rri.ro\/en\/wp-json\/wp\/v2\/types\/post"}],"author":[{"embeddable":true,"href":"https:\/\/www.rri.ro\/en\/wp-json\/wp\/v2\/users\/113"}],"replies":[{"embeddable":true,"href":"https:\/\/www.rri.ro\/en\/wp-json\/wp\/v2\/comments?post=1055986"}],"version-history":[{"count":3,"href":"https:\/\/www.rri.ro\/en\/wp-json\/wp\/v2\/posts\/1055986\/revisions"}],"predecessor-version":[{"id":1056014,"href":"https:\/\/www.rri.ro\/en\/wp-json\/wp\/v2\/posts\/1055986\/revisions\/1056014"}],"wp:featuredmedia":[{"embeddable":true,"href":"https:\/\/www.rri.ro\/en\/wp-json\/wp\/v2\/media\/731769"}],"wp:attachment":[{"href":"https:\/\/www.rri.ro\/en\/wp-json\/wp\/v2\/media?parent=1055986"}],"wp:term":[{"taxonomy":"category","embeddable":true,"href":"https:\/\/www.rri.ro\/en\/wp-json\/wp\/v2\/categories?post=1055986"},{"taxonomy":"post_tag","embeddable":true,"href":"https:\/\/www.rri.ro\/en\/wp-json\/wp\/v2\/tags?post=1055986"},{"taxonomy":"author","embeddable":true,"href":"https:\/\/www.rri.ro\/en\/wp-json\/wp\/v2\/coauthors?post=1055986"}],"curies":[{"name":"wp","href":"https:\/\/api.w.org\/{rel}","templated":true}]}}