{"id":1056225,"date":"2026-09-03T14:00:08","date_gmt":"2026-09-03T11:00:08","guid":{"rendered":"https:\/\/www.rri.ro\/?p=1056225"},"modified":"2026-09-03T13:26:41","modified_gmt":"2026-09-03T10:26:41","slug":"eu-countries-accuse-russia","status":"publish","type":"post","link":"https:\/\/www.rri.ro\/en\/news-and-current-affairs\/today-in-the-news\/eu-countries-accuse-russia-id1056225.html","title":{"rendered":"EU countries accuse Russia"},"content":{"rendered":"<p>The European Union and NATO have pledged to strengthen cooperation and maintain pressure on Russia, after the drone incident last month on Leipzig airport. \u00a0In a news conference both the head of the European Commission, Ursula von der Leyen, and NATO Secretary General, Mark Rutte, have condemned the attempted drone attack on Leipzig airport the authorities in Berlin blamed on Moscow.<\/p>\n<p>Last month, employees found a drone loaded with explosives and a detonator on an airport, which plays a major logistic role in terms of civilian and goods transport also for NATO.<\/p>\n<p>Germany has accused Moscow of leading a hybrid war aimed at intimidating and causing division among the countries that have been supporting Ukraine since 2022 when the Russian invasion began.<\/p>\n<p>Russia has denied any involvement and described the allegations as an anti-Russian action by Germany. The European Commission chief, Ursula von der Leyen, says she will step up pressure on Russia, including through fresh sanctions and has called for better protection of European infrastructures.<\/p>\n<p>\u201cEuropeans are faced with a hard truth, that is the new normal,\u201d von der Leyen said, adding that the EU should respond to Russia\u2019s recklessness, faster and better.\u201d<\/p>\n<p>The head of the North Atlantic Alliance, Mark Rutte, echoes von der Leyen\u2019s remarks, saying Russia has become \u201cincreasingly reckless\u201d as its invasion of Ukraine continues, with the threat now extended to European and NATO territory.<\/p>\n<p>The NATO official has pledged that support for Ukraine will not cease and has recalled the drones and missiles that repeatedly violated the airspace alongside the eastern flank, which, according to him, created \u2018increased risk\u2019<\/p>\n<p>\u201cIf Russia thinks we will be divided by the threat, or if they think we will be deterred from supporting Ukraine, they are mistaken. Our unity is unshaken. Our support to Ukraine is clear,\u201d the NATO official went on to say.<\/p>\n<p>In another development, upon an informal meeting of the EU Foreign Ministers, hosted by Ireland, the head of the European diplomacy, Kaja Kallas, says the EU will look to tighten the enforcement of sanctions against Russia, while further ramping up pressure on the country and increasing support for Ukraine.<\/p>\n<p>\u201cWe are working on new proposals to tighten sanctions enforcement and we are moving ahead with more sanctions. Attempts to intimidate Europe will fail, Kallas also says.\u201d<\/p>\n<p>Worth noting is that several European countries, Romania included, have summoned Russia\u2019s ambassadors to condemn the Leipzig airport attack. In Bucharest, acting Foreign Minister, Oana Toiu, has voiced solidarity with Germany and the other European countries, which, just like Romania, faced hybrid threats, interferences and reckless provocations from Russia.<\/p>\n<p>(bill)<\/p>\n<p>&nbsp;<\/p>\n<p>&nbsp;<\/p>\n<p>&nbsp;<\/p>\n","protected":false},"excerpt":{"rendered":"<p>The European Union and NATO have pledged to strengthen cooperation and maintain pressure on Russia, after the drone incident last month on Leipzig airport. \u00a0In a news conference both the head of the European Commission, Ursula von der Leyen, and NATO Secretary General, Mark Rutte, have condemned the attempted drone attack on Leipzig airport the [&hellip;]<\/p>\n","protected":false},"author":107,"featured_media":1056171,"comment_status":"closed","ping_status":"closed","sticky":false,"template":"","format":"standard","meta":{"_acf_changed":false,"footnotes":""},"categories":[37738],"tags":[30447,158144,33285,150413,29310,28905,113206],"coauthors":[113282],"class_list":["post-1056225","post","type-post","status-publish","format-standard","has-post-thumbnail","hentry","category-today-in-the-news","tag-attack","tag-eu-2","tag-leipzig","tag-mark-rutte-2","tag-russia","tag-ukraine","tag-ursula-von-der-leyen-2"],"acf":[],"yoast_head":"<!-- This site is optimized with the Yoast SEO plugin v28.2 - https:\/\/yoast.com\/product\/yoast-seo-wordpress\/ -->\n<title>EU countries accuse Russia - Radio Romania International<\/title>\n<meta name=\"robots\" content=\"index, follow, max-snippet:-1, max-image-preview:large, max-video-preview:-1\" \/>\n<link rel=\"canonical\" href=\"https:\/\/www.rri.ro\/en\/news-and-current-affairs\/today-in-the-news\/eu-countries-accuse-russia-id1056225.html\" \/>\n<meta property=\"og:locale\" content=\"en_US\" \/>\n<meta property=\"og:type\" content=\"article\" \/>\n<meta property=\"og:title\" content=\"EU countries accuse Russia - Radio Romania International\" \/>\n<meta property=\"og:description\" content=\"The European Union and NATO have pledged to strengthen cooperation and maintain pressure on Russia, after the drone incident last month on Leipzig airport. \u00a0In a news conference both the head of the European Commission, Ursula von der Leyen, and NATO Secretary General, Mark Rutte, have condemned the attempted drone attack on Leipzig airport the [&hellip;]\" \/>\n<meta property=\"og:url\" content=\"https:\/\/www.rri.ro\/en\/news-and-current-affairs\/today-in-the-news\/eu-countries-accuse-russia-id1056225.html\" \/>\n<meta property=\"og:site_name\" content=\"Radio Romania International\" \/>\n<meta property=\"article:published_time\" content=\"2026-09-03T11:00:08+00:00\" \/>\n<meta property=\"og:image\" content=\"https:\/\/www.rri.ro\/wp-content\/uploads\/2026\/09\/Ursula-Von-Der-Leyen-Mark-Rutte-2sept26-foto-nato-int.jpg\" \/>\n\t<meta property=\"og:image:width\" content=\"1200\" \/>\n\t<meta property=\"og:image:height\" content=\"800\" \/>\n\t<meta property=\"og:image:type\" content=\"image\/jpeg\" \/>\n<meta name=\"author\" content=\"Daniela Budu\" \/>\n<meta name=\"twitter:card\" content=\"summary_large_image\" \/>\n<meta name=\"twitter:label1\" content=\"Written by\" \/>\n\t<meta name=\"twitter:data1\" content=\"Daniela Budu\" \/>\n\t<meta name=\"twitter:label2\" content=\"Est. reading time\" \/>\n\t<meta name=\"twitter:data2\" content=\"2 minutes\" \/>\n<script type=\"application\/ld+json\" class=\"yoast-schema-graph\">{\"@context\":\"https:\\\/\\\/schema.org\",\"@graph\":[{\"@type\":\"Article\",\"@id\":\"https:\\\/\\\/www.rri.ro\\\/en\\\/news-and-current-affairs\\\/today-in-the-news\\\/eu-countries-accuse-russia-id1056225.html#article\",\"isPartOf\":{\"@id\":\"https:\\\/\\\/www.rri.ro\\\/en\\\/news-and-current-affairs\\\/today-in-the-news\\\/eu-countries-accuse-russia-id1056225.html\"},\"author\":{\"name\":\"Daniela Budu\",\"@id\":\"https:\\\/\\\/www.rri.ro\\\/#\\\/schema\\\/person\\\/b46b8f80d7d6e4b5ac9f14f0acbad0c4\"},\"headline\":\"EU countries accuse Russia\",\"datePublished\":\"2026-09-03T11:00:08+00:00\",\"mainEntityOfPage\":{\"@id\":\"https:\\\/\\\/www.rri.ro\\\/en\\\/news-and-current-affairs\\\/today-in-the-news\\\/eu-countries-accuse-russia-id1056225.html\"},\"wordCount\":441,\"image\":{\"@id\":\"https:\\\/\\\/www.rri.ro\\\/en\\\/news-and-current-affairs\\\/today-in-the-news\\\/eu-countries-accuse-russia-id1056225.html#primaryimage\"},\"thumbnailUrl\":\"https:\\\/\\\/www.rri.ro\\\/wp-content\\\/uploads\\\/2026\\\/09\\\/Ursula-Von-Der-Leyen-Mark-Rutte-2sept26-foto-nato-int.jpg\",\"keywords\":[\"Attack\",\"EU\",\"Leipzig\",\"Mark Rutte\",\"Russia\",\"Ukraine\",\"Ursula von der Leyen\"],\"articleSection\":[\"Today in the News\"],\"inLanguage\":\"en-US\"},{\"@type\":\"WebPage\",\"@id\":\"https:\\\/\\\/www.rri.ro\\\/en\\\/news-and-current-affairs\\\/today-in-the-news\\\/eu-countries-accuse-russia-id1056225.html\",\"url\":\"https:\\\/\\\/www.rri.ro\\\/en\\\/news-and-current-affairs\\\/today-in-the-news\\\/eu-countries-accuse-russia-id1056225.html\",\"name\":\"EU countries accuse Russia - Radio Romania International\",\"isPartOf\":{\"@id\":\"https:\\\/\\\/www.rri.ro\\\/#website\"},\"primaryImageOfPage\":{\"@id\":\"https:\\\/\\\/www.rri.ro\\\/en\\\/news-and-current-affairs\\\/today-in-the-news\\\/eu-countries-accuse-russia-id1056225.html#primaryimage\"},\"image\":{\"@id\":\"https:\\\/\\\/www.rri.ro\\\/en\\\/news-and-current-affairs\\\/today-in-the-news\\\/eu-countries-accuse-russia-id1056225.html#primaryimage\"},\"thumbnailUrl\":\"https:\\\/\\\/www.rri.ro\\\/wp-content\\\/uploads\\\/2026\\\/09\\\/Ursula-Von-Der-Leyen-Mark-Rutte-2sept26-foto-nato-int.jpg\",\"datePublished\":\"2026-09-03T11:00:08+00:00\",\"author\":{\"@id\":\"https:\\\/\\\/www.rri.ro\\\/#\\\/schema\\\/person\\\/b46b8f80d7d6e4b5ac9f14f0acbad0c4\"},\"breadcrumb\":{\"@id\":\"https:\\\/\\\/www.rri.ro\\\/en\\\/news-and-current-affairs\\\/today-in-the-news\\\/eu-countries-accuse-russia-id1056225.html#breadcrumb\"},\"inLanguage\":\"en-US\",\"potentialAction\":[{\"@type\":\"ReadAction\",\"target\":[\"https:\\\/\\\/www.rri.ro\\\/en\\\/news-and-current-affairs\\\/today-in-the-news\\\/eu-countries-accuse-russia-id1056225.html\"]}]},{\"@type\":\"ImageObject\",\"inLanguage\":\"en-US\",\"@id\":\"https:\\\/\\\/www.rri.ro\\\/en\\\/news-and-current-affairs\\\/today-in-the-news\\\/eu-countries-accuse-russia-id1056225.html#primaryimage\",\"url\":\"https:\\\/\\\/www.rri.ro\\\/wp-content\\\/uploads\\\/2026\\\/09\\\/Ursula-Von-Der-Leyen-Mark-Rutte-2sept26-foto-nato-int.jpg\",\"contentUrl\":\"https:\\\/\\\/www.rri.ro\\\/wp-content\\\/uploads\\\/2026\\\/09\\\/Ursula-Von-Der-Leyen-Mark-Rutte-2sept26-foto-nato-int.jpg\",\"width\":1200,\"height\":800,\"caption\":\"Mark Rutte, NATO Secretary General, meets with Ursula Von der Leyen, President of the European Commission, at the EC in Brussels.\"},{\"@type\":\"BreadcrumbList\",\"@id\":\"https:\\\/\\\/www.rri.ro\\\/en\\\/news-and-current-affairs\\\/today-in-the-news\\\/eu-countries-accuse-russia-id1056225.html#breadcrumb\",\"itemListElement\":[{\"@type\":\"ListItem\",\"position\":1,\"name\":\"Homepage\",\"item\":\"https:\\\/\\\/www.rri.ro\\\/en\"},{\"@type\":\"ListItem\",\"position\":2,\"name\":\"Actualitate\",\"item\":\"https:\\\/\\\/www.rri.ro\\\/actualitate\"},{\"@type\":\"ListItem\",\"position\":3,\"name\":\"Today in the News\",\"item\":\"https:\\\/\\\/www.rri.ro\\\/en\\\/news-and-current-affairs\\\/today-in-the-news\"},{\"@type\":\"ListItem\",\"position\":4,\"name\":\"EU countries accuse Russia\"}]},{\"@type\":\"WebSite\",\"@id\":\"https:\\\/\\\/www.rri.ro\\\/#website\",\"url\":\"https:\\\/\\\/www.rri.ro\\\/\",\"name\":\"Radio Romania International\",\"description\":\"Totul despre Rom\u00e2nia \u015fi rom\u00e2ni, \u00een 13 limbi\\\/dialecte!\",\"inLanguage\":\"en-US\"},{\"@type\":\"Person\",\"@id\":\"https:\\\/\\\/www.rri.ro\\\/#\\\/schema\\\/person\\\/b46b8f80d7d6e4b5ac9f14f0acbad0c4\",\"name\":\"Daniela Budu\",\"url\":\"https:\\\/\\\/www.rri.ro\\\/en\\\/author\\\/daniela-budu\"}]}<\/script>\n<!-- \/ Yoast SEO plugin. -->","yoast_head_json":{"title":"EU countries accuse Russia - Radio Romania International","robots":{"index":"index","follow":"follow","max-snippet":"max-snippet:-1","max-image-preview":"max-image-preview:large","max-video-preview":"max-video-preview:-1"},"canonical":"https:\/\/www.rri.ro\/en\/news-and-current-affairs\/today-in-the-news\/eu-countries-accuse-russia-id1056225.html","og_locale":"en_US","og_type":"article","og_title":"EU countries accuse Russia - Radio Romania International","og_description":"The European Union and NATO have pledged to strengthen cooperation and maintain pressure on Russia, after the drone incident last month on Leipzig airport. \u00a0In a news conference both the head of the European Commission, Ursula von der Leyen, and NATO Secretary General, Mark Rutte, have condemned the attempted drone attack on Leipzig airport the [&hellip;]","og_url":"https:\/\/www.rri.ro\/en\/news-and-current-affairs\/today-in-the-news\/eu-countries-accuse-russia-id1056225.html","og_site_name":"Radio Romania International","article_published_time":"2026-09-03T11:00:08+00:00","og_image":[{"width":1200,"height":800,"url":"https:\/\/www.rri.ro\/wp-content\/uploads\/2026\/09\/Ursula-Von-Der-Leyen-Mark-Rutte-2sept26-foto-nato-int.jpg","type":"image\/jpeg"}],"author":"Daniela Budu","twitter_card":"summary_large_image","twitter_misc":{"Written by":"Daniela Budu","Est. reading time":"2 minutes"},"schema":{"@context":"https:\/\/schema.org","@graph":[{"@type":"Article","@id":"https:\/\/www.rri.ro\/en\/news-and-current-affairs\/today-in-the-news\/eu-countries-accuse-russia-id1056225.html#article","isPartOf":{"@id":"https:\/\/www.rri.ro\/en\/news-and-current-affairs\/today-in-the-news\/eu-countries-accuse-russia-id1056225.html"},"author":{"name":"Daniela Budu","@id":"https:\/\/www.rri.ro\/#\/schema\/person\/b46b8f80d7d6e4b5ac9f14f0acbad0c4"},"headline":"EU countries accuse Russia","datePublished":"2026-09-03T11:00:08+00:00","mainEntityOfPage":{"@id":"https:\/\/www.rri.ro\/en\/news-and-current-affairs\/today-in-the-news\/eu-countries-accuse-russia-id1056225.html"},"wordCount":441,"image":{"@id":"https:\/\/www.rri.ro\/en\/news-and-current-affairs\/today-in-the-news\/eu-countries-accuse-russia-id1056225.html#primaryimage"},"thumbnailUrl":"https:\/\/www.rri.ro\/wp-content\/uploads\/2026\/09\/Ursula-Von-Der-Leyen-Mark-Rutte-2sept26-foto-nato-int.jpg","keywords":["Attack","EU","Leipzig","Mark Rutte","Russia","Ukraine","Ursula von der Leyen"],"articleSection":["Today in the News"],"inLanguage":"en-US"},{"@type":"WebPage","@id":"https:\/\/www.rri.ro\/en\/news-and-current-affairs\/today-in-the-news\/eu-countries-accuse-russia-id1056225.html","url":"https:\/\/www.rri.ro\/en\/news-and-current-affairs\/today-in-the-news\/eu-countries-accuse-russia-id1056225.html","name":"EU countries accuse Russia - Radio Romania International","isPartOf":{"@id":"https:\/\/www.rri.ro\/#website"},"primaryImageOfPage":{"@id":"https:\/\/www.rri.ro\/en\/news-and-current-affairs\/today-in-the-news\/eu-countries-accuse-russia-id1056225.html#primaryimage"},"image":{"@id":"https:\/\/www.rri.ro\/en\/news-and-current-affairs\/today-in-the-news\/eu-countries-accuse-russia-id1056225.html#primaryimage"},"thumbnailUrl":"https:\/\/www.rri.ro\/wp-content\/uploads\/2026\/09\/Ursula-Von-Der-Leyen-Mark-Rutte-2sept26-foto-nato-int.jpg","datePublished":"2026-09-03T11:00:08+00:00","author":{"@id":"https:\/\/www.rri.ro\/#\/schema\/person\/b46b8f80d7d6e4b5ac9f14f0acbad0c4"},"breadcrumb":{"@id":"https:\/\/www.rri.ro\/en\/news-and-current-affairs\/today-in-the-news\/eu-countries-accuse-russia-id1056225.html#breadcrumb"},"inLanguage":"en-US","potentialAction":[{"@type":"ReadAction","target":["https:\/\/www.rri.ro\/en\/news-and-current-affairs\/today-in-the-news\/eu-countries-accuse-russia-id1056225.html"]}]},{"@type":"ImageObject","inLanguage":"en-US","@id":"https:\/\/www.rri.ro\/en\/news-and-current-affairs\/today-in-the-news\/eu-countries-accuse-russia-id1056225.html#primaryimage","url":"https:\/\/www.rri.ro\/wp-content\/uploads\/2026\/09\/Ursula-Von-Der-Leyen-Mark-Rutte-2sept26-foto-nato-int.jpg","contentUrl":"https:\/\/www.rri.ro\/wp-content\/uploads\/2026\/09\/Ursula-Von-Der-Leyen-Mark-Rutte-2sept26-foto-nato-int.jpg","width":1200,"height":800,"caption":"Mark Rutte, NATO Secretary General, meets with Ursula Von der Leyen, President of the European Commission, at the EC in Brussels."},{"@type":"BreadcrumbList","@id":"https:\/\/www.rri.ro\/en\/news-and-current-affairs\/today-in-the-news\/eu-countries-accuse-russia-id1056225.html#breadcrumb","itemListElement":[{"@type":"ListItem","position":1,"name":"Homepage","item":"https:\/\/www.rri.ro\/en"},{"@type":"ListItem","position":2,"name":"Actualitate","item":"https:\/\/www.rri.ro\/actualitate"},{"@type":"ListItem","position":3,"name":"Today in the News","item":"https:\/\/www.rri.ro\/en\/news-and-current-affairs\/today-in-the-news"},{"@type":"ListItem","position":4,"name":"EU countries accuse Russia"}]},{"@type":"WebSite","@id":"https:\/\/www.rri.ro\/#website","url":"https:\/\/www.rri.ro\/","name":"Radio Romania International","description":"Totul despre Rom\u00e2nia \u015fi rom\u00e2ni, \u00een 13 limbi\/dialecte!","inLanguage":"en-US"},{"@type":"Person","@id":"https:\/\/www.rri.ro\/#\/schema\/person\/b46b8f80d7d6e4b5ac9f14f0acbad0c4","name":"Daniela Budu","url":"https:\/\/www.rri.ro\/en\/author\/daniela-budu"}]}},"_links":{"self":[{"href":"https:\/\/www.rri.ro\/en\/wp-json\/wp\/v2\/posts\/1056225","targetHints":{"allow":["GET"]}}],"collection":[{"href":"https:\/\/www.rri.ro\/en\/wp-json\/wp\/v2\/posts"}],"about":[{"href":"https:\/\/www.rri.ro\/en\/wp-json\/wp\/v2\/types\/post"}],"author":[{"embeddable":true,"href":"https:\/\/www.rri.ro\/en\/wp-json\/wp\/v2\/users\/107"}],"replies":[{"embeddable":true,"href":"https:\/\/www.rri.ro\/en\/wp-json\/wp\/v2\/comments?post=1056225"}],"version-history":[{"count":1,"href":"https:\/\/www.rri.ro\/en\/wp-json\/wp\/v2\/posts\/1056225\/revisions"}],"predecessor-version":[{"id":1056229,"href":"https:\/\/www.rri.ro\/en\/wp-json\/wp\/v2\/posts\/1056225\/revisions\/1056229"}],"wp:featuredmedia":[{"embeddable":true,"href":"https:\/\/www.rri.ro\/en\/wp-json\/wp\/v2\/media\/1056171"}],"wp:attachment":[{"href":"https:\/\/www.rri.ro\/en\/wp-json\/wp\/v2\/media?parent=1056225"}],"wp:term":[{"taxonomy":"category","embeddable":true,"href":"https:\/\/www.rri.ro\/en\/wp-json\/wp\/v2\/categories?post=1056225"},{"taxonomy":"post_tag","embeddable":true,"href":"https:\/\/www.rri.ro\/en\/wp-json\/wp\/v2\/tags?post=1056225"},{"taxonomy":"author","embeddable":true,"href":"https:\/\/www.rri.ro\/en\/wp-json\/wp\/v2\/coauthors?post=1056225"}],"curies":[{"name":"wp","href":"https:\/\/api.w.org\/{rel}","templated":true}]}}