{"id":1056232,"date":"2026-09-06T14:00:17","date_gmt":"2026-09-06T11:00:17","guid":{"rendered":"https:\/\/www.rri.ro\/?p=1056232"},"modified":"2026-09-06T14:24:45","modified_gmt":"2026-09-06T11:24:45","slug":"restoring-europes-lifeline-a-3000-kilometre-danube-odyssey","status":"publish","type":"post","link":"https:\/\/www.rri.ro\/en\/weekend-edition\/restoring-europes-lifeline-a-3000-kilometre-danube-odyssey-id1056232.html","title":{"rendered":"Restoring Europe&#8217;s lifeline: a 3,000-kilometre Danube odyssey"},"content":{"rendered":"<p>This episode of <em>Weekend Edition<\/em> features New Zealand conservationists Callum Armstrong and Anna Wenstch, founders of Conservation Amplified. Together, they completed an eight-week, 3,000-kilometre cycling journey across eight countries along the Danube River, from its source in Germany to the Delta in Romania.<\/p>\n<p>Their journey coincided with a severe European heatwave and historic drought, forcing them to adapt their daily schedules while witnessing firsthand how climate pressure affects both river ecosystems and local communities.<\/p>\n<p>In our interview, Callum and Anna discuss the shifting human demographics between rural areas and growing urban centers, the changing cultural relationships with the river from west to east, and successful ecosystem restoration projects like Germany&#8217;s fish bypass channels and the multi-nation Mura-Drava-Danube Biosphere Reserve.<\/p>\n<p>&nbsp;<\/p>\n<p>You can follow Conservation Amplified on social media:<\/p>\n<p><a href=\"https:\/\/www.youtube.com\/@ConservationAmplified\">https:\/\/www.youtube.com\/@ConservationAmplified<\/a><\/p>\n<p><a href=\"https:\/\/www.instagram.com\/conservationamplified\">https:\/\/www.instagram.com\/conservationamplified<\/a><\/p>\n<p><a href=\"https:\/\/www.facebook.com\/conservationamplified\">https:\/\/www.facebook.com\/conservationamplified<\/a><\/p>\n<p><a href=\"https:\/\/www.tiktok.com\/@conservationamplified\">https:\/\/www.tiktok.com\/@conservationamplified<\/a><\/p>\n<p><a href=\"http:\/\/www.linkedin.com\/company\/conservation-amplified\">http:\/\/www.linkedin.com\/company\/conservation-amplified<\/a><\/p>\n<p>&nbsp;<\/p>\n<p>You can subscribe to emails when the documentary goes live:\u00a0\u00a0\u00a0\u00a0\u00a0\u00a0\u00a0\u00a0\u00a0\u00a0 \u00a0<a href=\"https:\/\/conservationamplified.org\/blog\/cycling-the-entire-danube-for-conservation\">https:\/\/conservationamplified.org\/blog\/cycling-the-entire-danube-for-conservation<\/a><\/p>\n<p>&nbsp;<\/p>\n<div style=\"width: 100%; max-width: 960px; margin: 0 auto;\"><iframe style=\"display: block; width: 100%; height: 160px; border: 0;\" title=\"Weekend Edition 06.09.2026\" src=\"https:\/\/mediahub.srr.ro\/e\/ZU3lbr7W2l\"><br \/>\n<\/iframe><\/div>\n<p>&nbsp;<\/p>\n<p>&nbsp;<\/p>\n","protected":false},"excerpt":{"rendered":"<p>This episode of Weekend Edition features New Zealand conservationists Callum Armstrong and Anna Wenstch, founders of Conservation Amplified. Together, they completed an eight-week, 3,000-kilometre cycling journey across eight countries along the Danube River, from its source in Germany to the Delta in Romania. Their journey coincided with a severe European heatwave and historic drought, forcing [&hellip;]<\/p>\n","protected":false},"author":41,"featured_media":808004,"comment_status":"closed","ping_status":"closed","sticky":false,"template":"","format":"audio","meta":{"_acf_changed":false,"footnotes":""},"categories":[154667],"tags":[196028,34620,29163,39777],"coauthors":[114947],"class_list":["post-1056232","post","type-post","status-publish","format-audio","has-post-thumbnail","hentry","category-weekend-edition","tag-conservation-amplified","tag-danube-river","tag-drought","tag-local-communities","post_format-post-format-audio"],"acf":[],"yoast_head":"<!-- This site is optimized with the Yoast SEO plugin v28.2 - https:\/\/yoast.com\/product\/yoast-seo-wordpress\/ -->\n<title>Restoring Europe&#039;s lifeline: a 3,000-kilometre Danube odyssey - Radio Romania International<\/title>\n<meta name=\"robots\" content=\"index, follow, max-snippet:-1, max-image-preview:large, max-video-preview:-1\" \/>\n<link rel=\"canonical\" href=\"https:\/\/www.rri.ro\/en\/weekend-edition\/restoring-europes-lifeline-a-3000-kilometre-danube-odyssey-id1056232.html\" \/>\n<meta property=\"og:locale\" content=\"en_US\" \/>\n<meta property=\"og:type\" content=\"article\" \/>\n<meta property=\"og:title\" content=\"Restoring Europe&#039;s lifeline: a 3,000-kilometre Danube odyssey - Radio Romania International\" \/>\n<meta property=\"og:description\" content=\"This episode of Weekend Edition features New Zealand conservationists Callum Armstrong and Anna Wenstch, founders of Conservation Amplified. Together, they completed an eight-week, 3,000-kilometre cycling journey across eight countries along the Danube River, from its source in Germany to the Delta in Romania. Their journey coincided with a severe European heatwave and historic drought, forcing [&hellip;]\" \/>\n<meta property=\"og:url\" content=\"https:\/\/www.rri.ro\/en\/weekend-edition\/restoring-europes-lifeline-a-3000-kilometre-danube-odyssey-id1056232.html\" \/>\n<meta property=\"og:site_name\" content=\"Radio Romania International\" \/>\n<meta property=\"article:author\" content=\"https:\/\/www.facebook.com\/vlad.palcu.5\" \/>\n<meta property=\"article:published_time\" content=\"2026-09-06T11:00:17+00:00\" \/>\n<meta property=\"article:modified_time\" content=\"2026-09-06T11:24:45+00:00\" \/>\n<meta property=\"og:image\" content=\"https:\/\/www.rri.ro\/wp-content\/uploads\/2024\/09\/aparat-radio-bucatarie-Harry-Grout-unsplash-com.jpg\" \/>\n\t<meta property=\"og:image:width\" content=\"1200\" \/>\n\t<meta property=\"og:image:height\" content=\"767\" \/>\n\t<meta property=\"og:image:type\" content=\"image\/jpeg\" \/>\n<meta name=\"author\" content=\"Vlad Palcu\" \/>\n<meta name=\"twitter:card\" content=\"summary_large_image\" \/>\n<meta name=\"twitter:label1\" content=\"Written by\" \/>\n\t<meta name=\"twitter:data1\" content=\"Vlad Palcu\" \/>\n\t<meta name=\"twitter:label2\" content=\"Est. reading time\" \/>\n\t<meta name=\"twitter:data2\" content=\"1 minute\" \/>\n<script type=\"application\/ld+json\" class=\"yoast-schema-graph\">{\"@context\":\"https:\\\/\\\/schema.org\",\"@graph\":[{\"@type\":\"Article\",\"@id\":\"https:\\\/\\\/www.rri.ro\\\/en\\\/weekend-edition\\\/restoring-europes-lifeline-a-3000-kilometre-danube-odyssey-id1056232.html#article\",\"isPartOf\":{\"@id\":\"https:\\\/\\\/www.rri.ro\\\/en\\\/weekend-edition\\\/restoring-europes-lifeline-a-3000-kilometre-danube-odyssey-id1056232.html\"},\"author\":{\"name\":\"Vlad Palcu\",\"@id\":\"https:\\\/\\\/www.rri.ro\\\/#\\\/schema\\\/person\\\/57e12498d0ad57cabe707aad1a4094d4\"},\"headline\":\"Restoring Europe&#8217;s lifeline: a 3,000-kilometre Danube odyssey\",\"datePublished\":\"2026-09-06T11:00:17+00:00\",\"dateModified\":\"2026-09-06T11:24:45+00:00\",\"mainEntityOfPage\":{\"@id\":\"https:\\\/\\\/www.rri.ro\\\/en\\\/weekend-edition\\\/restoring-europes-lifeline-a-3000-kilometre-danube-odyssey-id1056232.html\"},\"wordCount\":182,\"image\":{\"@id\":\"https:\\\/\\\/www.rri.ro\\\/en\\\/weekend-edition\\\/restoring-europes-lifeline-a-3000-kilometre-danube-odyssey-id1056232.html#primaryimage\"},\"thumbnailUrl\":\"https:\\\/\\\/www.rri.ro\\\/wp-content\\\/uploads\\\/2024\\\/09\\\/aparat-radio-bucatarie-Harry-Grout-unsplash-com.jpg\",\"keywords\":[\"Conservation Amplified\",\"Danube river\",\"drought\",\"local communities\"],\"articleSection\":[\"Weekend Edition\"],\"inLanguage\":\"en-US\"},{\"@type\":\"WebPage\",\"@id\":\"https:\\\/\\\/www.rri.ro\\\/en\\\/weekend-edition\\\/restoring-europes-lifeline-a-3000-kilometre-danube-odyssey-id1056232.html\",\"url\":\"https:\\\/\\\/www.rri.ro\\\/en\\\/weekend-edition\\\/restoring-europes-lifeline-a-3000-kilometre-danube-odyssey-id1056232.html\",\"name\":\"Restoring Europe's lifeline: a 3,000-kilometre Danube odyssey - Radio Romania International\",\"isPartOf\":{\"@id\":\"https:\\\/\\\/www.rri.ro\\\/#website\"},\"primaryImageOfPage\":{\"@id\":\"https:\\\/\\\/www.rri.ro\\\/en\\\/weekend-edition\\\/restoring-europes-lifeline-a-3000-kilometre-danube-odyssey-id1056232.html#primaryimage\"},\"image\":{\"@id\":\"https:\\\/\\\/www.rri.ro\\\/en\\\/weekend-edition\\\/restoring-europes-lifeline-a-3000-kilometre-danube-odyssey-id1056232.html#primaryimage\"},\"thumbnailUrl\":\"https:\\\/\\\/www.rri.ro\\\/wp-content\\\/uploads\\\/2024\\\/09\\\/aparat-radio-bucatarie-Harry-Grout-unsplash-com.jpg\",\"datePublished\":\"2026-09-06T11:00:17+00:00\",\"dateModified\":\"2026-09-06T11:24:45+00:00\",\"author\":{\"@id\":\"https:\\\/\\\/www.rri.ro\\\/#\\\/schema\\\/person\\\/57e12498d0ad57cabe707aad1a4094d4\"},\"breadcrumb\":{\"@id\":\"https:\\\/\\\/www.rri.ro\\\/en\\\/weekend-edition\\\/restoring-europes-lifeline-a-3000-kilometre-danube-odyssey-id1056232.html#breadcrumb\"},\"inLanguage\":\"en-US\",\"potentialAction\":[{\"@type\":\"ReadAction\",\"target\":[\"https:\\\/\\\/www.rri.ro\\\/en\\\/weekend-edition\\\/restoring-europes-lifeline-a-3000-kilometre-danube-odyssey-id1056232.html\"]}]},{\"@type\":\"ImageObject\",\"inLanguage\":\"en-US\",\"@id\":\"https:\\\/\\\/www.rri.ro\\\/en\\\/weekend-edition\\\/restoring-europes-lifeline-a-3000-kilometre-danube-odyssey-id1056232.html#primaryimage\",\"url\":\"https:\\\/\\\/www.rri.ro\\\/wp-content\\\/uploads\\\/2024\\\/09\\\/aparat-radio-bucatarie-Harry-Grout-unsplash-com.jpg\",\"contentUrl\":\"https:\\\/\\\/www.rri.ro\\\/wp-content\\\/uploads\\\/2024\\\/09\\\/aparat-radio-bucatarie-Harry-Grout-unsplash-com.jpg\",\"width\":1200,\"height\":767,\"caption\":\"Weekend Edition (Credits: Harry Grout unsplash.com)\"},{\"@type\":\"BreadcrumbList\",\"@id\":\"https:\\\/\\\/www.rri.ro\\\/en\\\/weekend-edition\\\/restoring-europes-lifeline-a-3000-kilometre-danube-odyssey-id1056232.html#breadcrumb\",\"itemListElement\":[{\"@type\":\"ListItem\",\"position\":1,\"name\":\"Homepage\",\"item\":\"https:\\\/\\\/www.rri.ro\\\/en\"},{\"@type\":\"ListItem\",\"position\":2,\"name\":\"Weekend Edition\",\"item\":\"https:\\\/\\\/www.rri.ro\\\/en\\\/weekend-edition\"},{\"@type\":\"ListItem\",\"position\":3,\"name\":\"Restoring Europe&#8217;s lifeline: a 3,000-kilometre Danube odyssey\"}]},{\"@type\":\"WebSite\",\"@id\":\"https:\\\/\\\/www.rri.ro\\\/#website\",\"url\":\"https:\\\/\\\/www.rri.ro\\\/\",\"name\":\"Radio Romania International\",\"description\":\"Totul despre Rom\u00e2nia \u015fi rom\u00e2ni, \u00een 13 limbi\\\/dialecte!\",\"inLanguage\":\"en-US\"},{\"@type\":\"Person\",\"@id\":\"https:\\\/\\\/www.rri.ro\\\/#\\\/schema\\\/person\\\/57e12498d0ad57cabe707aad1a4094d4\",\"name\":\"Vlad Palcu\",\"sameAs\":[\"https:\\\/\\\/www.facebook.com\\\/vlad.palcu.5\",\"https:\\\/\\\/www.linkedin.com\\\/in\\\/vlad-palcu-395161213\\\/\"],\"url\":\"https:\\\/\\\/www.rri.ro\\\/en\\\/author\\\/vlad-palcu\"}]}<\/script>\n<!-- \/ Yoast SEO plugin. -->","yoast_head_json":{"title":"Restoring Europe's lifeline: a 3,000-kilometre Danube odyssey - Radio Romania International","robots":{"index":"index","follow":"follow","max-snippet":"max-snippet:-1","max-image-preview":"max-image-preview:large","max-video-preview":"max-video-preview:-1"},"canonical":"https:\/\/www.rri.ro\/en\/weekend-edition\/restoring-europes-lifeline-a-3000-kilometre-danube-odyssey-id1056232.html","og_locale":"en_US","og_type":"article","og_title":"Restoring Europe's lifeline: a 3,000-kilometre Danube odyssey - Radio Romania International","og_description":"This episode of Weekend Edition features New Zealand conservationists Callum Armstrong and Anna Wenstch, founders of Conservation Amplified. Together, they completed an eight-week, 3,000-kilometre cycling journey across eight countries along the Danube River, from its source in Germany to the Delta in Romania. Their journey coincided with a severe European heatwave and historic drought, forcing [&hellip;]","og_url":"https:\/\/www.rri.ro\/en\/weekend-edition\/restoring-europes-lifeline-a-3000-kilometre-danube-odyssey-id1056232.html","og_site_name":"Radio Romania International","article_author":"https:\/\/www.facebook.com\/vlad.palcu.5","article_published_time":"2026-09-06T11:00:17+00:00","article_modified_time":"2026-09-06T11:24:45+00:00","og_image":[{"width":1200,"height":767,"url":"https:\/\/www.rri.ro\/wp-content\/uploads\/2024\/09\/aparat-radio-bucatarie-Harry-Grout-unsplash-com.jpg","type":"image\/jpeg"}],"author":"Vlad Palcu","twitter_card":"summary_large_image","twitter_misc":{"Written by":"Vlad Palcu","Est. reading time":"1 minute"},"schema":{"@context":"https:\/\/schema.org","@graph":[{"@type":"Article","@id":"https:\/\/www.rri.ro\/en\/weekend-edition\/restoring-europes-lifeline-a-3000-kilometre-danube-odyssey-id1056232.html#article","isPartOf":{"@id":"https:\/\/www.rri.ro\/en\/weekend-edition\/restoring-europes-lifeline-a-3000-kilometre-danube-odyssey-id1056232.html"},"author":{"name":"Vlad Palcu","@id":"https:\/\/www.rri.ro\/#\/schema\/person\/57e12498d0ad57cabe707aad1a4094d4"},"headline":"Restoring Europe&#8217;s lifeline: a 3,000-kilometre Danube odyssey","datePublished":"2026-09-06T11:00:17+00:00","dateModified":"2026-09-06T11:24:45+00:00","mainEntityOfPage":{"@id":"https:\/\/www.rri.ro\/en\/weekend-edition\/restoring-europes-lifeline-a-3000-kilometre-danube-odyssey-id1056232.html"},"wordCount":182,"image":{"@id":"https:\/\/www.rri.ro\/en\/weekend-edition\/restoring-europes-lifeline-a-3000-kilometre-danube-odyssey-id1056232.html#primaryimage"},"thumbnailUrl":"https:\/\/www.rri.ro\/wp-content\/uploads\/2024\/09\/aparat-radio-bucatarie-Harry-Grout-unsplash-com.jpg","keywords":["Conservation Amplified","Danube river","drought","local communities"],"articleSection":["Weekend Edition"],"inLanguage":"en-US"},{"@type":"WebPage","@id":"https:\/\/www.rri.ro\/en\/weekend-edition\/restoring-europes-lifeline-a-3000-kilometre-danube-odyssey-id1056232.html","url":"https:\/\/www.rri.ro\/en\/weekend-edition\/restoring-europes-lifeline-a-3000-kilometre-danube-odyssey-id1056232.html","name":"Restoring Europe's lifeline: a 3,000-kilometre Danube odyssey - Radio Romania International","isPartOf":{"@id":"https:\/\/www.rri.ro\/#website"},"primaryImageOfPage":{"@id":"https:\/\/www.rri.ro\/en\/weekend-edition\/restoring-europes-lifeline-a-3000-kilometre-danube-odyssey-id1056232.html#primaryimage"},"image":{"@id":"https:\/\/www.rri.ro\/en\/weekend-edition\/restoring-europes-lifeline-a-3000-kilometre-danube-odyssey-id1056232.html#primaryimage"},"thumbnailUrl":"https:\/\/www.rri.ro\/wp-content\/uploads\/2024\/09\/aparat-radio-bucatarie-Harry-Grout-unsplash-com.jpg","datePublished":"2026-09-06T11:00:17+00:00","dateModified":"2026-09-06T11:24:45+00:00","author":{"@id":"https:\/\/www.rri.ro\/#\/schema\/person\/57e12498d0ad57cabe707aad1a4094d4"},"breadcrumb":{"@id":"https:\/\/www.rri.ro\/en\/weekend-edition\/restoring-europes-lifeline-a-3000-kilometre-danube-odyssey-id1056232.html#breadcrumb"},"inLanguage":"en-US","potentialAction":[{"@type":"ReadAction","target":["https:\/\/www.rri.ro\/en\/weekend-edition\/restoring-europes-lifeline-a-3000-kilometre-danube-odyssey-id1056232.html"]}]},{"@type":"ImageObject","inLanguage":"en-US","@id":"https:\/\/www.rri.ro\/en\/weekend-edition\/restoring-europes-lifeline-a-3000-kilometre-danube-odyssey-id1056232.html#primaryimage","url":"https:\/\/www.rri.ro\/wp-content\/uploads\/2024\/09\/aparat-radio-bucatarie-Harry-Grout-unsplash-com.jpg","contentUrl":"https:\/\/www.rri.ro\/wp-content\/uploads\/2024\/09\/aparat-radio-bucatarie-Harry-Grout-unsplash-com.jpg","width":1200,"height":767,"caption":"Weekend Edition (Credits: Harry Grout unsplash.com)"},{"@type":"BreadcrumbList","@id":"https:\/\/www.rri.ro\/en\/weekend-edition\/restoring-europes-lifeline-a-3000-kilometre-danube-odyssey-id1056232.html#breadcrumb","itemListElement":[{"@type":"ListItem","position":1,"name":"Homepage","item":"https:\/\/www.rri.ro\/en"},{"@type":"ListItem","position":2,"name":"Weekend Edition","item":"https:\/\/www.rri.ro\/en\/weekend-edition"},{"@type":"ListItem","position":3,"name":"Restoring Europe&#8217;s lifeline: a 3,000-kilometre Danube odyssey"}]},{"@type":"WebSite","@id":"https:\/\/www.rri.ro\/#website","url":"https:\/\/www.rri.ro\/","name":"Radio Romania International","description":"Totul despre Rom\u00e2nia \u015fi rom\u00e2ni, \u00een 13 limbi\/dialecte!","inLanguage":"en-US"},{"@type":"Person","@id":"https:\/\/www.rri.ro\/#\/schema\/person\/57e12498d0ad57cabe707aad1a4094d4","name":"Vlad Palcu","sameAs":["https:\/\/www.facebook.com\/vlad.palcu.5","https:\/\/www.linkedin.com\/in\/vlad-palcu-395161213\/"],"url":"https:\/\/www.rri.ro\/en\/author\/vlad-palcu"}]}},"_links":{"self":[{"href":"https:\/\/www.rri.ro\/en\/wp-json\/wp\/v2\/posts\/1056232","targetHints":{"allow":["GET"]}}],"collection":[{"href":"https:\/\/www.rri.ro\/en\/wp-json\/wp\/v2\/posts"}],"about":[{"href":"https:\/\/www.rri.ro\/en\/wp-json\/wp\/v2\/types\/post"}],"author":[{"embeddable":true,"href":"https:\/\/www.rri.ro\/en\/wp-json\/wp\/v2\/users\/41"}],"replies":[{"embeddable":true,"href":"https:\/\/www.rri.ro\/en\/wp-json\/wp\/v2\/comments?post=1056232"}],"version-history":[{"count":2,"href":"https:\/\/www.rri.ro\/en\/wp-json\/wp\/v2\/posts\/1056232\/revisions"}],"predecessor-version":[{"id":1056782,"href":"https:\/\/www.rri.ro\/en\/wp-json\/wp\/v2\/posts\/1056232\/revisions\/1056782"}],"wp:featuredmedia":[{"embeddable":true,"href":"https:\/\/www.rri.ro\/en\/wp-json\/wp\/v2\/media\/808004"}],"wp:attachment":[{"href":"https:\/\/www.rri.ro\/en\/wp-json\/wp\/v2\/media?parent=1056232"}],"wp:term":[{"taxonomy":"category","embeddable":true,"href":"https:\/\/www.rri.ro\/en\/wp-json\/wp\/v2\/categories?post=1056232"},{"taxonomy":"post_tag","embeddable":true,"href":"https:\/\/www.rri.ro\/en\/wp-json\/wp\/v2\/tags?post=1056232"},{"taxonomy":"author","embeddable":true,"href":"https:\/\/www.rri.ro\/en\/wp-json\/wp\/v2\/coauthors?post=1056232"}],"curies":[{"name":"wp","href":"https:\/\/api.w.org\/{rel}","templated":true}]}}