{"id":1056446,"date":"2026-09-04T13:55:01","date_gmt":"2026-09-04T10:55:01","guid":{"rendered":"https:\/\/www.rri.ro\/?p=1056446"},"modified":"2026-09-04T13:49:49","modified_gmt":"2026-09-04T10:49:49","slug":"september-4-2026","status":"publish","type":"post","link":"https:\/\/www.rri.ro\/en\/news-and-current-affairs\/newsflash\/september-4-2026-id1056446.html","title":{"rendered":"September 4, 2026"},"content":{"rendered":"<p><strong>Political developments in Bucharest<\/strong><\/p>\n<p data-path-to-node=\"44\">President Nicu\u0219or Dan announced he will designate a candidate for the position of Prime Minister over the coming days. The president noted that, due to the parliamentary recess, convening a legislative session to vote on the investiture of a new Cabinet would have been difficult to organize. Romania has lacked a stable government since early May, following Parliament&#8217;s adoption of a motion of no confidence against the Cabinet led by Liberal Prime Minister Ilie Bolojan, who continues to serve in an interim capacity.<\/p>\n<p data-path-to-node=\"44\">\n<p><strong>Romania advocates for strong cohesion and agriculture funds in next EU budget<\/strong><\/p>\n<p>Romania wants an \u201cambitious\u201d future European Union budget, with substantial funding allocated to the Cohesion and Agriculture sectors, President Nicu\u0219or Dan told a press conference held jointly with European Council President Ant\u00f3nio Costa. On Thursday, Dan received the European official in Bucharest, who was on a consultation visit regarding Romania&#8217;s priorities and concerns. The Romanian President said that the primary topic of discussion was the negotiation of the upcoming 2028\u20132034 EU budget. Talks also covered the EU expansion process, the security developments and ongoing European Union support for Ukraine. On Thursday, the European Council President also visited Bulgaria and Greece, following prior stops in Slovakia, Estonia, Latvia, Lithuania, the Czech Republic, Hungary, Croatia and Luxembourg.<\/p>\n<p>&nbsp;<\/p>\n<p><strong>Public health advisory<\/strong><\/p>\n<p data-path-to-node=\"47\">The National Institute of Public Health has announced 58 recorded cases of West Nile virus infection in Romania over June-September. According to the institute, three of these cases resulted in fatalities involving elderly individuals with a medical history. Health authorities strongly recommend avoiding mosquito exposure and using chemical repellents.<\/p>\n<p data-path-to-node=\"47\">\n<p><strong>Romanian Foreign Minister meets UK counterpart to strengthen bilateral ties<\/strong><\/p>\n<p>Romania\u2019s interim Foreign Minister, Oana \u021aoiu, met in London with her British counterpart, Ed Miliband. According to a press release from the Ministry of Foreign Affairs in Bucharest, the meeting&#8217;s agenda included the Romanian diaspora in the United Kingdom, economic cooperation, security and partnership in education and culture. On this occasion, Oana \u021aoiu highlighted the remarkable contribution of the over one million Romanian citizens living in the UK to strengthening bilateral relations. She also expressed gratitude for the enhanced air policing mission conducted by the Royal Air Force in Romania from March to July 2026. Furthermore, both officials discussed the current state of bilateral trade exchanges and Romania&#8217;s OECD accession, the Foreign Ministry release specified.<\/p>\n<p>&nbsp;<\/p>\n<p><strong>Cristian Mungiu\u2019s <em>Fjord<\/em> nominated as Romania&#8217;s official submission for the Oscars<\/strong><\/p>\n<p>The film <em>Fjord<\/em>, directed by Cristian Mungiu, is Romania&#8217;s official proposal for next year&#8217;s Academy Awards in the \u201cBest International Feature Film\u201d category, the National Film Center announced. The shortlist of nominees is set to be announced by the Academy of Motion Picture Arts and Sciences in mid-December. Starring Romanian-born Sebastian Stan alongside Renate Reinsve, the film has already won several awards, including the prestigious Palme d&#8217;Or at the Cannes Film Festival.<\/p>\n<p>&nbsp;<\/p>\n<p><strong>Sorana C\u00eerstea to face Jasmine Paolini in US Open third round<\/strong><\/p>\n<p>Romanian tennis player Sorana C\u00eerstea is today playing Italy&#8217;s Jasmine Paolini in the third round of the US Open, the final Grand Slam tournament of the year. In the previous round, the 36-year-old C\u00eerstea, seeded 16<sup>th<\/sup> in the New York tournament, defeated France&#8217;s Diane Parry in straight sets, 2-0. In 2026 Grand Slam events, C\u00eerstea reached the second round at the Australian Open, the quarterfinals at Roland Garros, and the third round at Wimbledon. (VP)<\/p>\n","protected":false},"excerpt":{"rendered":"<p>Political developments in Bucharest President Nicu\u0219or Dan announced he will designate a candidate for the position of Prime Minister over the coming days. The president noted that, due to the parliamentary recess, convening a legislative session to vote on the investiture of a new Cabinet would have been difficult to organize. Romania has lacked a [&hellip;]<\/p>\n","protected":false},"author":113,"featured_media":731782,"comment_status":"closed","ping_status":"closed","sticky":false,"template":"","format":"standard","meta":{"_acf_changed":false,"footnotes":""},"categories":[22],"tags":[196042,55954,181933,188853,144319,160633,196043,115208,153324,196059],"coauthors":[116091],"class_list":["post-1056446","post","type-post","status-publish","format-standard","has-post-thumbnail","hentry","category-newsflash","tag-2028-2034-eu-budget","tag-antonio-costa","tag-cristian-mungiu-2","tag-fjord","tag-nicusor-dan-2","tag-prime-minister-designation","tag-romania-uk-bilateral-ties","tag-sorana-cirstea-2","tag-us-open-2","tag-west-nile-infections"],"acf":[],"yoast_head":"<!-- This site is optimized with the Yoast SEO plugin v28.2 - https:\/\/yoast.com\/product\/yoast-seo-wordpress\/ -->\n<title>September 4, 2026 - Radio Romania International<\/title>\n<meta name=\"robots\" content=\"index, follow, max-snippet:-1, max-image-preview:large, max-video-preview:-1\" \/>\n<link rel=\"canonical\" href=\"https:\/\/www.rri.ro\/en\/news-and-current-affairs\/newsflash\/september-4-2026-id1056446.html\" \/>\n<meta property=\"og:locale\" content=\"en_US\" \/>\n<meta property=\"og:type\" content=\"article\" \/>\n<meta property=\"og:title\" content=\"September 4, 2026 - Radio Romania International\" \/>\n<meta property=\"og:description\" content=\"Political developments in Bucharest President Nicu\u0219or Dan announced he will designate a candidate for the position of Prime Minister over the coming days. The president noted that, due to the parliamentary recess, convening a legislative session to vote on the investiture of a new Cabinet would have been difficult to organize. Romania has lacked a [&hellip;]\" \/>\n<meta property=\"og:url\" content=\"https:\/\/www.rri.ro\/en\/news-and-current-affairs\/newsflash\/september-4-2026-id1056446.html\" \/>\n<meta property=\"og:site_name\" content=\"Radio Romania International\" \/>\n<meta property=\"article:published_time\" content=\"2026-09-04T10:55:01+00:00\" \/>\n<meta property=\"og:image\" content=\"https:\/\/www.rri.ro\/wp-content\/uploads\/2024\/04\/Newsflash-stiri-bleu-960x540-1.jpg\" \/>\n\t<meta property=\"og:image:width\" content=\"960\" \/>\n\t<meta property=\"og:image:height\" content=\"540\" \/>\n\t<meta property=\"og:image:type\" content=\"image\/jpeg\" \/>\n<meta name=\"author\" content=\"Newsroom\" \/>\n<meta name=\"twitter:card\" content=\"summary_large_image\" \/>\n<meta name=\"twitter:label1\" content=\"Written by\" \/>\n\t<meta name=\"twitter:data1\" content=\"Newsroom\" \/>\n\t<meta name=\"twitter:label2\" content=\"Est. reading time\" \/>\n\t<meta name=\"twitter:data2\" content=\"3 minutes\" \/>\n<script type=\"application\/ld+json\" class=\"yoast-schema-graph\">{\"@context\":\"https:\\\/\\\/schema.org\",\"@graph\":[{\"@type\":\"Article\",\"@id\":\"https:\\\/\\\/www.rri.ro\\\/en\\\/news-and-current-affairs\\\/newsflash\\\/september-4-2026-id1056446.html#article\",\"isPartOf\":{\"@id\":\"https:\\\/\\\/www.rri.ro\\\/en\\\/news-and-current-affairs\\\/newsflash\\\/september-4-2026-id1056446.html\"},\"author\":{\"name\":\"Newsroom\",\"@id\":\"https:\\\/\\\/www.rri.ro\\\/#\\\/schema\\\/person\\\/4a479940371b9fdefd194f561e8a7f88\"},\"headline\":\"September 4, 2026\",\"datePublished\":\"2026-09-04T10:55:01+00:00\",\"mainEntityOfPage\":{\"@id\":\"https:\\\/\\\/www.rri.ro\\\/en\\\/news-and-current-affairs\\\/newsflash\\\/september-4-2026-id1056446.html\"},\"wordCount\":579,\"image\":{\"@id\":\"https:\\\/\\\/www.rri.ro\\\/en\\\/news-and-current-affairs\\\/newsflash\\\/september-4-2026-id1056446.html#primaryimage\"},\"thumbnailUrl\":\"https:\\\/\\\/www.rri.ro\\\/wp-content\\\/uploads\\\/2024\\\/04\\\/Newsflash-stiri-bleu-960x540-1.jpg\",\"keywords\":[\"2028-2034 EU budget\",\"Antonio Costa\",\"Cristian Mungiu\",\"Fjord\",\"Nicusor Dan\",\"Prime Minister designation\",\"Romania-UK bilateral ties\",\"Sorana Cirstea\",\"US Open\",\"West Nile infections\"],\"articleSection\":[\"Newsflash\"],\"inLanguage\":\"en-US\"},{\"@type\":\"WebPage\",\"@id\":\"https:\\\/\\\/www.rri.ro\\\/en\\\/news-and-current-affairs\\\/newsflash\\\/september-4-2026-id1056446.html\",\"url\":\"https:\\\/\\\/www.rri.ro\\\/en\\\/news-and-current-affairs\\\/newsflash\\\/september-4-2026-id1056446.html\",\"name\":\"September 4, 2026 - Radio Romania International\",\"isPartOf\":{\"@id\":\"https:\\\/\\\/www.rri.ro\\\/#website\"},\"primaryImageOfPage\":{\"@id\":\"https:\\\/\\\/www.rri.ro\\\/en\\\/news-and-current-affairs\\\/newsflash\\\/september-4-2026-id1056446.html#primaryimage\"},\"image\":{\"@id\":\"https:\\\/\\\/www.rri.ro\\\/en\\\/news-and-current-affairs\\\/newsflash\\\/september-4-2026-id1056446.html#primaryimage\"},\"thumbnailUrl\":\"https:\\\/\\\/www.rri.ro\\\/wp-content\\\/uploads\\\/2024\\\/04\\\/Newsflash-stiri-bleu-960x540-1.jpg\",\"datePublished\":\"2026-09-04T10:55:01+00:00\",\"author\":{\"@id\":\"https:\\\/\\\/www.rri.ro\\\/#\\\/schema\\\/person\\\/4a479940371b9fdefd194f561e8a7f88\"},\"breadcrumb\":{\"@id\":\"https:\\\/\\\/www.rri.ro\\\/en\\\/news-and-current-affairs\\\/newsflash\\\/september-4-2026-id1056446.html#breadcrumb\"},\"inLanguage\":\"en-US\",\"potentialAction\":[{\"@type\":\"ReadAction\",\"target\":[\"https:\\\/\\\/www.rri.ro\\\/en\\\/news-and-current-affairs\\\/newsflash\\\/september-4-2026-id1056446.html\"]}]},{\"@type\":\"ImageObject\",\"inLanguage\":\"en-US\",\"@id\":\"https:\\\/\\\/www.rri.ro\\\/en\\\/news-and-current-affairs\\\/newsflash\\\/september-4-2026-id1056446.html#primaryimage\",\"url\":\"https:\\\/\\\/www.rri.ro\\\/wp-content\\\/uploads\\\/2024\\\/04\\\/Newsflash-stiri-bleu-960x540-1.jpg\",\"contentUrl\":\"https:\\\/\\\/www.rri.ro\\\/wp-content\\\/uploads\\\/2024\\\/04\\\/Newsflash-stiri-bleu-960x540-1.jpg\",\"width\":960,\"height\":540,\"caption\":\"Newsflash\"},{\"@type\":\"BreadcrumbList\",\"@id\":\"https:\\\/\\\/www.rri.ro\\\/en\\\/news-and-current-affairs\\\/newsflash\\\/september-4-2026-id1056446.html#breadcrumb\",\"itemListElement\":[{\"@type\":\"ListItem\",\"position\":1,\"name\":\"Homepage\",\"item\":\"https:\\\/\\\/www.rri.ro\\\/en\"},{\"@type\":\"ListItem\",\"position\":2,\"name\":\"Actualitate\",\"item\":\"https:\\\/\\\/www.rri.ro\\\/actualitate\"},{\"@type\":\"ListItem\",\"position\":3,\"name\":\"Newsflash\",\"item\":\"https:\\\/\\\/www.rri.ro\\\/en\\\/news-and-current-affairs\\\/newsflash\"},{\"@type\":\"ListItem\",\"position\":4,\"name\":\"September 4, 2026\"}]},{\"@type\":\"WebSite\",\"@id\":\"https:\\\/\\\/www.rri.ro\\\/#website\",\"url\":\"https:\\\/\\\/www.rri.ro\\\/\",\"name\":\"Radio Romania International\",\"description\":\"Totul despre Rom\u00e2nia \u015fi rom\u00e2ni, \u00een 13 limbi\\\/dialecte!\",\"inLanguage\":\"en-US\"},{\"@type\":\"Person\",\"@id\":\"https:\\\/\\\/www.rri.ro\\\/#\\\/schema\\\/person\\\/4a479940371b9fdefd194f561e8a7f88\",\"name\":\"Newsroom\",\"url\":\"https:\\\/\\\/www.rri.ro\\\/en\\\/author\\\/newsroom\"}]}<\/script>\n<!-- \/ Yoast SEO plugin. -->","yoast_head_json":{"title":"September 4, 2026 - Radio Romania International","robots":{"index":"index","follow":"follow","max-snippet":"max-snippet:-1","max-image-preview":"max-image-preview:large","max-video-preview":"max-video-preview:-1"},"canonical":"https:\/\/www.rri.ro\/en\/news-and-current-affairs\/newsflash\/september-4-2026-id1056446.html","og_locale":"en_US","og_type":"article","og_title":"September 4, 2026 - Radio Romania International","og_description":"Political developments in Bucharest President Nicu\u0219or Dan announced he will designate a candidate for the position of Prime Minister over the coming days. The president noted that, due to the parliamentary recess, convening a legislative session to vote on the investiture of a new Cabinet would have been difficult to organize. Romania has lacked a [&hellip;]","og_url":"https:\/\/www.rri.ro\/en\/news-and-current-affairs\/newsflash\/september-4-2026-id1056446.html","og_site_name":"Radio Romania International","article_published_time":"2026-09-04T10:55:01+00:00","og_image":[{"width":960,"height":540,"url":"https:\/\/www.rri.ro\/wp-content\/uploads\/2024\/04\/Newsflash-stiri-bleu-960x540-1.jpg","type":"image\/jpeg"}],"author":"Newsroom","twitter_card":"summary_large_image","twitter_misc":{"Written by":"Newsroom","Est. reading time":"3 minutes"},"schema":{"@context":"https:\/\/schema.org","@graph":[{"@type":"Article","@id":"https:\/\/www.rri.ro\/en\/news-and-current-affairs\/newsflash\/september-4-2026-id1056446.html#article","isPartOf":{"@id":"https:\/\/www.rri.ro\/en\/news-and-current-affairs\/newsflash\/september-4-2026-id1056446.html"},"author":{"name":"Newsroom","@id":"https:\/\/www.rri.ro\/#\/schema\/person\/4a479940371b9fdefd194f561e8a7f88"},"headline":"September 4, 2026","datePublished":"2026-09-04T10:55:01+00:00","mainEntityOfPage":{"@id":"https:\/\/www.rri.ro\/en\/news-and-current-affairs\/newsflash\/september-4-2026-id1056446.html"},"wordCount":579,"image":{"@id":"https:\/\/www.rri.ro\/en\/news-and-current-affairs\/newsflash\/september-4-2026-id1056446.html#primaryimage"},"thumbnailUrl":"https:\/\/www.rri.ro\/wp-content\/uploads\/2024\/04\/Newsflash-stiri-bleu-960x540-1.jpg","keywords":["2028-2034 EU budget","Antonio Costa","Cristian Mungiu","Fjord","Nicusor Dan","Prime Minister designation","Romania-UK bilateral ties","Sorana Cirstea","US Open","West Nile infections"],"articleSection":["Newsflash"],"inLanguage":"en-US"},{"@type":"WebPage","@id":"https:\/\/www.rri.ro\/en\/news-and-current-affairs\/newsflash\/september-4-2026-id1056446.html","url":"https:\/\/www.rri.ro\/en\/news-and-current-affairs\/newsflash\/september-4-2026-id1056446.html","name":"September 4, 2026 - Radio Romania International","isPartOf":{"@id":"https:\/\/www.rri.ro\/#website"},"primaryImageOfPage":{"@id":"https:\/\/www.rri.ro\/en\/news-and-current-affairs\/newsflash\/september-4-2026-id1056446.html#primaryimage"},"image":{"@id":"https:\/\/www.rri.ro\/en\/news-and-current-affairs\/newsflash\/september-4-2026-id1056446.html#primaryimage"},"thumbnailUrl":"https:\/\/www.rri.ro\/wp-content\/uploads\/2024\/04\/Newsflash-stiri-bleu-960x540-1.jpg","datePublished":"2026-09-04T10:55:01+00:00","author":{"@id":"https:\/\/www.rri.ro\/#\/schema\/person\/4a479940371b9fdefd194f561e8a7f88"},"breadcrumb":{"@id":"https:\/\/www.rri.ro\/en\/news-and-current-affairs\/newsflash\/september-4-2026-id1056446.html#breadcrumb"},"inLanguage":"en-US","potentialAction":[{"@type":"ReadAction","target":["https:\/\/www.rri.ro\/en\/news-and-current-affairs\/newsflash\/september-4-2026-id1056446.html"]}]},{"@type":"ImageObject","inLanguage":"en-US","@id":"https:\/\/www.rri.ro\/en\/news-and-current-affairs\/newsflash\/september-4-2026-id1056446.html#primaryimage","url":"https:\/\/www.rri.ro\/wp-content\/uploads\/2024\/04\/Newsflash-stiri-bleu-960x540-1.jpg","contentUrl":"https:\/\/www.rri.ro\/wp-content\/uploads\/2024\/04\/Newsflash-stiri-bleu-960x540-1.jpg","width":960,"height":540,"caption":"Newsflash"},{"@type":"BreadcrumbList","@id":"https:\/\/www.rri.ro\/en\/news-and-current-affairs\/newsflash\/september-4-2026-id1056446.html#breadcrumb","itemListElement":[{"@type":"ListItem","position":1,"name":"Homepage","item":"https:\/\/www.rri.ro\/en"},{"@type":"ListItem","position":2,"name":"Actualitate","item":"https:\/\/www.rri.ro\/actualitate"},{"@type":"ListItem","position":3,"name":"Newsflash","item":"https:\/\/www.rri.ro\/en\/news-and-current-affairs\/newsflash"},{"@type":"ListItem","position":4,"name":"September 4, 2026"}]},{"@type":"WebSite","@id":"https:\/\/www.rri.ro\/#website","url":"https:\/\/www.rri.ro\/","name":"Radio Romania International","description":"Totul despre Rom\u00e2nia \u015fi rom\u00e2ni, \u00een 13 limbi\/dialecte!","inLanguage":"en-US"},{"@type":"Person","@id":"https:\/\/www.rri.ro\/#\/schema\/person\/4a479940371b9fdefd194f561e8a7f88","name":"Newsroom","url":"https:\/\/www.rri.ro\/en\/author\/newsroom"}]}},"_links":{"self":[{"href":"https:\/\/www.rri.ro\/en\/wp-json\/wp\/v2\/posts\/1056446","targetHints":{"allow":["GET"]}}],"collection":[{"href":"https:\/\/www.rri.ro\/en\/wp-json\/wp\/v2\/posts"}],"about":[{"href":"https:\/\/www.rri.ro\/en\/wp-json\/wp\/v2\/types\/post"}],"author":[{"embeddable":true,"href":"https:\/\/www.rri.ro\/en\/wp-json\/wp\/v2\/users\/113"}],"replies":[{"embeddable":true,"href":"https:\/\/www.rri.ro\/en\/wp-json\/wp\/v2\/comments?post=1056446"}],"version-history":[{"count":3,"href":"https:\/\/www.rri.ro\/en\/wp-json\/wp\/v2\/posts\/1056446\/revisions"}],"predecessor-version":[{"id":1056518,"href":"https:\/\/www.rri.ro\/en\/wp-json\/wp\/v2\/posts\/1056446\/revisions\/1056518"}],"wp:featuredmedia":[{"embeddable":true,"href":"https:\/\/www.rri.ro\/en\/wp-json\/wp\/v2\/media\/731782"}],"wp:attachment":[{"href":"https:\/\/www.rri.ro\/en\/wp-json\/wp\/v2\/media?parent=1056446"}],"wp:term":[{"taxonomy":"category","embeddable":true,"href":"https:\/\/www.rri.ro\/en\/wp-json\/wp\/v2\/categories?post=1056446"},{"taxonomy":"post_tag","embeddable":true,"href":"https:\/\/www.rri.ro\/en\/wp-json\/wp\/v2\/tags?post=1056446"},{"taxonomy":"author","embeddable":true,"href":"https:\/\/www.rri.ro\/en\/wp-json\/wp\/v2\/coauthors?post=1056446"}],"curies":[{"name":"wp","href":"https:\/\/api.w.org\/{rel}","templated":true}]}}