{"id":1056449,"date":"2026-09-04T14:00:49","date_gmt":"2026-09-04T11:00:49","guid":{"rendered":"https:\/\/www.rri.ro\/?p=1056449"},"modified":"2026-09-04T10:54:44","modified_gmt":"2026-09-04T07:54:44","slug":"president-of-the-european-council-in-bucharest","status":"publish","type":"post","link":"https:\/\/www.rri.ro\/en\/news-and-current-affairs\/today-in-the-news\/president-of-the-european-council-in-bucharest-id1056449.html","title":{"rendered":"President of the European Council in Bucharest"},"content":{"rendered":"<p>While on a tour of European capitals, the European Council President Ant\u00f3nio Costa visited Bucharest on Thursday, where he was received by President Nicu\u015for Dan. The main topic of discussion was the EU\u2019s future budget for the 2028\u20132034 period. The European official sought to ascertain the positions of all member states on this issue, as well as to discuss defense, EU enlargement, and support for Ukraine. The European Commission is proposing a future budget of approximately 2,000 billion euros. The draft also calls for a reduction of approximately 10% in funding for the EU\u2019s agricultural policy and cohesion policy, a measure opposed by Romania along with 16 other member states. Romania wants an ambitious future EU budget, with substantial allocations for cohesion and agriculture, the Romanian head of state stated. He noted that Bucharest has broadly defined its position within the \u201cFriends of Cohesion\u201d group, coordinated by Romania, which includes 17 European countries.<\/p>\n<p>&nbsp;<\/p>\n<p>Nicu\u015for Dan: \u201cWe want substantial funding for the cohesion and agriculture chapters, precisely so that we can bridge the gaps between citizens of different European countries. We are very interested in the pillar on competitiveness. Again, we\u2019re talking about reducing, or aiming to reduce, the gap between European countries, and we want companies in less developed European countries, such as Romania, to have access to competitiveness funds.\u201d<\/p>\n<p>&nbsp;<\/p>\n<p>The EU\u2019s next multiannual budget will enable Europe to strengthen its defense and security and boost its competitiveness, said the President of the European Council. He emphasized that negotiations for the future budget are taking place in a different geopolitical context than when the current multiannual financial framework was approved. The European official expressed his appreciation to Romania for its firm commitment to defending European security. Antonio Costa also said that the recent violations of Romanian airspace, as well as incidents involving naval drones, are \u201cdeeply concerning\u201d and that Brussels will continue to stand with Romania, as it understands that Romania\u2019s security is the security of Europe as a whole. We must stand united in our efforts to achieve a just and lasting peace in Ukraine, the European official emphasized.<\/p>\n<p>&nbsp;<\/p>\n<p>During the discussions, Nicu\u015for Dan also addressed the EU enlargement process, in the context of preparations for the October European Council. The president stated that Romania is interested in seeing the Republic of Moldova\u2019s EU accession process continue \u201cat a steady pace.\u201d Ant\u00f3nio Costa thanked Bucharest for its support of Chi\u015fin\u0103u and noted that every round of enlargement has made Europe stronger, both politically and economically. \u201cIt is one of Europe\u2019s most important geopolitical investments. It is an investment in our security, stability, and prosperity,\u201d said Ant\u00f3nio Costa. (LS)<\/p>\n","protected":false},"excerpt":{"rendered":"<p>While on a tour of European capitals, the European Council President Ant\u00f3nio Costa visited Bucharest on Thursday, where he was received by President Nicu\u015for Dan. The main topic of discussion was the EU\u2019s future budget for the 2028\u20132034 period. The European official sought to ascertain the positions of all member states on this issue, as [&hellip;]<\/p>\n","protected":false},"author":106,"featured_media":1056419,"comment_status":"closed","ping_status":"closed","sticky":false,"template":"","format":"standard","meta":{"_acf_changed":false,"footnotes":""},"categories":[37738],"tags":[55954,163694,32844,144319],"coauthors":[113311],"class_list":["post-1056449","post","type-post","status-publish","format-standard","has-post-thumbnail","hentry","category-today-in-the-news","tag-antonio-costa","tag-cotroceni-2","tag-eu-budget","tag-nicusor-dan-2"],"acf":[],"yoast_head":"<!-- This site is optimized with the Yoast SEO plugin v28.2 - https:\/\/yoast.com\/product\/yoast-seo-wordpress\/ -->\n<title>President of the European Council in Bucharest - Radio Romania International<\/title>\n<meta name=\"robots\" content=\"index, follow, max-snippet:-1, max-image-preview:large, max-video-preview:-1\" \/>\n<link rel=\"canonical\" href=\"https:\/\/www.rri.ro\/en\/news-and-current-affairs\/today-in-the-news\/president-of-the-european-council-in-bucharest-id1056449.html\" \/>\n<meta property=\"og:locale\" content=\"en_US\" \/>\n<meta property=\"og:type\" content=\"article\" \/>\n<meta property=\"og:title\" content=\"President of the European Council in Bucharest - Radio Romania International\" \/>\n<meta property=\"og:description\" content=\"While on a tour of European capitals, the European Council President Ant\u00f3nio Costa visited Bucharest on Thursday, where he was received by President Nicu\u015for Dan. The main topic of discussion was the EU\u2019s future budget for the 2028\u20132034 period. The European official sought to ascertain the positions of all member states on this issue, as [&hellip;]\" \/>\n<meta property=\"og:url\" content=\"https:\/\/www.rri.ro\/en\/news-and-current-affairs\/today-in-the-news\/president-of-the-european-council-in-bucharest-id1056449.html\" \/>\n<meta property=\"og:site_name\" content=\"Radio Romania International\" \/>\n<meta property=\"article:published_time\" content=\"2026-09-04T11:00:49+00:00\" \/>\n<meta property=\"og:image\" content=\"https:\/\/www.rri.ro\/wp-content\/uploads\/2026\/09\/Antonio-Costa-Nicusor-Dan-sep2026-presidency-ro.jpg\" \/>\n\t<meta property=\"og:image:width\" content=\"1280\" \/>\n\t<meta property=\"og:image:height\" content=\"720\" \/>\n\t<meta property=\"og:image:type\" content=\"image\/jpeg\" \/>\n<meta name=\"author\" content=\"Mihai Pelin\" \/>\n<meta name=\"twitter:card\" content=\"summary_large_image\" \/>\n<meta name=\"twitter:label1\" content=\"Written by\" \/>\n\t<meta name=\"twitter:data1\" content=\"Mihai Pelin\" \/>\n\t<meta name=\"twitter:label2\" content=\"Est. reading time\" \/>\n\t<meta name=\"twitter:data2\" content=\"2 minutes\" \/>\n<script type=\"application\/ld+json\" class=\"yoast-schema-graph\">{\"@context\":\"https:\\\/\\\/schema.org\",\"@graph\":[{\"@type\":\"Article\",\"@id\":\"https:\\\/\\\/www.rri.ro\\\/en\\\/news-and-current-affairs\\\/today-in-the-news\\\/president-of-the-european-council-in-bucharest-id1056449.html#article\",\"isPartOf\":{\"@id\":\"https:\\\/\\\/www.rri.ro\\\/en\\\/news-and-current-affairs\\\/today-in-the-news\\\/president-of-the-european-council-in-bucharest-id1056449.html\"},\"author\":{\"name\":\"Mihai Pelin\",\"@id\":\"https:\\\/\\\/www.rri.ro\\\/#\\\/schema\\\/person\\\/c6036c822534c855dc3aad41a484f05d\"},\"headline\":\"President of the European Council in Bucharest\",\"datePublished\":\"2026-09-04T11:00:49+00:00\",\"mainEntityOfPage\":{\"@id\":\"https:\\\/\\\/www.rri.ro\\\/en\\\/news-and-current-affairs\\\/today-in-the-news\\\/president-of-the-european-council-in-bucharest-id1056449.html\"},\"wordCount\":459,\"image\":{\"@id\":\"https:\\\/\\\/www.rri.ro\\\/en\\\/news-and-current-affairs\\\/today-in-the-news\\\/president-of-the-european-council-in-bucharest-id1056449.html#primaryimage\"},\"thumbnailUrl\":\"https:\\\/\\\/www.rri.ro\\\/wp-content\\\/uploads\\\/2026\\\/09\\\/Antonio-Costa-Nicusor-Dan-sep2026-presidency-ro.jpg\",\"keywords\":[\"Antonio Costa\",\"Cotroceni\",\"EU budget\",\"Nicusor Dan\"],\"articleSection\":[\"Today in the News\"],\"inLanguage\":\"en-US\"},{\"@type\":\"WebPage\",\"@id\":\"https:\\\/\\\/www.rri.ro\\\/en\\\/news-and-current-affairs\\\/today-in-the-news\\\/president-of-the-european-council-in-bucharest-id1056449.html\",\"url\":\"https:\\\/\\\/www.rri.ro\\\/en\\\/news-and-current-affairs\\\/today-in-the-news\\\/president-of-the-european-council-in-bucharest-id1056449.html\",\"name\":\"President of the European Council in Bucharest - Radio Romania International\",\"isPartOf\":{\"@id\":\"https:\\\/\\\/www.rri.ro\\\/#website\"},\"primaryImageOfPage\":{\"@id\":\"https:\\\/\\\/www.rri.ro\\\/en\\\/news-and-current-affairs\\\/today-in-the-news\\\/president-of-the-european-council-in-bucharest-id1056449.html#primaryimage\"},\"image\":{\"@id\":\"https:\\\/\\\/www.rri.ro\\\/en\\\/news-and-current-affairs\\\/today-in-the-news\\\/president-of-the-european-council-in-bucharest-id1056449.html#primaryimage\"},\"thumbnailUrl\":\"https:\\\/\\\/www.rri.ro\\\/wp-content\\\/uploads\\\/2026\\\/09\\\/Antonio-Costa-Nicusor-Dan-sep2026-presidency-ro.jpg\",\"datePublished\":\"2026-09-04T11:00:49+00:00\",\"author\":{\"@id\":\"https:\\\/\\\/www.rri.ro\\\/#\\\/schema\\\/person\\\/c6036c822534c855dc3aad41a484f05d\"},\"breadcrumb\":{\"@id\":\"https:\\\/\\\/www.rri.ro\\\/en\\\/news-and-current-affairs\\\/today-in-the-news\\\/president-of-the-european-council-in-bucharest-id1056449.html#breadcrumb\"},\"inLanguage\":\"en-US\",\"potentialAction\":[{\"@type\":\"ReadAction\",\"target\":[\"https:\\\/\\\/www.rri.ro\\\/en\\\/news-and-current-affairs\\\/today-in-the-news\\\/president-of-the-european-council-in-bucharest-id1056449.html\"]}]},{\"@type\":\"ImageObject\",\"inLanguage\":\"en-US\",\"@id\":\"https:\\\/\\\/www.rri.ro\\\/en\\\/news-and-current-affairs\\\/today-in-the-news\\\/president-of-the-european-council-in-bucharest-id1056449.html#primaryimage\",\"url\":\"https:\\\/\\\/www.rri.ro\\\/wp-content\\\/uploads\\\/2026\\\/09\\\/Antonio-Costa-Nicusor-Dan-sep2026-presidency-ro.jpg\",\"contentUrl\":\"https:\\\/\\\/www.rri.ro\\\/wp-content\\\/uploads\\\/2026\\\/09\\\/Antonio-Costa-Nicusor-Dan-sep2026-presidency-ro.jpg\",\"width\":1280,\"height\":720,\"caption\":\"Antonio Costa, ricevuto da Nicusor Dan al Palazzo Cotroceni \\\/ Foto: presidency.ro\"},{\"@type\":\"BreadcrumbList\",\"@id\":\"https:\\\/\\\/www.rri.ro\\\/en\\\/news-and-current-affairs\\\/today-in-the-news\\\/president-of-the-european-council-in-bucharest-id1056449.html#breadcrumb\",\"itemListElement\":[{\"@type\":\"ListItem\",\"position\":1,\"name\":\"Homepage\",\"item\":\"https:\\\/\\\/www.rri.ro\\\/en\"},{\"@type\":\"ListItem\",\"position\":2,\"name\":\"Actualitate\",\"item\":\"https:\\\/\\\/www.rri.ro\\\/actualitate\"},{\"@type\":\"ListItem\",\"position\":3,\"name\":\"Today in the News\",\"item\":\"https:\\\/\\\/www.rri.ro\\\/en\\\/news-and-current-affairs\\\/today-in-the-news\"},{\"@type\":\"ListItem\",\"position\":4,\"name\":\"President of the European Council in Bucharest\"}]},{\"@type\":\"WebSite\",\"@id\":\"https:\\\/\\\/www.rri.ro\\\/#website\",\"url\":\"https:\\\/\\\/www.rri.ro\\\/\",\"name\":\"Radio Romania International\",\"description\":\"Totul despre Rom\u00e2nia \u015fi rom\u00e2ni, \u00een 13 limbi\\\/dialecte!\",\"inLanguage\":\"en-US\"},{\"@type\":\"Person\",\"@id\":\"https:\\\/\\\/www.rri.ro\\\/#\\\/schema\\\/person\\\/c6036c822534c855dc3aad41a484f05d\",\"name\":\"Mihai Pelin\",\"url\":\"https:\\\/\\\/www.rri.ro\\\/en\\\/author\\\/mihai-pelin\"}]}<\/script>\n<!-- \/ Yoast SEO plugin. -->","yoast_head_json":{"title":"President of the European Council in Bucharest - Radio Romania International","robots":{"index":"index","follow":"follow","max-snippet":"max-snippet:-1","max-image-preview":"max-image-preview:large","max-video-preview":"max-video-preview:-1"},"canonical":"https:\/\/www.rri.ro\/en\/news-and-current-affairs\/today-in-the-news\/president-of-the-european-council-in-bucharest-id1056449.html","og_locale":"en_US","og_type":"article","og_title":"President of the European Council in Bucharest - Radio Romania International","og_description":"While on a tour of European capitals, the European Council President Ant\u00f3nio Costa visited Bucharest on Thursday, where he was received by President Nicu\u015for Dan. The main topic of discussion was the EU\u2019s future budget for the 2028\u20132034 period. The European official sought to ascertain the positions of all member states on this issue, as [&hellip;]","og_url":"https:\/\/www.rri.ro\/en\/news-and-current-affairs\/today-in-the-news\/president-of-the-european-council-in-bucharest-id1056449.html","og_site_name":"Radio Romania International","article_published_time":"2026-09-04T11:00:49+00:00","og_image":[{"width":1280,"height":720,"url":"https:\/\/www.rri.ro\/wp-content\/uploads\/2026\/09\/Antonio-Costa-Nicusor-Dan-sep2026-presidency-ro.jpg","type":"image\/jpeg"}],"author":"Mihai Pelin","twitter_card":"summary_large_image","twitter_misc":{"Written by":"Mihai Pelin","Est. reading time":"2 minutes"},"schema":{"@context":"https:\/\/schema.org","@graph":[{"@type":"Article","@id":"https:\/\/www.rri.ro\/en\/news-and-current-affairs\/today-in-the-news\/president-of-the-european-council-in-bucharest-id1056449.html#article","isPartOf":{"@id":"https:\/\/www.rri.ro\/en\/news-and-current-affairs\/today-in-the-news\/president-of-the-european-council-in-bucharest-id1056449.html"},"author":{"name":"Mihai Pelin","@id":"https:\/\/www.rri.ro\/#\/schema\/person\/c6036c822534c855dc3aad41a484f05d"},"headline":"President of the European Council in Bucharest","datePublished":"2026-09-04T11:00:49+00:00","mainEntityOfPage":{"@id":"https:\/\/www.rri.ro\/en\/news-and-current-affairs\/today-in-the-news\/president-of-the-european-council-in-bucharest-id1056449.html"},"wordCount":459,"image":{"@id":"https:\/\/www.rri.ro\/en\/news-and-current-affairs\/today-in-the-news\/president-of-the-european-council-in-bucharest-id1056449.html#primaryimage"},"thumbnailUrl":"https:\/\/www.rri.ro\/wp-content\/uploads\/2026\/09\/Antonio-Costa-Nicusor-Dan-sep2026-presidency-ro.jpg","keywords":["Antonio Costa","Cotroceni","EU budget","Nicusor Dan"],"articleSection":["Today in the News"],"inLanguage":"en-US"},{"@type":"WebPage","@id":"https:\/\/www.rri.ro\/en\/news-and-current-affairs\/today-in-the-news\/president-of-the-european-council-in-bucharest-id1056449.html","url":"https:\/\/www.rri.ro\/en\/news-and-current-affairs\/today-in-the-news\/president-of-the-european-council-in-bucharest-id1056449.html","name":"President of the European Council in Bucharest - Radio Romania International","isPartOf":{"@id":"https:\/\/www.rri.ro\/#website"},"primaryImageOfPage":{"@id":"https:\/\/www.rri.ro\/en\/news-and-current-affairs\/today-in-the-news\/president-of-the-european-council-in-bucharest-id1056449.html#primaryimage"},"image":{"@id":"https:\/\/www.rri.ro\/en\/news-and-current-affairs\/today-in-the-news\/president-of-the-european-council-in-bucharest-id1056449.html#primaryimage"},"thumbnailUrl":"https:\/\/www.rri.ro\/wp-content\/uploads\/2026\/09\/Antonio-Costa-Nicusor-Dan-sep2026-presidency-ro.jpg","datePublished":"2026-09-04T11:00:49+00:00","author":{"@id":"https:\/\/www.rri.ro\/#\/schema\/person\/c6036c822534c855dc3aad41a484f05d"},"breadcrumb":{"@id":"https:\/\/www.rri.ro\/en\/news-and-current-affairs\/today-in-the-news\/president-of-the-european-council-in-bucharest-id1056449.html#breadcrumb"},"inLanguage":"en-US","potentialAction":[{"@type":"ReadAction","target":["https:\/\/www.rri.ro\/en\/news-and-current-affairs\/today-in-the-news\/president-of-the-european-council-in-bucharest-id1056449.html"]}]},{"@type":"ImageObject","inLanguage":"en-US","@id":"https:\/\/www.rri.ro\/en\/news-and-current-affairs\/today-in-the-news\/president-of-the-european-council-in-bucharest-id1056449.html#primaryimage","url":"https:\/\/www.rri.ro\/wp-content\/uploads\/2026\/09\/Antonio-Costa-Nicusor-Dan-sep2026-presidency-ro.jpg","contentUrl":"https:\/\/www.rri.ro\/wp-content\/uploads\/2026\/09\/Antonio-Costa-Nicusor-Dan-sep2026-presidency-ro.jpg","width":1280,"height":720,"caption":"Antonio Costa, ricevuto da Nicusor Dan al Palazzo Cotroceni \/ Foto: presidency.ro"},{"@type":"BreadcrumbList","@id":"https:\/\/www.rri.ro\/en\/news-and-current-affairs\/today-in-the-news\/president-of-the-european-council-in-bucharest-id1056449.html#breadcrumb","itemListElement":[{"@type":"ListItem","position":1,"name":"Homepage","item":"https:\/\/www.rri.ro\/en"},{"@type":"ListItem","position":2,"name":"Actualitate","item":"https:\/\/www.rri.ro\/actualitate"},{"@type":"ListItem","position":3,"name":"Today in the News","item":"https:\/\/www.rri.ro\/en\/news-and-current-affairs\/today-in-the-news"},{"@type":"ListItem","position":4,"name":"President of the European Council in Bucharest"}]},{"@type":"WebSite","@id":"https:\/\/www.rri.ro\/#website","url":"https:\/\/www.rri.ro\/","name":"Radio Romania International","description":"Totul despre Rom\u00e2nia \u015fi rom\u00e2ni, \u00een 13 limbi\/dialecte!","inLanguage":"en-US"},{"@type":"Person","@id":"https:\/\/www.rri.ro\/#\/schema\/person\/c6036c822534c855dc3aad41a484f05d","name":"Mihai Pelin","url":"https:\/\/www.rri.ro\/en\/author\/mihai-pelin"}]}},"_links":{"self":[{"href":"https:\/\/www.rri.ro\/en\/wp-json\/wp\/v2\/posts\/1056449","targetHints":{"allow":["GET"]}}],"collection":[{"href":"https:\/\/www.rri.ro\/en\/wp-json\/wp\/v2\/posts"}],"about":[{"href":"https:\/\/www.rri.ro\/en\/wp-json\/wp\/v2\/types\/post"}],"author":[{"embeddable":true,"href":"https:\/\/www.rri.ro\/en\/wp-json\/wp\/v2\/users\/106"}],"replies":[{"embeddable":true,"href":"https:\/\/www.rri.ro\/en\/wp-json\/wp\/v2\/comments?post=1056449"}],"version-history":[{"count":1,"href":"https:\/\/www.rri.ro\/en\/wp-json\/wp\/v2\/posts\/1056449\/revisions"}],"predecessor-version":[{"id":1056450,"href":"https:\/\/www.rri.ro\/en\/wp-json\/wp\/v2\/posts\/1056449\/revisions\/1056450"}],"wp:featuredmedia":[{"embeddable":true,"href":"https:\/\/www.rri.ro\/en\/wp-json\/wp\/v2\/media\/1056419"}],"wp:attachment":[{"href":"https:\/\/www.rri.ro\/en\/wp-json\/wp\/v2\/media?parent=1056449"}],"wp:term":[{"taxonomy":"category","embeddable":true,"href":"https:\/\/www.rri.ro\/en\/wp-json\/wp\/v2\/categories?post=1056449"},{"taxonomy":"post_tag","embeddable":true,"href":"https:\/\/www.rri.ro\/en\/wp-json\/wp\/v2\/tags?post=1056449"},{"taxonomy":"author","embeddable":true,"href":"https:\/\/www.rri.ro\/en\/wp-json\/wp\/v2\/coauthors?post=1056449"}],"curies":[{"name":"wp","href":"https:\/\/api.w.org\/{rel}","templated":true}]}}