{"id":1056750,"date":"2026-09-05T20:00:48","date_gmt":"2026-09-05T17:00:48","guid":{"rendered":"https:\/\/www.rri.ro\/?p=1056750"},"modified":"2026-09-05T19:15:15","modified_gmt":"2026-09-05T16:15:15","slug":"september-5-2026-update","status":"publish","type":"post","link":"https:\/\/www.rri.ro\/en\/news-and-current-affairs\/newsflash\/september-5-2026-update-id1056750.html","title":{"rendered":"September 5, 2026 UPDATE"},"content":{"rendered":"<p><strong>Education: start of the new school year<\/strong><\/p>\n<p>The school year starting September 7 in Romania brings a series of updates and changes. In primary and lower secondary education, evaluation standards are being introduced, and teachers are encouraged to apply them so that common national criteria are established across three performance levels: basic, consolidated and advanced. The evaluation standards do not replace grades, but are designed to establish common criteria for assigning grades regardless of the school unit. Regarding high school admissions, the provision allowing certain high schools to organize additional entrance exams goes to a final vote in Parliament next week, after senators on the education committee voted unanimously to reject it. Nearly 2.9 million students and preschoolers begin classes on Monday in Romania.<\/p>\n<p>&nbsp;<\/p>\n<p><strong>Politics: government formation deadlock<\/strong><\/p>\n<p>The President of Romania, Nicu\u0219or Dan, is expected to nominate a candidate for the position of Prime Minister, but efforts to form a new government do not appear to have broken the stalemate of recent months. On May 5, the cabinet led by Liberal Ilie Bolojan was dismissed in a motion of no confidence brought by its former Social Democrat coalition partners, who aligned with opposition parties. \u201cIt is time to settle this issue\u201d, president Dan stated recently, though the president has not yet announced official consultations. PSD president Sorin Grindeanu, the party&#8217;s nominee for prime minister, said the Social Democrats are prepared to build a majority and that the focus should not be parliamentary vote counts, but Romania&#8217;s economic and social situation. On the other side, Liberal MEP Siegfried Mure\u0219an, proposed as prime minister by PNL, USR and UDMR, argued that Romania&#8217;s economy functions better without PSD in government, adding that their return would mean a higher deficit, wasted public funds and renewed questions about the country&#8217;s international credibility. From the opposition, AUR considers snap elections the solution to the political deadlock and accuses the caretaker government of implementing fiscal policies that harmed the purchasing power of Romanians and local businesses. A minimum of 233 favorable votes is required to invest a government in Bucharest.<\/p>\n<p>&nbsp;<\/p>\n<p><strong>Law enforcement: major counterfeit goods seizure<\/strong><\/p>\n<p>Romanian border police officers from the Coast Guard discovered approximately 2,000 items of clothing, footwear, cosmetics and perfumes carrying suspected counterfeit trademark logos during traffic checks this week. Estimated at a value of \u20ac340,000, the goods were found during roadside inspections in Constan\u021ba County inside two coaches and a minibus traveling on the T\u00fcrkiye\u2013Romania route, as well as a vehicle registered in the Republic of Moldova. Those in possession of the items lacked proof of origin and authorization from trademark owners to distribute them. The goods were seized for expert analysis.<\/p>\n<p>&nbsp;<\/p>\n<p><strong>International affairs: US peace envoys in Moscow and Kyiv<\/strong><\/p>\n<p>US President Donald Trump&#8217;s envoys, Steve Witkoff and Jared Kushner, arrived in Moscow on Saturday with a proposal to end the war in Ukraine, AFP reports. For the first time since beginning their mediation efforts, Kushner and Witkoff will subsequently travel to Kyiv. However, both airports in the Ukrainian capital were hit by Russian strikes overnight on Friday, according to Ukrainian President Volodymyr Zelenskyy, who characterized the attacks as a Kremlin attempt to disrupt the envoys&#8217; visit. In response, the Kremlin announced that Russian President Vladimir Putin ordered a three-day halt on attacks against Kyiv starting at midnight. In Moscow, Witkoff and Kushner were met by Kirill Dmitriev, Russian President Vladimir Putin&#8217;s envoy for economic affairs.<\/p>\n<p>&nbsp;<\/p>\n<p><strong>Emergency services: firefighters return from Serbia mission<\/strong><\/p>\n<p>Romanian firefighters who operated in Serbia for two weeks returned home on Saturday after helping neighboring emergency services combat widespread wildfires that affected vast areas and entire communities. According to the Department for Emergency Situations, support was provided via the European Union&#8217;s Civil Protection Mechanism following a request from Belgrade. For this mission, Romania deployed 69 firefighters and 15 technical units, including a Black Hawk S-70M helicopter from the rescEU strategic European reserve.<\/p>\n<p>&nbsp;<\/p>\n<p><strong>Sports: Sorana C\u00eerstea powers through to the sweet 16 at the US Open <\/strong><\/p>\n<p>Romanian tennis player Sorana C\u00eerstea (WTA 17) will face American Jessica Pegula (WTA 3) in the round of 16 at the US Open, the final Grand Slam of the year. C\u00eerstea, seeded 16<sup>th<\/sup>, won her Friday match in straight sets, 6-3, 6-3, against Italy&#8217;s Jasmine Paolini. Meanwhile, Pegula came back from a set down to defeat Canada&#8217;s Leylah Fernandez 1-6, 6-4, 6-3. The American player can reach the world no. 1 ranking if she wins the tournament. The match between Sorana C\u00eerstea and Jessica Pegula is scheduled for Sunday, September 6. (VP)<\/p>\n","protected":false},"excerpt":{"rendered":"<p>Education: start of the new school year The school year starting September 7 in Romania brings a series of updates and changes. In primary and lower secondary education, evaluation standards are being introduced, and teachers are encouraged to apply them so that common national criteria are established across three performance levels: basic, consolidated and advanced. [&hellip;]<\/p>\n","protected":false},"author":113,"featured_media":731769,"comment_status":"closed","ping_status":"closed","sticky":false,"template":"","format":"standard","meta":{"_acf_changed":false,"footnotes":""},"categories":[22],"tags":[196088,30878,144319,160633,116496,115208,153324,196089],"coauthors":[116091],"class_list":["post-1056750","post","type-post","status-publish","format-standard","has-post-thumbnail","hentry","category-newsflash","tag-counterfeit-goods","tag-new-school-year","tag-nicusor-dan-2","tag-prime-minister-designation","tag-romanian-firefighters","tag-sorana-cirstea-2","tag-us-open-2","tag-us-peace-envoys"],"acf":[],"yoast_head":"<!-- This site is optimized with the Yoast SEO plugin v28.2 - https:\/\/yoast.com\/product\/yoast-seo-wordpress\/ -->\n<title>September 5, 2026 UPDATE - Radio Romania International<\/title>\n<meta name=\"robots\" content=\"index, follow, max-snippet:-1, max-image-preview:large, max-video-preview:-1\" \/>\n<link rel=\"canonical\" href=\"https:\/\/www.rri.ro\/en\/news-and-current-affairs\/newsflash\/september-5-2026-update-id1056750.html\" \/>\n<meta property=\"og:locale\" content=\"en_US\" \/>\n<meta property=\"og:type\" content=\"article\" \/>\n<meta property=\"og:title\" content=\"September 5, 2026 UPDATE - Radio Romania International\" \/>\n<meta property=\"og:description\" content=\"Education: start of the new school year The school year starting September 7 in Romania brings a series of updates and changes. In primary and lower secondary education, evaluation standards are being introduced, and teachers are encouraged to apply them so that common national criteria are established across three performance levels: basic, consolidated and advanced. [&hellip;]\" \/>\n<meta property=\"og:url\" content=\"https:\/\/www.rri.ro\/en\/news-and-current-affairs\/newsflash\/september-5-2026-update-id1056750.html\" \/>\n<meta property=\"og:site_name\" content=\"Radio Romania International\" \/>\n<meta property=\"article:published_time\" content=\"2026-09-05T17:00:48+00:00\" \/>\n<meta property=\"og:image\" content=\"https:\/\/www.rri.ro\/wp-content\/uploads\/2024\/04\/Newsflash-stiri-alb-960x540-1.jpg\" \/>\n\t<meta property=\"og:image:width\" content=\"960\" \/>\n\t<meta property=\"og:image:height\" content=\"540\" \/>\n\t<meta property=\"og:image:type\" content=\"image\/jpeg\" \/>\n<meta name=\"author\" content=\"Newsroom\" \/>\n<meta name=\"twitter:card\" content=\"summary_large_image\" \/>\n<meta name=\"twitter:label1\" content=\"Written by\" \/>\n\t<meta name=\"twitter:data1\" content=\"Newsroom\" \/>\n\t<meta name=\"twitter:label2\" content=\"Est. reading time\" \/>\n\t<meta name=\"twitter:data2\" content=\"4 minutes\" \/>\n<script type=\"application\/ld+json\" class=\"yoast-schema-graph\">{\"@context\":\"https:\\\/\\\/schema.org\",\"@graph\":[{\"@type\":\"Article\",\"@id\":\"https:\\\/\\\/www.rri.ro\\\/en\\\/news-and-current-affairs\\\/newsflash\\\/september-5-2026-update-id1056750.html#article\",\"isPartOf\":{\"@id\":\"https:\\\/\\\/www.rri.ro\\\/en\\\/news-and-current-affairs\\\/newsflash\\\/september-5-2026-update-id1056750.html\"},\"author\":{\"name\":\"Newsroom\",\"@id\":\"https:\\\/\\\/www.rri.ro\\\/#\\\/schema\\\/person\\\/4a479940371b9fdefd194f561e8a7f88\"},\"headline\":\"September 5, 2026 UPDATE\",\"datePublished\":\"2026-09-05T17:00:48+00:00\",\"mainEntityOfPage\":{\"@id\":\"https:\\\/\\\/www.rri.ro\\\/en\\\/news-and-current-affairs\\\/newsflash\\\/september-5-2026-update-id1056750.html\"},\"wordCount\":763,\"image\":{\"@id\":\"https:\\\/\\\/www.rri.ro\\\/en\\\/news-and-current-affairs\\\/newsflash\\\/september-5-2026-update-id1056750.html#primaryimage\"},\"thumbnailUrl\":\"https:\\\/\\\/www.rri.ro\\\/wp-content\\\/uploads\\\/2024\\\/04\\\/Newsflash-stiri-alb-960x540-1.jpg\",\"keywords\":[\"counterfeit goods\",\"new school year\",\"Nicusor Dan\",\"Prime Minister designation\",\"Romanian firefighters\",\"Sorana Cirstea\",\"US Open\",\"US peace envoys\"],\"articleSection\":[\"Newsflash\"],\"inLanguage\":\"en-US\"},{\"@type\":\"WebPage\",\"@id\":\"https:\\\/\\\/www.rri.ro\\\/en\\\/news-and-current-affairs\\\/newsflash\\\/september-5-2026-update-id1056750.html\",\"url\":\"https:\\\/\\\/www.rri.ro\\\/en\\\/news-and-current-affairs\\\/newsflash\\\/september-5-2026-update-id1056750.html\",\"name\":\"September 5, 2026 UPDATE - Radio Romania International\",\"isPartOf\":{\"@id\":\"https:\\\/\\\/www.rri.ro\\\/#website\"},\"primaryImageOfPage\":{\"@id\":\"https:\\\/\\\/www.rri.ro\\\/en\\\/news-and-current-affairs\\\/newsflash\\\/september-5-2026-update-id1056750.html#primaryimage\"},\"image\":{\"@id\":\"https:\\\/\\\/www.rri.ro\\\/en\\\/news-and-current-affairs\\\/newsflash\\\/september-5-2026-update-id1056750.html#primaryimage\"},\"thumbnailUrl\":\"https:\\\/\\\/www.rri.ro\\\/wp-content\\\/uploads\\\/2024\\\/04\\\/Newsflash-stiri-alb-960x540-1.jpg\",\"datePublished\":\"2026-09-05T17:00:48+00:00\",\"author\":{\"@id\":\"https:\\\/\\\/www.rri.ro\\\/#\\\/schema\\\/person\\\/4a479940371b9fdefd194f561e8a7f88\"},\"breadcrumb\":{\"@id\":\"https:\\\/\\\/www.rri.ro\\\/en\\\/news-and-current-affairs\\\/newsflash\\\/september-5-2026-update-id1056750.html#breadcrumb\"},\"inLanguage\":\"en-US\",\"potentialAction\":[{\"@type\":\"ReadAction\",\"target\":[\"https:\\\/\\\/www.rri.ro\\\/en\\\/news-and-current-affairs\\\/newsflash\\\/september-5-2026-update-id1056750.html\"]}]},{\"@type\":\"ImageObject\",\"inLanguage\":\"en-US\",\"@id\":\"https:\\\/\\\/www.rri.ro\\\/en\\\/news-and-current-affairs\\\/newsflash\\\/september-5-2026-update-id1056750.html#primaryimage\",\"url\":\"https:\\\/\\\/www.rri.ro\\\/wp-content\\\/uploads\\\/2024\\\/04\\\/Newsflash-stiri-alb-960x540-1.jpg\",\"contentUrl\":\"https:\\\/\\\/www.rri.ro\\\/wp-content\\\/uploads\\\/2024\\\/04\\\/Newsflash-stiri-alb-960x540-1.jpg\",\"width\":960,\"height\":540,\"caption\":\"Newsflash\"},{\"@type\":\"BreadcrumbList\",\"@id\":\"https:\\\/\\\/www.rri.ro\\\/en\\\/news-and-current-affairs\\\/newsflash\\\/september-5-2026-update-id1056750.html#breadcrumb\",\"itemListElement\":[{\"@type\":\"ListItem\",\"position\":1,\"name\":\"Homepage\",\"item\":\"https:\\\/\\\/www.rri.ro\\\/en\"},{\"@type\":\"ListItem\",\"position\":2,\"name\":\"Actualitate\",\"item\":\"https:\\\/\\\/www.rri.ro\\\/actualitate\"},{\"@type\":\"ListItem\",\"position\":3,\"name\":\"Newsflash\",\"item\":\"https:\\\/\\\/www.rri.ro\\\/en\\\/news-and-current-affairs\\\/newsflash\"},{\"@type\":\"ListItem\",\"position\":4,\"name\":\"September 5, 2026 UPDATE\"}]},{\"@type\":\"WebSite\",\"@id\":\"https:\\\/\\\/www.rri.ro\\\/#website\",\"url\":\"https:\\\/\\\/www.rri.ro\\\/\",\"name\":\"Radio Romania International\",\"description\":\"Totul despre Rom\u00e2nia \u015fi rom\u00e2ni, \u00een 13 limbi\\\/dialecte!\",\"inLanguage\":\"en-US\"},{\"@type\":\"Person\",\"@id\":\"https:\\\/\\\/www.rri.ro\\\/#\\\/schema\\\/person\\\/4a479940371b9fdefd194f561e8a7f88\",\"name\":\"Newsroom\",\"url\":\"https:\\\/\\\/www.rri.ro\\\/en\\\/author\\\/newsroom\"}]}<\/script>\n<!-- \/ Yoast SEO plugin. -->","yoast_head_json":{"title":"September 5, 2026 UPDATE - Radio Romania International","robots":{"index":"index","follow":"follow","max-snippet":"max-snippet:-1","max-image-preview":"max-image-preview:large","max-video-preview":"max-video-preview:-1"},"canonical":"https:\/\/www.rri.ro\/en\/news-and-current-affairs\/newsflash\/september-5-2026-update-id1056750.html","og_locale":"en_US","og_type":"article","og_title":"September 5, 2026 UPDATE - Radio Romania International","og_description":"Education: start of the new school year The school year starting September 7 in Romania brings a series of updates and changes. In primary and lower secondary education, evaluation standards are being introduced, and teachers are encouraged to apply them so that common national criteria are established across three performance levels: basic, consolidated and advanced. [&hellip;]","og_url":"https:\/\/www.rri.ro\/en\/news-and-current-affairs\/newsflash\/september-5-2026-update-id1056750.html","og_site_name":"Radio Romania International","article_published_time":"2026-09-05T17:00:48+00:00","og_image":[{"width":960,"height":540,"url":"https:\/\/www.rri.ro\/wp-content\/uploads\/2024\/04\/Newsflash-stiri-alb-960x540-1.jpg","type":"image\/jpeg"}],"author":"Newsroom","twitter_card":"summary_large_image","twitter_misc":{"Written by":"Newsroom","Est. reading time":"4 minutes"},"schema":{"@context":"https:\/\/schema.org","@graph":[{"@type":"Article","@id":"https:\/\/www.rri.ro\/en\/news-and-current-affairs\/newsflash\/september-5-2026-update-id1056750.html#article","isPartOf":{"@id":"https:\/\/www.rri.ro\/en\/news-and-current-affairs\/newsflash\/september-5-2026-update-id1056750.html"},"author":{"name":"Newsroom","@id":"https:\/\/www.rri.ro\/#\/schema\/person\/4a479940371b9fdefd194f561e8a7f88"},"headline":"September 5, 2026 UPDATE","datePublished":"2026-09-05T17:00:48+00:00","mainEntityOfPage":{"@id":"https:\/\/www.rri.ro\/en\/news-and-current-affairs\/newsflash\/september-5-2026-update-id1056750.html"},"wordCount":763,"image":{"@id":"https:\/\/www.rri.ro\/en\/news-and-current-affairs\/newsflash\/september-5-2026-update-id1056750.html#primaryimage"},"thumbnailUrl":"https:\/\/www.rri.ro\/wp-content\/uploads\/2024\/04\/Newsflash-stiri-alb-960x540-1.jpg","keywords":["counterfeit goods","new school year","Nicusor Dan","Prime Minister designation","Romanian firefighters","Sorana Cirstea","US Open","US peace envoys"],"articleSection":["Newsflash"],"inLanguage":"en-US"},{"@type":"WebPage","@id":"https:\/\/www.rri.ro\/en\/news-and-current-affairs\/newsflash\/september-5-2026-update-id1056750.html","url":"https:\/\/www.rri.ro\/en\/news-and-current-affairs\/newsflash\/september-5-2026-update-id1056750.html","name":"September 5, 2026 UPDATE - Radio Romania International","isPartOf":{"@id":"https:\/\/www.rri.ro\/#website"},"primaryImageOfPage":{"@id":"https:\/\/www.rri.ro\/en\/news-and-current-affairs\/newsflash\/september-5-2026-update-id1056750.html#primaryimage"},"image":{"@id":"https:\/\/www.rri.ro\/en\/news-and-current-affairs\/newsflash\/september-5-2026-update-id1056750.html#primaryimage"},"thumbnailUrl":"https:\/\/www.rri.ro\/wp-content\/uploads\/2024\/04\/Newsflash-stiri-alb-960x540-1.jpg","datePublished":"2026-09-05T17:00:48+00:00","author":{"@id":"https:\/\/www.rri.ro\/#\/schema\/person\/4a479940371b9fdefd194f561e8a7f88"},"breadcrumb":{"@id":"https:\/\/www.rri.ro\/en\/news-and-current-affairs\/newsflash\/september-5-2026-update-id1056750.html#breadcrumb"},"inLanguage":"en-US","potentialAction":[{"@type":"ReadAction","target":["https:\/\/www.rri.ro\/en\/news-and-current-affairs\/newsflash\/september-5-2026-update-id1056750.html"]}]},{"@type":"ImageObject","inLanguage":"en-US","@id":"https:\/\/www.rri.ro\/en\/news-and-current-affairs\/newsflash\/september-5-2026-update-id1056750.html#primaryimage","url":"https:\/\/www.rri.ro\/wp-content\/uploads\/2024\/04\/Newsflash-stiri-alb-960x540-1.jpg","contentUrl":"https:\/\/www.rri.ro\/wp-content\/uploads\/2024\/04\/Newsflash-stiri-alb-960x540-1.jpg","width":960,"height":540,"caption":"Newsflash"},{"@type":"BreadcrumbList","@id":"https:\/\/www.rri.ro\/en\/news-and-current-affairs\/newsflash\/september-5-2026-update-id1056750.html#breadcrumb","itemListElement":[{"@type":"ListItem","position":1,"name":"Homepage","item":"https:\/\/www.rri.ro\/en"},{"@type":"ListItem","position":2,"name":"Actualitate","item":"https:\/\/www.rri.ro\/actualitate"},{"@type":"ListItem","position":3,"name":"Newsflash","item":"https:\/\/www.rri.ro\/en\/news-and-current-affairs\/newsflash"},{"@type":"ListItem","position":4,"name":"September 5, 2026 UPDATE"}]},{"@type":"WebSite","@id":"https:\/\/www.rri.ro\/#website","url":"https:\/\/www.rri.ro\/","name":"Radio Romania International","description":"Totul despre Rom\u00e2nia \u015fi rom\u00e2ni, \u00een 13 limbi\/dialecte!","inLanguage":"en-US"},{"@type":"Person","@id":"https:\/\/www.rri.ro\/#\/schema\/person\/4a479940371b9fdefd194f561e8a7f88","name":"Newsroom","url":"https:\/\/www.rri.ro\/en\/author\/newsroom"}]}},"_links":{"self":[{"href":"https:\/\/www.rri.ro\/en\/wp-json\/wp\/v2\/posts\/1056750","targetHints":{"allow":["GET"]}}],"collection":[{"href":"https:\/\/www.rri.ro\/en\/wp-json\/wp\/v2\/posts"}],"about":[{"href":"https:\/\/www.rri.ro\/en\/wp-json\/wp\/v2\/types\/post"}],"author":[{"embeddable":true,"href":"https:\/\/www.rri.ro\/en\/wp-json\/wp\/v2\/users\/113"}],"replies":[{"embeddable":true,"href":"https:\/\/www.rri.ro\/en\/wp-json\/wp\/v2\/comments?post=1056750"}],"version-history":[{"count":1,"href":"https:\/\/www.rri.ro\/en\/wp-json\/wp\/v2\/posts\/1056750\/revisions"}],"predecessor-version":[{"id":1056756,"href":"https:\/\/www.rri.ro\/en\/wp-json\/wp\/v2\/posts\/1056750\/revisions\/1056756"}],"wp:featuredmedia":[{"embeddable":true,"href":"https:\/\/www.rri.ro\/en\/wp-json\/wp\/v2\/media\/731769"}],"wp:attachment":[{"href":"https:\/\/www.rri.ro\/en\/wp-json\/wp\/v2\/media?parent=1056750"}],"wp:term":[{"taxonomy":"category","embeddable":true,"href":"https:\/\/www.rri.ro\/en\/wp-json\/wp\/v2\/categories?post=1056750"},{"taxonomy":"post_tag","embeddable":true,"href":"https:\/\/www.rri.ro\/en\/wp-json\/wp\/v2\/tags?post=1056750"},{"taxonomy":"author","embeddable":true,"href":"https:\/\/www.rri.ro\/en\/wp-json\/wp\/v2\/coauthors?post=1056750"}],"curies":[{"name":"wp","href":"https:\/\/api.w.org\/{rel}","templated":true}]}}