{"id":1056851,"date":"2026-09-06T19:57:51","date_gmt":"2026-09-06T16:57:51","guid":{"rendered":"https:\/\/www.rri.ro\/?p=1056851"},"modified":"2026-09-06T19:57:51","modified_gmt":"2026-09-06T16:57:51","slug":"september-6-2026-update","status":"publish","type":"post","link":"https:\/\/www.rri.ro\/en\/news-and-current-affairs\/newsflash\/september-6-2026-update-id1056851.html","title":{"rendered":"September 6, 2026 UPDATE"},"content":{"rendered":"<p><strong>CSAT<\/strong> Romania\u2019s President, Nicusor Dan has summoned the country\u2019s Higher Defence Council, CSAT, on Monday, the presidential administration announces. High on the agenda are issues related to the army equipment procurement plan for the period between 2027 and 2036, also known as the Romanian Army 2044 programme, the document on assessing the implementation of the SAFE programme, approved during the inter-institutional session on August 13, the reference terms regarding the revision at the War Department level of the US Forces\u2019 posture and their deployment locations in Europe. The agenda will also include ways of strengthening of the US military presence on the Romanian territory. Other topical issues in the field of national security are to be tackled during the Council session, the same sources announce.<\/p>\n<p>&nbsp;<\/p>\n<p><strong>SCHOOL<\/strong> A fresh school year kicks off in Romania on Monday for roughly 3 million students and preschoolers. This year\u2019s structure is divided in five study modules and the first school day comes with a series of novel things but also with some uncertainties related to exams. The first big novelty is for the students in the ninth grade \u2013 they are going to be the first generation, which after almost 20 years, kicks off a new school year with fresh school programmes, in which emphasis has shifted from rote learning to competences and ways to apply knowledge in certain situations. However, the new textbooks will not be available on the first day. The bid has ended and after the completion of procedures and any potential challenges, the new digital text books are to become available towards the end of September \u2013 Bogdan Cristescu, director with the Education Ministry, says. Another change is focusing on evaluation with new standards for the first to eighth grade students. Also a hot issue is the high school admission with a controversial examination due on September 1st. However, the education committee has voted with a landslide majority for its elimination and a Senate\u2019s decision on the issue is expected on Tuesday.<\/p>\n<p>&nbsp;<\/p>\n<p><strong>GOVERNMENT<\/strong> Romania\u2019s President Nicusor Dan is expected to designate a candidate for the position of Prime Minister, but the moves aimed at forging a new government don\u2019t seem to have overcome the deadlock of the past months. On May 5<sup>th<\/sup>, the cabinet led by the Liberal Ilie Bolojan was forced to step down through a vote of no-confidence by the former coalition partners, the Social-Democrats who allied with opposition parties. \u2018It is high time that we solved the issue\u2019, President Dan has recently said without announcing formal talks yet. PSD leader, Sorin Grindeanu, who was proposed for this position by his party, has said the Social-Democrats are ready to build a majority and that the focus must shift from calculations regarding Parliament support, to Romania\u2019s economic and social situation. On the other side, the Liberal MEP, Siegfried Muresan, proposed by the PNL, USR and UDMR, says the Romanian economy functions better without the PSD in the ruling coalition and their comeback would be tantamount to a higher deficit, higher public spending and diminished international trust. The opposition AUR believes that early election is the solution for overcoming the present political deadlock. A government will need 233 votes out of the total 465 in Parliament to take office.<\/p>\n<p>&nbsp;<\/p>\n<p><strong>HANDBALL<\/strong> The Romanian women\u2019s handball champions, Gloria Bistrita, on Sunday clinched a 28-23 away win against HSG Blomberg-Lippe of Germany in Group B of the Champions League, the most important club competition in Europe. At their third Champions League season, Gloria Bistrita, a team coached by Spanish Carlos Viiver, is hankering for a Final Four qualification. In a group, which also includes Gyor, Metz, Odense, Storhamar, Nykobing, Podravka and Blomberg Lippe, the Romanians hope to rank third or fourth and thus play the return match of the quarter finals\u2019 play-offs on their own turf. Also in the Champions League, on Saturday, Romania\u2019s vice-champions, CSM Bucharest outperformed the Slovenian side RK Krim OTP Group Mercator 37-29 in Ljubljana, Slovenia, in their first Group A match. The same group also includes Team Esbjerg, FTC-Toyota Kovacs, Brest Bretagne Handball, BV Borussia Dortmund, Sola HK and OTP Group Buducnost. At their 12<sup>th<\/sup> season in the Champions League and with half of the side replaced since the last season, CSM Bucharest\u2019s main objective is their qualification for the Final Four tournament in Budapest. We recall that the Romanians became bronze medalists in the Final Four last season.<\/p>\n<p>&nbsp;<\/p>\n<p><strong>TALKS <\/strong>The United States is trying to kick-start the Russian-Ukrainian peace talks in an attempt to break a deadlock that has dragged on for more than six months. The US President\u2019s special envoys, Steve Witkoff and Jared Kushner, held talks in Kyiv on Sunday with the Ukrainian president Volodymyr Zelensky. This has been the two envoys\u2019 first visit to Ukraine since the beginning of the efforts aimed at identifying a diplomatic solution to the Russian-Ukrainian war. Moscow pledged it would stop bombing Kyiv for three days, a city, which they have lately bombed day and night. Zelensky has also said that Ukraine stops bombing Russian targets. Witkoff and Kushner also held talks with President Putin on Saturday, talks that have been described by Putin\u2019s adviser, Yuri Ushakov, as \u2019timely and highly useful for both sides.\u2019 Putin told the envoys that Russia was making real progress on the battlefield, while stressing the necessity of addressing \u2018all the root causes of the conflict\u2019. According to Reuters, these are statements that Moscow has repeatedly made since Putin launched the full-scale invasion of Ukraine in February 2022. In spite of Russia\u2019s stepped-up missile and drone attacks on Ukrainian cities, its ground troops have made very slow advances for most of the conflict, incurring heavy casualties.<\/p>\n<p>(bill)<\/p>\n<p>&nbsp;<\/p>\n<p>&nbsp;<\/p>\n","protected":false},"excerpt":{"rendered":"<p>CSAT Romania\u2019s President, Nicusor Dan has summoned the country\u2019s Higher Defence Council, CSAT, on Monday, the presidential administration announces. High on the agenda are issues related to the army equipment procurement plan for the period between 2027 and 2036, also known as the Romanian Army 2044 programme, the document on assessing the implementation of the [&hellip;]<\/p>\n","protected":false},"author":113,"featured_media":731769,"comment_status":"closed","ping_status":"closed","sticky":false,"template":"","format":"standard","meta":{"_acf_changed":false,"footnotes":""},"categories":[22],"tags":[196100,41751,158915,40916,32140,29386,31371],"coauthors":[116091],"class_list":["post-1056851","post","type-post","status-publish","format-standard","has-post-thumbnail","hentry","category-newsflash","tag-blomberg-lippe","tag-gloria-bistrita","tag-ilie-bolojan","tag-mep-siegfried-muresan","tag-nicusor-dan","tag-psd","tag-sorin-grindeanu"],"acf":[],"yoast_head":"<!-- This site is optimized with the Yoast SEO plugin v28.2 - https:\/\/yoast.com\/product\/yoast-seo-wordpress\/ -->\n<title>September 6, 2026 UPDATE - Radio Romania International<\/title>\n<meta name=\"robots\" content=\"index, follow, max-snippet:-1, max-image-preview:large, max-video-preview:-1\" \/>\n<link rel=\"canonical\" href=\"https:\/\/www.rri.ro\/en\/news-and-current-affairs\/newsflash\/september-6-2026-update-id1056851.html\" \/>\n<meta property=\"og:locale\" content=\"en_US\" \/>\n<meta property=\"og:type\" content=\"article\" \/>\n<meta property=\"og:title\" content=\"September 6, 2026 UPDATE - Radio Romania International\" \/>\n<meta property=\"og:description\" content=\"CSAT Romania\u2019s President, Nicusor Dan has summoned the country\u2019s Higher Defence Council, CSAT, on Monday, the presidential administration announces. High on the agenda are issues related to the army equipment procurement plan for the period between 2027 and 2036, also known as the Romanian Army 2044 programme, the document on assessing the implementation of the [&hellip;]\" \/>\n<meta property=\"og:url\" content=\"https:\/\/www.rri.ro\/en\/news-and-current-affairs\/newsflash\/september-6-2026-update-id1056851.html\" \/>\n<meta property=\"og:site_name\" content=\"Radio Romania International\" \/>\n<meta property=\"article:published_time\" content=\"2026-09-06T16:57:51+00:00\" \/>\n<meta property=\"og:image\" content=\"https:\/\/www.rri.ro\/wp-content\/uploads\/2024\/04\/Newsflash-stiri-alb-960x540-1.jpg\" \/>\n\t<meta property=\"og:image:width\" content=\"960\" \/>\n\t<meta property=\"og:image:height\" content=\"540\" \/>\n\t<meta property=\"og:image:type\" content=\"image\/jpeg\" \/>\n<meta name=\"author\" content=\"Newsroom\" \/>\n<meta name=\"twitter:card\" content=\"summary_large_image\" \/>\n<meta name=\"twitter:label1\" content=\"Written by\" \/>\n\t<meta name=\"twitter:data1\" content=\"Newsroom\" \/>\n\t<meta name=\"twitter:label2\" content=\"Est. reading time\" \/>\n\t<meta name=\"twitter:data2\" content=\"5 minutes\" \/>\n<script type=\"application\/ld+json\" class=\"yoast-schema-graph\">{\"@context\":\"https:\\\/\\\/schema.org\",\"@graph\":[{\"@type\":\"Article\",\"@id\":\"https:\\\/\\\/www.rri.ro\\\/en\\\/news-and-current-affairs\\\/newsflash\\\/september-6-2026-update-id1056851.html#article\",\"isPartOf\":{\"@id\":\"https:\\\/\\\/www.rri.ro\\\/en\\\/news-and-current-affairs\\\/newsflash\\\/september-6-2026-update-id1056851.html\"},\"author\":{\"name\":\"Newsroom\",\"@id\":\"https:\\\/\\\/www.rri.ro\\\/#\\\/schema\\\/person\\\/4a479940371b9fdefd194f561e8a7f88\"},\"headline\":\"September 6, 2026 UPDATE\",\"datePublished\":\"2026-09-06T16:57:51+00:00\",\"mainEntityOfPage\":{\"@id\":\"https:\\\/\\\/www.rri.ro\\\/en\\\/news-and-current-affairs\\\/newsflash\\\/september-6-2026-update-id1056851.html\"},\"wordCount\":953,\"image\":{\"@id\":\"https:\\\/\\\/www.rri.ro\\\/en\\\/news-and-current-affairs\\\/newsflash\\\/september-6-2026-update-id1056851.html#primaryimage\"},\"thumbnailUrl\":\"https:\\\/\\\/www.rri.ro\\\/wp-content\\\/uploads\\\/2024\\\/04\\\/Newsflash-stiri-alb-960x540-1.jpg\",\"keywords\":[\"Blomberg-Lippe\",\"Gloria Bistrita\",\"Ilie Bolojan\",\"MEP Siegfried Muresan\",\"Nicusor Dan\",\"PSD\",\"Sorin Grindeanu\"],\"articleSection\":[\"Newsflash\"],\"inLanguage\":\"en-US\"},{\"@type\":\"WebPage\",\"@id\":\"https:\\\/\\\/www.rri.ro\\\/en\\\/news-and-current-affairs\\\/newsflash\\\/september-6-2026-update-id1056851.html\",\"url\":\"https:\\\/\\\/www.rri.ro\\\/en\\\/news-and-current-affairs\\\/newsflash\\\/september-6-2026-update-id1056851.html\",\"name\":\"September 6, 2026 UPDATE - Radio Romania International\",\"isPartOf\":{\"@id\":\"https:\\\/\\\/www.rri.ro\\\/#website\"},\"primaryImageOfPage\":{\"@id\":\"https:\\\/\\\/www.rri.ro\\\/en\\\/news-and-current-affairs\\\/newsflash\\\/september-6-2026-update-id1056851.html#primaryimage\"},\"image\":{\"@id\":\"https:\\\/\\\/www.rri.ro\\\/en\\\/news-and-current-affairs\\\/newsflash\\\/september-6-2026-update-id1056851.html#primaryimage\"},\"thumbnailUrl\":\"https:\\\/\\\/www.rri.ro\\\/wp-content\\\/uploads\\\/2024\\\/04\\\/Newsflash-stiri-alb-960x540-1.jpg\",\"datePublished\":\"2026-09-06T16:57:51+00:00\",\"author\":{\"@id\":\"https:\\\/\\\/www.rri.ro\\\/#\\\/schema\\\/person\\\/4a479940371b9fdefd194f561e8a7f88\"},\"breadcrumb\":{\"@id\":\"https:\\\/\\\/www.rri.ro\\\/en\\\/news-and-current-affairs\\\/newsflash\\\/september-6-2026-update-id1056851.html#breadcrumb\"},\"inLanguage\":\"en-US\",\"potentialAction\":[{\"@type\":\"ReadAction\",\"target\":[\"https:\\\/\\\/www.rri.ro\\\/en\\\/news-and-current-affairs\\\/newsflash\\\/september-6-2026-update-id1056851.html\"]}]},{\"@type\":\"ImageObject\",\"inLanguage\":\"en-US\",\"@id\":\"https:\\\/\\\/www.rri.ro\\\/en\\\/news-and-current-affairs\\\/newsflash\\\/september-6-2026-update-id1056851.html#primaryimage\",\"url\":\"https:\\\/\\\/www.rri.ro\\\/wp-content\\\/uploads\\\/2024\\\/04\\\/Newsflash-stiri-alb-960x540-1.jpg\",\"contentUrl\":\"https:\\\/\\\/www.rri.ro\\\/wp-content\\\/uploads\\\/2024\\\/04\\\/Newsflash-stiri-alb-960x540-1.jpg\",\"width\":960,\"height\":540,\"caption\":\"Newsflash\"},{\"@type\":\"BreadcrumbList\",\"@id\":\"https:\\\/\\\/www.rri.ro\\\/en\\\/news-and-current-affairs\\\/newsflash\\\/september-6-2026-update-id1056851.html#breadcrumb\",\"itemListElement\":[{\"@type\":\"ListItem\",\"position\":1,\"name\":\"Homepage\",\"item\":\"https:\\\/\\\/www.rri.ro\\\/en\"},{\"@type\":\"ListItem\",\"position\":2,\"name\":\"News and Current Affairs\",\"item\":\"https:\\\/\\\/www.rri.ro\\\/en\\\/news-and-current-affairs\"},{\"@type\":\"ListItem\",\"position\":3,\"name\":\"Newsflash\",\"item\":\"https:\\\/\\\/www.rri.ro\\\/en\\\/news-and-current-affairs\\\/newsflash\"},{\"@type\":\"ListItem\",\"position\":4,\"name\":\"September 6, 2026 UPDATE\"}]},{\"@type\":\"WebSite\",\"@id\":\"https:\\\/\\\/www.rri.ro\\\/#website\",\"url\":\"https:\\\/\\\/www.rri.ro\\\/\",\"name\":\"Radio Romania International\",\"description\":\"Totul despre Rom\u00e2nia \u015fi rom\u00e2ni, \u00een 13 limbi\\\/dialecte!\",\"inLanguage\":\"en-US\"},{\"@type\":\"Person\",\"@id\":\"https:\\\/\\\/www.rri.ro\\\/#\\\/schema\\\/person\\\/4a479940371b9fdefd194f561e8a7f88\",\"name\":\"Newsroom\",\"url\":\"https:\\\/\\\/www.rri.ro\\\/en\\\/author\\\/newsroom\"}]}<\/script>\n<!-- \/ Yoast SEO plugin. -->","yoast_head_json":{"title":"September 6, 2026 UPDATE - Radio Romania International","robots":{"index":"index","follow":"follow","max-snippet":"max-snippet:-1","max-image-preview":"max-image-preview:large","max-video-preview":"max-video-preview:-1"},"canonical":"https:\/\/www.rri.ro\/en\/news-and-current-affairs\/newsflash\/september-6-2026-update-id1056851.html","og_locale":"en_US","og_type":"article","og_title":"September 6, 2026 UPDATE - Radio Romania International","og_description":"CSAT Romania\u2019s President, Nicusor Dan has summoned the country\u2019s Higher Defence Council, CSAT, on Monday, the presidential administration announces. High on the agenda are issues related to the army equipment procurement plan for the period between 2027 and 2036, also known as the Romanian Army 2044 programme, the document on assessing the implementation of the [&hellip;]","og_url":"https:\/\/www.rri.ro\/en\/news-and-current-affairs\/newsflash\/september-6-2026-update-id1056851.html","og_site_name":"Radio Romania International","article_published_time":"2026-09-06T16:57:51+00:00","og_image":[{"width":960,"height":540,"url":"https:\/\/www.rri.ro\/wp-content\/uploads\/2024\/04\/Newsflash-stiri-alb-960x540-1.jpg","type":"image\/jpeg"}],"author":"Newsroom","twitter_card":"summary_large_image","twitter_misc":{"Written by":"Newsroom","Est. reading time":"5 minutes"},"schema":{"@context":"https:\/\/schema.org","@graph":[{"@type":"Article","@id":"https:\/\/www.rri.ro\/en\/news-and-current-affairs\/newsflash\/september-6-2026-update-id1056851.html#article","isPartOf":{"@id":"https:\/\/www.rri.ro\/en\/news-and-current-affairs\/newsflash\/september-6-2026-update-id1056851.html"},"author":{"name":"Newsroom","@id":"https:\/\/www.rri.ro\/#\/schema\/person\/4a479940371b9fdefd194f561e8a7f88"},"headline":"September 6, 2026 UPDATE","datePublished":"2026-09-06T16:57:51+00:00","mainEntityOfPage":{"@id":"https:\/\/www.rri.ro\/en\/news-and-current-affairs\/newsflash\/september-6-2026-update-id1056851.html"},"wordCount":953,"image":{"@id":"https:\/\/www.rri.ro\/en\/news-and-current-affairs\/newsflash\/september-6-2026-update-id1056851.html#primaryimage"},"thumbnailUrl":"https:\/\/www.rri.ro\/wp-content\/uploads\/2024\/04\/Newsflash-stiri-alb-960x540-1.jpg","keywords":["Blomberg-Lippe","Gloria Bistrita","Ilie Bolojan","MEP Siegfried Muresan","Nicusor Dan","PSD","Sorin Grindeanu"],"articleSection":["Newsflash"],"inLanguage":"en-US"},{"@type":"WebPage","@id":"https:\/\/www.rri.ro\/en\/news-and-current-affairs\/newsflash\/september-6-2026-update-id1056851.html","url":"https:\/\/www.rri.ro\/en\/news-and-current-affairs\/newsflash\/september-6-2026-update-id1056851.html","name":"September 6, 2026 UPDATE - Radio Romania International","isPartOf":{"@id":"https:\/\/www.rri.ro\/#website"},"primaryImageOfPage":{"@id":"https:\/\/www.rri.ro\/en\/news-and-current-affairs\/newsflash\/september-6-2026-update-id1056851.html#primaryimage"},"image":{"@id":"https:\/\/www.rri.ro\/en\/news-and-current-affairs\/newsflash\/september-6-2026-update-id1056851.html#primaryimage"},"thumbnailUrl":"https:\/\/www.rri.ro\/wp-content\/uploads\/2024\/04\/Newsflash-stiri-alb-960x540-1.jpg","datePublished":"2026-09-06T16:57:51+00:00","author":{"@id":"https:\/\/www.rri.ro\/#\/schema\/person\/4a479940371b9fdefd194f561e8a7f88"},"breadcrumb":{"@id":"https:\/\/www.rri.ro\/en\/news-and-current-affairs\/newsflash\/september-6-2026-update-id1056851.html#breadcrumb"},"inLanguage":"en-US","potentialAction":[{"@type":"ReadAction","target":["https:\/\/www.rri.ro\/en\/news-and-current-affairs\/newsflash\/september-6-2026-update-id1056851.html"]}]},{"@type":"ImageObject","inLanguage":"en-US","@id":"https:\/\/www.rri.ro\/en\/news-and-current-affairs\/newsflash\/september-6-2026-update-id1056851.html#primaryimage","url":"https:\/\/www.rri.ro\/wp-content\/uploads\/2024\/04\/Newsflash-stiri-alb-960x540-1.jpg","contentUrl":"https:\/\/www.rri.ro\/wp-content\/uploads\/2024\/04\/Newsflash-stiri-alb-960x540-1.jpg","width":960,"height":540,"caption":"Newsflash"},{"@type":"BreadcrumbList","@id":"https:\/\/www.rri.ro\/en\/news-and-current-affairs\/newsflash\/september-6-2026-update-id1056851.html#breadcrumb","itemListElement":[{"@type":"ListItem","position":1,"name":"Homepage","item":"https:\/\/www.rri.ro\/en"},{"@type":"ListItem","position":2,"name":"News and Current Affairs","item":"https:\/\/www.rri.ro\/en\/news-and-current-affairs"},{"@type":"ListItem","position":3,"name":"Newsflash","item":"https:\/\/www.rri.ro\/en\/news-and-current-affairs\/newsflash"},{"@type":"ListItem","position":4,"name":"September 6, 2026 UPDATE"}]},{"@type":"WebSite","@id":"https:\/\/www.rri.ro\/#website","url":"https:\/\/www.rri.ro\/","name":"Radio Romania International","description":"Totul despre Rom\u00e2nia \u015fi rom\u00e2ni, \u00een 13 limbi\/dialecte!","inLanguage":"en-US"},{"@type":"Person","@id":"https:\/\/www.rri.ro\/#\/schema\/person\/4a479940371b9fdefd194f561e8a7f88","name":"Newsroom","url":"https:\/\/www.rri.ro\/en\/author\/newsroom"}]}},"_links":{"self":[{"href":"https:\/\/www.rri.ro\/en\/wp-json\/wp\/v2\/posts\/1056851","targetHints":{"allow":["GET"]}}],"collection":[{"href":"https:\/\/www.rri.ro\/en\/wp-json\/wp\/v2\/posts"}],"about":[{"href":"https:\/\/www.rri.ro\/en\/wp-json\/wp\/v2\/types\/post"}],"author":[{"embeddable":true,"href":"https:\/\/www.rri.ro\/en\/wp-json\/wp\/v2\/users\/113"}],"replies":[{"embeddable":true,"href":"https:\/\/www.rri.ro\/en\/wp-json\/wp\/v2\/comments?post=1056851"}],"version-history":[{"count":1,"href":"https:\/\/www.rri.ro\/en\/wp-json\/wp\/v2\/posts\/1056851\/revisions"}],"predecessor-version":[{"id":1056852,"href":"https:\/\/www.rri.ro\/en\/wp-json\/wp\/v2\/posts\/1056851\/revisions\/1056852"}],"wp:featuredmedia":[{"embeddable":true,"href":"https:\/\/www.rri.ro\/en\/wp-json\/wp\/v2\/media\/731769"}],"wp:attachment":[{"href":"https:\/\/www.rri.ro\/en\/wp-json\/wp\/v2\/media?parent=1056851"}],"wp:term":[{"taxonomy":"category","embeddable":true,"href":"https:\/\/www.rri.ro\/en\/wp-json\/wp\/v2\/categories?post=1056851"},{"taxonomy":"post_tag","embeddable":true,"href":"https:\/\/www.rri.ro\/en\/wp-json\/wp\/v2\/tags?post=1056851"},{"taxonomy":"author","embeddable":true,"href":"https:\/\/www.rri.ro\/en\/wp-json\/wp\/v2\/coauthors?post=1056851"}],"curies":[{"name":"wp","href":"https:\/\/api.w.org\/{rel}","templated":true}]}}