{"id":105814,"date":"2022-03-28T13:55:00","date_gmt":"2022-03-28T10:55:00","guid":{"rendered":"http:\/\/devrri.freshlemon.ro\/news-and-current-affairs\/newsflash\/march-28-2022-105814.html"},"modified":"2024-02-15T21:05:18","modified_gmt":"2024-02-15T19:05:18","slug":"march-28-2022","status":"publish","type":"post","link":"https:\/\/www.rri.ro\/en\/news-and-current-affairs\/newsflash\/march-28-2022-id105814.html","title":{"rendered":"March 28, 2022"},"content":{"rendered":"<p><p>UKRAINE &#8211; Ukrainian troops have&#13;<br \/>\nsuccessfully launched counteroffensives on the outskirts of Kharkiv, Oleh&#13;<br \/>\nSynyehubov, governor of the Kkarkiv Oblast announced on Monday. According to&#13;<br \/>\ninformation published by the Ukrainian media, Russia&#8217;s attacks targeted several&#13;<br \/>\ncities on Sunday evening. The capital Kyiv and the cities of Lutsk, Rivne and&#13;<br \/>\nKharkiv were reportedly rocked by several powerful explosions. Air raid sirens&#13;<br \/>\nwent off in most regions, and a fuel depot in Lutsk, in the northwest, was hit&#13;<br \/>\nby a missile strike. The Ukrainian leadership accused the Russian army of&#13;<br \/>\ninhumane tactics and for the partial or complete blocking of humanitarian&#13;<br \/>\ncorridors and cities under siege, presidential adviser Mykhailo Podoliak&#13;<br \/>\ntweeted. <\/p>\n<p><\/p>\n<p><\/p>\n<p>&#13;<br \/>\n&#13;<br \/>\n&#13;<br \/>\n&#13;<\/p>\n<p>SCHOOLS &#8211; The number of Ukrainian&#13;<br \/>\nchildren enrolled in Romanian schools stands at 1,140, out of a total of nearly&#13;<br \/>\n34 thousand underage children who arrived in Romania fleeing the Russian&#13;<br \/>\ninvasion, Education Minister Sorin C\u00eempeanu, has announced. The Romanian&#13;<br \/>\nMinister said the majority of Ukrainian school children wish to continue their&#13;<br \/>\nstudies observing the standard curricula taught in Ukrainian schools. <\/p>\n<p><\/p>\n<p><\/p>\n<p>&#13;<br \/>\n&#13;<br \/>\n&#13;<br \/>\n&#13;<\/p>\n<p>VISIT &#8211; There are currently no risks&#13;<br \/>\nto food safety in Europe. What we do have is inflation, said EU Commissioner&#13;<br \/>\nfor Economy, Paolo Gentiloni, at the end of his meeting in Bucharest with&#13;<br \/>\nFinance Minister Adrian C\u00e2ciu. According to the EU official, the war in Ukraine&#13;<br \/>\nwill impact the estimated economic growth. Talks between Gentiloni and C\u00e2ciu&#13;<br \/>\nalso tackled economic measures that need to be taken in response to the shocks&#13;<br \/>\nreported in the supply chain. At the same time, the two officials also&#13;<br \/>\ndiscussed the fallout of the war in Ukraine and response measures required to&#13;<br \/>\ndeal with the wave of refugees. Paolo Gentiloni is paying a visit to Bucharest&#13;<br \/>\non Monday and Tuesday and is expected to meet with president Klaus Iohannis,&#13;<br \/>\nPrime Minister Nicolae Ciuc\u0103 and other Romanian officials. The agenda of the&#13;<br \/>\nvisit focuses on economic prospects and on the situation in Romania one month&#13;<br \/>\nafter the start of the war in neighboring Ukraine. <\/p>\n<p><\/p>\n<p><\/p>\n<p>&#13;<br \/>\n&#13;<br \/>\n&#13;<br \/>\n&#13;<\/p>\n<p>NATO &#8211; Romania&#8217;s Prime&#13;<br \/>\nMinister, Nicolae Ciuc\u0103, is today attending a meeting of NATO heads of&#13;<br \/>\ngovernment from southeastern Europe, hosted by Sofia, Bulgaria. The meeting&#13;<br \/>\nwill address the impact of the Russian invasion of Ukraine on regional security&#13;<br \/>\nin the short, medium and long term and ways to consolidate coordination and&#13;<br \/>\ncooperation in southeastern Europe. On the sidelines of the meeting, Prime&#13;<br \/>\nMinister Ciuc\u0103 will also hold talks with the prime minister of Bulgaria,&#13;<br \/>\nMontenegro and North Macedonia, Kiril Petkov, Zdravko Krivokapic and Dimitar Kova\u010devski, respectively. The meeting&#13;<br \/>\nin Sofia follows last week&#8217;s extraordinary NATO summit, attended by Prime&#13;<br \/>\nMinister Nicolae Niuc\u0103 and president Klaus Iohannis. <\/p>\n<p><\/p>\n<p><\/p>\n<p>&#13;<br \/>\n&#13;<br \/>\n&#13;<br \/>\n&#13;<\/p>\n<p>ROMANIA-USA &#8211; During talks with&#13;<br \/>\nWashington officials, Senate Speaker Florin C\u00ee\u021bu reiterated the need to&#13;<br \/>\nconsolidate NATO&#8217;s eastern flank, including by boosting American military&#13;<br \/>\npresence. 25 years after the signing of the Strategic Partnership between&#13;<br \/>\nRomania and the United States, the Romanian official reiterated Romania&#8217;s&#13;<br \/>\ncommitment to increasing defense spending to 2.5% of GDP and stepping up&#13;<br \/>\nmilitary cooperation with the United States. In a post on Facebook, Florin C\u00ee\u021bu&#13;<br \/>\nalso argues that one the topics tackled during the talks was the importance of&#13;<br \/>\nensuring Europe&#8217;s energy security and Romania&#8217;s contribution in this respect.&#13;<br \/>\nAs part of his visit to the United States, the Romanian official also met with&#13;<br \/>\nrepresentatives of the Romanian community in the USA, whom he told they can&#13;<br \/>\ncontribute to consolidating the strategic partnership. <\/p>\n<p><\/p>\n<p><\/p>\n<p>&#13;<br \/>\n&#13;<br \/>\n&#13;<br \/>\n&#13;<\/p>\n<p>ENERGY &#8211; Romanian Energy&#13;<br \/>\nMinister, Virgil Popescu, is today invited to attend a debate regarding the&#13;<br \/>\nenergy market in Romania, hosted by the Chamber of Deputies. Organized at the&#13;<br \/>\nrequest of USR in opposition, the debate focuses on Romania&#8217;s dependency on&#13;<br \/>\nRussian gas imports and on securing natural gas and electricity supplies.&#13;<br \/>\nMinister Popescu recently said some 460 million Euro can be accessed under the&#13;<br \/>\nRecovery and Resilience Plan, once negotiations with the Ministry for&#13;<br \/>\nInvestments and European Projects are finalized. Businesses that want to access&#13;<br \/>\nthe funds to purchase facilities that produce sustainable energy can do so&#13;<br \/>\nstarting this week. <\/p>\n<p><\/p>\n<p><\/p>\n<p>&#13;<br \/>\n&#13;<br \/>\n&#13;<br \/>\n&#13;<\/p>\n<p>COVID &#8211; A little over 1,900 new cases of COVID-19 infection were&#13;<br \/>\nconfirmed in the space of 24 hours, the authorities announced on Monday. Most&#13;<br \/>\nnew infections, over 650, were reported in Bucharest. Cluj, Timi\u015f and Ilfov&#13;<br \/>\ncounties also report large incidence rates. Right now, over 2,800 patients are&#13;<br \/>\nbeing treated in hospitals for Covid, of whom 400 in intensive care. The&#13;<br \/>\nauthorities also announced 8 fatalities, of which 2 were prior to the reference&#13;<br \/>\ninterval. According to the National Institute for Public Health, over 13,600&#13;<br \/>\ndoses of anti-Covid vaccine were administered last week, of which 1,900&#13;<br \/>\naccounted for the first dose. Since the start of the vaccination campaign, over&#13;<br \/>\n16.7 million doses have been administered in Romania.  (VP)<\/p>\n<p>&#13;<br \/>\n&#13;<br \/><\/p>\n","protected":false},"excerpt":{"rendered":"<p>A roundup of domestic and international news<\/p>\n","protected":false},"author":113,"featured_media":105208,"comment_status":"closed","ping_status":"closed","sticky":false,"template":"","format":"standard","meta":{"_acf_changed":false,"footnotes":""},"categories":[22],"tags":[35374,36638,13794,33029,31308,36637,35673,36572],"coauthors":[],"class_list":["post-105814","post","type-post","status-publish","format-standard","has-post-thumbnail","hentry","category-newsflash","tag-covid-19","tag-energy-debate","tag-nato","tag-nicolae-ciuca","tag-paolo-gentiloni","tag-romania-usa-relations","tag-schools","tag-war-in-ukraine"],"acf":[],"yoast_head":"<!-- This site is optimized with the Yoast SEO plugin v27.5 - https:\/\/yoast.com\/product\/yoast-seo-wordpress\/ -->\n<title>March 28, 2022 - Radio Romania International<\/title>\n<meta name=\"robots\" content=\"index, follow, max-snippet:-1, max-image-preview:large, max-video-preview:-1\" \/>\n<link rel=\"canonical\" href=\"https:\/\/www.rri.ro\/en\/news-and-current-affairs\/newsflash\/march-28-2022-id105814.html\" \/>\n<meta property=\"og:locale\" content=\"en_US\" \/>\n<meta property=\"og:type\" content=\"article\" \/>\n<meta property=\"og:title\" content=\"March 28, 2022 - Radio Romania International\" \/>\n<meta property=\"og:description\" content=\"A roundup of domestic and international news\" \/>\n<meta property=\"og:url\" content=\"https:\/\/www.rri.ro\/en\/news-and-current-affairs\/newsflash\/march-28-2022-id105814.html\" \/>\n<meta property=\"og:site_name\" content=\"Radio Romania International\" \/>\n<meta property=\"article:published_time\" content=\"2022-03-28T10:55:00+00:00\" \/>\n<meta property=\"article:modified_time\" content=\"2024-02-15T19:05:18+00:00\" \/>\n<meta property=\"og:image\" content=\"https:\/\/www.rri.ro\/wp-content\/uploads\/2023\/10\/stiri-engleza-alb.png\" \/>\n\t<meta property=\"og:image:width\" content=\"640\" \/>\n\t<meta property=\"og:image:height\" content=\"480\" \/>\n\t<meta property=\"og:image:type\" content=\"image\/png\" \/>\n<meta name=\"author\" content=\"Newsroom\" \/>\n<meta name=\"twitter:card\" content=\"summary_large_image\" \/>\n<meta name=\"twitter:label1\" content=\"Written by\" \/>\n\t<meta name=\"twitter:data1\" content=\"Newsroom\" \/>\n\t<meta name=\"twitter:label2\" content=\"Est. reading time\" \/>\n\t<meta name=\"twitter:data2\" content=\"4 minutes\" \/>\n<script type=\"application\/ld+json\" class=\"yoast-schema-graph\">{\"@context\":\"https:\\\/\\\/schema.org\",\"@graph\":[{\"@type\":\"Article\",\"@id\":\"https:\\\/\\\/www.rri.ro\\\/en\\\/news-and-current-affairs\\\/newsflash\\\/march-28-2022-id105814.html#article\",\"isPartOf\":{\"@id\":\"https:\\\/\\\/www.rri.ro\\\/en\\\/news-and-current-affairs\\\/newsflash\\\/march-28-2022-id105814.html\"},\"author\":{\"name\":\"Newsroom\",\"@id\":\"https:\\\/\\\/www.rri.ro\\\/#\\\/schema\\\/person\\\/4a479940371b9fdefd194f561e8a7f88\"},\"headline\":\"March 28, 2022\",\"datePublished\":\"2022-03-28T10:55:00+00:00\",\"dateModified\":\"2024-02-15T19:05:18+00:00\",\"mainEntityOfPage\":{\"@id\":\"https:\\\/\\\/www.rri.ro\\\/en\\\/news-and-current-affairs\\\/newsflash\\\/march-28-2022-id105814.html\"},\"wordCount\":784,\"image\":{\"@id\":\"https:\\\/\\\/www.rri.ro\\\/en\\\/news-and-current-affairs\\\/newsflash\\\/march-28-2022-id105814.html#primaryimage\"},\"thumbnailUrl\":\"https:\\\/\\\/www.rri.ro\\\/wp-content\\\/uploads\\\/2023\\\/10\\\/stiri-engleza-alb.png\",\"keywords\":[\"Covid-19\",\"energy debate\",\"NATO\",\"Nicolae Ciuca\",\"Paolo Gentiloni\",\"Romania-USA relations\",\"schools\",\"war in Ukraine\"],\"articleSection\":[\"Newsflash\"],\"inLanguage\":\"en-US\"},{\"@type\":\"WebPage\",\"@id\":\"https:\\\/\\\/www.rri.ro\\\/en\\\/news-and-current-affairs\\\/newsflash\\\/march-28-2022-id105814.html\",\"url\":\"https:\\\/\\\/www.rri.ro\\\/en\\\/news-and-current-affairs\\\/newsflash\\\/march-28-2022-id105814.html\",\"name\":\"March 28, 2022 - Radio Romania International\",\"isPartOf\":{\"@id\":\"https:\\\/\\\/www.rri.ro\\\/#website\"},\"primaryImageOfPage\":{\"@id\":\"https:\\\/\\\/www.rri.ro\\\/en\\\/news-and-current-affairs\\\/newsflash\\\/march-28-2022-id105814.html#primaryimage\"},\"image\":{\"@id\":\"https:\\\/\\\/www.rri.ro\\\/en\\\/news-and-current-affairs\\\/newsflash\\\/march-28-2022-id105814.html#primaryimage\"},\"thumbnailUrl\":\"https:\\\/\\\/www.rri.ro\\\/wp-content\\\/uploads\\\/2023\\\/10\\\/stiri-engleza-alb.png\",\"datePublished\":\"2022-03-28T10:55:00+00:00\",\"dateModified\":\"2024-02-15T19:05:18+00:00\",\"author\":{\"@id\":\"https:\\\/\\\/www.rri.ro\\\/#\\\/schema\\\/person\\\/4a479940371b9fdefd194f561e8a7f88\"},\"breadcrumb\":{\"@id\":\"https:\\\/\\\/www.rri.ro\\\/en\\\/news-and-current-affairs\\\/newsflash\\\/march-28-2022-id105814.html#breadcrumb\"},\"inLanguage\":\"en-US\",\"potentialAction\":[{\"@type\":\"ReadAction\",\"target\":[\"https:\\\/\\\/www.rri.ro\\\/en\\\/news-and-current-affairs\\\/newsflash\\\/march-28-2022-id105814.html\"]}]},{\"@type\":\"ImageObject\",\"inLanguage\":\"en-US\",\"@id\":\"https:\\\/\\\/www.rri.ro\\\/en\\\/news-and-current-affairs\\\/newsflash\\\/march-28-2022-id105814.html#primaryimage\",\"url\":\"https:\\\/\\\/www.rri.ro\\\/wp-content\\\/uploads\\\/2023\\\/10\\\/stiri-engleza-alb.png\",\"contentUrl\":\"https:\\\/\\\/www.rri.ro\\\/wp-content\\\/uploads\\\/2023\\\/10\\\/stiri-engleza-alb.png\",\"width\":640,\"height\":480,\"caption\":\"Newsflash\"},{\"@type\":\"BreadcrumbList\",\"@id\":\"https:\\\/\\\/www.rri.ro\\\/en\\\/news-and-current-affairs\\\/newsflash\\\/march-28-2022-id105814.html#breadcrumb\",\"itemListElement\":[{\"@type\":\"ListItem\",\"position\":1,\"name\":\"Homepage\",\"item\":\"https:\\\/\\\/www.rri.ro\\\/en\"},{\"@type\":\"ListItem\",\"position\":2,\"name\":\"News and Current Affairs\",\"item\":\"https:\\\/\\\/www.rri.ro\\\/en\\\/news-and-current-affairs\"},{\"@type\":\"ListItem\",\"position\":3,\"name\":\"Newsflash\",\"item\":\"https:\\\/\\\/www.rri.ro\\\/en\\\/news-and-current-affairs\\\/newsflash\"},{\"@type\":\"ListItem\",\"position\":4,\"name\":\"March 28, 2022\"}]},{\"@type\":\"WebSite\",\"@id\":\"https:\\\/\\\/www.rri.ro\\\/#website\",\"url\":\"https:\\\/\\\/www.rri.ro\\\/\",\"name\":\"Radio Romania International\",\"description\":\"Totul despre Rom\u00e2nia \u015fi rom\u00e2ni, \u00een 13 limbi\\\/dialecte!\",\"inLanguage\":\"en-US\"},{\"@type\":\"Person\",\"@id\":\"https:\\\/\\\/www.rri.ro\\\/#\\\/schema\\\/person\\\/4a479940371b9fdefd194f561e8a7f88\",\"name\":\"Newsroom\",\"url\":\"https:\\\/\\\/www.rri.ro\\\/en\\\/author\\\/newsroom\"}]}<\/script>\n<!-- \/ Yoast SEO plugin. -->","yoast_head_json":{"title":"March 28, 2022 - Radio Romania International","robots":{"index":"index","follow":"follow","max-snippet":"max-snippet:-1","max-image-preview":"max-image-preview:large","max-video-preview":"max-video-preview:-1"},"canonical":"https:\/\/www.rri.ro\/en\/news-and-current-affairs\/newsflash\/march-28-2022-id105814.html","og_locale":"en_US","og_type":"article","og_title":"March 28, 2022 - Radio Romania International","og_description":"A roundup of domestic and international news","og_url":"https:\/\/www.rri.ro\/en\/news-and-current-affairs\/newsflash\/march-28-2022-id105814.html","og_site_name":"Radio Romania International","article_published_time":"2022-03-28T10:55:00+00:00","article_modified_time":"2024-02-15T19:05:18+00:00","og_image":[{"width":640,"height":480,"url":"https:\/\/www.rri.ro\/wp-content\/uploads\/2023\/10\/stiri-engleza-alb.png","type":"image\/png"}],"author":"Newsroom","twitter_card":"summary_large_image","twitter_misc":{"Written by":"Newsroom","Est. reading time":"4 minutes"},"schema":{"@context":"https:\/\/schema.org","@graph":[{"@type":"Article","@id":"https:\/\/www.rri.ro\/en\/news-and-current-affairs\/newsflash\/march-28-2022-id105814.html#article","isPartOf":{"@id":"https:\/\/www.rri.ro\/en\/news-and-current-affairs\/newsflash\/march-28-2022-id105814.html"},"author":{"name":"Newsroom","@id":"https:\/\/www.rri.ro\/#\/schema\/person\/4a479940371b9fdefd194f561e8a7f88"},"headline":"March 28, 2022","datePublished":"2022-03-28T10:55:00+00:00","dateModified":"2024-02-15T19:05:18+00:00","mainEntityOfPage":{"@id":"https:\/\/www.rri.ro\/en\/news-and-current-affairs\/newsflash\/march-28-2022-id105814.html"},"wordCount":784,"image":{"@id":"https:\/\/www.rri.ro\/en\/news-and-current-affairs\/newsflash\/march-28-2022-id105814.html#primaryimage"},"thumbnailUrl":"https:\/\/www.rri.ro\/wp-content\/uploads\/2023\/10\/stiri-engleza-alb.png","keywords":["Covid-19","energy debate","NATO","Nicolae Ciuca","Paolo Gentiloni","Romania-USA relations","schools","war in Ukraine"],"articleSection":["Newsflash"],"inLanguage":"en-US"},{"@type":"WebPage","@id":"https:\/\/www.rri.ro\/en\/news-and-current-affairs\/newsflash\/march-28-2022-id105814.html","url":"https:\/\/www.rri.ro\/en\/news-and-current-affairs\/newsflash\/march-28-2022-id105814.html","name":"March 28, 2022 - Radio Romania International","isPartOf":{"@id":"https:\/\/www.rri.ro\/#website"},"primaryImageOfPage":{"@id":"https:\/\/www.rri.ro\/en\/news-and-current-affairs\/newsflash\/march-28-2022-id105814.html#primaryimage"},"image":{"@id":"https:\/\/www.rri.ro\/en\/news-and-current-affairs\/newsflash\/march-28-2022-id105814.html#primaryimage"},"thumbnailUrl":"https:\/\/www.rri.ro\/wp-content\/uploads\/2023\/10\/stiri-engleza-alb.png","datePublished":"2022-03-28T10:55:00+00:00","dateModified":"2024-02-15T19:05:18+00:00","author":{"@id":"https:\/\/www.rri.ro\/#\/schema\/person\/4a479940371b9fdefd194f561e8a7f88"},"breadcrumb":{"@id":"https:\/\/www.rri.ro\/en\/news-and-current-affairs\/newsflash\/march-28-2022-id105814.html#breadcrumb"},"inLanguage":"en-US","potentialAction":[{"@type":"ReadAction","target":["https:\/\/www.rri.ro\/en\/news-and-current-affairs\/newsflash\/march-28-2022-id105814.html"]}]},{"@type":"ImageObject","inLanguage":"en-US","@id":"https:\/\/www.rri.ro\/en\/news-and-current-affairs\/newsflash\/march-28-2022-id105814.html#primaryimage","url":"https:\/\/www.rri.ro\/wp-content\/uploads\/2023\/10\/stiri-engleza-alb.png","contentUrl":"https:\/\/www.rri.ro\/wp-content\/uploads\/2023\/10\/stiri-engleza-alb.png","width":640,"height":480,"caption":"Newsflash"},{"@type":"BreadcrumbList","@id":"https:\/\/www.rri.ro\/en\/news-and-current-affairs\/newsflash\/march-28-2022-id105814.html#breadcrumb","itemListElement":[{"@type":"ListItem","position":1,"name":"Homepage","item":"https:\/\/www.rri.ro\/en"},{"@type":"ListItem","position":2,"name":"News and Current Affairs","item":"https:\/\/www.rri.ro\/en\/news-and-current-affairs"},{"@type":"ListItem","position":3,"name":"Newsflash","item":"https:\/\/www.rri.ro\/en\/news-and-current-affairs\/newsflash"},{"@type":"ListItem","position":4,"name":"March 28, 2022"}]},{"@type":"WebSite","@id":"https:\/\/www.rri.ro\/#website","url":"https:\/\/www.rri.ro\/","name":"Radio Romania International","description":"Totul despre Rom\u00e2nia \u015fi rom\u00e2ni, \u00een 13 limbi\/dialecte!","inLanguage":"en-US"},{"@type":"Person","@id":"https:\/\/www.rri.ro\/#\/schema\/person\/4a479940371b9fdefd194f561e8a7f88","name":"Newsroom","url":"https:\/\/www.rri.ro\/en\/author\/newsroom"}]}},"_links":{"self":[{"href":"https:\/\/www.rri.ro\/en\/wp-json\/wp\/v2\/posts\/105814","targetHints":{"allow":["GET"]}}],"collection":[{"href":"https:\/\/www.rri.ro\/en\/wp-json\/wp\/v2\/posts"}],"about":[{"href":"https:\/\/www.rri.ro\/en\/wp-json\/wp\/v2\/types\/post"}],"author":[{"embeddable":true,"href":"https:\/\/www.rri.ro\/en\/wp-json\/wp\/v2\/users\/113"}],"replies":[{"embeddable":true,"href":"https:\/\/www.rri.ro\/en\/wp-json\/wp\/v2\/comments?post=105814"}],"version-history":[{"count":0,"href":"https:\/\/www.rri.ro\/en\/wp-json\/wp\/v2\/posts\/105814\/revisions"}],"wp:featuredmedia":[{"embeddable":true,"href":"https:\/\/www.rri.ro\/en\/wp-json\/wp\/v2\/media\/105208"}],"wp:attachment":[{"href":"https:\/\/www.rri.ro\/en\/wp-json\/wp\/v2\/media?parent=105814"}],"wp:term":[{"taxonomy":"category","embeddable":true,"href":"https:\/\/www.rri.ro\/en\/wp-json\/wp\/v2\/categories?post=105814"},{"taxonomy":"post_tag","embeddable":true,"href":"https:\/\/www.rri.ro\/en\/wp-json\/wp\/v2\/tags?post=105814"},{"taxonomy":"author","embeddable":true,"href":"https:\/\/www.rri.ro\/en\/wp-json\/wp\/v2\/coauthors?post=105814"}],"curies":[{"name":"wp","href":"https:\/\/api.w.org\/{rel}","templated":true}]}}