{"id":105969,"date":"2022-06-13T19:28:00","date_gmt":"2022-06-13T16:28:00","guid":{"rendered":"http:\/\/devrri.freshlemon.ro\/news-and-current-affairs\/newsflash\/june-13-2022-update-105969.html"},"modified":"2024-02-15T21:07:26","modified_gmt":"2024-02-15T19:07:26","slug":"june-13-2022-update","status":"publish","type":"post","link":"https:\/\/www.rri.ro\/en\/news-and-current-affairs\/newsflash\/june-13-2022-update-id105969.html","title":{"rendered":"June 13, 2022 UPDATE"},"content":{"rendered":"<p><p>COMMEMORATION On Monday, when Romania commemorated 32&#13;<br \/>\nyears since the miners&#8217; raid on Bucharest, over June 13th and 15th,&#13;<br \/>\nthe country&#8217;s Prime Minister Nicolae Ciuca conveyed a message saying that the&#13;<br \/>\ncivil society&#8217;s marathon-demonstration against neo-communism was stifled by&#13;<br \/>\ninstigating Romanians against Romanians. The Romanian society must never become&#13;<br \/>\nvictim to diversions and false propaganda, the head of the Romanian government&#13;<br \/>\nsays. 32 years ago responding to a call from the then authorities, miners from&#13;<br \/>\nthe Jiu Valley in central-western Romania brutally intervened against the&#13;<br \/>\npeaceful anti-government protesters in downtown Bucharest. Four people were&#13;<br \/>\nshot dead and over 1,000 wounded along with a series of abusive arrests. The&#13;<br \/>\nfile on the miners&#8217; raid, under which the country&#8217;s then President Ion Iliescu,&#13;<br \/>\nformer Prime Minister Petre Roman and Virgil Magureanu, the former head of the&#13;<br \/>\ncountry&#8217;s intelligence service, had been sent to court must be resumed from&#13;<br \/>\nscratch after the indictment was considered null and void. <\/p>\n<p><\/p>\n<p>&#13;<br \/>\n&#13;<br \/>\n&#13;<br \/>\n&#13;<br \/>\n&#13;<br \/>\n&#13;<\/p>\n<p>MEETING Romanian president Klaus Iohannis will be attending a&#13;<br \/>\nlow-scale meeting aimed at preparing the upcoming NATO summit. The meeting is&#13;<br \/>\nbeing staged by the Dutch and Danish Prime Ministers and will be attended by&#13;<br \/>\nthe Prime Ministers of Belgium, Latvia, Poland and Portugal as well as by NATO&#13;<br \/>\nSecretary General Jens Stoltenberg. Participants will be focusing on&#13;<br \/>\ncoordinating the positions and joint messages of the allied countries ahead of&#13;<br \/>\nthe NATO summit in Madrid late this month. Talks are expected to focus on the&#13;<br \/>\nsituation in Ukraine, the consolidation of the deterrence &#038; defence posture&#13;<br \/>\non NATO&#8217;s eastern flank, the alliance&#8217;s new strategic concept and the accession&#13;<br \/>\nprospects of Sweden and Finland.  <\/p>\n<p><\/p>\n<p>&#13;<br \/>\n&#13;<br \/>\n&#13;<br \/>\n&#13;<br \/>\n&#13;<br \/>\n&#13;<br \/>\n&#13;<br \/>\n&#13;<\/p>\n<p>MONKEYPOX Romania announced its first case of monkeypox on Monday, a&#13;<br \/>\n26 year old man in Bucharest. Monkeypox cannot be spread easily among humans and&#13;<br \/>\nneeds close body contact. The rash, bodily fluids (such as fluid, pus or&#13;<br \/>\nblood from skin lesions) and scabs are particularly infectious. The main way in&#13;<br \/>\nwhich one can get the disease is through long physical contact with an infected&#13;<br \/>\nperson. <\/p>\n<p><\/p>\n<p>&#13;<br \/>\n&#13;<br \/>\n&#13;<br \/>\n&#13;<br \/>\n&#13;<br \/>\n&#13;<br \/>\n&#13;<br \/>\n&#13;<\/p>\n<p>WAR Amnesty&#13;<br \/>\nInternational has accused Russia of war crimes in Ukraine, claiming that&#13;<br \/>\nhundreds of civilians have been killed in merciless frag bomb attacks against&#13;<br \/>\nthe city of Kharkiv, AFP reports. After thorough investigations, this human&#13;<br \/>\nrights NGO claims it found evidence that the Russian forces had used widely-banned cluster ammunition. People&#13;<br \/>\nhave been killed in their homes and in the streets, in playgrounds and in&#13;<br \/>\ncemeteries, while queueing for humanitarian aid, or shopping for food and&#13;<br \/>\nmedicine, says an Amnesty International&#8217;s Senior Crisis Response Advisor.&#13;<br \/>\nWhile Russia is not a party to either the <a href=https:\/\/www.clusterconvention.org\/ style=font-size: 1em;>Convention on Cluster Munitions<\/a> or the <a href=https:\/\/www.un.org\/disarmament\/anti-personnel-landmines-convention\/ style=font-size: 1em;>Convention&#13;<br \/>\non Anti-Personnel Mines<\/a>, international&#13;<br \/>\nhumanitarian law prohibits indiscriminate attacks, and the use of weapons that&#13;<br \/>\nare indiscriminate by nature. <\/p>\n<p><\/p>\n<p>&#13;<br \/>\n&#13;<br \/>\n&#13;<br \/>\n&#13;<br \/>\n&#13;<br \/>\n&#13;<br \/>\n&#13;<br \/>\n&#13;<\/p>\n<p>REFUGEES Roughly&#13;<br \/>\n7,000 Ukrainian citizens entered Romania through its border checkpoints on&#13;<br \/>\nSunday, June 12th, 26% less than in the previous day, the Border Police General&#13;<br \/>\nInspectorate has announced. Since the onset of the conflict in Ukraine, roughly&#13;<br \/>\n1.2 million Ukrainian citizens have entered Romania.  <\/p>\n<p><\/p>\n<p>&#13;<br \/>\n&#13;<br \/>\n&#13;<br \/>\n&#13;<br \/>\n&#13;<br \/>\n&#13;<\/p>\n<p>COVID-19 Romania is no longer providing COVID-19 infection reports&#13;<br \/>\non a daily basis, but weekly. According to Health Minister Alexandru Rafila,&#13;<br \/>\nthe reports will be just like in the case of season flu, as the spreading&#13;<br \/>\ndegree of the virus is very low at present and on a downward trend. The number&#13;<br \/>\nof people in need of hospital treatment is also going down. The health minister&#13;<br \/>\nsaid that authorities won&#8217;t go back to daily monitoring unless the situation&#13;<br \/>\nworsens. Last week, Romania reported 2,112 new infections with 51 patients in&#13;<br \/>\nICUs. 21 related fatalities have also been reported for the period between June&#13;<br \/>\n6 and 12. <\/p>\n<p><\/p>\n<p>&#13;<br \/>\n&#13;<br \/>\n&#13;<br \/>\n&#13;<br \/>\n&#13;<br \/>\n&#13;<\/p>\n<p>TENNIS Romanian tennis player Simona&#13;<br \/>\nHalep on Monday secured a 6-1, 6-4 win against Lesia Tsurenko of Ukraine in the&#13;<br \/>\nfirst round of the WTA 250 Birmingham tournament. Another Romanian in the&#13;<br \/>\ncompetition, sixth-seeded Sorana Cirstea will be playing US challenger Shelby&#13;<br \/>\nRogers on Tuesday. <\/p>\n<p>&#13;<br \/>\n&#13;<br \/>\n&#13;<br \/>\n&#13;<br \/>\n&#13;<br \/>\n&#13;<\/p>\n<p> (bill)<\/p>\n<p><\/p>\n","protected":false},"excerpt":{"rendered":"<p>Click here for a roundup of domestic and international news<\/p>\n","protected":false},"author":113,"featured_media":105194,"comment_status":"closed","ping_status":"closed","sticky":false,"template":"","format":"standard","meta":{"_acf_changed":false,"footnotes":""},"categories":[22],"tags":[35471,35386,36792,29125,34591,36755,35910],"coauthors":[],"class_list":["post-105969","post","type-post","status-publish","format-standard","has-post-thumbnail","hentry","category-newsflash","tag-ciuca","tag-covid","tag-icus","tag-iohannis","tag-klaus","tag-monkeypox","tag-rafila"],"acf":[],"yoast_head":"<!-- This site is optimized with the Yoast SEO plugin v27.5 - https:\/\/yoast.com\/product\/yoast-seo-wordpress\/ -->\n<title>June 13, 2022 UPDATE - Radio Romania International<\/title>\n<meta name=\"robots\" content=\"index, follow, max-snippet:-1, max-image-preview:large, max-video-preview:-1\" \/>\n<link rel=\"canonical\" href=\"https:\/\/www.rri.ro\/en\/news-and-current-affairs\/newsflash\/june-13-2022-update-id105969.html\" \/>\n<meta property=\"og:locale\" content=\"en_US\" \/>\n<meta property=\"og:type\" content=\"article\" \/>\n<meta property=\"og:title\" content=\"June 13, 2022 UPDATE - Radio Romania International\" \/>\n<meta property=\"og:description\" content=\"Click here for a roundup of domestic and international news\" \/>\n<meta property=\"og:url\" content=\"https:\/\/www.rri.ro\/en\/news-and-current-affairs\/newsflash\/june-13-2022-update-id105969.html\" \/>\n<meta property=\"og:site_name\" content=\"Radio Romania International\" \/>\n<meta property=\"article:published_time\" content=\"2022-06-13T16:28:00+00:00\" \/>\n<meta property=\"article:modified_time\" content=\"2024-02-15T19:07:26+00:00\" \/>\n<meta property=\"og:image\" content=\"https:\/\/www.rri.ro\/wp-content\/uploads\/2023\/10\/stiri-engleza-bleu.png\" \/>\n\t<meta property=\"og:image:width\" content=\"640\" \/>\n\t<meta property=\"og:image:height\" content=\"480\" \/>\n\t<meta property=\"og:image:type\" content=\"image\/png\" \/>\n<meta name=\"author\" content=\"Newsroom\" \/>\n<meta name=\"twitter:card\" content=\"summary_large_image\" \/>\n<meta name=\"twitter:label1\" content=\"Written by\" \/>\n\t<meta name=\"twitter:data1\" content=\"Newsroom\" \/>\n\t<meta name=\"twitter:label2\" content=\"Est. reading time\" \/>\n\t<meta name=\"twitter:data2\" content=\"3 minutes\" \/>\n<script type=\"application\/ld+json\" class=\"yoast-schema-graph\">{\"@context\":\"https:\\\/\\\/schema.org\",\"@graph\":[{\"@type\":\"Article\",\"@id\":\"https:\\\/\\\/www.rri.ro\\\/en\\\/news-and-current-affairs\\\/newsflash\\\/june-13-2022-update-id105969.html#article\",\"isPartOf\":{\"@id\":\"https:\\\/\\\/www.rri.ro\\\/en\\\/news-and-current-affairs\\\/newsflash\\\/june-13-2022-update-id105969.html\"},\"author\":{\"name\":\"Newsroom\",\"@id\":\"https:\\\/\\\/www.rri.ro\\\/#\\\/schema\\\/person\\\/4a479940371b9fdefd194f561e8a7f88\"},\"headline\":\"June 13, 2022 UPDATE\",\"datePublished\":\"2022-06-13T16:28:00+00:00\",\"dateModified\":\"2024-02-15T19:07:26+00:00\",\"mainEntityOfPage\":{\"@id\":\"https:\\\/\\\/www.rri.ro\\\/en\\\/news-and-current-affairs\\\/newsflash\\\/june-13-2022-update-id105969.html\"},\"wordCount\":648,\"image\":{\"@id\":\"https:\\\/\\\/www.rri.ro\\\/en\\\/news-and-current-affairs\\\/newsflash\\\/june-13-2022-update-id105969.html#primaryimage\"},\"thumbnailUrl\":\"https:\\\/\\\/www.rri.ro\\\/wp-content\\\/uploads\\\/2023\\\/10\\\/stiri-engleza-bleu.png\",\"keywords\":[\"Ciuca\",\"COVID\",\"ICUs\",\"Iohannis\",\"Klaus\",\"monkeypox\",\"Rafila\"],\"articleSection\":[\"Newsflash\"],\"inLanguage\":\"en-US\"},{\"@type\":\"WebPage\",\"@id\":\"https:\\\/\\\/www.rri.ro\\\/en\\\/news-and-current-affairs\\\/newsflash\\\/june-13-2022-update-id105969.html\",\"url\":\"https:\\\/\\\/www.rri.ro\\\/en\\\/news-and-current-affairs\\\/newsflash\\\/june-13-2022-update-id105969.html\",\"name\":\"June 13, 2022 UPDATE - Radio Romania International\",\"isPartOf\":{\"@id\":\"https:\\\/\\\/www.rri.ro\\\/#website\"},\"primaryImageOfPage\":{\"@id\":\"https:\\\/\\\/www.rri.ro\\\/en\\\/news-and-current-affairs\\\/newsflash\\\/june-13-2022-update-id105969.html#primaryimage\"},\"image\":{\"@id\":\"https:\\\/\\\/www.rri.ro\\\/en\\\/news-and-current-affairs\\\/newsflash\\\/june-13-2022-update-id105969.html#primaryimage\"},\"thumbnailUrl\":\"https:\\\/\\\/www.rri.ro\\\/wp-content\\\/uploads\\\/2023\\\/10\\\/stiri-engleza-bleu.png\",\"datePublished\":\"2022-06-13T16:28:00+00:00\",\"dateModified\":\"2024-02-15T19:07:26+00:00\",\"author\":{\"@id\":\"https:\\\/\\\/www.rri.ro\\\/#\\\/schema\\\/person\\\/4a479940371b9fdefd194f561e8a7f88\"},\"breadcrumb\":{\"@id\":\"https:\\\/\\\/www.rri.ro\\\/en\\\/news-and-current-affairs\\\/newsflash\\\/june-13-2022-update-id105969.html#breadcrumb\"},\"inLanguage\":\"en-US\",\"potentialAction\":[{\"@type\":\"ReadAction\",\"target\":[\"https:\\\/\\\/www.rri.ro\\\/en\\\/news-and-current-affairs\\\/newsflash\\\/june-13-2022-update-id105969.html\"]}]},{\"@type\":\"ImageObject\",\"inLanguage\":\"en-US\",\"@id\":\"https:\\\/\\\/www.rri.ro\\\/en\\\/news-and-current-affairs\\\/newsflash\\\/june-13-2022-update-id105969.html#primaryimage\",\"url\":\"https:\\\/\\\/www.rri.ro\\\/wp-content\\\/uploads\\\/2023\\\/10\\\/stiri-engleza-bleu.png\",\"contentUrl\":\"https:\\\/\\\/www.rri.ro\\\/wp-content\\\/uploads\\\/2023\\\/10\\\/stiri-engleza-bleu.png\",\"width\":640,\"height\":480,\"caption\":\"NEWSFLASH\"},{\"@type\":\"BreadcrumbList\",\"@id\":\"https:\\\/\\\/www.rri.ro\\\/en\\\/news-and-current-affairs\\\/newsflash\\\/june-13-2022-update-id105969.html#breadcrumb\",\"itemListElement\":[{\"@type\":\"ListItem\",\"position\":1,\"name\":\"Homepage\",\"item\":\"https:\\\/\\\/www.rri.ro\\\/en\"},{\"@type\":\"ListItem\",\"position\":2,\"name\":\"News and Current Affairs\",\"item\":\"https:\\\/\\\/www.rri.ro\\\/en\\\/news-and-current-affairs\"},{\"@type\":\"ListItem\",\"position\":3,\"name\":\"Newsflash\",\"item\":\"https:\\\/\\\/www.rri.ro\\\/en\\\/news-and-current-affairs\\\/newsflash\"},{\"@type\":\"ListItem\",\"position\":4,\"name\":\"June 13, 2022 UPDATE\"}]},{\"@type\":\"WebSite\",\"@id\":\"https:\\\/\\\/www.rri.ro\\\/#website\",\"url\":\"https:\\\/\\\/www.rri.ro\\\/\",\"name\":\"Radio Romania International\",\"description\":\"Totul despre Rom\u00e2nia \u015fi rom\u00e2ni, \u00een 13 limbi\\\/dialecte!\",\"inLanguage\":\"en-US\"},{\"@type\":\"Person\",\"@id\":\"https:\\\/\\\/www.rri.ro\\\/#\\\/schema\\\/person\\\/4a479940371b9fdefd194f561e8a7f88\",\"name\":\"Newsroom\",\"url\":\"https:\\\/\\\/www.rri.ro\\\/en\\\/author\\\/newsroom\"}]}<\/script>\n<!-- \/ Yoast SEO plugin. -->","yoast_head_json":{"title":"June 13, 2022 UPDATE - Radio Romania International","robots":{"index":"index","follow":"follow","max-snippet":"max-snippet:-1","max-image-preview":"max-image-preview:large","max-video-preview":"max-video-preview:-1"},"canonical":"https:\/\/www.rri.ro\/en\/news-and-current-affairs\/newsflash\/june-13-2022-update-id105969.html","og_locale":"en_US","og_type":"article","og_title":"June 13, 2022 UPDATE - Radio Romania International","og_description":"Click here for a roundup of domestic and international news","og_url":"https:\/\/www.rri.ro\/en\/news-and-current-affairs\/newsflash\/june-13-2022-update-id105969.html","og_site_name":"Radio Romania International","article_published_time":"2022-06-13T16:28:00+00:00","article_modified_time":"2024-02-15T19:07:26+00:00","og_image":[{"width":640,"height":480,"url":"https:\/\/www.rri.ro\/wp-content\/uploads\/2023\/10\/stiri-engleza-bleu.png","type":"image\/png"}],"author":"Newsroom","twitter_card":"summary_large_image","twitter_misc":{"Written by":"Newsroom","Est. reading time":"3 minutes"},"schema":{"@context":"https:\/\/schema.org","@graph":[{"@type":"Article","@id":"https:\/\/www.rri.ro\/en\/news-and-current-affairs\/newsflash\/june-13-2022-update-id105969.html#article","isPartOf":{"@id":"https:\/\/www.rri.ro\/en\/news-and-current-affairs\/newsflash\/june-13-2022-update-id105969.html"},"author":{"name":"Newsroom","@id":"https:\/\/www.rri.ro\/#\/schema\/person\/4a479940371b9fdefd194f561e8a7f88"},"headline":"June 13, 2022 UPDATE","datePublished":"2022-06-13T16:28:00+00:00","dateModified":"2024-02-15T19:07:26+00:00","mainEntityOfPage":{"@id":"https:\/\/www.rri.ro\/en\/news-and-current-affairs\/newsflash\/june-13-2022-update-id105969.html"},"wordCount":648,"image":{"@id":"https:\/\/www.rri.ro\/en\/news-and-current-affairs\/newsflash\/june-13-2022-update-id105969.html#primaryimage"},"thumbnailUrl":"https:\/\/www.rri.ro\/wp-content\/uploads\/2023\/10\/stiri-engleza-bleu.png","keywords":["Ciuca","COVID","ICUs","Iohannis","Klaus","monkeypox","Rafila"],"articleSection":["Newsflash"],"inLanguage":"en-US"},{"@type":"WebPage","@id":"https:\/\/www.rri.ro\/en\/news-and-current-affairs\/newsflash\/june-13-2022-update-id105969.html","url":"https:\/\/www.rri.ro\/en\/news-and-current-affairs\/newsflash\/june-13-2022-update-id105969.html","name":"June 13, 2022 UPDATE - Radio Romania International","isPartOf":{"@id":"https:\/\/www.rri.ro\/#website"},"primaryImageOfPage":{"@id":"https:\/\/www.rri.ro\/en\/news-and-current-affairs\/newsflash\/june-13-2022-update-id105969.html#primaryimage"},"image":{"@id":"https:\/\/www.rri.ro\/en\/news-and-current-affairs\/newsflash\/june-13-2022-update-id105969.html#primaryimage"},"thumbnailUrl":"https:\/\/www.rri.ro\/wp-content\/uploads\/2023\/10\/stiri-engleza-bleu.png","datePublished":"2022-06-13T16:28:00+00:00","dateModified":"2024-02-15T19:07:26+00:00","author":{"@id":"https:\/\/www.rri.ro\/#\/schema\/person\/4a479940371b9fdefd194f561e8a7f88"},"breadcrumb":{"@id":"https:\/\/www.rri.ro\/en\/news-and-current-affairs\/newsflash\/june-13-2022-update-id105969.html#breadcrumb"},"inLanguage":"en-US","potentialAction":[{"@type":"ReadAction","target":["https:\/\/www.rri.ro\/en\/news-and-current-affairs\/newsflash\/june-13-2022-update-id105969.html"]}]},{"@type":"ImageObject","inLanguage":"en-US","@id":"https:\/\/www.rri.ro\/en\/news-and-current-affairs\/newsflash\/june-13-2022-update-id105969.html#primaryimage","url":"https:\/\/www.rri.ro\/wp-content\/uploads\/2023\/10\/stiri-engleza-bleu.png","contentUrl":"https:\/\/www.rri.ro\/wp-content\/uploads\/2023\/10\/stiri-engleza-bleu.png","width":640,"height":480,"caption":"NEWSFLASH"},{"@type":"BreadcrumbList","@id":"https:\/\/www.rri.ro\/en\/news-and-current-affairs\/newsflash\/june-13-2022-update-id105969.html#breadcrumb","itemListElement":[{"@type":"ListItem","position":1,"name":"Homepage","item":"https:\/\/www.rri.ro\/en"},{"@type":"ListItem","position":2,"name":"News and Current Affairs","item":"https:\/\/www.rri.ro\/en\/news-and-current-affairs"},{"@type":"ListItem","position":3,"name":"Newsflash","item":"https:\/\/www.rri.ro\/en\/news-and-current-affairs\/newsflash"},{"@type":"ListItem","position":4,"name":"June 13, 2022 UPDATE"}]},{"@type":"WebSite","@id":"https:\/\/www.rri.ro\/#website","url":"https:\/\/www.rri.ro\/","name":"Radio Romania International","description":"Totul despre Rom\u00e2nia \u015fi rom\u00e2ni, \u00een 13 limbi\/dialecte!","inLanguage":"en-US"},{"@type":"Person","@id":"https:\/\/www.rri.ro\/#\/schema\/person\/4a479940371b9fdefd194f561e8a7f88","name":"Newsroom","url":"https:\/\/www.rri.ro\/en\/author\/newsroom"}]}},"_links":{"self":[{"href":"https:\/\/www.rri.ro\/en\/wp-json\/wp\/v2\/posts\/105969","targetHints":{"allow":["GET"]}}],"collection":[{"href":"https:\/\/www.rri.ro\/en\/wp-json\/wp\/v2\/posts"}],"about":[{"href":"https:\/\/www.rri.ro\/en\/wp-json\/wp\/v2\/types\/post"}],"author":[{"embeddable":true,"href":"https:\/\/www.rri.ro\/en\/wp-json\/wp\/v2\/users\/113"}],"replies":[{"embeddable":true,"href":"https:\/\/www.rri.ro\/en\/wp-json\/wp\/v2\/comments?post=105969"}],"version-history":[{"count":0,"href":"https:\/\/www.rri.ro\/en\/wp-json\/wp\/v2\/posts\/105969\/revisions"}],"wp:featuredmedia":[{"embeddable":true,"href":"https:\/\/www.rri.ro\/en\/wp-json\/wp\/v2\/media\/105194"}],"wp:attachment":[{"href":"https:\/\/www.rri.ro\/en\/wp-json\/wp\/v2\/media?parent=105969"}],"wp:term":[{"taxonomy":"category","embeddable":true,"href":"https:\/\/www.rri.ro\/en\/wp-json\/wp\/v2\/categories?post=105969"},{"taxonomy":"post_tag","embeddable":true,"href":"https:\/\/www.rri.ro\/en\/wp-json\/wp\/v2\/tags?post=105969"},{"taxonomy":"author","embeddable":true,"href":"https:\/\/www.rri.ro\/en\/wp-json\/wp\/v2\/coauthors?post=105969"}],"curies":[{"name":"wp","href":"https:\/\/api.w.org\/{rel}","templated":true}]}}