{"id":106166,"date":"2022-09-12T13:55:00","date_gmt":"2022-09-12T10:55:00","guid":{"rendered":"http:\/\/devrri.freshlemon.ro\/news-and-current-affairs\/newsflash\/september-12-2022-106166.html"},"modified":"2024-02-15T21:09:56","modified_gmt":"2024-02-15T19:09:56","slug":"september-12-2022","status":"publish","type":"post","link":"https:\/\/www.rri.ro\/en\/news-and-current-affairs\/newsflash\/september-12-2022-id106166.html","title":{"rendered":"September 12, 2022"},"content":{"rendered":"<\/p>\n<p>GRAIN EXPORTS &#8211; France&#8217;s Transport&#13;<br \/>\nMinister, Clement Beaune, has today announced the signing of an agreement with&#13;<br \/>\nRomanian authorities designed to boost the export of grain from Ukraine to&#13;<br \/>\ndeveloping countries, particularly in the Mediterranean. According to Reuters,&#13;<br \/>\nFrance is expected to help enhance the efficiency of the port of Gala\u021bi, modernize&#13;<br \/>\nborder crossing points in northern Romania, max out the effective use of grain&#13;<br \/>\nsilos in the port of Constan\u021ba and boost the operability of this port and on&#13;<br \/>\nthe Sulina Canal. Ukraine&#8217;s Agriculture Minister has recently estimated his&#13;<br \/>\ncountry&#8217;s grain exports could go up to 6.5 tons in October, which is double the&#13;<br \/>\nvolume reported in July after the gradual opening of Ukrainian ports in the&#13;<br \/>\nBlack Sea, based on the agreement signed in Istanbul. Russia&#8217;s president,&#13;<br \/>\nVladimir Putin, has recently criticized the fact that only a small part of&#13;<br \/>\nUkrainian grain will be exported to poor countries based on this agreement,&#13;<br \/>\naccounting for 2 of the 87 cargo ships that transported as much as 60 thousand&#13;<br \/>\ntons of grain. However, analysts with the British Defense Ministry have&#13;<br \/>\ndisproved Putin&#8217;s statement, citing data centralized by the UN, according to&#13;<br \/>\nwhich approximately 30% of Ukraine&#8217;s grain exports have reached low- and&#13;<br \/>\nmiddle-income countries in Africa, the Middle East and Asia. <\/p>\n<p><\/p>\n<p><\/p>\n<p>&#13;<br \/>\n&#13;<br \/>\n&#13;<br \/>\n&#13;<\/p>\n<p>SESSION &#8211; The European Parliament&#13;<br \/>\nstarts a new session today in Strasbourg. European Commission president, Ursula&#13;<br \/>\nvon der Leyen, will deliver her state of the union address, presenting the&#13;<br \/>\nimpact of the Commission&#8217;s activity in the last year and future plans for the&#13;<br \/>\ncommunity bloc, particularly those related to solidarity with Ukraine,&#13;<br \/>\nsanctions against Russia, energy security and curbing the EU&#8217;s reliance on&#13;<br \/>\nRussian fossil fuel, as well as the latest energy price hikes. President Von&#13;<br \/>\nder Leyen will also address the Green Deal and green transition, digitization,&#13;<br \/>\nthe EU&#8217;s response to the COVID-19 pandemic and preparing for future pandemics,&#13;<br \/>\nas well as the Next Generation EU recovery plan. <\/p>\n<p><\/p>\n<p><\/p>\n<p>&#13;<br \/>\n&#13;<br \/>\n&#13;<br \/>\n&#13;<\/p>\n<p>ENERGY &#8211; The European Commission is&#13;<br \/>\nthis week expected to present the set of proposals agreed upon in Friday&#8217;s&#13;<br \/>\nmeeting of EU Energy Ministers, designed to combat the energy crisis. The&#13;<br \/>\npackage might include a cap on energy prices and taxing the excess profits of&#13;<br \/>\nfossil fuel companies and redistributing the revenues to state-aid schemes.&#13;<br \/>\nRomania&#8217;s Energy Minister, Virgil Popescu, says Romania supports a balanced&#13;<br \/>\napproach towards all Member States. Capping natural gas prices at community&#13;<br \/>\nlevel would significantly curb volatility on the EU energy market, the Romanian&#13;<br \/>\nofficial said. <\/p>\n<p><\/p>\n<p><\/p>\n<p>&#13;<br \/>\n&#13;<br \/>\n&#13;<br \/>\n&#13;<\/p>\n<p>KING CHARLES &#8211; King Charles III this&#13;<br \/>\nmorning appeared in the British Parliament, where the House of Commons and the&#13;<br \/>\nHouse of Lords met in a joint sitting to present condolences to the new&#13;<br \/>\nmonarch. The King is today expected to attend a sitting of Scottish Parliament&#13;<br \/>\nas well. The coffin of her Royal Majesty Queen Elizabeth II was in Edinburgh&#13;<br \/>\nyesterday, and today it will be moved to from Throne Room in Holyroodhouse&#13;<br \/>\nPalace, the official residence of the royal family in the Scottish&#13;<br \/>\ncapital-city, to Saint John&#8217;s Cathedral, as part of somber journey through the&#13;<br \/>\nScottish countryside. Attending will be the new king and other members of the&#13;<br \/>\nroyal family. The coffin will remain at Saint John&#8217;s until tomorrow, allowing&#13;<br \/>\nlocals to pay their last respects. Tomorrow, the coffin will arrive at Buckingham&#13;<br \/>\nPalace in London. The state funeral will take place on September 19 at&#13;<br \/>\nWestminster Abbey. Meanwhile, people from all across Britain continue to lay&#13;<br \/>\nfloral tributes at the residences of the royal family from all across the&#13;<br \/>\ncountry. <\/p>\n<p><\/p>\n<p><\/p>\n<p>&#13;<br \/>\n&#13;<br \/>\n&#13;<br \/>\n&#13;<\/p>\n<p>INFLATION &#8211; Romania&#8217;s annual inflation&#13;<br \/>\nrate went up to 15.32% in August from 14.96% in July. According to data&#13;<br \/>\npublished by the National Statistics Institute on Monday, foodstuffs prices&#13;<br \/>\nwent up by 18.22%, while those for non-food products also went up by 15.98%.&#13;<br \/>\nPrices for services increased by 8.26%. The Central Bank has increased its inflation&#13;<br \/>\nforecast for 2022 to 13.9%, estimating an inflation rate of 7.5% for 2023. The&#13;<br \/>\nCentral Bank expects the deflation trend to temporarily stop in the second&#13;<br \/>\nquarter of 2023, once the current state-aid schemes targeting the energy sector&#13;<br \/>\nend. The Central Bank expects an inflation rate of 2.3% for June 2024. (VP)<\/p>\n<p><\/p>\n","protected":false},"excerpt":{"rendered":"<p>A roundup of domestic and international news<\/p>\n","protected":false},"author":113,"featured_media":105208,"comment_status":"closed","ping_status":"closed","sticky":false,"template":"","format":"standard","meta":{"_acf_changed":false,"footnotes":""},"categories":[22],"tags":[37026,37012,37027,37025,35172,37028],"coauthors":[],"class_list":["post-106166","post","type-post","status-publish","format-standard","has-post-thumbnail","hentry","category-newsflash","tag-agreement-with-france","tag-energy-measures","tag-european-parliament-session","tag-grain-exports-from-ukraine","tag-inflation-forecast","tag-king-charles-iii"],"acf":[],"yoast_head":"<!-- This site is optimized with the Yoast SEO plugin v27.5 - https:\/\/yoast.com\/product\/yoast-seo-wordpress\/ -->\n<title>September 12, 2022 - Radio Romania International<\/title>\n<meta name=\"robots\" content=\"index, follow, max-snippet:-1, max-image-preview:large, max-video-preview:-1\" \/>\n<link rel=\"canonical\" href=\"https:\/\/www.rri.ro\/en\/news-and-current-affairs\/newsflash\/september-12-2022-id106166.html\" \/>\n<meta property=\"og:locale\" content=\"en_US\" \/>\n<meta property=\"og:type\" content=\"article\" \/>\n<meta property=\"og:title\" content=\"September 12, 2022 - Radio Romania International\" \/>\n<meta property=\"og:description\" content=\"A roundup of domestic and international news\" \/>\n<meta property=\"og:url\" content=\"https:\/\/www.rri.ro\/en\/news-and-current-affairs\/newsflash\/september-12-2022-id106166.html\" \/>\n<meta property=\"og:site_name\" content=\"Radio Romania International\" \/>\n<meta property=\"article:published_time\" content=\"2022-09-12T10:55:00+00:00\" \/>\n<meta property=\"article:modified_time\" content=\"2024-02-15T19:09:56+00:00\" \/>\n<meta property=\"og:image\" content=\"https:\/\/www.rri.ro\/wp-content\/uploads\/2023\/10\/stiri-engleza-alb.png\" \/>\n\t<meta property=\"og:image:width\" content=\"640\" \/>\n\t<meta property=\"og:image:height\" content=\"480\" \/>\n\t<meta property=\"og:image:type\" content=\"image\/png\" \/>\n<meta name=\"author\" content=\"Newsroom\" \/>\n<meta name=\"twitter:card\" content=\"summary_large_image\" \/>\n<meta name=\"twitter:label1\" content=\"Written by\" \/>\n\t<meta name=\"twitter:data1\" content=\"Newsroom\" \/>\n\t<meta name=\"twitter:label2\" content=\"Est. reading time\" \/>\n\t<meta name=\"twitter:data2\" content=\"3 minutes\" \/>\n<script type=\"application\/ld+json\" class=\"yoast-schema-graph\">{\"@context\":\"https:\\\/\\\/schema.org\",\"@graph\":[{\"@type\":\"Article\",\"@id\":\"https:\\\/\\\/www.rri.ro\\\/en\\\/news-and-current-affairs\\\/newsflash\\\/september-12-2022-id106166.html#article\",\"isPartOf\":{\"@id\":\"https:\\\/\\\/www.rri.ro\\\/en\\\/news-and-current-affairs\\\/newsflash\\\/september-12-2022-id106166.html\"},\"author\":{\"name\":\"Newsroom\",\"@id\":\"https:\\\/\\\/www.rri.ro\\\/#\\\/schema\\\/person\\\/4a479940371b9fdefd194f561e8a7f88\"},\"headline\":\"September 12, 2022\",\"datePublished\":\"2022-09-12T10:55:00+00:00\",\"dateModified\":\"2024-02-15T19:09:56+00:00\",\"mainEntityOfPage\":{\"@id\":\"https:\\\/\\\/www.rri.ro\\\/en\\\/news-and-current-affairs\\\/newsflash\\\/september-12-2022-id106166.html\"},\"wordCount\":690,\"image\":{\"@id\":\"https:\\\/\\\/www.rri.ro\\\/en\\\/news-and-current-affairs\\\/newsflash\\\/september-12-2022-id106166.html#primaryimage\"},\"thumbnailUrl\":\"https:\\\/\\\/www.rri.ro\\\/wp-content\\\/uploads\\\/2023\\\/10\\\/stiri-engleza-alb.png\",\"keywords\":[\"agreement with France\",\"energy measures\",\"European Parliament session\",\"grain exports from Ukraine\",\"inflation forecast\",\"King Charles III\"],\"articleSection\":[\"Newsflash\"],\"inLanguage\":\"en-US\"},{\"@type\":\"WebPage\",\"@id\":\"https:\\\/\\\/www.rri.ro\\\/en\\\/news-and-current-affairs\\\/newsflash\\\/september-12-2022-id106166.html\",\"url\":\"https:\\\/\\\/www.rri.ro\\\/en\\\/news-and-current-affairs\\\/newsflash\\\/september-12-2022-id106166.html\",\"name\":\"September 12, 2022 - Radio Romania International\",\"isPartOf\":{\"@id\":\"https:\\\/\\\/www.rri.ro\\\/#website\"},\"primaryImageOfPage\":{\"@id\":\"https:\\\/\\\/www.rri.ro\\\/en\\\/news-and-current-affairs\\\/newsflash\\\/september-12-2022-id106166.html#primaryimage\"},\"image\":{\"@id\":\"https:\\\/\\\/www.rri.ro\\\/en\\\/news-and-current-affairs\\\/newsflash\\\/september-12-2022-id106166.html#primaryimage\"},\"thumbnailUrl\":\"https:\\\/\\\/www.rri.ro\\\/wp-content\\\/uploads\\\/2023\\\/10\\\/stiri-engleza-alb.png\",\"datePublished\":\"2022-09-12T10:55:00+00:00\",\"dateModified\":\"2024-02-15T19:09:56+00:00\",\"author\":{\"@id\":\"https:\\\/\\\/www.rri.ro\\\/#\\\/schema\\\/person\\\/4a479940371b9fdefd194f561e8a7f88\"},\"breadcrumb\":{\"@id\":\"https:\\\/\\\/www.rri.ro\\\/en\\\/news-and-current-affairs\\\/newsflash\\\/september-12-2022-id106166.html#breadcrumb\"},\"inLanguage\":\"en-US\",\"potentialAction\":[{\"@type\":\"ReadAction\",\"target\":[\"https:\\\/\\\/www.rri.ro\\\/en\\\/news-and-current-affairs\\\/newsflash\\\/september-12-2022-id106166.html\"]}]},{\"@type\":\"ImageObject\",\"inLanguage\":\"en-US\",\"@id\":\"https:\\\/\\\/www.rri.ro\\\/en\\\/news-and-current-affairs\\\/newsflash\\\/september-12-2022-id106166.html#primaryimage\",\"url\":\"https:\\\/\\\/www.rri.ro\\\/wp-content\\\/uploads\\\/2023\\\/10\\\/stiri-engleza-alb.png\",\"contentUrl\":\"https:\\\/\\\/www.rri.ro\\\/wp-content\\\/uploads\\\/2023\\\/10\\\/stiri-engleza-alb.png\",\"width\":640,\"height\":480,\"caption\":\"Newsflash\"},{\"@type\":\"BreadcrumbList\",\"@id\":\"https:\\\/\\\/www.rri.ro\\\/en\\\/news-and-current-affairs\\\/newsflash\\\/september-12-2022-id106166.html#breadcrumb\",\"itemListElement\":[{\"@type\":\"ListItem\",\"position\":1,\"name\":\"Homepage\",\"item\":\"https:\\\/\\\/www.rri.ro\\\/en\"},{\"@type\":\"ListItem\",\"position\":2,\"name\":\"News and Current Affairs\",\"item\":\"https:\\\/\\\/www.rri.ro\\\/en\\\/news-and-current-affairs\"},{\"@type\":\"ListItem\",\"position\":3,\"name\":\"Newsflash\",\"item\":\"https:\\\/\\\/www.rri.ro\\\/en\\\/news-and-current-affairs\\\/newsflash\"},{\"@type\":\"ListItem\",\"position\":4,\"name\":\"September 12, 2022\"}]},{\"@type\":\"WebSite\",\"@id\":\"https:\\\/\\\/www.rri.ro\\\/#website\",\"url\":\"https:\\\/\\\/www.rri.ro\\\/\",\"name\":\"Radio Romania International\",\"description\":\"Totul despre Rom\u00e2nia \u015fi rom\u00e2ni, \u00een 13 limbi\\\/dialecte!\",\"inLanguage\":\"en-US\"},{\"@type\":\"Person\",\"@id\":\"https:\\\/\\\/www.rri.ro\\\/#\\\/schema\\\/person\\\/4a479940371b9fdefd194f561e8a7f88\",\"name\":\"Newsroom\",\"url\":\"https:\\\/\\\/www.rri.ro\\\/en\\\/author\\\/newsroom\"}]}<\/script>\n<!-- \/ Yoast SEO plugin. -->","yoast_head_json":{"title":"September 12, 2022 - Radio Romania International","robots":{"index":"index","follow":"follow","max-snippet":"max-snippet:-1","max-image-preview":"max-image-preview:large","max-video-preview":"max-video-preview:-1"},"canonical":"https:\/\/www.rri.ro\/en\/news-and-current-affairs\/newsflash\/september-12-2022-id106166.html","og_locale":"en_US","og_type":"article","og_title":"September 12, 2022 - Radio Romania International","og_description":"A roundup of domestic and international news","og_url":"https:\/\/www.rri.ro\/en\/news-and-current-affairs\/newsflash\/september-12-2022-id106166.html","og_site_name":"Radio Romania International","article_published_time":"2022-09-12T10:55:00+00:00","article_modified_time":"2024-02-15T19:09:56+00:00","og_image":[{"width":640,"height":480,"url":"https:\/\/www.rri.ro\/wp-content\/uploads\/2023\/10\/stiri-engleza-alb.png","type":"image\/png"}],"author":"Newsroom","twitter_card":"summary_large_image","twitter_misc":{"Written by":"Newsroom","Est. reading time":"3 minutes"},"schema":{"@context":"https:\/\/schema.org","@graph":[{"@type":"Article","@id":"https:\/\/www.rri.ro\/en\/news-and-current-affairs\/newsflash\/september-12-2022-id106166.html#article","isPartOf":{"@id":"https:\/\/www.rri.ro\/en\/news-and-current-affairs\/newsflash\/september-12-2022-id106166.html"},"author":{"name":"Newsroom","@id":"https:\/\/www.rri.ro\/#\/schema\/person\/4a479940371b9fdefd194f561e8a7f88"},"headline":"September 12, 2022","datePublished":"2022-09-12T10:55:00+00:00","dateModified":"2024-02-15T19:09:56+00:00","mainEntityOfPage":{"@id":"https:\/\/www.rri.ro\/en\/news-and-current-affairs\/newsflash\/september-12-2022-id106166.html"},"wordCount":690,"image":{"@id":"https:\/\/www.rri.ro\/en\/news-and-current-affairs\/newsflash\/september-12-2022-id106166.html#primaryimage"},"thumbnailUrl":"https:\/\/www.rri.ro\/wp-content\/uploads\/2023\/10\/stiri-engleza-alb.png","keywords":["agreement with France","energy measures","European Parliament session","grain exports from Ukraine","inflation forecast","King Charles III"],"articleSection":["Newsflash"],"inLanguage":"en-US"},{"@type":"WebPage","@id":"https:\/\/www.rri.ro\/en\/news-and-current-affairs\/newsflash\/september-12-2022-id106166.html","url":"https:\/\/www.rri.ro\/en\/news-and-current-affairs\/newsflash\/september-12-2022-id106166.html","name":"September 12, 2022 - Radio Romania International","isPartOf":{"@id":"https:\/\/www.rri.ro\/#website"},"primaryImageOfPage":{"@id":"https:\/\/www.rri.ro\/en\/news-and-current-affairs\/newsflash\/september-12-2022-id106166.html#primaryimage"},"image":{"@id":"https:\/\/www.rri.ro\/en\/news-and-current-affairs\/newsflash\/september-12-2022-id106166.html#primaryimage"},"thumbnailUrl":"https:\/\/www.rri.ro\/wp-content\/uploads\/2023\/10\/stiri-engleza-alb.png","datePublished":"2022-09-12T10:55:00+00:00","dateModified":"2024-02-15T19:09:56+00:00","author":{"@id":"https:\/\/www.rri.ro\/#\/schema\/person\/4a479940371b9fdefd194f561e8a7f88"},"breadcrumb":{"@id":"https:\/\/www.rri.ro\/en\/news-and-current-affairs\/newsflash\/september-12-2022-id106166.html#breadcrumb"},"inLanguage":"en-US","potentialAction":[{"@type":"ReadAction","target":["https:\/\/www.rri.ro\/en\/news-and-current-affairs\/newsflash\/september-12-2022-id106166.html"]}]},{"@type":"ImageObject","inLanguage":"en-US","@id":"https:\/\/www.rri.ro\/en\/news-and-current-affairs\/newsflash\/september-12-2022-id106166.html#primaryimage","url":"https:\/\/www.rri.ro\/wp-content\/uploads\/2023\/10\/stiri-engleza-alb.png","contentUrl":"https:\/\/www.rri.ro\/wp-content\/uploads\/2023\/10\/stiri-engleza-alb.png","width":640,"height":480,"caption":"Newsflash"},{"@type":"BreadcrumbList","@id":"https:\/\/www.rri.ro\/en\/news-and-current-affairs\/newsflash\/september-12-2022-id106166.html#breadcrumb","itemListElement":[{"@type":"ListItem","position":1,"name":"Homepage","item":"https:\/\/www.rri.ro\/en"},{"@type":"ListItem","position":2,"name":"News and Current Affairs","item":"https:\/\/www.rri.ro\/en\/news-and-current-affairs"},{"@type":"ListItem","position":3,"name":"Newsflash","item":"https:\/\/www.rri.ro\/en\/news-and-current-affairs\/newsflash"},{"@type":"ListItem","position":4,"name":"September 12, 2022"}]},{"@type":"WebSite","@id":"https:\/\/www.rri.ro\/#website","url":"https:\/\/www.rri.ro\/","name":"Radio Romania International","description":"Totul despre Rom\u00e2nia \u015fi rom\u00e2ni, \u00een 13 limbi\/dialecte!","inLanguage":"en-US"},{"@type":"Person","@id":"https:\/\/www.rri.ro\/#\/schema\/person\/4a479940371b9fdefd194f561e8a7f88","name":"Newsroom","url":"https:\/\/www.rri.ro\/en\/author\/newsroom"}]}},"_links":{"self":[{"href":"https:\/\/www.rri.ro\/en\/wp-json\/wp\/v2\/posts\/106166","targetHints":{"allow":["GET"]}}],"collection":[{"href":"https:\/\/www.rri.ro\/en\/wp-json\/wp\/v2\/posts"}],"about":[{"href":"https:\/\/www.rri.ro\/en\/wp-json\/wp\/v2\/types\/post"}],"author":[{"embeddable":true,"href":"https:\/\/www.rri.ro\/en\/wp-json\/wp\/v2\/users\/113"}],"replies":[{"embeddable":true,"href":"https:\/\/www.rri.ro\/en\/wp-json\/wp\/v2\/comments?post=106166"}],"version-history":[{"count":0,"href":"https:\/\/www.rri.ro\/en\/wp-json\/wp\/v2\/posts\/106166\/revisions"}],"wp:featuredmedia":[{"embeddable":true,"href":"https:\/\/www.rri.ro\/en\/wp-json\/wp\/v2\/media\/105208"}],"wp:attachment":[{"href":"https:\/\/www.rri.ro\/en\/wp-json\/wp\/v2\/media?parent=106166"}],"wp:term":[{"taxonomy":"category","embeddable":true,"href":"https:\/\/www.rri.ro\/en\/wp-json\/wp\/v2\/categories?post=106166"},{"taxonomy":"post_tag","embeddable":true,"href":"https:\/\/www.rri.ro\/en\/wp-json\/wp\/v2\/tags?post=106166"},{"taxonomy":"author","embeddable":true,"href":"https:\/\/www.rri.ro\/en\/wp-json\/wp\/v2\/coauthors?post=106166"}],"curies":[{"name":"wp","href":"https:\/\/api.w.org\/{rel}","templated":true}]}}