{"id":106647,"date":"2023-05-10T13:55:00","date_gmt":"2023-05-10T10:55:00","guid":{"rendered":"http:\/\/devrri.freshlemon.ro\/news-and-current-affairs\/newsflash\/may-10-2023-106647.html"},"modified":"2024-02-15T21:16:36","modified_gmt":"2024-02-15T19:16:36","slug":"may-10-2023","status":"publish","type":"post","link":"https:\/\/www.rri.ro\/en\/news-and-current-affairs\/newsflash\/may-10-2023-id106647.html","title":{"rendered":"May 10, 2023"},"content":{"rendered":"<\/p>\n<p>EDUCATION Trade&#13;<br \/>\nunions in Romanian public education organise a protest rally in Bucharest today, as a way to sound&#13;<br \/>\nthe alarm on the problems facing the Romanian education sector. The unions demand pay raises in the sector, as well as an&#13;<br \/>\nannual increase in investments in order to improve the relevant infrastructure&#13;<br \/>\nand equipment. Unionists also warn that a poll&#13;<br \/>\nis under way among education staff, with respect to an all-out strike starting&#13;<br \/>\non May 22.  Meanwhile, new draft&#13;<br \/>\neducation laws are being discussed in the Chamber of Deputies for a first vote,&#13;<br \/>\nafter the specialist committee introduced a number of amendments to the&#13;<br \/>\noriginal bills, including a national plan to curb violence in schools.<\/p>\n<p><\/p>\n<p>&#13;<br \/>\n&#13;<\/p>\n<p>VISIT The PM of the Republic of Korea, Han&#13;<br \/>\nDuck-Soo, is on a visit to Bucharest today, and is scheduled to have meetings&#13;<br \/>\nwith president Klaus Iohannis and with PM Nicolae Ciuc\u0103. The 2 prime ministers&#13;<br \/>\nare to sign a Memorandum of Understanding between the Romanian Maritime Port&#13;<br \/>\nAuthority and the Busan Port Authority. The Korean official is also scheduled&#13;<br \/>\nto have a meeting with the Chamber of Deputies speaker, Marcel Ciolacu.<\/p>\n<p><\/p>\n<p>&#13;<br \/>\n&#13;<\/p>\n<p>DEFENCE The Romanian chief of defence,&#13;<br \/>\ngeneral Daniel Petrescu, is taking part today and tomorrow in the meetings of&#13;<br \/>\nthe NATO Military Committee and the EU Military Committee, respectively. Defence&#13;<br \/>\nchiefs from the 31 Allied states, with the Swedish chief of defence as a guest,&#13;<br \/>\nwill look at the dynamics of the war in Ukraine. Talks will focus on analysing&#13;<br \/>\nthe implementation of measures aimed at strengthening NATO&#8217;s defence and deterrence&#13;<br \/>\nposture, ahead of the decisions to be made at the NATO Summit in Vilnius. The&#13;<br \/>\nparticipants will also look at ways to continue supporting Ukraine. Another&#13;<br \/>\nmajor topic of the meeting is the analysis of member and partner states&#8217;&#13;<br \/>\nparticipation in EU missions and operations.<\/p>\n<p><\/p>\n<p>&#13;<br \/>\n&#13;<\/p>\n<p>INDEPENDENCE Romania celebrates its&#13;<br \/>\nNational Independence Day today. On May 10, 1877, Prince Carol I, who would&#13;<br \/>\nsubsequently become the first king of Romania, signed the country&#8217;s&#13;<br \/>\nProclamation of Independence from the Ottoman Empire. The document had been&#13;<br \/>\nread in Parliament the day before by the foreign minister Mihail Kog\u0103lniceanu, and&#13;<br \/>\nendorsed by Parliament&#8217;s two chambers. The occasion is celebrated in Bucharest&#13;<br \/>\nwith a ceremony at the Heroes Monument in front of the National Defence&#13;<br \/>\nUniversity, while military and religious ceremonies are also held in cities&#13;<br \/>\nacross the country. <\/p>\n<p><\/p>\n<p>&#13;<br \/>\n&#13;<\/p>\n<p>EUROPE In a message on Europe Day, celebrated on May&#13;<br \/>\n9, president Klaus Iohannis said Romania is a mature and responsible member&#13;<br \/>\nstate, with a solid and credible European profile, recognised and appreciated&#13;<br \/>\nby our partners. In turn, PM Nicolae Ciuc\u0103 said Romania is part of the&#13;<br \/>\nsolution to the security challenges that the EU is facing, and that now is the&#13;<br \/>\ntime for Romania to be acknowledged as a full Schengen member.<\/p>\n<p><\/p>\n<p>&#13;<br \/>\n&#13;<br \/>\n&#13;<br \/>\n&#13;<\/p>\n<p>TRANSPORT The European Commission for&#13;<br \/>\nTransport, Adina V\u0103lean, is in Romania today and tomorrow, to hand over to&#13;<br \/>\nRomanian beneficiaries 2 grants for military mobility, in Constanta, in the presence of the&#13;<br \/>\nRomanian transport minister Sorin Grindeanu, the European Commission announced.&#13;<br \/>\nThe two projects concern the design and building of the Ungheni bridge and&#13;<br \/>\nupgrading the railway infrastructure in the port of Constan\u0163a, a critical&#13;<br \/>\nelement of the EU &#8211; Ukraine solidarity lanes. (AMP)<\/p><\/p>\n","protected":false},"excerpt":{"rendered":"<p>Click here for a roundup of local and world news<\/p>\n","protected":false},"author":113,"featured_media":105208,"comment_status":"closed","ping_status":"closed","sticky":false,"template":"","format":"standard","meta":{"_acf_changed":false,"footnotes":""},"categories":[22],"tags":[37590,30296,29621,28904,29874,32644,29745,35292,30320,34602,29437,29090,30843,32397,29295],"coauthors":[],"class_list":["post-106647","post","type-post","status-publish","format-standard","has-post-thumbnail","hentry","category-newsflash","tag-committees","tag-day","tag-defence","tag-education","tag-europe","tag-independence","tag-korea","tag-meetings","tag-military","tag-mobility","tag-protest","tag-strike","tag-transport","tag-unions","tag-visit"],"acf":[],"yoast_head":"<!-- This site is optimized with the Yoast SEO plugin v27.3 - https:\/\/yoast.com\/product\/yoast-seo-wordpress\/ -->\n<title>May 10, 2023 - Radio Romania International<\/title>\n<meta name=\"robots\" content=\"index, follow, max-snippet:-1, max-image-preview:large, max-video-preview:-1\" \/>\n<link rel=\"canonical\" href=\"https:\/\/www.rri.ro\/en\/news-and-current-affairs\/newsflash\/may-10-2023-id106647.html\" \/>\n<meta property=\"og:locale\" content=\"en_US\" \/>\n<meta property=\"og:type\" content=\"article\" \/>\n<meta property=\"og:title\" content=\"May 10, 2023 - Radio Romania International\" \/>\n<meta property=\"og:description\" content=\"Click here for a roundup of local and world news\" \/>\n<meta property=\"og:url\" content=\"https:\/\/www.rri.ro\/en\/news-and-current-affairs\/newsflash\/may-10-2023-id106647.html\" \/>\n<meta property=\"og:site_name\" content=\"Radio Romania International\" \/>\n<meta property=\"article:published_time\" content=\"2023-05-10T10:55:00+00:00\" \/>\n<meta property=\"article:modified_time\" content=\"2024-02-15T19:16:36+00:00\" \/>\n<meta property=\"og:image\" content=\"https:\/\/www.rri.ro\/wp-content\/uploads\/2023\/10\/stiri-engleza-alb.png\" \/>\n\t<meta property=\"og:image:width\" content=\"640\" \/>\n\t<meta property=\"og:image:height\" content=\"480\" \/>\n\t<meta property=\"og:image:type\" content=\"image\/png\" \/>\n<meta name=\"author\" content=\"Newsroom\" \/>\n<meta name=\"twitter:card\" content=\"summary_large_image\" \/>\n<meta name=\"twitter:label1\" content=\"Written by\" \/>\n\t<meta name=\"twitter:data1\" content=\"Newsroom\" \/>\n\t<meta name=\"twitter:label2\" content=\"Est. reading time\" \/>\n\t<meta name=\"twitter:data2\" content=\"3 minutes\" \/>\n<script type=\"application\/ld+json\" class=\"yoast-schema-graph\">{\"@context\":\"https:\\\/\\\/schema.org\",\"@graph\":[{\"@type\":\"Article\",\"@id\":\"https:\\\/\\\/www.rri.ro\\\/en\\\/news-and-current-affairs\\\/newsflash\\\/may-10-2023-id106647.html#article\",\"isPartOf\":{\"@id\":\"https:\\\/\\\/www.rri.ro\\\/en\\\/news-and-current-affairs\\\/newsflash\\\/may-10-2023-id106647.html\"},\"author\":{\"name\":\"Newsroom\",\"@id\":\"https:\\\/\\\/www.rri.ro\\\/#\\\/schema\\\/person\\\/4a479940371b9fdefd194f561e8a7f88\"},\"headline\":\"May 10, 2023\",\"datePublished\":\"2023-05-10T10:55:00+00:00\",\"dateModified\":\"2024-02-15T19:16:36+00:00\",\"mainEntityOfPage\":{\"@id\":\"https:\\\/\\\/www.rri.ro\\\/en\\\/news-and-current-affairs\\\/newsflash\\\/may-10-2023-id106647.html\"},\"wordCount\":539,\"image\":{\"@id\":\"https:\\\/\\\/www.rri.ro\\\/en\\\/news-and-current-affairs\\\/newsflash\\\/may-10-2023-id106647.html#primaryimage\"},\"thumbnailUrl\":\"https:\\\/\\\/www.rri.ro\\\/wp-content\\\/uploads\\\/2023\\\/10\\\/stiri-engleza-alb.png\",\"keywords\":[\"committees\",\"Day\",\"defence\",\"education\",\"Europe\",\"independence\",\"Korea\",\"meetings\",\"military\",\"mobility\",\"protest\",\"strike\",\"transport\",\"unions\",\"visit\"],\"articleSection\":[\"Newsflash\"],\"inLanguage\":\"en-US\"},{\"@type\":\"WebPage\",\"@id\":\"https:\\\/\\\/www.rri.ro\\\/en\\\/news-and-current-affairs\\\/newsflash\\\/may-10-2023-id106647.html\",\"url\":\"https:\\\/\\\/www.rri.ro\\\/en\\\/news-and-current-affairs\\\/newsflash\\\/may-10-2023-id106647.html\",\"name\":\"May 10, 2023 - Radio Romania International\",\"isPartOf\":{\"@id\":\"https:\\\/\\\/www.rri.ro\\\/#website\"},\"primaryImageOfPage\":{\"@id\":\"https:\\\/\\\/www.rri.ro\\\/en\\\/news-and-current-affairs\\\/newsflash\\\/may-10-2023-id106647.html#primaryimage\"},\"image\":{\"@id\":\"https:\\\/\\\/www.rri.ro\\\/en\\\/news-and-current-affairs\\\/newsflash\\\/may-10-2023-id106647.html#primaryimage\"},\"thumbnailUrl\":\"https:\\\/\\\/www.rri.ro\\\/wp-content\\\/uploads\\\/2023\\\/10\\\/stiri-engleza-alb.png\",\"datePublished\":\"2023-05-10T10:55:00+00:00\",\"dateModified\":\"2024-02-15T19:16:36+00:00\",\"author\":{\"@id\":\"https:\\\/\\\/www.rri.ro\\\/#\\\/schema\\\/person\\\/4a479940371b9fdefd194f561e8a7f88\"},\"breadcrumb\":{\"@id\":\"https:\\\/\\\/www.rri.ro\\\/en\\\/news-and-current-affairs\\\/newsflash\\\/may-10-2023-id106647.html#breadcrumb\"},\"inLanguage\":\"en-US\",\"potentialAction\":[{\"@type\":\"ReadAction\",\"target\":[\"https:\\\/\\\/www.rri.ro\\\/en\\\/news-and-current-affairs\\\/newsflash\\\/may-10-2023-id106647.html\"]}]},{\"@type\":\"ImageObject\",\"inLanguage\":\"en-US\",\"@id\":\"https:\\\/\\\/www.rri.ro\\\/en\\\/news-and-current-affairs\\\/newsflash\\\/may-10-2023-id106647.html#primaryimage\",\"url\":\"https:\\\/\\\/www.rri.ro\\\/wp-content\\\/uploads\\\/2023\\\/10\\\/stiri-engleza-alb.png\",\"contentUrl\":\"https:\\\/\\\/www.rri.ro\\\/wp-content\\\/uploads\\\/2023\\\/10\\\/stiri-engleza-alb.png\",\"width\":640,\"height\":480,\"caption\":\"Newsflash\"},{\"@type\":\"BreadcrumbList\",\"@id\":\"https:\\\/\\\/www.rri.ro\\\/en\\\/news-and-current-affairs\\\/newsflash\\\/may-10-2023-id106647.html#breadcrumb\",\"itemListElement\":[{\"@type\":\"ListItem\",\"position\":1,\"name\":\"Homepage\",\"item\":\"https:\\\/\\\/www.rri.ro\\\/en\"},{\"@type\":\"ListItem\",\"position\":2,\"name\":\"News and Current Affairs\",\"item\":\"https:\\\/\\\/www.rri.ro\\\/en\\\/news-and-current-affairs\"},{\"@type\":\"ListItem\",\"position\":3,\"name\":\"Newsflash\",\"item\":\"https:\\\/\\\/www.rri.ro\\\/en\\\/news-and-current-affairs\\\/newsflash\"},{\"@type\":\"ListItem\",\"position\":4,\"name\":\"May 10, 2023\"}]},{\"@type\":\"WebSite\",\"@id\":\"https:\\\/\\\/www.rri.ro\\\/#website\",\"url\":\"https:\\\/\\\/www.rri.ro\\\/\",\"name\":\"Radio Romania International\",\"description\":\"Totul despre Rom\u00e2nia \u015fi rom\u00e2ni, \u00een 13 limbi\\\/dialecte!\",\"inLanguage\":\"en-US\"},{\"@type\":\"Person\",\"@id\":\"https:\\\/\\\/www.rri.ro\\\/#\\\/schema\\\/person\\\/4a479940371b9fdefd194f561e8a7f88\",\"name\":\"Newsroom\",\"url\":\"https:\\\/\\\/www.rri.ro\\\/en\\\/author\\\/newsroom\"}]}<\/script>\n<!-- \/ Yoast SEO plugin. -->","yoast_head_json":{"title":"May 10, 2023 - Radio Romania International","robots":{"index":"index","follow":"follow","max-snippet":"max-snippet:-1","max-image-preview":"max-image-preview:large","max-video-preview":"max-video-preview:-1"},"canonical":"https:\/\/www.rri.ro\/en\/news-and-current-affairs\/newsflash\/may-10-2023-id106647.html","og_locale":"en_US","og_type":"article","og_title":"May 10, 2023 - Radio Romania International","og_description":"Click here for a roundup of local and world news","og_url":"https:\/\/www.rri.ro\/en\/news-and-current-affairs\/newsflash\/may-10-2023-id106647.html","og_site_name":"Radio Romania International","article_published_time":"2023-05-10T10:55:00+00:00","article_modified_time":"2024-02-15T19:16:36+00:00","og_image":[{"width":640,"height":480,"url":"https:\/\/www.rri.ro\/wp-content\/uploads\/2023\/10\/stiri-engleza-alb.png","type":"image\/png"}],"author":"Newsroom","twitter_card":"summary_large_image","twitter_misc":{"Written by":"Newsroom","Est. reading time":"3 minutes"},"schema":{"@context":"https:\/\/schema.org","@graph":[{"@type":"Article","@id":"https:\/\/www.rri.ro\/en\/news-and-current-affairs\/newsflash\/may-10-2023-id106647.html#article","isPartOf":{"@id":"https:\/\/www.rri.ro\/en\/news-and-current-affairs\/newsflash\/may-10-2023-id106647.html"},"author":{"name":"Newsroom","@id":"https:\/\/www.rri.ro\/#\/schema\/person\/4a479940371b9fdefd194f561e8a7f88"},"headline":"May 10, 2023","datePublished":"2023-05-10T10:55:00+00:00","dateModified":"2024-02-15T19:16:36+00:00","mainEntityOfPage":{"@id":"https:\/\/www.rri.ro\/en\/news-and-current-affairs\/newsflash\/may-10-2023-id106647.html"},"wordCount":539,"image":{"@id":"https:\/\/www.rri.ro\/en\/news-and-current-affairs\/newsflash\/may-10-2023-id106647.html#primaryimage"},"thumbnailUrl":"https:\/\/www.rri.ro\/wp-content\/uploads\/2023\/10\/stiri-engleza-alb.png","keywords":["committees","Day","defence","education","Europe","independence","Korea","meetings","military","mobility","protest","strike","transport","unions","visit"],"articleSection":["Newsflash"],"inLanguage":"en-US"},{"@type":"WebPage","@id":"https:\/\/www.rri.ro\/en\/news-and-current-affairs\/newsflash\/may-10-2023-id106647.html","url":"https:\/\/www.rri.ro\/en\/news-and-current-affairs\/newsflash\/may-10-2023-id106647.html","name":"May 10, 2023 - Radio Romania International","isPartOf":{"@id":"https:\/\/www.rri.ro\/#website"},"primaryImageOfPage":{"@id":"https:\/\/www.rri.ro\/en\/news-and-current-affairs\/newsflash\/may-10-2023-id106647.html#primaryimage"},"image":{"@id":"https:\/\/www.rri.ro\/en\/news-and-current-affairs\/newsflash\/may-10-2023-id106647.html#primaryimage"},"thumbnailUrl":"https:\/\/www.rri.ro\/wp-content\/uploads\/2023\/10\/stiri-engleza-alb.png","datePublished":"2023-05-10T10:55:00+00:00","dateModified":"2024-02-15T19:16:36+00:00","author":{"@id":"https:\/\/www.rri.ro\/#\/schema\/person\/4a479940371b9fdefd194f561e8a7f88"},"breadcrumb":{"@id":"https:\/\/www.rri.ro\/en\/news-and-current-affairs\/newsflash\/may-10-2023-id106647.html#breadcrumb"},"inLanguage":"en-US","potentialAction":[{"@type":"ReadAction","target":["https:\/\/www.rri.ro\/en\/news-and-current-affairs\/newsflash\/may-10-2023-id106647.html"]}]},{"@type":"ImageObject","inLanguage":"en-US","@id":"https:\/\/www.rri.ro\/en\/news-and-current-affairs\/newsflash\/may-10-2023-id106647.html#primaryimage","url":"https:\/\/www.rri.ro\/wp-content\/uploads\/2023\/10\/stiri-engleza-alb.png","contentUrl":"https:\/\/www.rri.ro\/wp-content\/uploads\/2023\/10\/stiri-engleza-alb.png","width":640,"height":480,"caption":"Newsflash"},{"@type":"BreadcrumbList","@id":"https:\/\/www.rri.ro\/en\/news-and-current-affairs\/newsflash\/may-10-2023-id106647.html#breadcrumb","itemListElement":[{"@type":"ListItem","position":1,"name":"Homepage","item":"https:\/\/www.rri.ro\/en"},{"@type":"ListItem","position":2,"name":"News and Current Affairs","item":"https:\/\/www.rri.ro\/en\/news-and-current-affairs"},{"@type":"ListItem","position":3,"name":"Newsflash","item":"https:\/\/www.rri.ro\/en\/news-and-current-affairs\/newsflash"},{"@type":"ListItem","position":4,"name":"May 10, 2023"}]},{"@type":"WebSite","@id":"https:\/\/www.rri.ro\/#website","url":"https:\/\/www.rri.ro\/","name":"Radio Romania International","description":"Totul despre Rom\u00e2nia \u015fi rom\u00e2ni, \u00een 13 limbi\/dialecte!","inLanguage":"en-US"},{"@type":"Person","@id":"https:\/\/www.rri.ro\/#\/schema\/person\/4a479940371b9fdefd194f561e8a7f88","name":"Newsroom","url":"https:\/\/www.rri.ro\/en\/author\/newsroom"}]}},"_links":{"self":[{"href":"https:\/\/www.rri.ro\/en\/wp-json\/wp\/v2\/posts\/106647","targetHints":{"allow":["GET"]}}],"collection":[{"href":"https:\/\/www.rri.ro\/en\/wp-json\/wp\/v2\/posts"}],"about":[{"href":"https:\/\/www.rri.ro\/en\/wp-json\/wp\/v2\/types\/post"}],"author":[{"embeddable":true,"href":"https:\/\/www.rri.ro\/en\/wp-json\/wp\/v2\/users\/113"}],"replies":[{"embeddable":true,"href":"https:\/\/www.rri.ro\/en\/wp-json\/wp\/v2\/comments?post=106647"}],"version-history":[{"count":0,"href":"https:\/\/www.rri.ro\/en\/wp-json\/wp\/v2\/posts\/106647\/revisions"}],"wp:featuredmedia":[{"embeddable":true,"href":"https:\/\/www.rri.ro\/en\/wp-json\/wp\/v2\/media\/105208"}],"wp:attachment":[{"href":"https:\/\/www.rri.ro\/en\/wp-json\/wp\/v2\/media?parent=106647"}],"wp:term":[{"taxonomy":"category","embeddable":true,"href":"https:\/\/www.rri.ro\/en\/wp-json\/wp\/v2\/categories?post=106647"},{"taxonomy":"post_tag","embeddable":true,"href":"https:\/\/www.rri.ro\/en\/wp-json\/wp\/v2\/tags?post=106647"},{"taxonomy":"author","embeddable":true,"href":"https:\/\/www.rri.ro\/en\/wp-json\/wp\/v2\/coauthors?post=106647"}],"curies":[{"name":"wp","href":"https:\/\/api.w.org\/{rel}","templated":true}]}}