{"id":106661,"date":"2023-05-17T13:55:00","date_gmt":"2023-05-17T10:55:00","guid":{"rendered":"http:\/\/devrri.freshlemon.ro\/news-and-current-affairs\/newsflash\/may-17-2023-106661.html"},"modified":"2024-02-15T21:16:47","modified_gmt":"2024-02-15T19:16:47","slug":"may-17-2023","status":"publish","type":"post","link":"https:\/\/www.rri.ro\/en\/news-and-current-affairs\/newsflash\/may-17-2023-id106661.html","title":{"rendered":"May 17, 2023"},"content":{"rendered":"<p>&#13;<br \/>\n&#13;\n<\/p>\n<p><strong class=cms-bold>Strike.<\/strong> In Romania, education employees have organized a two-hour&#13;<br \/>\nwarning strike today. The unions have announced that the protest was one leg in&#13;<br \/>\nthe labor conflict triggered by the low wages and the lack of investments in&#13;<br \/>\nthe field. They are threatening to start an all-out strike on Monday, May 22.&#13;<br \/>\nThe line minister Ligia Deca and the trade union leaders have announced, after&#13;<br \/>\nthe talks they&#8217;ve had today, that the first meeting of the commission&#13;<br \/>\nestablished to negotiate a new collective employment agreement in education&#13;<br \/>\nwill take place on Thursday <\/p>\n<p><\/p>\n<p>&#13;<br \/>\n&#13;<br \/>\n&#13;<br \/>\n&#13;<br \/>\n&#13;<br \/>\n&#13;<br \/>\n<strong class=cms-bold>Diplomacy.<\/strong> Romania is deeply committed to combating any form of extremism and hate speech at home and anywhere in the world and supports all European projects dedicated to combating anti-Semitism. The statement was made this morning by Prime Minister Nicolae Ciuc\u0103, at \u200b\u200bthe solemn joint session of the Romanian Parliament marking 75 years of uninterrupted diplomatic relations between Romania and the State of Israel. Israel is one of Romania&#8217;s strongest and most important partners in the Middle East, but also the state with which we have an increasingly strengthened economic relationship. I think, however, that the potential of commercial exchanges is much higher, said Nicolae Ciuca. Present at the meeting in Bucharest, the Speaker of the Israeli Parliament, Amir Ohana, stated that Romania was one of the first countries to recognize the State of Israel and took important steps to commemorate the Holocaust, which demonstrates its commitment to combatting anti-Semitism. According to Amir Ohana, the ties between Romania and Israel are better than ever.&#13;<br \/>\n&#13;<br \/>\n&#13;<br \/>\n&#13;<\/p>\n<p><\/p>\n<p>&#13;<br \/>\n&#13;<\/p>\n<p><strong class=cms-bold>Government.<\/strong> The&#13;<br \/>\nSocial Democratic Party and the National Liberal Party, the major partners in&#13;<br \/>\nthe governing coalition in Romania, have established, in separate meetings, the&#13;<br \/>\nnegotiation conditions for the rotation of prime ministers. The current Prime&#13;<br \/>\nMinister, Nicolae Ciuca, says he will announce his resignation on May 26th,&#13;<br \/>\nwhich will trigger the resignation of the entire Government. The procedures for&#13;<br \/>\nthe appointment of the Government headed by the Social Democratic leader Marcel&#13;<br \/>\nCiolacu will start right after that. The Liberals want a reduction of the&#13;<br \/>\nnumber of state secretaries and undersecretaries, while preserving the protocol&#13;<br \/>\non which the governing coalition is based. The Social Democrats want lesser&#13;<br \/>\nministries, but also a lesser number of state secretaries and agencies. <\/p>\n<p><\/p>\n<p>&#13;<br \/>\n&#13;<br \/>\n&#13;<br \/>\n&#13;<br \/>\n&#13;<br \/>\n&#13;<\/p>\n<p><strong class=cms-bold>Council of&#13;<br \/>\nEurope.<\/strong> At the Council of Europe Summit in Reykjavik, Iceland, President Klaus&#13;<br \/>\nIohannis chaired, on Tuesday evening, together with the Prime Minister of&#13;<br \/>\nLuxembourg, Xavier Bettel, the round table Protecting democracy in trying&#13;<br \/>\ntimes &#8211; risks, resilience and re-engagement. Klaus Iohannis stated that,&#13;<br \/>\nthrough its illegal aggression against Ukraine, Russia flagrantly violated international&#13;<br \/>\nlaw and seriously threatened the democratic system. He pointed out that this&#13;<br \/>\ncrisis, the most serious since the end of the Second World War, strengthened&#13;<br \/>\nthe unity and determination of the world democracies to defend their democratic&#13;<br \/>\nway of life, by uniting in support of Ukraine and its citizens and in support&#13;<br \/>\nof all those who fight for freedom, democracy, and against intimidation,&#13;<br \/>\nauthoritarianism and tyranny. Today, on the second day of the Council of Europe&#13;<br \/>\nSummit, President Klaus Iohannis will reiterate Romania&#8217;s commitment to the&#13;<br \/>\nsystem of the European Convention on Human Rights and highlight the role that&#13;<br \/>\nthe Council of Europe has played in the 30 years of the country&#8217;s membership of&#13;<br \/>\nthe organization to the consolidation of a stable and mature democracy.<\/p>\n<p>&#13;<br \/>\n&#13;<br \/>\n&#13;<br \/>\n&#13;<br \/>\n<br \/><strong class=cms-bold>&#13;<br \/>\nVacation.<\/strong> Almost 80% of Romanians will choose European destinations this summer, and more than half of them are willing to spend no more than 300 euros for plane tickets. In fact, the plane remains the preferred means of transport for Romanians to travel this summer &#8211; according to a study published today. The criteria underlying the choice of the holiday destination are to find favorable prices for plane tickets (over 44%), to be a destination they have not been to before (about 38%) and to arrive quickly, with a direct flight (16% ). More than half of Romanians want more city breaks, while 40 out of 100 opt for an extended vacation.<\/p>\n<p><\/p>\n<p> &#13;<br \/>\n&#13;<br \/>\n&#13;<br \/>\n&#13;<br \/>\n<br \/><strong class=cms-bold>Concert. <\/strong>The  European Union Youth Orchestra performs today in Timisoara, as part of the Earth 4 All tour that started in Poland. After the concert in Romania, the orchestra will perform in Serbia, North Macedonia, Kosovo and Greece. According to the conductor of the orchestra, Daniel Rowland, this tour reaches six important Eastern European cities, all with complex and often painful, dramatic histories. Timisoara is the place where the anti-communist revolution in Romania began in 1989. Moreover,  this year, the city in the west of the country is a European Capital of Culture. (MI)<\/p>\n","protected":false},"excerpt":{"rendered":"<p>A roundup of domestic and international news<\/p>\n","protected":false},"author":113,"featured_media":105194,"comment_status":"closed","ping_status":"closed","sticky":false,"template":"","format":"standard","meta":{"_acf_changed":false,"footnotes":""},"categories":[22],"tags":[37601,36565,29568],"coauthors":[],"class_list":["post-106661","post","type-post","status-publish","format-standard","has-post-thumbnail","hentry","category-newsflash","tag-council-of-europe-summit","tag-prime-minister-nicolae-ciuca","tag-romanian-president-klaus-iohannis"],"acf":[],"yoast_head":"<!-- This site is optimized with the Yoast SEO plugin v27.3 - https:\/\/yoast.com\/product\/yoast-seo-wordpress\/ -->\n<title>May 17, 2023 - Radio Romania International<\/title>\n<meta name=\"robots\" content=\"index, follow, max-snippet:-1, max-image-preview:large, max-video-preview:-1\" \/>\n<link rel=\"canonical\" href=\"https:\/\/www.rri.ro\/en\/news-and-current-affairs\/newsflash\/may-17-2023-id106661.html\" \/>\n<meta property=\"og:locale\" content=\"en_US\" \/>\n<meta property=\"og:type\" content=\"article\" \/>\n<meta property=\"og:title\" content=\"May 17, 2023 - Radio Romania International\" \/>\n<meta property=\"og:description\" content=\"A roundup of domestic and international news\" \/>\n<meta property=\"og:url\" content=\"https:\/\/www.rri.ro\/en\/news-and-current-affairs\/newsflash\/may-17-2023-id106661.html\" \/>\n<meta property=\"og:site_name\" content=\"Radio Romania International\" \/>\n<meta property=\"article:published_time\" content=\"2023-05-17T10:55:00+00:00\" \/>\n<meta property=\"article:modified_time\" content=\"2024-02-15T19:16:47+00:00\" \/>\n<meta property=\"og:image\" content=\"https:\/\/www.rri.ro\/wp-content\/uploads\/2023\/10\/stiri-engleza-bleu.png\" \/>\n\t<meta property=\"og:image:width\" content=\"640\" \/>\n\t<meta property=\"og:image:height\" content=\"480\" \/>\n\t<meta property=\"og:image:type\" content=\"image\/png\" \/>\n<meta name=\"author\" content=\"Newsroom\" \/>\n<meta name=\"twitter:card\" content=\"summary_large_image\" \/>\n<meta name=\"twitter:label1\" content=\"Written by\" \/>\n\t<meta name=\"twitter:data1\" content=\"Newsroom\" \/>\n\t<meta name=\"twitter:label2\" content=\"Est. reading time\" \/>\n\t<meta name=\"twitter:data2\" content=\"4 minutes\" \/>\n<script type=\"application\/ld+json\" class=\"yoast-schema-graph\">{\"@context\":\"https:\\\/\\\/schema.org\",\"@graph\":[{\"@type\":\"Article\",\"@id\":\"https:\\\/\\\/www.rri.ro\\\/en\\\/news-and-current-affairs\\\/newsflash\\\/may-17-2023-id106661.html#article\",\"isPartOf\":{\"@id\":\"https:\\\/\\\/www.rri.ro\\\/en\\\/news-and-current-affairs\\\/newsflash\\\/may-17-2023-id106661.html\"},\"author\":{\"name\":\"Newsroom\",\"@id\":\"https:\\\/\\\/www.rri.ro\\\/#\\\/schema\\\/person\\\/4a479940371b9fdefd194f561e8a7f88\"},\"headline\":\"May 17, 2023\",\"datePublished\":\"2023-05-17T10:55:00+00:00\",\"dateModified\":\"2024-02-15T19:16:47+00:00\",\"mainEntityOfPage\":{\"@id\":\"https:\\\/\\\/www.rri.ro\\\/en\\\/news-and-current-affairs\\\/newsflash\\\/may-17-2023-id106661.html\"},\"wordCount\":751,\"image\":{\"@id\":\"https:\\\/\\\/www.rri.ro\\\/en\\\/news-and-current-affairs\\\/newsflash\\\/may-17-2023-id106661.html#primaryimage\"},\"thumbnailUrl\":\"https:\\\/\\\/www.rri.ro\\\/wp-content\\\/uploads\\\/2023\\\/10\\\/stiri-engleza-bleu.png\",\"keywords\":[\"Council of Europe Summit\",\"Prime Minister Nicolae Ciuc\u0103\",\"Romanian President Klaus Iohannis\"],\"articleSection\":[\"Newsflash\"],\"inLanguage\":\"en-US\"},{\"@type\":\"WebPage\",\"@id\":\"https:\\\/\\\/www.rri.ro\\\/en\\\/news-and-current-affairs\\\/newsflash\\\/may-17-2023-id106661.html\",\"url\":\"https:\\\/\\\/www.rri.ro\\\/en\\\/news-and-current-affairs\\\/newsflash\\\/may-17-2023-id106661.html\",\"name\":\"May 17, 2023 - Radio Romania International\",\"isPartOf\":{\"@id\":\"https:\\\/\\\/www.rri.ro\\\/#website\"},\"primaryImageOfPage\":{\"@id\":\"https:\\\/\\\/www.rri.ro\\\/en\\\/news-and-current-affairs\\\/newsflash\\\/may-17-2023-id106661.html#primaryimage\"},\"image\":{\"@id\":\"https:\\\/\\\/www.rri.ro\\\/en\\\/news-and-current-affairs\\\/newsflash\\\/may-17-2023-id106661.html#primaryimage\"},\"thumbnailUrl\":\"https:\\\/\\\/www.rri.ro\\\/wp-content\\\/uploads\\\/2023\\\/10\\\/stiri-engleza-bleu.png\",\"datePublished\":\"2023-05-17T10:55:00+00:00\",\"dateModified\":\"2024-02-15T19:16:47+00:00\",\"author\":{\"@id\":\"https:\\\/\\\/www.rri.ro\\\/#\\\/schema\\\/person\\\/4a479940371b9fdefd194f561e8a7f88\"},\"breadcrumb\":{\"@id\":\"https:\\\/\\\/www.rri.ro\\\/en\\\/news-and-current-affairs\\\/newsflash\\\/may-17-2023-id106661.html#breadcrumb\"},\"inLanguage\":\"en-US\",\"potentialAction\":[{\"@type\":\"ReadAction\",\"target\":[\"https:\\\/\\\/www.rri.ro\\\/en\\\/news-and-current-affairs\\\/newsflash\\\/may-17-2023-id106661.html\"]}]},{\"@type\":\"ImageObject\",\"inLanguage\":\"en-US\",\"@id\":\"https:\\\/\\\/www.rri.ro\\\/en\\\/news-and-current-affairs\\\/newsflash\\\/may-17-2023-id106661.html#primaryimage\",\"url\":\"https:\\\/\\\/www.rri.ro\\\/wp-content\\\/uploads\\\/2023\\\/10\\\/stiri-engleza-bleu.png\",\"contentUrl\":\"https:\\\/\\\/www.rri.ro\\\/wp-content\\\/uploads\\\/2023\\\/10\\\/stiri-engleza-bleu.png\",\"width\":640,\"height\":480,\"caption\":\"NEWSFLASH\"},{\"@type\":\"BreadcrumbList\",\"@id\":\"https:\\\/\\\/www.rri.ro\\\/en\\\/news-and-current-affairs\\\/newsflash\\\/may-17-2023-id106661.html#breadcrumb\",\"itemListElement\":[{\"@type\":\"ListItem\",\"position\":1,\"name\":\"Homepage\",\"item\":\"https:\\\/\\\/www.rri.ro\\\/en\"},{\"@type\":\"ListItem\",\"position\":2,\"name\":\"News and Current Affairs\",\"item\":\"https:\\\/\\\/www.rri.ro\\\/en\\\/news-and-current-affairs\"},{\"@type\":\"ListItem\",\"position\":3,\"name\":\"Newsflash\",\"item\":\"https:\\\/\\\/www.rri.ro\\\/en\\\/news-and-current-affairs\\\/newsflash\"},{\"@type\":\"ListItem\",\"position\":4,\"name\":\"May 17, 2023\"}]},{\"@type\":\"WebSite\",\"@id\":\"https:\\\/\\\/www.rri.ro\\\/#website\",\"url\":\"https:\\\/\\\/www.rri.ro\\\/\",\"name\":\"Radio Romania International\",\"description\":\"Totul despre Rom\u00e2nia \u015fi rom\u00e2ni, \u00een 13 limbi\\\/dialecte!\",\"inLanguage\":\"en-US\"},{\"@type\":\"Person\",\"@id\":\"https:\\\/\\\/www.rri.ro\\\/#\\\/schema\\\/person\\\/4a479940371b9fdefd194f561e8a7f88\",\"name\":\"Newsroom\",\"url\":\"https:\\\/\\\/www.rri.ro\\\/en\\\/author\\\/newsroom\"}]}<\/script>\n<!-- \/ Yoast SEO plugin. -->","yoast_head_json":{"title":"May 17, 2023 - Radio Romania International","robots":{"index":"index","follow":"follow","max-snippet":"max-snippet:-1","max-image-preview":"max-image-preview:large","max-video-preview":"max-video-preview:-1"},"canonical":"https:\/\/www.rri.ro\/en\/news-and-current-affairs\/newsflash\/may-17-2023-id106661.html","og_locale":"en_US","og_type":"article","og_title":"May 17, 2023 - Radio Romania International","og_description":"A roundup of domestic and international news","og_url":"https:\/\/www.rri.ro\/en\/news-and-current-affairs\/newsflash\/may-17-2023-id106661.html","og_site_name":"Radio Romania International","article_published_time":"2023-05-17T10:55:00+00:00","article_modified_time":"2024-02-15T19:16:47+00:00","og_image":[{"width":640,"height":480,"url":"https:\/\/www.rri.ro\/wp-content\/uploads\/2023\/10\/stiri-engleza-bleu.png","type":"image\/png"}],"author":"Newsroom","twitter_card":"summary_large_image","twitter_misc":{"Written by":"Newsroom","Est. reading time":"4 minutes"},"schema":{"@context":"https:\/\/schema.org","@graph":[{"@type":"Article","@id":"https:\/\/www.rri.ro\/en\/news-and-current-affairs\/newsflash\/may-17-2023-id106661.html#article","isPartOf":{"@id":"https:\/\/www.rri.ro\/en\/news-and-current-affairs\/newsflash\/may-17-2023-id106661.html"},"author":{"name":"Newsroom","@id":"https:\/\/www.rri.ro\/#\/schema\/person\/4a479940371b9fdefd194f561e8a7f88"},"headline":"May 17, 2023","datePublished":"2023-05-17T10:55:00+00:00","dateModified":"2024-02-15T19:16:47+00:00","mainEntityOfPage":{"@id":"https:\/\/www.rri.ro\/en\/news-and-current-affairs\/newsflash\/may-17-2023-id106661.html"},"wordCount":751,"image":{"@id":"https:\/\/www.rri.ro\/en\/news-and-current-affairs\/newsflash\/may-17-2023-id106661.html#primaryimage"},"thumbnailUrl":"https:\/\/www.rri.ro\/wp-content\/uploads\/2023\/10\/stiri-engleza-bleu.png","keywords":["Council of Europe Summit","Prime Minister Nicolae Ciuc\u0103","Romanian President Klaus Iohannis"],"articleSection":["Newsflash"],"inLanguage":"en-US"},{"@type":"WebPage","@id":"https:\/\/www.rri.ro\/en\/news-and-current-affairs\/newsflash\/may-17-2023-id106661.html","url":"https:\/\/www.rri.ro\/en\/news-and-current-affairs\/newsflash\/may-17-2023-id106661.html","name":"May 17, 2023 - Radio Romania International","isPartOf":{"@id":"https:\/\/www.rri.ro\/#website"},"primaryImageOfPage":{"@id":"https:\/\/www.rri.ro\/en\/news-and-current-affairs\/newsflash\/may-17-2023-id106661.html#primaryimage"},"image":{"@id":"https:\/\/www.rri.ro\/en\/news-and-current-affairs\/newsflash\/may-17-2023-id106661.html#primaryimage"},"thumbnailUrl":"https:\/\/www.rri.ro\/wp-content\/uploads\/2023\/10\/stiri-engleza-bleu.png","datePublished":"2023-05-17T10:55:00+00:00","dateModified":"2024-02-15T19:16:47+00:00","author":{"@id":"https:\/\/www.rri.ro\/#\/schema\/person\/4a479940371b9fdefd194f561e8a7f88"},"breadcrumb":{"@id":"https:\/\/www.rri.ro\/en\/news-and-current-affairs\/newsflash\/may-17-2023-id106661.html#breadcrumb"},"inLanguage":"en-US","potentialAction":[{"@type":"ReadAction","target":["https:\/\/www.rri.ro\/en\/news-and-current-affairs\/newsflash\/may-17-2023-id106661.html"]}]},{"@type":"ImageObject","inLanguage":"en-US","@id":"https:\/\/www.rri.ro\/en\/news-and-current-affairs\/newsflash\/may-17-2023-id106661.html#primaryimage","url":"https:\/\/www.rri.ro\/wp-content\/uploads\/2023\/10\/stiri-engleza-bleu.png","contentUrl":"https:\/\/www.rri.ro\/wp-content\/uploads\/2023\/10\/stiri-engleza-bleu.png","width":640,"height":480,"caption":"NEWSFLASH"},{"@type":"BreadcrumbList","@id":"https:\/\/www.rri.ro\/en\/news-and-current-affairs\/newsflash\/may-17-2023-id106661.html#breadcrumb","itemListElement":[{"@type":"ListItem","position":1,"name":"Homepage","item":"https:\/\/www.rri.ro\/en"},{"@type":"ListItem","position":2,"name":"News and Current Affairs","item":"https:\/\/www.rri.ro\/en\/news-and-current-affairs"},{"@type":"ListItem","position":3,"name":"Newsflash","item":"https:\/\/www.rri.ro\/en\/news-and-current-affairs\/newsflash"},{"@type":"ListItem","position":4,"name":"May 17, 2023"}]},{"@type":"WebSite","@id":"https:\/\/www.rri.ro\/#website","url":"https:\/\/www.rri.ro\/","name":"Radio Romania International","description":"Totul despre Rom\u00e2nia \u015fi rom\u00e2ni, \u00een 13 limbi\/dialecte!","inLanguage":"en-US"},{"@type":"Person","@id":"https:\/\/www.rri.ro\/#\/schema\/person\/4a479940371b9fdefd194f561e8a7f88","name":"Newsroom","url":"https:\/\/www.rri.ro\/en\/author\/newsroom"}]}},"_links":{"self":[{"href":"https:\/\/www.rri.ro\/en\/wp-json\/wp\/v2\/posts\/106661","targetHints":{"allow":["GET"]}}],"collection":[{"href":"https:\/\/www.rri.ro\/en\/wp-json\/wp\/v2\/posts"}],"about":[{"href":"https:\/\/www.rri.ro\/en\/wp-json\/wp\/v2\/types\/post"}],"author":[{"embeddable":true,"href":"https:\/\/www.rri.ro\/en\/wp-json\/wp\/v2\/users\/113"}],"replies":[{"embeddable":true,"href":"https:\/\/www.rri.ro\/en\/wp-json\/wp\/v2\/comments?post=106661"}],"version-history":[{"count":0,"href":"https:\/\/www.rri.ro\/en\/wp-json\/wp\/v2\/posts\/106661\/revisions"}],"wp:featuredmedia":[{"embeddable":true,"href":"https:\/\/www.rri.ro\/en\/wp-json\/wp\/v2\/media\/105194"}],"wp:attachment":[{"href":"https:\/\/www.rri.ro\/en\/wp-json\/wp\/v2\/media?parent=106661"}],"wp:term":[{"taxonomy":"category","embeddable":true,"href":"https:\/\/www.rri.ro\/en\/wp-json\/wp\/v2\/categories?post=106661"},{"taxonomy":"post_tag","embeddable":true,"href":"https:\/\/www.rri.ro\/en\/wp-json\/wp\/v2\/tags?post=106661"},{"taxonomy":"author","embeddable":true,"href":"https:\/\/www.rri.ro\/en\/wp-json\/wp\/v2\/coauthors?post=106661"}],"curies":[{"name":"wp","href":"https:\/\/api.w.org\/{rel}","templated":true}]}}