{"id":106718,"date":"2023-06-14T20:00:00","date_gmt":"2023-06-14T17:00:00","guid":{"rendered":"http:\/\/devrri.freshlemon.ro\/news-and-current-affairs\/newsflash\/june-14-2023-update-106718.html"},"modified":"2024-02-15T21:17:31","modified_gmt":"2024-02-15T19:17:31","slug":"june-14-2023-update","status":"publish","type":"post","link":"https:\/\/www.rri.ro\/en\/news-and-current-affairs\/newsflash\/june-14-2023-update-id106718.html","title":{"rendered":"June 14, 2023 UPDATE"},"content":{"rendered":"<p><p>GOVERNMENT &#8211; All designated&#13;<br \/>\nmembers of the Ciolacu Cabinet have been greenlit by Parliament&#8217;s special&#13;<br \/>\ncommittees. The PSD-PNL coalition, in addition to representatives of national&#13;<br \/>\nminorities other than Hungarian, said they have the numbers to vote in the new&#13;<br \/>\ngovernment, after UDMR withdrew from the ruling coalition. Finance Minister&#13;<br \/>\ndesignate Marcel Bolo\u0219 said the introduction of new taxes is out of the&#13;<br \/>\nquestion, while the Interior Minister designate C\u0103t\u0103lin Predoiu, pointed out&#13;<br \/>\nhis number one priority is Romania&#8217;s Schengen Accession. In committee hearings,&#13;<br \/>\nLabor Minister designate Marius Bud\u0103i gave assurances that the retirement age&#13;<br \/>\nwill be increased to 65 years for all categories of workers with the exception&#13;<br \/>\nof magistrates, who will retire at 60. In turn, Defense Minister designate&#13;<br \/>\nAngel T\u00eelv\u0103r referred to the priorities of the Defense Ministry, arguing that&#13;<br \/>\nthe Black Sea is an area of increased importance where Romania should become a pillar&#13;<br \/>\nof regional security. Marcel Ciolacu and his cabinet will appear before&#13;<br \/>\nParliament&#8217;s plenary session on Thursday to seek the vote of investiture. From&#13;<br \/>\nthe opposition, USR and AUR said they would vote against, in addition to a&#13;<br \/>\nnumber of PNL and PSD MPs who expressed their disapproval of the new Cabinet.&#13;<br \/>\nUDMR MPs said they would attend the session but would not cast their votes. <\/p>\n<p><\/p>\n<p><\/p>\n<p>&#13;<br \/>\n&#13;<br \/>\n&#13;<br \/>\n&#13;<\/p>\n<p>COMPANIES &#8211; The number of&#13;<br \/>\ncompanies with foreign capital newly established in Romania increased in the&#13;<br \/>\nfirst four months of the year by 4.6%, compared to the similar period in 2022,&#13;<br \/>\naccording to data centralized by the National Trade Registry Office (ONRC). The&#13;<br \/>\nfigure represents some 2,300 new companies that had a total subscribed capital&#13;<br \/>\nof about 8.5 million dollars. According to the National Trade Registry, at the&#13;<br \/>\nend of April 2023, in Romania there were over 246 thousand companies with&#13;<br \/>\nforeign participation in the share capital, with a subscribed capital value of&#13;<br \/>\nabout 68 billion dollars. The largest number of companies with foreign&#13;<br \/>\nparticipation is with investors from Italy, but the highest value of the social&#13;<br \/>\ncapital belongs to Dutch companies.<\/p>\n<p><\/p>\n<p><\/p>\n<p>&#13;<br \/>\n&#13;<br \/>\n&#13;<br \/>\n&#13;<\/p>\n<p>POVERTY -&#13;<br \/>\nNearly 35% of Romanians were last year exposed to poverty and social exclusion,&#13;<br \/>\naccounting for the largest share among EU member states, the Eurostat reports.&#13;<br \/>\nAccording to the report, the average at EU level stood at 22% in 2022, the same&#13;<br \/>\nas in 2021. Romania is followed by Bulgaria, Greece and Spain. Countries with&#13;<br \/>\nthe lowest poverty risk levels are the Czech Republic, Slovenia and Poland. At&#13;<br \/>\nthe same time, data shows that the risk of poverty and social exclusion is&#13;<br \/>\nhigher for women compared to men in the EU. <\/p>\n<p><\/p>\n<p><\/p>\n<p>&#13;<br \/>\n&#13;<br \/>\n&#13;<br \/>\n&#13;<\/p>\n<p>AI &#8211; MEPs on&#13;<br \/>\nWednesday adopted Parliament&#8217;s negotiation position on the AI Act and have&#13;<br \/>\ngiven the go ahead for talks for ensuring safe and transparent artificial&#13;<br \/>\nintelligence. According to the European Parliament, the regulations are&#13;<br \/>\ndesigned to make sure that AI systems used in the EU are safe, transparent,&#13;<br \/>\ntraceable, non-discriminatory and environmentally friendly. The new rules establish obligations for providers and&#13;<br \/>\nusers depending on the level of risk from artificial intelligence. Therefore,&#13;<br \/>\nsystems with an unacceptable risk considered a threat to people, such as those&#13;<br \/>\nclassifying people based on behavior, socio-economic status or personal&#13;<br \/>\ncharacteristics, gender, race, ethnicity, citizenship, religion or political&#13;<br \/>\norientation, are expected to be banned. MEPs will ban systems that recognize&#13;<br \/>\nemotions in workplaces or education institutions, in law enforcement or in the&#13;<br \/>\nfield of border security. Last but not least, MEPs want to consolidate&#13;<br \/>\ncitizens&#8217; right to file complaints regarding AI systems with a high degree of&#13;<br \/>\nrisk and have updated the role of the AI Office of the EU, which will be tasked&#13;<br \/>\nwith monitoring the application of the regulation framework. <\/p>\n<p><\/p>\n<p><\/p>\n<p>&#13;<br \/>\n&#13;<br \/>\n&#13;<br \/>\n&#13;<\/p>\n<p>EUROPOL &#8211; The threat of terrorist&#13;<br \/>\nattacks and disinformation campaigns remains high in Europe, the Europol claims&#13;<br \/>\nin its annual report published on Wednesday in the Hague. Europol also states&#13;<br \/>\nthat the biggest threat is represented by jihadist terrorist cells, although&#13;<br \/>\nleft-wing or right-wing extremists are also likely to increase their terrorist&#13;<br \/>\nactivity. 28 terrorist attacks took place in 2022 in the EU, killing four&#13;<br \/>\npeople. The head of Europol, Catherine De Bolle, said that fighting terrorism&#13;<br \/>\nremains a priority, arguing that right now lone wolf attackers remain the&#13;<br \/>\nbiggest threat. The war in Ukraine also affects public security, first and&#13;<br \/>\nforemost due to disinformation campaigns run by pro-Russian groups, which could&#13;<br \/>\npolarize society and fuel terrorist and extremist violence, the Europol also&#13;<br \/>\nstates. (MI &#038; VP)<\/p>\n<p><\/p>\n","protected":false},"excerpt":{"rendered":"<p>A roundup of domestic and international news<\/p>\n","protected":false},"author":113,"featured_media":105208,"comment_status":"closed","ping_status":"closed","sticky":false,"template":"","format":"standard","meta":{"_acf_changed":false,"footnotes":""},"categories":[22],"tags":[37677,37675,37678,31399,37676],"coauthors":[],"class_list":["post-106718","post","type-post","status-publish","format-standard","has-post-thumbnail","hentry","category-newsflash","tag-ai-act","tag-companies-with-foreign-capital","tag-europol-report","tag-new-cabinet","tag-risks-of-poverty-and-social-exclusion"],"acf":[],"yoast_head":"<!-- This site is optimized with the Yoast SEO plugin v27.3 - https:\/\/yoast.com\/product\/yoast-seo-wordpress\/ -->\n<title>June 14, 2023 UPDATE - Radio Romania International<\/title>\n<meta name=\"robots\" content=\"index, follow, max-snippet:-1, max-image-preview:large, max-video-preview:-1\" \/>\n<link rel=\"canonical\" href=\"https:\/\/www.rri.ro\/en\/news-and-current-affairs\/newsflash\/june-14-2023-update-id106718.html\" \/>\n<meta property=\"og:locale\" content=\"en_US\" \/>\n<meta property=\"og:type\" content=\"article\" \/>\n<meta property=\"og:title\" content=\"June 14, 2023 UPDATE - Radio Romania International\" \/>\n<meta property=\"og:description\" content=\"A roundup of domestic and international news\" \/>\n<meta property=\"og:url\" content=\"https:\/\/www.rri.ro\/en\/news-and-current-affairs\/newsflash\/june-14-2023-update-id106718.html\" \/>\n<meta property=\"og:site_name\" content=\"Radio Romania International\" \/>\n<meta property=\"article:published_time\" content=\"2023-06-14T17:00:00+00:00\" \/>\n<meta property=\"article:modified_time\" content=\"2024-02-15T19:17:31+00:00\" \/>\n<meta property=\"og:image\" content=\"https:\/\/www.rri.ro\/wp-content\/uploads\/2023\/10\/stiri-engleza-alb.png\" \/>\n\t<meta property=\"og:image:width\" content=\"640\" \/>\n\t<meta property=\"og:image:height\" content=\"480\" \/>\n\t<meta property=\"og:image:type\" content=\"image\/png\" \/>\n<meta name=\"author\" content=\"Newsroom\" \/>\n<meta name=\"twitter:card\" content=\"summary_large_image\" \/>\n<meta name=\"twitter:label1\" content=\"Written by\" \/>\n\t<meta name=\"twitter:data1\" content=\"Newsroom\" \/>\n\t<meta name=\"twitter:label2\" content=\"Est. reading time\" \/>\n\t<meta name=\"twitter:data2\" content=\"4 minutes\" \/>\n<script type=\"application\/ld+json\" class=\"yoast-schema-graph\">{\"@context\":\"https:\\\/\\\/schema.org\",\"@graph\":[{\"@type\":\"Article\",\"@id\":\"https:\\\/\\\/www.rri.ro\\\/en\\\/news-and-current-affairs\\\/newsflash\\\/june-14-2023-update-id106718.html#article\",\"isPartOf\":{\"@id\":\"https:\\\/\\\/www.rri.ro\\\/en\\\/news-and-current-affairs\\\/newsflash\\\/june-14-2023-update-id106718.html\"},\"author\":{\"name\":\"Newsroom\",\"@id\":\"https:\\\/\\\/www.rri.ro\\\/#\\\/schema\\\/person\\\/4a479940371b9fdefd194f561e8a7f88\"},\"headline\":\"June 14, 2023 UPDATE\",\"datePublished\":\"2023-06-14T17:00:00+00:00\",\"dateModified\":\"2024-02-15T19:17:31+00:00\",\"mainEntityOfPage\":{\"@id\":\"https:\\\/\\\/www.rri.ro\\\/en\\\/news-and-current-affairs\\\/newsflash\\\/june-14-2023-update-id106718.html\"},\"wordCount\":726,\"image\":{\"@id\":\"https:\\\/\\\/www.rri.ro\\\/en\\\/news-and-current-affairs\\\/newsflash\\\/june-14-2023-update-id106718.html#primaryimage\"},\"thumbnailUrl\":\"https:\\\/\\\/www.rri.ro\\\/wp-content\\\/uploads\\\/2023\\\/10\\\/stiri-engleza-alb.png\",\"keywords\":[\"AI Act\",\"companies with foreign capital\",\"Europol report\",\"new cabinet\",\"risks of poverty and social exclusion\"],\"articleSection\":[\"Newsflash\"],\"inLanguage\":\"en-US\"},{\"@type\":\"WebPage\",\"@id\":\"https:\\\/\\\/www.rri.ro\\\/en\\\/news-and-current-affairs\\\/newsflash\\\/june-14-2023-update-id106718.html\",\"url\":\"https:\\\/\\\/www.rri.ro\\\/en\\\/news-and-current-affairs\\\/newsflash\\\/june-14-2023-update-id106718.html\",\"name\":\"June 14, 2023 UPDATE - Radio Romania International\",\"isPartOf\":{\"@id\":\"https:\\\/\\\/www.rri.ro\\\/#website\"},\"primaryImageOfPage\":{\"@id\":\"https:\\\/\\\/www.rri.ro\\\/en\\\/news-and-current-affairs\\\/newsflash\\\/june-14-2023-update-id106718.html#primaryimage\"},\"image\":{\"@id\":\"https:\\\/\\\/www.rri.ro\\\/en\\\/news-and-current-affairs\\\/newsflash\\\/june-14-2023-update-id106718.html#primaryimage\"},\"thumbnailUrl\":\"https:\\\/\\\/www.rri.ro\\\/wp-content\\\/uploads\\\/2023\\\/10\\\/stiri-engleza-alb.png\",\"datePublished\":\"2023-06-14T17:00:00+00:00\",\"dateModified\":\"2024-02-15T19:17:31+00:00\",\"author\":{\"@id\":\"https:\\\/\\\/www.rri.ro\\\/#\\\/schema\\\/person\\\/4a479940371b9fdefd194f561e8a7f88\"},\"breadcrumb\":{\"@id\":\"https:\\\/\\\/www.rri.ro\\\/en\\\/news-and-current-affairs\\\/newsflash\\\/june-14-2023-update-id106718.html#breadcrumb\"},\"inLanguage\":\"en-US\",\"potentialAction\":[{\"@type\":\"ReadAction\",\"target\":[\"https:\\\/\\\/www.rri.ro\\\/en\\\/news-and-current-affairs\\\/newsflash\\\/june-14-2023-update-id106718.html\"]}]},{\"@type\":\"ImageObject\",\"inLanguage\":\"en-US\",\"@id\":\"https:\\\/\\\/www.rri.ro\\\/en\\\/news-and-current-affairs\\\/newsflash\\\/june-14-2023-update-id106718.html#primaryimage\",\"url\":\"https:\\\/\\\/www.rri.ro\\\/wp-content\\\/uploads\\\/2023\\\/10\\\/stiri-engleza-alb.png\",\"contentUrl\":\"https:\\\/\\\/www.rri.ro\\\/wp-content\\\/uploads\\\/2023\\\/10\\\/stiri-engleza-alb.png\",\"width\":640,\"height\":480,\"caption\":\"Newsflash\"},{\"@type\":\"BreadcrumbList\",\"@id\":\"https:\\\/\\\/www.rri.ro\\\/en\\\/news-and-current-affairs\\\/newsflash\\\/june-14-2023-update-id106718.html#breadcrumb\",\"itemListElement\":[{\"@type\":\"ListItem\",\"position\":1,\"name\":\"Homepage\",\"item\":\"https:\\\/\\\/www.rri.ro\\\/en\"},{\"@type\":\"ListItem\",\"position\":2,\"name\":\"News and Current Affairs\",\"item\":\"https:\\\/\\\/www.rri.ro\\\/en\\\/news-and-current-affairs\"},{\"@type\":\"ListItem\",\"position\":3,\"name\":\"Newsflash\",\"item\":\"https:\\\/\\\/www.rri.ro\\\/en\\\/news-and-current-affairs\\\/newsflash\"},{\"@type\":\"ListItem\",\"position\":4,\"name\":\"June 14, 2023 UPDATE\"}]},{\"@type\":\"WebSite\",\"@id\":\"https:\\\/\\\/www.rri.ro\\\/#website\",\"url\":\"https:\\\/\\\/www.rri.ro\\\/\",\"name\":\"Radio Romania International\",\"description\":\"Totul despre Rom\u00e2nia \u015fi rom\u00e2ni, \u00een 13 limbi\\\/dialecte!\",\"inLanguage\":\"en-US\"},{\"@type\":\"Person\",\"@id\":\"https:\\\/\\\/www.rri.ro\\\/#\\\/schema\\\/person\\\/4a479940371b9fdefd194f561e8a7f88\",\"name\":\"Newsroom\",\"url\":\"https:\\\/\\\/www.rri.ro\\\/en\\\/author\\\/newsroom\"}]}<\/script>\n<!-- \/ Yoast SEO plugin. -->","yoast_head_json":{"title":"June 14, 2023 UPDATE - Radio Romania International","robots":{"index":"index","follow":"follow","max-snippet":"max-snippet:-1","max-image-preview":"max-image-preview:large","max-video-preview":"max-video-preview:-1"},"canonical":"https:\/\/www.rri.ro\/en\/news-and-current-affairs\/newsflash\/june-14-2023-update-id106718.html","og_locale":"en_US","og_type":"article","og_title":"June 14, 2023 UPDATE - Radio Romania International","og_description":"A roundup of domestic and international news","og_url":"https:\/\/www.rri.ro\/en\/news-and-current-affairs\/newsflash\/june-14-2023-update-id106718.html","og_site_name":"Radio Romania International","article_published_time":"2023-06-14T17:00:00+00:00","article_modified_time":"2024-02-15T19:17:31+00:00","og_image":[{"width":640,"height":480,"url":"https:\/\/www.rri.ro\/wp-content\/uploads\/2023\/10\/stiri-engleza-alb.png","type":"image\/png"}],"author":"Newsroom","twitter_card":"summary_large_image","twitter_misc":{"Written by":"Newsroom","Est. reading time":"4 minutes"},"schema":{"@context":"https:\/\/schema.org","@graph":[{"@type":"Article","@id":"https:\/\/www.rri.ro\/en\/news-and-current-affairs\/newsflash\/june-14-2023-update-id106718.html#article","isPartOf":{"@id":"https:\/\/www.rri.ro\/en\/news-and-current-affairs\/newsflash\/june-14-2023-update-id106718.html"},"author":{"name":"Newsroom","@id":"https:\/\/www.rri.ro\/#\/schema\/person\/4a479940371b9fdefd194f561e8a7f88"},"headline":"June 14, 2023 UPDATE","datePublished":"2023-06-14T17:00:00+00:00","dateModified":"2024-02-15T19:17:31+00:00","mainEntityOfPage":{"@id":"https:\/\/www.rri.ro\/en\/news-and-current-affairs\/newsflash\/june-14-2023-update-id106718.html"},"wordCount":726,"image":{"@id":"https:\/\/www.rri.ro\/en\/news-and-current-affairs\/newsflash\/june-14-2023-update-id106718.html#primaryimage"},"thumbnailUrl":"https:\/\/www.rri.ro\/wp-content\/uploads\/2023\/10\/stiri-engleza-alb.png","keywords":["AI Act","companies with foreign capital","Europol report","new cabinet","risks of poverty and social exclusion"],"articleSection":["Newsflash"],"inLanguage":"en-US"},{"@type":"WebPage","@id":"https:\/\/www.rri.ro\/en\/news-and-current-affairs\/newsflash\/june-14-2023-update-id106718.html","url":"https:\/\/www.rri.ro\/en\/news-and-current-affairs\/newsflash\/june-14-2023-update-id106718.html","name":"June 14, 2023 UPDATE - Radio Romania International","isPartOf":{"@id":"https:\/\/www.rri.ro\/#website"},"primaryImageOfPage":{"@id":"https:\/\/www.rri.ro\/en\/news-and-current-affairs\/newsflash\/june-14-2023-update-id106718.html#primaryimage"},"image":{"@id":"https:\/\/www.rri.ro\/en\/news-and-current-affairs\/newsflash\/june-14-2023-update-id106718.html#primaryimage"},"thumbnailUrl":"https:\/\/www.rri.ro\/wp-content\/uploads\/2023\/10\/stiri-engleza-alb.png","datePublished":"2023-06-14T17:00:00+00:00","dateModified":"2024-02-15T19:17:31+00:00","author":{"@id":"https:\/\/www.rri.ro\/#\/schema\/person\/4a479940371b9fdefd194f561e8a7f88"},"breadcrumb":{"@id":"https:\/\/www.rri.ro\/en\/news-and-current-affairs\/newsflash\/june-14-2023-update-id106718.html#breadcrumb"},"inLanguage":"en-US","potentialAction":[{"@type":"ReadAction","target":["https:\/\/www.rri.ro\/en\/news-and-current-affairs\/newsflash\/june-14-2023-update-id106718.html"]}]},{"@type":"ImageObject","inLanguage":"en-US","@id":"https:\/\/www.rri.ro\/en\/news-and-current-affairs\/newsflash\/june-14-2023-update-id106718.html#primaryimage","url":"https:\/\/www.rri.ro\/wp-content\/uploads\/2023\/10\/stiri-engleza-alb.png","contentUrl":"https:\/\/www.rri.ro\/wp-content\/uploads\/2023\/10\/stiri-engleza-alb.png","width":640,"height":480,"caption":"Newsflash"},{"@type":"BreadcrumbList","@id":"https:\/\/www.rri.ro\/en\/news-and-current-affairs\/newsflash\/june-14-2023-update-id106718.html#breadcrumb","itemListElement":[{"@type":"ListItem","position":1,"name":"Homepage","item":"https:\/\/www.rri.ro\/en"},{"@type":"ListItem","position":2,"name":"News and Current Affairs","item":"https:\/\/www.rri.ro\/en\/news-and-current-affairs"},{"@type":"ListItem","position":3,"name":"Newsflash","item":"https:\/\/www.rri.ro\/en\/news-and-current-affairs\/newsflash"},{"@type":"ListItem","position":4,"name":"June 14, 2023 UPDATE"}]},{"@type":"WebSite","@id":"https:\/\/www.rri.ro\/#website","url":"https:\/\/www.rri.ro\/","name":"Radio Romania International","description":"Totul despre Rom\u00e2nia \u015fi rom\u00e2ni, \u00een 13 limbi\/dialecte!","inLanguage":"en-US"},{"@type":"Person","@id":"https:\/\/www.rri.ro\/#\/schema\/person\/4a479940371b9fdefd194f561e8a7f88","name":"Newsroom","url":"https:\/\/www.rri.ro\/en\/author\/newsroom"}]}},"_links":{"self":[{"href":"https:\/\/www.rri.ro\/en\/wp-json\/wp\/v2\/posts\/106718","targetHints":{"allow":["GET"]}}],"collection":[{"href":"https:\/\/www.rri.ro\/en\/wp-json\/wp\/v2\/posts"}],"about":[{"href":"https:\/\/www.rri.ro\/en\/wp-json\/wp\/v2\/types\/post"}],"author":[{"embeddable":true,"href":"https:\/\/www.rri.ro\/en\/wp-json\/wp\/v2\/users\/113"}],"replies":[{"embeddable":true,"href":"https:\/\/www.rri.ro\/en\/wp-json\/wp\/v2\/comments?post=106718"}],"version-history":[{"count":0,"href":"https:\/\/www.rri.ro\/en\/wp-json\/wp\/v2\/posts\/106718\/revisions"}],"wp:featuredmedia":[{"embeddable":true,"href":"https:\/\/www.rri.ro\/en\/wp-json\/wp\/v2\/media\/105208"}],"wp:attachment":[{"href":"https:\/\/www.rri.ro\/en\/wp-json\/wp\/v2\/media?parent=106718"}],"wp:term":[{"taxonomy":"category","embeddable":true,"href":"https:\/\/www.rri.ro\/en\/wp-json\/wp\/v2\/categories?post=106718"},{"taxonomy":"post_tag","embeddable":true,"href":"https:\/\/www.rri.ro\/en\/wp-json\/wp\/v2\/tags?post=106718"},{"taxonomy":"author","embeddable":true,"href":"https:\/\/www.rri.ro\/en\/wp-json\/wp\/v2\/coauthors?post=106718"}],"curies":[{"name":"wp","href":"https:\/\/api.w.org\/{rel}","templated":true}]}}