{"id":114126,"date":"2022-12-20T13:45:00","date_gmt":"2022-12-20T11:45:00","guid":{"rendered":"http:\/\/devrri.freshlemon.ro\/news-and-current-affairs\/newsflash\/athlete-of-the-week-18-114126.html"},"modified":"2024-02-19T10:32:11","modified_gmt":"2024-02-19T08:32:11","slug":"athlete-of-the-week-18","status":"publish","type":"post","link":"https:\/\/www.rri.ro\/en\/news-and-current-affairs\/sport\/athlete-of-the-week-18-id114126.html","title":{"rendered":"Athlete of the Week"},"content":{"rendered":"<p>The FINA World Swimming Championships also known Short Course Worlds came to an end on Sunday, in Melbourne, Australia. Romania was represented by three athletes: David Popovici, in the freestyle speed competitions, in which he holds several world titles, Robert Glin\u021ba, a former European champion in the 100 meter backstroke event, and Andrei Anghel, one of the most promising swimmers of the young generation. Popovici had the best performance, winning the silver medal in the 200 meter freestyle, which is why Radio Romania International designated him the Athlete of the Week.<\/p>\n<p>&#13;<br \/>\n&#13;<\/p>\n<p>&#13;<br \/>\n&#13;<\/p>\n<p>In Melbourne, David Popovicis stated goal was to qualify for a final. In the 400 meter freestyle competition, he did not pass the heats. He made up for it in the 100m freestyle, where he qualified for the final, in which he finished 4th, setting a new junior world record. In the 200 meter freestyle he did even better. He finished second behind Koreas Sunwoo Hwang, who had an excellent day and set a new competition record.<\/p>\n<p>&#13;<br \/>\n&#13;<\/p>\n<p>&#13;<br \/>\n&#13;<\/p>\n<p>David Popovici was born in Bucharest, on September 15, 2004. He stood out in the junior competitions last year, when, at the European Championships in Rome, he won the 200m, 100m and 50m freestyle competitions, in the last one also setting a world junior record. He later broke world junior records in both the 100m and 200m freestyle events. He qualified for the Tokyo Olympics, where he ranked fourth in the 200m freestyle event at a difference of two hundredths of a second from the 3rd placed swimmer. In the senior competitions, he won his first major title in November 2021 when, in Kazan, Russia, he became the European champion in the 200m freestyle event. In June, at the World Swimming Championships in Budapest, he won the 100m and 200m freestyle competitions. At the European Championships in Rome, he broke the world record in the 100m freestyle event, and in the 200 meters he recorded the best time in a textile swimsuit in the history of the event. (LS)<\/p>\n<p>&#13;<\/p>\n","protected":false},"excerpt":{"rendered":"<p>Swimmer David Popovici<\/p>\n","protected":false},"author":93,"featured_media":123161,"comment_status":"closed","ping_status":"closed","sticky":false,"template":"","format":"standard","meta":{"_acf_changed":false,"footnotes":""},"categories":[40940],"tags":[160787,36441,33028,36542],"coauthors":[],"class_list":["post-114126","post","type-post","status-publish","format-standard","has-post-thumbnail","hentry","category-sport","tag-australia-en","tag-david-popovici","tag-melbourne","tag-swimming"],"acf":[],"yoast_head":"<!-- This site is optimized with the Yoast SEO plugin v27.3 - https:\/\/yoast.com\/product\/yoast-seo-wordpress\/ -->\n<title>Athlete of the Week - Radio Romania International<\/title>\n<meta name=\"robots\" content=\"index, follow, max-snippet:-1, max-image-preview:large, max-video-preview:-1\" \/>\n<link rel=\"canonical\" href=\"https:\/\/www.rri.ro\/en\/news-and-current-affairs\/sport\/athlete-of-the-week-18-id114126.html\" \/>\n<meta property=\"og:locale\" content=\"en_US\" \/>\n<meta property=\"og:type\" content=\"article\" \/>\n<meta property=\"og:title\" content=\"Athlete of the Week - Radio Romania International\" \/>\n<meta property=\"og:description\" content=\"Swimmer David Popovici\" \/>\n<meta property=\"og:url\" content=\"https:\/\/www.rri.ro\/en\/news-and-current-affairs\/sport\/athlete-of-the-week-18-id114126.html\" \/>\n<meta property=\"og:site_name\" content=\"Radio Romania International\" \/>\n<meta property=\"article:published_time\" content=\"2022-12-20T11:45:00+00:00\" \/>\n<meta property=\"article:modified_time\" content=\"2024-02-19T08:32:11+00:00\" \/>\n<meta property=\"og:image\" content=\"https:\/\/www.rri.ro\/wp-content\/uploads\/2023\/10\/david-popovici-dec22-agerpres.jpg\" \/>\n\t<meta property=\"og:image:width\" content=\"640\" \/>\n\t<meta property=\"og:image:height\" content=\"426\" \/>\n\t<meta property=\"og:image:type\" content=\"image\/jpeg\" \/>\n<meta name=\"author\" content=\"Florin Orban\" \/>\n<meta name=\"twitter:card\" content=\"summary_large_image\" \/>\n<meta name=\"twitter:label1\" content=\"Written by\" \/>\n\t<meta name=\"twitter:data1\" content=\"Florin Orban\" \/>\n\t<meta name=\"twitter:label2\" content=\"Est. reading time\" \/>\n\t<meta name=\"twitter:data2\" content=\"2 minutes\" \/>\n<script type=\"application\/ld+json\" class=\"yoast-schema-graph\">{\"@context\":\"https:\\\/\\\/schema.org\",\"@graph\":[{\"@type\":\"Article\",\"@id\":\"https:\\\/\\\/www.rri.ro\\\/en\\\/news-and-current-affairs\\\/sport\\\/athlete-of-the-week-18-id114126.html#article\",\"isPartOf\":{\"@id\":\"https:\\\/\\\/www.rri.ro\\\/en\\\/news-and-current-affairs\\\/sport\\\/athlete-of-the-week-18-id114126.html\"},\"author\":{\"name\":\"Florin Orban\",\"@id\":\"https:\\\/\\\/www.rri.ro\\\/#\\\/schema\\\/person\\\/69677d14c8796101e5d809074fc06fde\"},\"headline\":\"Athlete of the Week\",\"datePublished\":\"2022-12-20T11:45:00+00:00\",\"dateModified\":\"2024-02-19T08:32:11+00:00\",\"mainEntityOfPage\":{\"@id\":\"https:\\\/\\\/www.rri.ro\\\/en\\\/news-and-current-affairs\\\/sport\\\/athlete-of-the-week-18-id114126.html\"},\"wordCount\":334,\"image\":{\"@id\":\"https:\\\/\\\/www.rri.ro\\\/en\\\/news-and-current-affairs\\\/sport\\\/athlete-of-the-week-18-id114126.html#primaryimage\"},\"thumbnailUrl\":\"https:\\\/\\\/www.rri.ro\\\/wp-content\\\/uploads\\\/2023\\\/10\\\/david-popovici-dec22-agerpres.jpg\",\"keywords\":[\"Australia\",\"David Popovici\",\"Melbourne\",\"swimming\"],\"articleSection\":[\"Sport\"],\"inLanguage\":\"en-US\"},{\"@type\":\"WebPage\",\"@id\":\"https:\\\/\\\/www.rri.ro\\\/en\\\/news-and-current-affairs\\\/sport\\\/athlete-of-the-week-18-id114126.html\",\"url\":\"https:\\\/\\\/www.rri.ro\\\/en\\\/news-and-current-affairs\\\/sport\\\/athlete-of-the-week-18-id114126.html\",\"name\":\"Athlete of the Week - Radio Romania International\",\"isPartOf\":{\"@id\":\"https:\\\/\\\/www.rri.ro\\\/#website\"},\"primaryImageOfPage\":{\"@id\":\"https:\\\/\\\/www.rri.ro\\\/en\\\/news-and-current-affairs\\\/sport\\\/athlete-of-the-week-18-id114126.html#primaryimage\"},\"image\":{\"@id\":\"https:\\\/\\\/www.rri.ro\\\/en\\\/news-and-current-affairs\\\/sport\\\/athlete-of-the-week-18-id114126.html#primaryimage\"},\"thumbnailUrl\":\"https:\\\/\\\/www.rri.ro\\\/wp-content\\\/uploads\\\/2023\\\/10\\\/david-popovici-dec22-agerpres.jpg\",\"datePublished\":\"2022-12-20T11:45:00+00:00\",\"dateModified\":\"2024-02-19T08:32:11+00:00\",\"author\":{\"@id\":\"https:\\\/\\\/www.rri.ro\\\/#\\\/schema\\\/person\\\/69677d14c8796101e5d809074fc06fde\"},\"breadcrumb\":{\"@id\":\"https:\\\/\\\/www.rri.ro\\\/en\\\/news-and-current-affairs\\\/sport\\\/athlete-of-the-week-18-id114126.html#breadcrumb\"},\"inLanguage\":\"en-US\",\"potentialAction\":[{\"@type\":\"ReadAction\",\"target\":[\"https:\\\/\\\/www.rri.ro\\\/en\\\/news-and-current-affairs\\\/sport\\\/athlete-of-the-week-18-id114126.html\"]}]},{\"@type\":\"ImageObject\",\"inLanguage\":\"en-US\",\"@id\":\"https:\\\/\\\/www.rri.ro\\\/en\\\/news-and-current-affairs\\\/sport\\\/athlete-of-the-week-18-id114126.html#primaryimage\",\"url\":\"https:\\\/\\\/www.rri.ro\\\/wp-content\\\/uploads\\\/2023\\\/10\\\/david-popovici-dec22-agerpres.jpg\",\"contentUrl\":\"https:\\\/\\\/www.rri.ro\\\/wp-content\\\/uploads\\\/2023\\\/10\\\/david-popovici-dec22-agerpres.jpg\",\"width\":640,\"height\":426},{\"@type\":\"BreadcrumbList\",\"@id\":\"https:\\\/\\\/www.rri.ro\\\/en\\\/news-and-current-affairs\\\/sport\\\/athlete-of-the-week-18-id114126.html#breadcrumb\",\"itemListElement\":[{\"@type\":\"ListItem\",\"position\":1,\"name\":\"Homepage\",\"item\":\"https:\\\/\\\/www.rri.ro\\\/en\"},{\"@type\":\"ListItem\",\"position\":2,\"name\":\"News and Current Affairs\",\"item\":\"https:\\\/\\\/www.rri.ro\\\/en\\\/news-and-current-affairs\"},{\"@type\":\"ListItem\",\"position\":3,\"name\":\"Sport\",\"item\":\"https:\\\/\\\/www.rri.ro\\\/en\\\/news-and-current-affairs\\\/sport\"},{\"@type\":\"ListItem\",\"position\":4,\"name\":\"Athlete of the Week\"}]},{\"@type\":\"WebSite\",\"@id\":\"https:\\\/\\\/www.rri.ro\\\/#website\",\"url\":\"https:\\\/\\\/www.rri.ro\\\/\",\"name\":\"Radio Romania International\",\"description\":\"Totul despre Rom\u00e2nia \u015fi rom\u00e2ni, \u00een 13 limbi\\\/dialecte!\",\"inLanguage\":\"en-US\"},{\"@type\":\"Person\",\"@id\":\"https:\\\/\\\/www.rri.ro\\\/#\\\/schema\\\/person\\\/69677d14c8796101e5d809074fc06fde\",\"name\":\"Florin Orban\",\"url\":\"https:\\\/\\\/www.rri.ro\\\/en\\\/author\\\/florin-orban\"}]}<\/script>\n<!-- \/ Yoast SEO plugin. -->","yoast_head_json":{"title":"Athlete of the Week - Radio Romania International","robots":{"index":"index","follow":"follow","max-snippet":"max-snippet:-1","max-image-preview":"max-image-preview:large","max-video-preview":"max-video-preview:-1"},"canonical":"https:\/\/www.rri.ro\/en\/news-and-current-affairs\/sport\/athlete-of-the-week-18-id114126.html","og_locale":"en_US","og_type":"article","og_title":"Athlete of the Week - Radio Romania International","og_description":"Swimmer David Popovici","og_url":"https:\/\/www.rri.ro\/en\/news-and-current-affairs\/sport\/athlete-of-the-week-18-id114126.html","og_site_name":"Radio Romania International","article_published_time":"2022-12-20T11:45:00+00:00","article_modified_time":"2024-02-19T08:32:11+00:00","og_image":[{"width":640,"height":426,"url":"https:\/\/www.rri.ro\/wp-content\/uploads\/2023\/10\/david-popovici-dec22-agerpres.jpg","type":"image\/jpeg"}],"author":"Florin Orban","twitter_card":"summary_large_image","twitter_misc":{"Written by":"Florin Orban","Est. reading time":"2 minutes"},"schema":{"@context":"https:\/\/schema.org","@graph":[{"@type":"Article","@id":"https:\/\/www.rri.ro\/en\/news-and-current-affairs\/sport\/athlete-of-the-week-18-id114126.html#article","isPartOf":{"@id":"https:\/\/www.rri.ro\/en\/news-and-current-affairs\/sport\/athlete-of-the-week-18-id114126.html"},"author":{"name":"Florin Orban","@id":"https:\/\/www.rri.ro\/#\/schema\/person\/69677d14c8796101e5d809074fc06fde"},"headline":"Athlete of the Week","datePublished":"2022-12-20T11:45:00+00:00","dateModified":"2024-02-19T08:32:11+00:00","mainEntityOfPage":{"@id":"https:\/\/www.rri.ro\/en\/news-and-current-affairs\/sport\/athlete-of-the-week-18-id114126.html"},"wordCount":334,"image":{"@id":"https:\/\/www.rri.ro\/en\/news-and-current-affairs\/sport\/athlete-of-the-week-18-id114126.html#primaryimage"},"thumbnailUrl":"https:\/\/www.rri.ro\/wp-content\/uploads\/2023\/10\/david-popovici-dec22-agerpres.jpg","keywords":["Australia","David Popovici","Melbourne","swimming"],"articleSection":["Sport"],"inLanguage":"en-US"},{"@type":"WebPage","@id":"https:\/\/www.rri.ro\/en\/news-and-current-affairs\/sport\/athlete-of-the-week-18-id114126.html","url":"https:\/\/www.rri.ro\/en\/news-and-current-affairs\/sport\/athlete-of-the-week-18-id114126.html","name":"Athlete of the Week - Radio Romania International","isPartOf":{"@id":"https:\/\/www.rri.ro\/#website"},"primaryImageOfPage":{"@id":"https:\/\/www.rri.ro\/en\/news-and-current-affairs\/sport\/athlete-of-the-week-18-id114126.html#primaryimage"},"image":{"@id":"https:\/\/www.rri.ro\/en\/news-and-current-affairs\/sport\/athlete-of-the-week-18-id114126.html#primaryimage"},"thumbnailUrl":"https:\/\/www.rri.ro\/wp-content\/uploads\/2023\/10\/david-popovici-dec22-agerpres.jpg","datePublished":"2022-12-20T11:45:00+00:00","dateModified":"2024-02-19T08:32:11+00:00","author":{"@id":"https:\/\/www.rri.ro\/#\/schema\/person\/69677d14c8796101e5d809074fc06fde"},"breadcrumb":{"@id":"https:\/\/www.rri.ro\/en\/news-and-current-affairs\/sport\/athlete-of-the-week-18-id114126.html#breadcrumb"},"inLanguage":"en-US","potentialAction":[{"@type":"ReadAction","target":["https:\/\/www.rri.ro\/en\/news-and-current-affairs\/sport\/athlete-of-the-week-18-id114126.html"]}]},{"@type":"ImageObject","inLanguage":"en-US","@id":"https:\/\/www.rri.ro\/en\/news-and-current-affairs\/sport\/athlete-of-the-week-18-id114126.html#primaryimage","url":"https:\/\/www.rri.ro\/wp-content\/uploads\/2023\/10\/david-popovici-dec22-agerpres.jpg","contentUrl":"https:\/\/www.rri.ro\/wp-content\/uploads\/2023\/10\/david-popovici-dec22-agerpres.jpg","width":640,"height":426},{"@type":"BreadcrumbList","@id":"https:\/\/www.rri.ro\/en\/news-and-current-affairs\/sport\/athlete-of-the-week-18-id114126.html#breadcrumb","itemListElement":[{"@type":"ListItem","position":1,"name":"Homepage","item":"https:\/\/www.rri.ro\/en"},{"@type":"ListItem","position":2,"name":"News and Current Affairs","item":"https:\/\/www.rri.ro\/en\/news-and-current-affairs"},{"@type":"ListItem","position":3,"name":"Sport","item":"https:\/\/www.rri.ro\/en\/news-and-current-affairs\/sport"},{"@type":"ListItem","position":4,"name":"Athlete of the Week"}]},{"@type":"WebSite","@id":"https:\/\/www.rri.ro\/#website","url":"https:\/\/www.rri.ro\/","name":"Radio Romania International","description":"Totul despre Rom\u00e2nia \u015fi rom\u00e2ni, \u00een 13 limbi\/dialecte!","inLanguage":"en-US"},{"@type":"Person","@id":"https:\/\/www.rri.ro\/#\/schema\/person\/69677d14c8796101e5d809074fc06fde","name":"Florin Orban","url":"https:\/\/www.rri.ro\/en\/author\/florin-orban"}]}},"_links":{"self":[{"href":"https:\/\/www.rri.ro\/en\/wp-json\/wp\/v2\/posts\/114126","targetHints":{"allow":["GET"]}}],"collection":[{"href":"https:\/\/www.rri.ro\/en\/wp-json\/wp\/v2\/posts"}],"about":[{"href":"https:\/\/www.rri.ro\/en\/wp-json\/wp\/v2\/types\/post"}],"author":[{"embeddable":true,"href":"https:\/\/www.rri.ro\/en\/wp-json\/wp\/v2\/users\/93"}],"replies":[{"embeddable":true,"href":"https:\/\/www.rri.ro\/en\/wp-json\/wp\/v2\/comments?post=114126"}],"version-history":[{"count":0,"href":"https:\/\/www.rri.ro\/en\/wp-json\/wp\/v2\/posts\/114126\/revisions"}],"wp:featuredmedia":[{"embeddable":true,"href":"https:\/\/www.rri.ro\/en\/wp-json\/wp\/v2\/media\/123161"}],"wp:attachment":[{"href":"https:\/\/www.rri.ro\/en\/wp-json\/wp\/v2\/media?parent=114126"}],"wp:term":[{"taxonomy":"category","embeddable":true,"href":"https:\/\/www.rri.ro\/en\/wp-json\/wp\/v2\/categories?post=114126"},{"taxonomy":"post_tag","embeddable":true,"href":"https:\/\/www.rri.ro\/en\/wp-json\/wp\/v2\/tags?post=114126"},{"taxonomy":"author","embeddable":true,"href":"https:\/\/www.rri.ro\/en\/wp-json\/wp\/v2\/coauthors?post=114126"}],"curies":[{"name":"wp","href":"https:\/\/api.w.org\/{rel}","templated":true}]}}