{"id":121401,"date":"2020-12-18T13:01:15","date_gmt":"2020-12-18T13:01:15","guid":{"rendered":"http:\/\/devrri.freshlemon.ro\/news-and-current-affairs\/newsflash\/sports-weekend-324-121401.html"},"modified":"2020-12-18T13:01:15","modified_gmt":"2020-12-18T13:01:15","slug":"sports-weekend-324","status":"publish","type":"post","link":"https:\/\/www.rri.ro\/en\/news-and-current-affairs\/sport\/sports-weekend-324-id121401.html","title":{"rendered":"Sports Weekend"},"content":{"rendered":"<p style=margin-left: 40px;>Romania qualified from the first place to the team final of the Womens European Artistic Gymnastics Championships in Mersin, Turkey. At the same time, after Thursdays qualifying competition, Romania will have two representatives in all apparatus finals, except for uneven bars. With Larisa Iordache, Ioana St\u0103nciulescu, Silvia Sfiringu, Antonia Du\u0163a and Daniela Tric\u0103, Romania qualified first with 159.496 points, more than four and half points higher than Ukraine, who qualified second. Qualifying third was Hungary.<\/p>\n<p>&#13;<br \/>\n&#13;<\/p>\n<p style=margin-left: 40px;>\n<p>&#13;<br \/>\n&#13;<\/p>\n<p style=margin-left: 40px;>The team final will be held on Saturday in a 3-up-3-count competition format.  Larisa Iordache<strong>,<\/strong> five-time European gold medalist, posted top scores on beam and floor, the second best mark on bars and third best on vault and qualified to all four individual event finals, to be held on Sunday. <\/p>\n<p>&#13;<br \/>\n&#13;<\/p>\n<p style=margin-left: 40px;>\n<p>&#13;<br \/>\n&#13;<\/p>\n<p style=margin-left: 40px;>Matches counting for the 14th leg of the Romanian First League have been held this week. On Tuesday, Astra Giurgiu defeated Gaz Metan Media\u0219 3-nil, while FC Boto\u0219ani defeated Viitorul Constan\u021ba 2 &#8211; 1. On Wednesday, Poli Ia\u0219i drew nil-all against Academica Clinceni, FC Arge\u0219 drew 2-all against FC Hermannstadt while Chindia T\u00e2rgovi\u0219te defeated FC Voluntari 2-nil. On Thursday, Sepsi Sf\u00e2ntu Gheorghe beat UTA Arad 3-nil, while CFR Cluj defeated Dinamo Bucharest 2-nil. In the last match of the 14th leg on Friday, Universitatea Craiova will be facing FCSB. The matches of the 15th leg, the last one of the regular season round, start on Saturday, with Chindia T\u00e2rgovi\u0219te versus FC Arge\u0219 and Gaz Metan Media\u0219 against Viitorul Constan\u021ba. The derby between CFR Cluj and Universitatea Craiova has been scheduled for Tuesday.<\/p>\n<p>&#13;<br \/>\n&#13;<\/p>\n<p style=margin-left: 40px;>\n<p>&#13;<br \/>\n&#13;<\/p>\n<p style=margin-left: 40px;>\n<p>&#13;<br \/>\n&#13;<\/p>\n<p style=margin-left:73.7pt;>\n<p>&#13;<\/p>\n","protected":false},"excerpt":{"rendered":"<p>The latest from gymnastics and football&#8230;<\/p>\n","protected":false},"author":93,"featured_media":119726,"comment_status":"closed","ping_status":"closed","sticky":false,"template":"","format":"standard","meta":{"_acf_changed":false,"footnotes":""},"categories":[40940],"tags":[29134,29455,29454],"coauthors":[],"class_list":["post-121401","post","type-post","status-publish","format-standard","has-post-thumbnail","hentry","category-sport","tag-football","tag-gymnastics","tag-larisa-iordache"],"acf":[],"yoast_head":"<!-- This site is optimized with the Yoast SEO plugin v27.3 - https:\/\/yoast.com\/product\/yoast-seo-wordpress\/ -->\n<title>Sports Weekend - Radio Romania International<\/title>\n<meta name=\"robots\" content=\"index, follow, max-snippet:-1, max-image-preview:large, max-video-preview:-1\" \/>\n<link rel=\"canonical\" href=\"https:\/\/www.rri.ro\/en\/news-and-current-affairs\/sport\/sports-weekend-324-id121401.html\" \/>\n<meta property=\"og:locale\" content=\"en_US\" \/>\n<meta property=\"og:type\" content=\"article\" \/>\n<meta property=\"og:title\" content=\"Sports Weekend - Radio Romania International\" \/>\n<meta property=\"og:description\" content=\"The latest from gymnastics and football...\" \/>\n<meta property=\"og:url\" content=\"https:\/\/www.rri.ro\/en\/news-and-current-affairs\/sport\/sports-weekend-324-id121401.html\" \/>\n<meta property=\"og:site_name\" content=\"Radio Romania International\" \/>\n<meta property=\"article:published_time\" content=\"2020-12-18T13:01:15+00:00\" \/>\n<meta property=\"og:image\" content=\"https:\/\/www.rri.ro\/wp-content\/uploads\/2023\/10\/colaj-foto-sport-2019.png\" \/>\n\t<meta property=\"og:image:width\" content=\"640\" \/>\n\t<meta property=\"og:image:height\" content=\"480\" \/>\n\t<meta property=\"og:image:type\" content=\"image\/png\" \/>\n<meta name=\"author\" content=\"Florin Orban\" \/>\n<meta name=\"twitter:card\" content=\"summary_large_image\" \/>\n<meta name=\"twitter:label1\" content=\"Written by\" \/>\n\t<meta name=\"twitter:data1\" content=\"Florin Orban\" \/>\n\t<meta name=\"twitter:label2\" content=\"Est. reading time\" \/>\n\t<meta name=\"twitter:data2\" content=\"1 minute\" \/>\n<script type=\"application\/ld+json\" class=\"yoast-schema-graph\">{\"@context\":\"https:\\\/\\\/schema.org\",\"@graph\":[{\"@type\":\"Article\",\"@id\":\"https:\\\/\\\/www.rri.ro\\\/en\\\/news-and-current-affairs\\\/sport\\\/sports-weekend-324-id121401.html#article\",\"isPartOf\":{\"@id\":\"https:\\\/\\\/www.rri.ro\\\/en\\\/news-and-current-affairs\\\/sport\\\/sports-weekend-324-id121401.html\"},\"author\":{\"name\":\"Florin Orban\",\"@id\":\"https:\\\/\\\/www.rri.ro\\\/#\\\/schema\\\/person\\\/69677d14c8796101e5d809074fc06fde\"},\"headline\":\"Sports Weekend\",\"datePublished\":\"2020-12-18T13:01:15+00:00\",\"mainEntityOfPage\":{\"@id\":\"https:\\\/\\\/www.rri.ro\\\/en\\\/news-and-current-affairs\\\/sport\\\/sports-weekend-324-id121401.html\"},\"wordCount\":268,\"image\":{\"@id\":\"https:\\\/\\\/www.rri.ro\\\/en\\\/news-and-current-affairs\\\/sport\\\/sports-weekend-324-id121401.html#primaryimage\"},\"thumbnailUrl\":\"https:\\\/\\\/www.rri.ro\\\/wp-content\\\/uploads\\\/2023\\\/10\\\/colaj-foto-sport-2019.png\",\"keywords\":[\"football\",\"gymnastics\",\"Larisa Iordache\"],\"articleSection\":[\"Sport\"],\"inLanguage\":\"en-US\"},{\"@type\":\"WebPage\",\"@id\":\"https:\\\/\\\/www.rri.ro\\\/en\\\/news-and-current-affairs\\\/sport\\\/sports-weekend-324-id121401.html\",\"url\":\"https:\\\/\\\/www.rri.ro\\\/en\\\/news-and-current-affairs\\\/sport\\\/sports-weekend-324-id121401.html\",\"name\":\"Sports Weekend - Radio Romania International\",\"isPartOf\":{\"@id\":\"https:\\\/\\\/www.rri.ro\\\/#website\"},\"primaryImageOfPage\":{\"@id\":\"https:\\\/\\\/www.rri.ro\\\/en\\\/news-and-current-affairs\\\/sport\\\/sports-weekend-324-id121401.html#primaryimage\"},\"image\":{\"@id\":\"https:\\\/\\\/www.rri.ro\\\/en\\\/news-and-current-affairs\\\/sport\\\/sports-weekend-324-id121401.html#primaryimage\"},\"thumbnailUrl\":\"https:\\\/\\\/www.rri.ro\\\/wp-content\\\/uploads\\\/2023\\\/10\\\/colaj-foto-sport-2019.png\",\"datePublished\":\"2020-12-18T13:01:15+00:00\",\"author\":{\"@id\":\"https:\\\/\\\/www.rri.ro\\\/#\\\/schema\\\/person\\\/69677d14c8796101e5d809074fc06fde\"},\"breadcrumb\":{\"@id\":\"https:\\\/\\\/www.rri.ro\\\/en\\\/news-and-current-affairs\\\/sport\\\/sports-weekend-324-id121401.html#breadcrumb\"},\"inLanguage\":\"en-US\",\"potentialAction\":[{\"@type\":\"ReadAction\",\"target\":[\"https:\\\/\\\/www.rri.ro\\\/en\\\/news-and-current-affairs\\\/sport\\\/sports-weekend-324-id121401.html\"]}]},{\"@type\":\"ImageObject\",\"inLanguage\":\"en-US\",\"@id\":\"https:\\\/\\\/www.rri.ro\\\/en\\\/news-and-current-affairs\\\/sport\\\/sports-weekend-324-id121401.html#primaryimage\",\"url\":\"https:\\\/\\\/www.rri.ro\\\/wp-content\\\/uploads\\\/2023\\\/10\\\/colaj-foto-sport-2019.png\",\"contentUrl\":\"https:\\\/\\\/www.rri.ro\\\/wp-content\\\/uploads\\\/2023\\\/10\\\/colaj-foto-sport-2019.png\",\"width\":640,\"height\":480},{\"@type\":\"BreadcrumbList\",\"@id\":\"https:\\\/\\\/www.rri.ro\\\/en\\\/news-and-current-affairs\\\/sport\\\/sports-weekend-324-id121401.html#breadcrumb\",\"itemListElement\":[{\"@type\":\"ListItem\",\"position\":1,\"name\":\"Homepage\",\"item\":\"https:\\\/\\\/www.rri.ro\\\/en\"},{\"@type\":\"ListItem\",\"position\":2,\"name\":\"News and Current Affairs\",\"item\":\"https:\\\/\\\/www.rri.ro\\\/en\\\/news-and-current-affairs\"},{\"@type\":\"ListItem\",\"position\":3,\"name\":\"Sport\",\"item\":\"https:\\\/\\\/www.rri.ro\\\/en\\\/news-and-current-affairs\\\/sport\"},{\"@type\":\"ListItem\",\"position\":4,\"name\":\"Sports Weekend\"}]},{\"@type\":\"WebSite\",\"@id\":\"https:\\\/\\\/www.rri.ro\\\/#website\",\"url\":\"https:\\\/\\\/www.rri.ro\\\/\",\"name\":\"Radio Romania International\",\"description\":\"Totul despre Rom\u00e2nia \u015fi rom\u00e2ni, \u00een 13 limbi\\\/dialecte!\",\"inLanguage\":\"en-US\"},{\"@type\":\"Person\",\"@id\":\"https:\\\/\\\/www.rri.ro\\\/#\\\/schema\\\/person\\\/69677d14c8796101e5d809074fc06fde\",\"name\":\"Florin Orban\",\"url\":\"https:\\\/\\\/www.rri.ro\\\/en\\\/author\\\/florin-orban\"}]}<\/script>\n<!-- \/ Yoast SEO plugin. -->","yoast_head_json":{"title":"Sports Weekend - Radio Romania International","robots":{"index":"index","follow":"follow","max-snippet":"max-snippet:-1","max-image-preview":"max-image-preview:large","max-video-preview":"max-video-preview:-1"},"canonical":"https:\/\/www.rri.ro\/en\/news-and-current-affairs\/sport\/sports-weekend-324-id121401.html","og_locale":"en_US","og_type":"article","og_title":"Sports Weekend - Radio Romania International","og_description":"The latest from gymnastics and football...","og_url":"https:\/\/www.rri.ro\/en\/news-and-current-affairs\/sport\/sports-weekend-324-id121401.html","og_site_name":"Radio Romania International","article_published_time":"2020-12-18T13:01:15+00:00","og_image":[{"width":640,"height":480,"url":"https:\/\/www.rri.ro\/wp-content\/uploads\/2023\/10\/colaj-foto-sport-2019.png","type":"image\/png"}],"author":"Florin Orban","twitter_card":"summary_large_image","twitter_misc":{"Written by":"Florin Orban","Est. reading time":"1 minute"},"schema":{"@context":"https:\/\/schema.org","@graph":[{"@type":"Article","@id":"https:\/\/www.rri.ro\/en\/news-and-current-affairs\/sport\/sports-weekend-324-id121401.html#article","isPartOf":{"@id":"https:\/\/www.rri.ro\/en\/news-and-current-affairs\/sport\/sports-weekend-324-id121401.html"},"author":{"name":"Florin Orban","@id":"https:\/\/www.rri.ro\/#\/schema\/person\/69677d14c8796101e5d809074fc06fde"},"headline":"Sports Weekend","datePublished":"2020-12-18T13:01:15+00:00","mainEntityOfPage":{"@id":"https:\/\/www.rri.ro\/en\/news-and-current-affairs\/sport\/sports-weekend-324-id121401.html"},"wordCount":268,"image":{"@id":"https:\/\/www.rri.ro\/en\/news-and-current-affairs\/sport\/sports-weekend-324-id121401.html#primaryimage"},"thumbnailUrl":"https:\/\/www.rri.ro\/wp-content\/uploads\/2023\/10\/colaj-foto-sport-2019.png","keywords":["football","gymnastics","Larisa Iordache"],"articleSection":["Sport"],"inLanguage":"en-US"},{"@type":"WebPage","@id":"https:\/\/www.rri.ro\/en\/news-and-current-affairs\/sport\/sports-weekend-324-id121401.html","url":"https:\/\/www.rri.ro\/en\/news-and-current-affairs\/sport\/sports-weekend-324-id121401.html","name":"Sports Weekend - Radio Romania International","isPartOf":{"@id":"https:\/\/www.rri.ro\/#website"},"primaryImageOfPage":{"@id":"https:\/\/www.rri.ro\/en\/news-and-current-affairs\/sport\/sports-weekend-324-id121401.html#primaryimage"},"image":{"@id":"https:\/\/www.rri.ro\/en\/news-and-current-affairs\/sport\/sports-weekend-324-id121401.html#primaryimage"},"thumbnailUrl":"https:\/\/www.rri.ro\/wp-content\/uploads\/2023\/10\/colaj-foto-sport-2019.png","datePublished":"2020-12-18T13:01:15+00:00","author":{"@id":"https:\/\/www.rri.ro\/#\/schema\/person\/69677d14c8796101e5d809074fc06fde"},"breadcrumb":{"@id":"https:\/\/www.rri.ro\/en\/news-and-current-affairs\/sport\/sports-weekend-324-id121401.html#breadcrumb"},"inLanguage":"en-US","potentialAction":[{"@type":"ReadAction","target":["https:\/\/www.rri.ro\/en\/news-and-current-affairs\/sport\/sports-weekend-324-id121401.html"]}]},{"@type":"ImageObject","inLanguage":"en-US","@id":"https:\/\/www.rri.ro\/en\/news-and-current-affairs\/sport\/sports-weekend-324-id121401.html#primaryimage","url":"https:\/\/www.rri.ro\/wp-content\/uploads\/2023\/10\/colaj-foto-sport-2019.png","contentUrl":"https:\/\/www.rri.ro\/wp-content\/uploads\/2023\/10\/colaj-foto-sport-2019.png","width":640,"height":480},{"@type":"BreadcrumbList","@id":"https:\/\/www.rri.ro\/en\/news-and-current-affairs\/sport\/sports-weekend-324-id121401.html#breadcrumb","itemListElement":[{"@type":"ListItem","position":1,"name":"Homepage","item":"https:\/\/www.rri.ro\/en"},{"@type":"ListItem","position":2,"name":"News and Current Affairs","item":"https:\/\/www.rri.ro\/en\/news-and-current-affairs"},{"@type":"ListItem","position":3,"name":"Sport","item":"https:\/\/www.rri.ro\/en\/news-and-current-affairs\/sport"},{"@type":"ListItem","position":4,"name":"Sports Weekend"}]},{"@type":"WebSite","@id":"https:\/\/www.rri.ro\/#website","url":"https:\/\/www.rri.ro\/","name":"Radio Romania International","description":"Totul despre Rom\u00e2nia \u015fi rom\u00e2ni, \u00een 13 limbi\/dialecte!","inLanguage":"en-US"},{"@type":"Person","@id":"https:\/\/www.rri.ro\/#\/schema\/person\/69677d14c8796101e5d809074fc06fde","name":"Florin Orban","url":"https:\/\/www.rri.ro\/en\/author\/florin-orban"}]}},"_links":{"self":[{"href":"https:\/\/www.rri.ro\/en\/wp-json\/wp\/v2\/posts\/121401","targetHints":{"allow":["GET"]}}],"collection":[{"href":"https:\/\/www.rri.ro\/en\/wp-json\/wp\/v2\/posts"}],"about":[{"href":"https:\/\/www.rri.ro\/en\/wp-json\/wp\/v2\/types\/post"}],"author":[{"embeddable":true,"href":"https:\/\/www.rri.ro\/en\/wp-json\/wp\/v2\/users\/93"}],"replies":[{"embeddable":true,"href":"https:\/\/www.rri.ro\/en\/wp-json\/wp\/v2\/comments?post=121401"}],"version-history":[{"count":0,"href":"https:\/\/www.rri.ro\/en\/wp-json\/wp\/v2\/posts\/121401\/revisions"}],"wp:featuredmedia":[{"embeddable":true,"href":"https:\/\/www.rri.ro\/en\/wp-json\/wp\/v2\/media\/119726"}],"wp:attachment":[{"href":"https:\/\/www.rri.ro\/en\/wp-json\/wp\/v2\/media?parent=121401"}],"wp:term":[{"taxonomy":"category","embeddable":true,"href":"https:\/\/www.rri.ro\/en\/wp-json\/wp\/v2\/categories?post=121401"},{"taxonomy":"post_tag","embeddable":true,"href":"https:\/\/www.rri.ro\/en\/wp-json\/wp\/v2\/tags?post=121401"},{"taxonomy":"author","embeddable":true,"href":"https:\/\/www.rri.ro\/en\/wp-json\/wp\/v2\/coauthors?post=121401"}],"curies":[{"name":"wp","href":"https:\/\/api.w.org\/{rel}","templated":true}]}}