{"id":121573,"date":"2021-02-23T13:36:50","date_gmt":"2021-02-23T13:36:50","guid":{"rendered":"http:\/\/devrri.freshlemon.ro\/news-and-current-affairs\/newsflash\/athlete-of-the-week-94-121573.html"},"modified":"2021-02-23T13:36:50","modified_gmt":"2021-02-23T13:36:50","slug":"athlete-of-the-week-94","status":"publish","type":"post","link":"https:\/\/www.rri.ro\/en\/news-and-current-affairs\/sport\/athlete-of-the-week-94-id121573.html","title":{"rendered":"Athlete of the Week"},"content":{"rendered":"<p><p>Last week Tel Aviv,&#13;<br \/>\nin Israel, played venue for a major judo competition in the Grand Slam category.&#13;<br \/>\nAt the event, which brought together over 400 athletes from 60 countries,&#13;<br \/>\nRomania was represented by 9 judokas. Out of the Romanian delegation in Tel&#13;<br \/>\nAviv, Alexandru Raicu obtained the best performance in the contest of the&#13;<br \/>\n73-kilogram category and for this performance Radio Romania has designated him&#13;<br \/>\nAthlete of the Week.  <\/p>\n<p>&#13;<br \/>\n&#13;<br \/>\n&#13;<br \/>\n&#13;<\/p>\n<p>The Romanian&#13;<br \/>\nmanaged to defeat Lukas Reiter of Austria in the first round and Victor Sterpu,&#13;<br \/>\na challenger from the Republic of Moldova, in the round of 16. Raicu&#13;<br \/>\noutperformed Israeli Tohar Butbul in the quarterfinals and Nugzari&#13;<br \/>\nTatalashvilli of Georgia in the semis. In the finals, the Romanian clinched a victory&#13;<br \/>\nagainst Giovanni Esposito of Italy and stepped onto the first step of the&#13;<br \/>\npodium. <\/p>\n<p>&#13;<br \/>\n&#13;<br \/>\n&#13;<br \/>\n&#13;<\/p>\n<p>Alexandru Raicu was born on 20th December 1996&#13;<br \/>\nand got his first good results in the cadets and junior competitions. As a&#13;<br \/>\nsenior athlete he became Romania&#8217;s champion twice, in 2018, in Cluj, and in 2019,&#13;<br \/>\nin Ia\u015fi, in the 73-kilogram competitions. He shot to international fame in&#13;<br \/>\nFebruary last year in a competition hosted by the Austrian city of Oberwart.&#13;<br \/>\nHis victory in Israel is a confirmation of his latest progress and brings him&#13;<br \/>\n1,000 points in the international ranking of the 73-kilogram category pushing&#13;<br \/>\nhim to the 30th position.  <\/p>\n<p>&#13;<br \/>\n&#13;<br \/>\n&#13;<br \/>\n&#13;<\/p>\n<p> (bill)<\/p>\n<p><\/p>\n","protected":false},"excerpt":{"rendered":"<p>Romanian judoka Alexandru Raicu<\/p>\n","protected":false},"author":93,"featured_media":121574,"comment_status":"closed","ping_status":"closed","sticky":false,"template":"","format":"standard","meta":{"_acf_changed":false,"footnotes":""},"categories":[40940],"tags":[37329,41973,34200,31718,41974,41971,30456,41972],"coauthors":[],"class_list":["post-121573","post","type-post","status-publish","format-standard","has-post-thumbnail","hentry","category-sport","tag-alexandru","tag-butbul","tag-iasi","tag-judo","tag-oberwart","tag-raicu","tag-tel-aviv","tag-tohar"],"acf":[],"yoast_head":"<!-- This site is optimized with the Yoast SEO plugin v27.3 - https:\/\/yoast.com\/product\/yoast-seo-wordpress\/ -->\n<title>Athlete of the Week - Radio Romania International<\/title>\n<meta name=\"robots\" content=\"index, follow, max-snippet:-1, max-image-preview:large, max-video-preview:-1\" \/>\n<link rel=\"canonical\" href=\"https:\/\/www.rri.ro\/en\/news-and-current-affairs\/sport\/athlete-of-the-week-94-id121573.html\" \/>\n<meta property=\"og:locale\" content=\"en_US\" \/>\n<meta property=\"og:type\" content=\"article\" \/>\n<meta property=\"og:title\" content=\"Athlete of the Week - Radio Romania International\" \/>\n<meta property=\"og:description\" content=\"Romanian judoka Alexandru Raicu\" \/>\n<meta property=\"og:url\" content=\"https:\/\/www.rri.ro\/en\/news-and-current-affairs\/sport\/athlete-of-the-week-94-id121573.html\" \/>\n<meta property=\"og:site_name\" content=\"Radio Romania International\" \/>\n<meta property=\"article:published_time\" content=\"2021-02-23T13:36:50+00:00\" \/>\n<meta property=\"og:image\" content=\"https:\/\/www.rri.ro\/wp-content\/uploads\/2023\/10\/alexandru-raicu-judo-agerpres.jpg\" \/>\n\t<meta property=\"og:image:width\" content=\"640\" \/>\n\t<meta property=\"og:image:height\" content=\"390\" \/>\n\t<meta property=\"og:image:type\" content=\"image\/jpeg\" \/>\n<meta name=\"author\" content=\"Florin Orban\" \/>\n<meta name=\"twitter:card\" content=\"summary_large_image\" \/>\n<meta name=\"twitter:label1\" content=\"Written by\" \/>\n\t<meta name=\"twitter:data1\" content=\"Florin Orban\" \/>\n\t<meta name=\"twitter:label2\" content=\"Est. reading time\" \/>\n\t<meta name=\"twitter:data2\" content=\"1 minute\" \/>\n<script type=\"application\/ld+json\" class=\"yoast-schema-graph\">{\"@context\":\"https:\\\/\\\/schema.org\",\"@graph\":[{\"@type\":\"Article\",\"@id\":\"https:\\\/\\\/www.rri.ro\\\/en\\\/news-and-current-affairs\\\/sport\\\/athlete-of-the-week-94-id121573.html#article\",\"isPartOf\":{\"@id\":\"https:\\\/\\\/www.rri.ro\\\/en\\\/news-and-current-affairs\\\/sport\\\/athlete-of-the-week-94-id121573.html\"},\"author\":{\"name\":\"Florin Orban\",\"@id\":\"https:\\\/\\\/www.rri.ro\\\/#\\\/schema\\\/person\\\/69677d14c8796101e5d809074fc06fde\"},\"headline\":\"Athlete of the Week\",\"datePublished\":\"2021-02-23T13:36:50+00:00\",\"mainEntityOfPage\":{\"@id\":\"https:\\\/\\\/www.rri.ro\\\/en\\\/news-and-current-affairs\\\/sport\\\/athlete-of-the-week-94-id121573.html\"},\"wordCount\":226,\"image\":{\"@id\":\"https:\\\/\\\/www.rri.ro\\\/en\\\/news-and-current-affairs\\\/sport\\\/athlete-of-the-week-94-id121573.html#primaryimage\"},\"thumbnailUrl\":\"https:\\\/\\\/www.rri.ro\\\/wp-content\\\/uploads\\\/2023\\\/10\\\/alexandru-raicu-judo-agerpres.jpg\",\"keywords\":[\"Alexandru\",\"Butbul\",\"Iasi\",\"judo\",\"Oberwart\",\"Raicu\",\"Tel Aviv\",\"Tohar\"],\"articleSection\":[\"Sport\"],\"inLanguage\":\"en-US\"},{\"@type\":\"WebPage\",\"@id\":\"https:\\\/\\\/www.rri.ro\\\/en\\\/news-and-current-affairs\\\/sport\\\/athlete-of-the-week-94-id121573.html\",\"url\":\"https:\\\/\\\/www.rri.ro\\\/en\\\/news-and-current-affairs\\\/sport\\\/athlete-of-the-week-94-id121573.html\",\"name\":\"Athlete of the Week - Radio Romania International\",\"isPartOf\":{\"@id\":\"https:\\\/\\\/www.rri.ro\\\/#website\"},\"primaryImageOfPage\":{\"@id\":\"https:\\\/\\\/www.rri.ro\\\/en\\\/news-and-current-affairs\\\/sport\\\/athlete-of-the-week-94-id121573.html#primaryimage\"},\"image\":{\"@id\":\"https:\\\/\\\/www.rri.ro\\\/en\\\/news-and-current-affairs\\\/sport\\\/athlete-of-the-week-94-id121573.html#primaryimage\"},\"thumbnailUrl\":\"https:\\\/\\\/www.rri.ro\\\/wp-content\\\/uploads\\\/2023\\\/10\\\/alexandru-raicu-judo-agerpres.jpg\",\"datePublished\":\"2021-02-23T13:36:50+00:00\",\"author\":{\"@id\":\"https:\\\/\\\/www.rri.ro\\\/#\\\/schema\\\/person\\\/69677d14c8796101e5d809074fc06fde\"},\"breadcrumb\":{\"@id\":\"https:\\\/\\\/www.rri.ro\\\/en\\\/news-and-current-affairs\\\/sport\\\/athlete-of-the-week-94-id121573.html#breadcrumb\"},\"inLanguage\":\"en-US\",\"potentialAction\":[{\"@type\":\"ReadAction\",\"target\":[\"https:\\\/\\\/www.rri.ro\\\/en\\\/news-and-current-affairs\\\/sport\\\/athlete-of-the-week-94-id121573.html\"]}]},{\"@type\":\"ImageObject\",\"inLanguage\":\"en-US\",\"@id\":\"https:\\\/\\\/www.rri.ro\\\/en\\\/news-and-current-affairs\\\/sport\\\/athlete-of-the-week-94-id121573.html#primaryimage\",\"url\":\"https:\\\/\\\/www.rri.ro\\\/wp-content\\\/uploads\\\/2023\\\/10\\\/alexandru-raicu-judo-agerpres.jpg\",\"contentUrl\":\"https:\\\/\\\/www.rri.ro\\\/wp-content\\\/uploads\\\/2023\\\/10\\\/alexandru-raicu-judo-agerpres.jpg\",\"width\":640,\"height\":390},{\"@type\":\"BreadcrumbList\",\"@id\":\"https:\\\/\\\/www.rri.ro\\\/en\\\/news-and-current-affairs\\\/sport\\\/athlete-of-the-week-94-id121573.html#breadcrumb\",\"itemListElement\":[{\"@type\":\"ListItem\",\"position\":1,\"name\":\"Homepage\",\"item\":\"https:\\\/\\\/www.rri.ro\\\/en\"},{\"@type\":\"ListItem\",\"position\":2,\"name\":\"News and Current Affairs\",\"item\":\"https:\\\/\\\/www.rri.ro\\\/en\\\/news-and-current-affairs\"},{\"@type\":\"ListItem\",\"position\":3,\"name\":\"Sport\",\"item\":\"https:\\\/\\\/www.rri.ro\\\/en\\\/news-and-current-affairs\\\/sport\"},{\"@type\":\"ListItem\",\"position\":4,\"name\":\"Athlete of the Week\"}]},{\"@type\":\"WebSite\",\"@id\":\"https:\\\/\\\/www.rri.ro\\\/#website\",\"url\":\"https:\\\/\\\/www.rri.ro\\\/\",\"name\":\"Radio Romania International\",\"description\":\"Totul despre Rom\u00e2nia \u015fi rom\u00e2ni, \u00een 13 limbi\\\/dialecte!\",\"inLanguage\":\"en-US\"},{\"@type\":\"Person\",\"@id\":\"https:\\\/\\\/www.rri.ro\\\/#\\\/schema\\\/person\\\/69677d14c8796101e5d809074fc06fde\",\"name\":\"Florin Orban\",\"url\":\"https:\\\/\\\/www.rri.ro\\\/en\\\/author\\\/florin-orban\"}]}<\/script>\n<!-- \/ Yoast SEO plugin. -->","yoast_head_json":{"title":"Athlete of the Week - Radio Romania International","robots":{"index":"index","follow":"follow","max-snippet":"max-snippet:-1","max-image-preview":"max-image-preview:large","max-video-preview":"max-video-preview:-1"},"canonical":"https:\/\/www.rri.ro\/en\/news-and-current-affairs\/sport\/athlete-of-the-week-94-id121573.html","og_locale":"en_US","og_type":"article","og_title":"Athlete of the Week - Radio Romania International","og_description":"Romanian judoka Alexandru Raicu","og_url":"https:\/\/www.rri.ro\/en\/news-and-current-affairs\/sport\/athlete-of-the-week-94-id121573.html","og_site_name":"Radio Romania International","article_published_time":"2021-02-23T13:36:50+00:00","og_image":[{"width":640,"height":390,"url":"https:\/\/www.rri.ro\/wp-content\/uploads\/2023\/10\/alexandru-raicu-judo-agerpres.jpg","type":"image\/jpeg"}],"author":"Florin Orban","twitter_card":"summary_large_image","twitter_misc":{"Written by":"Florin Orban","Est. reading time":"1 minute"},"schema":{"@context":"https:\/\/schema.org","@graph":[{"@type":"Article","@id":"https:\/\/www.rri.ro\/en\/news-and-current-affairs\/sport\/athlete-of-the-week-94-id121573.html#article","isPartOf":{"@id":"https:\/\/www.rri.ro\/en\/news-and-current-affairs\/sport\/athlete-of-the-week-94-id121573.html"},"author":{"name":"Florin Orban","@id":"https:\/\/www.rri.ro\/#\/schema\/person\/69677d14c8796101e5d809074fc06fde"},"headline":"Athlete of the Week","datePublished":"2021-02-23T13:36:50+00:00","mainEntityOfPage":{"@id":"https:\/\/www.rri.ro\/en\/news-and-current-affairs\/sport\/athlete-of-the-week-94-id121573.html"},"wordCount":226,"image":{"@id":"https:\/\/www.rri.ro\/en\/news-and-current-affairs\/sport\/athlete-of-the-week-94-id121573.html#primaryimage"},"thumbnailUrl":"https:\/\/www.rri.ro\/wp-content\/uploads\/2023\/10\/alexandru-raicu-judo-agerpres.jpg","keywords":["Alexandru","Butbul","Iasi","judo","Oberwart","Raicu","Tel Aviv","Tohar"],"articleSection":["Sport"],"inLanguage":"en-US"},{"@type":"WebPage","@id":"https:\/\/www.rri.ro\/en\/news-and-current-affairs\/sport\/athlete-of-the-week-94-id121573.html","url":"https:\/\/www.rri.ro\/en\/news-and-current-affairs\/sport\/athlete-of-the-week-94-id121573.html","name":"Athlete of the Week - Radio Romania International","isPartOf":{"@id":"https:\/\/www.rri.ro\/#website"},"primaryImageOfPage":{"@id":"https:\/\/www.rri.ro\/en\/news-and-current-affairs\/sport\/athlete-of-the-week-94-id121573.html#primaryimage"},"image":{"@id":"https:\/\/www.rri.ro\/en\/news-and-current-affairs\/sport\/athlete-of-the-week-94-id121573.html#primaryimage"},"thumbnailUrl":"https:\/\/www.rri.ro\/wp-content\/uploads\/2023\/10\/alexandru-raicu-judo-agerpres.jpg","datePublished":"2021-02-23T13:36:50+00:00","author":{"@id":"https:\/\/www.rri.ro\/#\/schema\/person\/69677d14c8796101e5d809074fc06fde"},"breadcrumb":{"@id":"https:\/\/www.rri.ro\/en\/news-and-current-affairs\/sport\/athlete-of-the-week-94-id121573.html#breadcrumb"},"inLanguage":"en-US","potentialAction":[{"@type":"ReadAction","target":["https:\/\/www.rri.ro\/en\/news-and-current-affairs\/sport\/athlete-of-the-week-94-id121573.html"]}]},{"@type":"ImageObject","inLanguage":"en-US","@id":"https:\/\/www.rri.ro\/en\/news-and-current-affairs\/sport\/athlete-of-the-week-94-id121573.html#primaryimage","url":"https:\/\/www.rri.ro\/wp-content\/uploads\/2023\/10\/alexandru-raicu-judo-agerpres.jpg","contentUrl":"https:\/\/www.rri.ro\/wp-content\/uploads\/2023\/10\/alexandru-raicu-judo-agerpres.jpg","width":640,"height":390},{"@type":"BreadcrumbList","@id":"https:\/\/www.rri.ro\/en\/news-and-current-affairs\/sport\/athlete-of-the-week-94-id121573.html#breadcrumb","itemListElement":[{"@type":"ListItem","position":1,"name":"Homepage","item":"https:\/\/www.rri.ro\/en"},{"@type":"ListItem","position":2,"name":"News and Current Affairs","item":"https:\/\/www.rri.ro\/en\/news-and-current-affairs"},{"@type":"ListItem","position":3,"name":"Sport","item":"https:\/\/www.rri.ro\/en\/news-and-current-affairs\/sport"},{"@type":"ListItem","position":4,"name":"Athlete of the Week"}]},{"@type":"WebSite","@id":"https:\/\/www.rri.ro\/#website","url":"https:\/\/www.rri.ro\/","name":"Radio Romania International","description":"Totul despre Rom\u00e2nia \u015fi rom\u00e2ni, \u00een 13 limbi\/dialecte!","inLanguage":"en-US"},{"@type":"Person","@id":"https:\/\/www.rri.ro\/#\/schema\/person\/69677d14c8796101e5d809074fc06fde","name":"Florin Orban","url":"https:\/\/www.rri.ro\/en\/author\/florin-orban"}]}},"_links":{"self":[{"href":"https:\/\/www.rri.ro\/en\/wp-json\/wp\/v2\/posts\/121573","targetHints":{"allow":["GET"]}}],"collection":[{"href":"https:\/\/www.rri.ro\/en\/wp-json\/wp\/v2\/posts"}],"about":[{"href":"https:\/\/www.rri.ro\/en\/wp-json\/wp\/v2\/types\/post"}],"author":[{"embeddable":true,"href":"https:\/\/www.rri.ro\/en\/wp-json\/wp\/v2\/users\/93"}],"replies":[{"embeddable":true,"href":"https:\/\/www.rri.ro\/en\/wp-json\/wp\/v2\/comments?post=121573"}],"version-history":[{"count":0,"href":"https:\/\/www.rri.ro\/en\/wp-json\/wp\/v2\/posts\/121573\/revisions"}],"wp:featuredmedia":[{"embeddable":true,"href":"https:\/\/www.rri.ro\/en\/wp-json\/wp\/v2\/media\/121574"}],"wp:attachment":[{"href":"https:\/\/www.rri.ro\/en\/wp-json\/wp\/v2\/media?parent=121573"}],"wp:term":[{"taxonomy":"category","embeddable":true,"href":"https:\/\/www.rri.ro\/en\/wp-json\/wp\/v2\/categories?post=121573"},{"taxonomy":"post_tag","embeddable":true,"href":"https:\/\/www.rri.ro\/en\/wp-json\/wp\/v2\/tags?post=121573"},{"taxonomy":"author","embeddable":true,"href":"https:\/\/www.rri.ro\/en\/wp-json\/wp\/v2\/coauthors?post=121573"}],"curies":[{"name":"wp","href":"https:\/\/api.w.org\/{rel}","templated":true}]}}