{"id":122660,"date":"2022-05-31T13:00:03","date_gmt":"2022-05-31T13:00:03","guid":{"rendered":"http:\/\/devrri.freshlemon.ro\/news-and-current-affairs\/newsflash\/athlete-of-the-week-124-122660.html"},"modified":"2022-05-31T13:00:03","modified_gmt":"2022-05-31T13:00:03","slug":"athlete-of-the-week-124","status":"publish","type":"post","link":"https:\/\/www.rri.ro\/en\/news-and-current-affairs\/sport\/athlete-of-the-week-124-id122660.html","title":{"rendered":"Athlete of the Week"},"content":{"rendered":"<\/p>\n<p>&#13;<br \/>\n&#13;<\/p>\n<p>In the last few years Romanian boxing scored better results in women s competitions than in men s competitions. 2015 was the last year when a Romanian fighter won medals in a European senior competition. It was Mihai Nestor that won the bronze in Samokov, Bulgaria, that year. No medal had been won until last week, when Andrei Paul Ar\u0103doaie won the bronze in the 86-kilo category of the European Boxing Championships in Yerevan, Armenia. For this reason, RRI has nominated Andrei Paul Ar\u0103doaie as athlete of the week.<\/p>\n<p>&#13;<br \/>\n&#13;<\/p>\n<p>&#13;<br \/>\n&#13;<\/p>\n<p>Twho other athletes represented Romania in Yerevan, namely, Emanuel Constantin Mican, in the 92-kilo category and R\u0103zvan Cristian Filip, in the 92+ kilo category, had left the competition from the first round. Aradoaie s opponent in the first round, the Slovak Mat\u00fa\u0161 Strnisko did not show up, so Andrei moved on to the quarterfinals. He faced Aksin Burak of Turkey, no 5 in last year s World Chamionships. The Romanian lost the first round but won the other two and the final decision was 4-1 for Aradoaie. In the semifinals, Aradoaie was defeated by Gheorghi Ku\u015fina\u015fvili, of Georgia, and went home with bronze. <\/p>\n<p>&#13;<br \/>\n&#13;<\/p>\n<p>&#13;<br \/>\n&#13;<\/p>\n<p>Andrei Paul Ar\u0103doaie was born in Letcani, Iasi county, on October 5, 1996. He is the athlete of Dinamo Bucharest. He was noticed at the age of 12, by coach Dumitru Doroban\u0163u, who brought him to Bucharest. In 2014 in Croatia he became a European Youth Champion in the 81-kg category. In 2017 in Braila he won another European title in the same category while in 2019, in Ekaterinburg, Russia, in his first senior participation, got as far as the 8th finals. Two years later, in Belgrade, in the 86-kilo category, he got the same result. (EE)<\/p>\n<p>&#13;<br \/>\n&#13;<\/p>\n<p>&#13;<\/p>\n","protected":false},"excerpt":{"rendered":"<p>Pugilist Andrei Paul Ar\u0103doaie<\/p>\n","protected":false},"author":93,"featured_media":93684,"comment_status":"closed","ping_status":"closed","sticky":false,"template":"","format":"standard","meta":{"_acf_changed":false,"footnotes":""},"categories":[40940],"tags":[],"coauthors":[],"class_list":["post-122660","post","type-post","status-publish","format-standard","has-post-thumbnail","hentry","category-sport"],"acf":[],"yoast_head":"<!-- This site is optimized with the Yoast SEO plugin v27.3 - https:\/\/yoast.com\/product\/yoast-seo-wordpress\/ -->\n<title>Athlete of the Week - Radio Romania International<\/title>\n<meta name=\"robots\" content=\"index, follow, max-snippet:-1, max-image-preview:large, max-video-preview:-1\" \/>\n<link rel=\"canonical\" href=\"https:\/\/www.rri.ro\/en\/news-and-current-affairs\/sport\/athlete-of-the-week-124-id122660.html\" \/>\n<meta property=\"og:locale\" content=\"en_US\" \/>\n<meta property=\"og:type\" content=\"article\" \/>\n<meta property=\"og:title\" content=\"Athlete of the Week - Radio Romania International\" \/>\n<meta property=\"og:description\" content=\"Pugilist Andrei Paul Ar\u0103doaie\" \/>\n<meta property=\"og:url\" content=\"https:\/\/www.rri.ro\/en\/news-and-current-affairs\/sport\/athlete-of-the-week-124-id122660.html\" \/>\n<meta property=\"og:site_name\" content=\"Radio Romania International\" \/>\n<meta property=\"article:published_time\" content=\"2022-05-31T13:00:03+00:00\" \/>\n<meta property=\"og:image\" content=\"https:\/\/www.rri.ro\/wp-content\/uploads\/2023\/10\/logo-rri-fundal-bleu.png\" \/>\n\t<meta property=\"og:image:width\" content=\"640\" \/>\n\t<meta property=\"og:image:height\" content=\"480\" \/>\n\t<meta property=\"og:image:type\" content=\"image\/png\" \/>\n<meta name=\"author\" content=\"Florin Orban\" \/>\n<meta name=\"twitter:card\" content=\"summary_large_image\" \/>\n<meta name=\"twitter:label1\" content=\"Written by\" \/>\n\t<meta name=\"twitter:data1\" content=\"Florin Orban\" \/>\n\t<meta name=\"twitter:label2\" content=\"Est. reading time\" \/>\n\t<meta name=\"twitter:data2\" content=\"1 minute\" \/>\n<script type=\"application\/ld+json\" class=\"yoast-schema-graph\">{\"@context\":\"https:\\\/\\\/schema.org\",\"@graph\":[{\"@type\":\"Article\",\"@id\":\"https:\\\/\\\/www.rri.ro\\\/en\\\/news-and-current-affairs\\\/sport\\\/athlete-of-the-week-124-id122660.html#article\",\"isPartOf\":{\"@id\":\"https:\\\/\\\/www.rri.ro\\\/en\\\/news-and-current-affairs\\\/sport\\\/athlete-of-the-week-124-id122660.html\"},\"author\":{\"name\":\"Florin Orban\",\"@id\":\"https:\\\/\\\/www.rri.ro\\\/#\\\/schema\\\/person\\\/69677d14c8796101e5d809074fc06fde\"},\"headline\":\"Athlete of the Week\",\"datePublished\":\"2022-05-31T13:00:03+00:00\",\"mainEntityOfPage\":{\"@id\":\"https:\\\/\\\/www.rri.ro\\\/en\\\/news-and-current-affairs\\\/sport\\\/athlete-of-the-week-124-id122660.html\"},\"wordCount\":291,\"image\":{\"@id\":\"https:\\\/\\\/www.rri.ro\\\/en\\\/news-and-current-affairs\\\/sport\\\/athlete-of-the-week-124-id122660.html#primaryimage\"},\"thumbnailUrl\":\"https:\\\/\\\/www.rri.ro\\\/wp-content\\\/uploads\\\/2023\\\/10\\\/logo-rri-fundal-bleu.png\",\"articleSection\":[\"Sport\"],\"inLanguage\":\"en-US\"},{\"@type\":\"WebPage\",\"@id\":\"https:\\\/\\\/www.rri.ro\\\/en\\\/news-and-current-affairs\\\/sport\\\/athlete-of-the-week-124-id122660.html\",\"url\":\"https:\\\/\\\/www.rri.ro\\\/en\\\/news-and-current-affairs\\\/sport\\\/athlete-of-the-week-124-id122660.html\",\"name\":\"Athlete of the Week - Radio Romania International\",\"isPartOf\":{\"@id\":\"https:\\\/\\\/www.rri.ro\\\/#website\"},\"primaryImageOfPage\":{\"@id\":\"https:\\\/\\\/www.rri.ro\\\/en\\\/news-and-current-affairs\\\/sport\\\/athlete-of-the-week-124-id122660.html#primaryimage\"},\"image\":{\"@id\":\"https:\\\/\\\/www.rri.ro\\\/en\\\/news-and-current-affairs\\\/sport\\\/athlete-of-the-week-124-id122660.html#primaryimage\"},\"thumbnailUrl\":\"https:\\\/\\\/www.rri.ro\\\/wp-content\\\/uploads\\\/2023\\\/10\\\/logo-rri-fundal-bleu.png\",\"datePublished\":\"2022-05-31T13:00:03+00:00\",\"author\":{\"@id\":\"https:\\\/\\\/www.rri.ro\\\/#\\\/schema\\\/person\\\/69677d14c8796101e5d809074fc06fde\"},\"breadcrumb\":{\"@id\":\"https:\\\/\\\/www.rri.ro\\\/en\\\/news-and-current-affairs\\\/sport\\\/athlete-of-the-week-124-id122660.html#breadcrumb\"},\"inLanguage\":\"en-US\",\"potentialAction\":[{\"@type\":\"ReadAction\",\"target\":[\"https:\\\/\\\/www.rri.ro\\\/en\\\/news-and-current-affairs\\\/sport\\\/athlete-of-the-week-124-id122660.html\"]}]},{\"@type\":\"ImageObject\",\"inLanguage\":\"en-US\",\"@id\":\"https:\\\/\\\/www.rri.ro\\\/en\\\/news-and-current-affairs\\\/sport\\\/athlete-of-the-week-124-id122660.html#primaryimage\",\"url\":\"https:\\\/\\\/www.rri.ro\\\/wp-content\\\/uploads\\\/2023\\\/10\\\/logo-rri-fundal-bleu.png\",\"contentUrl\":\"https:\\\/\\\/www.rri.ro\\\/wp-content\\\/uploads\\\/2023\\\/10\\\/logo-rri-fundal-bleu.png\",\"width\":640,\"height\":480},{\"@type\":\"BreadcrumbList\",\"@id\":\"https:\\\/\\\/www.rri.ro\\\/en\\\/news-and-current-affairs\\\/sport\\\/athlete-of-the-week-124-id122660.html#breadcrumb\",\"itemListElement\":[{\"@type\":\"ListItem\",\"position\":1,\"name\":\"Homepage\",\"item\":\"https:\\\/\\\/www.rri.ro\\\/en\"},{\"@type\":\"ListItem\",\"position\":2,\"name\":\"News and Current Affairs\",\"item\":\"https:\\\/\\\/www.rri.ro\\\/en\\\/news-and-current-affairs\"},{\"@type\":\"ListItem\",\"position\":3,\"name\":\"Sport\",\"item\":\"https:\\\/\\\/www.rri.ro\\\/en\\\/news-and-current-affairs\\\/sport\"},{\"@type\":\"ListItem\",\"position\":4,\"name\":\"Athlete of the Week\"}]},{\"@type\":\"WebSite\",\"@id\":\"https:\\\/\\\/www.rri.ro\\\/#website\",\"url\":\"https:\\\/\\\/www.rri.ro\\\/\",\"name\":\"Radio Romania International\",\"description\":\"Totul despre Rom\u00e2nia \u015fi rom\u00e2ni, \u00een 13 limbi\\\/dialecte!\",\"inLanguage\":\"en-US\"},{\"@type\":\"Person\",\"@id\":\"https:\\\/\\\/www.rri.ro\\\/#\\\/schema\\\/person\\\/69677d14c8796101e5d809074fc06fde\",\"name\":\"Florin Orban\",\"url\":\"https:\\\/\\\/www.rri.ro\\\/en\\\/author\\\/florin-orban\"}]}<\/script>\n<!-- \/ Yoast SEO plugin. -->","yoast_head_json":{"title":"Athlete of the Week - Radio Romania International","robots":{"index":"index","follow":"follow","max-snippet":"max-snippet:-1","max-image-preview":"max-image-preview:large","max-video-preview":"max-video-preview:-1"},"canonical":"https:\/\/www.rri.ro\/en\/news-and-current-affairs\/sport\/athlete-of-the-week-124-id122660.html","og_locale":"en_US","og_type":"article","og_title":"Athlete of the Week - Radio Romania International","og_description":"Pugilist Andrei Paul Ar\u0103doaie","og_url":"https:\/\/www.rri.ro\/en\/news-and-current-affairs\/sport\/athlete-of-the-week-124-id122660.html","og_site_name":"Radio Romania International","article_published_time":"2022-05-31T13:00:03+00:00","og_image":[{"width":640,"height":480,"url":"https:\/\/www.rri.ro\/wp-content\/uploads\/2023\/10\/logo-rri-fundal-bleu.png","type":"image\/png"}],"author":"Florin Orban","twitter_card":"summary_large_image","twitter_misc":{"Written by":"Florin Orban","Est. reading time":"1 minute"},"schema":{"@context":"https:\/\/schema.org","@graph":[{"@type":"Article","@id":"https:\/\/www.rri.ro\/en\/news-and-current-affairs\/sport\/athlete-of-the-week-124-id122660.html#article","isPartOf":{"@id":"https:\/\/www.rri.ro\/en\/news-and-current-affairs\/sport\/athlete-of-the-week-124-id122660.html"},"author":{"name":"Florin Orban","@id":"https:\/\/www.rri.ro\/#\/schema\/person\/69677d14c8796101e5d809074fc06fde"},"headline":"Athlete of the Week","datePublished":"2022-05-31T13:00:03+00:00","mainEntityOfPage":{"@id":"https:\/\/www.rri.ro\/en\/news-and-current-affairs\/sport\/athlete-of-the-week-124-id122660.html"},"wordCount":291,"image":{"@id":"https:\/\/www.rri.ro\/en\/news-and-current-affairs\/sport\/athlete-of-the-week-124-id122660.html#primaryimage"},"thumbnailUrl":"https:\/\/www.rri.ro\/wp-content\/uploads\/2023\/10\/logo-rri-fundal-bleu.png","articleSection":["Sport"],"inLanguage":"en-US"},{"@type":"WebPage","@id":"https:\/\/www.rri.ro\/en\/news-and-current-affairs\/sport\/athlete-of-the-week-124-id122660.html","url":"https:\/\/www.rri.ro\/en\/news-and-current-affairs\/sport\/athlete-of-the-week-124-id122660.html","name":"Athlete of the Week - Radio Romania International","isPartOf":{"@id":"https:\/\/www.rri.ro\/#website"},"primaryImageOfPage":{"@id":"https:\/\/www.rri.ro\/en\/news-and-current-affairs\/sport\/athlete-of-the-week-124-id122660.html#primaryimage"},"image":{"@id":"https:\/\/www.rri.ro\/en\/news-and-current-affairs\/sport\/athlete-of-the-week-124-id122660.html#primaryimage"},"thumbnailUrl":"https:\/\/www.rri.ro\/wp-content\/uploads\/2023\/10\/logo-rri-fundal-bleu.png","datePublished":"2022-05-31T13:00:03+00:00","author":{"@id":"https:\/\/www.rri.ro\/#\/schema\/person\/69677d14c8796101e5d809074fc06fde"},"breadcrumb":{"@id":"https:\/\/www.rri.ro\/en\/news-and-current-affairs\/sport\/athlete-of-the-week-124-id122660.html#breadcrumb"},"inLanguage":"en-US","potentialAction":[{"@type":"ReadAction","target":["https:\/\/www.rri.ro\/en\/news-and-current-affairs\/sport\/athlete-of-the-week-124-id122660.html"]}]},{"@type":"ImageObject","inLanguage":"en-US","@id":"https:\/\/www.rri.ro\/en\/news-and-current-affairs\/sport\/athlete-of-the-week-124-id122660.html#primaryimage","url":"https:\/\/www.rri.ro\/wp-content\/uploads\/2023\/10\/logo-rri-fundal-bleu.png","contentUrl":"https:\/\/www.rri.ro\/wp-content\/uploads\/2023\/10\/logo-rri-fundal-bleu.png","width":640,"height":480},{"@type":"BreadcrumbList","@id":"https:\/\/www.rri.ro\/en\/news-and-current-affairs\/sport\/athlete-of-the-week-124-id122660.html#breadcrumb","itemListElement":[{"@type":"ListItem","position":1,"name":"Homepage","item":"https:\/\/www.rri.ro\/en"},{"@type":"ListItem","position":2,"name":"News and Current Affairs","item":"https:\/\/www.rri.ro\/en\/news-and-current-affairs"},{"@type":"ListItem","position":3,"name":"Sport","item":"https:\/\/www.rri.ro\/en\/news-and-current-affairs\/sport"},{"@type":"ListItem","position":4,"name":"Athlete of the Week"}]},{"@type":"WebSite","@id":"https:\/\/www.rri.ro\/#website","url":"https:\/\/www.rri.ro\/","name":"Radio Romania International","description":"Totul despre Rom\u00e2nia \u015fi rom\u00e2ni, \u00een 13 limbi\/dialecte!","inLanguage":"en-US"},{"@type":"Person","@id":"https:\/\/www.rri.ro\/#\/schema\/person\/69677d14c8796101e5d809074fc06fde","name":"Florin Orban","url":"https:\/\/www.rri.ro\/en\/author\/florin-orban"}]}},"_links":{"self":[{"href":"https:\/\/www.rri.ro\/en\/wp-json\/wp\/v2\/posts\/122660","targetHints":{"allow":["GET"]}}],"collection":[{"href":"https:\/\/www.rri.ro\/en\/wp-json\/wp\/v2\/posts"}],"about":[{"href":"https:\/\/www.rri.ro\/en\/wp-json\/wp\/v2\/types\/post"}],"author":[{"embeddable":true,"href":"https:\/\/www.rri.ro\/en\/wp-json\/wp\/v2\/users\/93"}],"replies":[{"embeddable":true,"href":"https:\/\/www.rri.ro\/en\/wp-json\/wp\/v2\/comments?post=122660"}],"version-history":[{"count":0,"href":"https:\/\/www.rri.ro\/en\/wp-json\/wp\/v2\/posts\/122660\/revisions"}],"wp:featuredmedia":[{"embeddable":true,"href":"https:\/\/www.rri.ro\/en\/wp-json\/wp\/v2\/media\/93684"}],"wp:attachment":[{"href":"https:\/\/www.rri.ro\/en\/wp-json\/wp\/v2\/media?parent=122660"}],"wp:term":[{"taxonomy":"category","embeddable":true,"href":"https:\/\/www.rri.ro\/en\/wp-json\/wp\/v2\/categories?post=122660"},{"taxonomy":"post_tag","embeddable":true,"href":"https:\/\/www.rri.ro\/en\/wp-json\/wp\/v2\/tags?post=122660"},{"taxonomy":"author","embeddable":true,"href":"https:\/\/www.rri.ro\/en\/wp-json\/wp\/v2\/coauthors?post=122660"}],"curies":[{"name":"wp","href":"https:\/\/api.w.org\/{rel}","templated":true}]}}