{"id":124104,"date":"2014-11-15T14:28:00","date_gmt":"2014-11-15T12:28:00","guid":{"rendered":"http:\/\/devrri.freshlemon.ro\/news-and-current-affairs\/newsflash\/the-week-in-review-10-16-november-124104.html"},"modified":"2024-02-19T10:44:03","modified_gmt":"2024-02-19T08:44:03","slug":"the-week-in-review-10-16-november","status":"publish","type":"post","link":"https:\/\/www.rri.ro\/en\/news-and-current-affairs\/the-week-in-review\/the-week-in-review-10-16-november-id124104.html","title":{"rendered":"The Week in Review 10-16 November"},"content":{"rendered":"<p><strong>The second round of the presidential elections in Romania is held on Sunday<\/strong><\/p>\n<p>&#13;<br \/>\n&#13;<\/p>\n<p>Prime Minister Victor Ponta, running for president on behalf of an alliance comprising the Social Democratic Party, the National Union for the Progress of Romania and the Conservative Party and Klaus Iohannis, the mayor of the city of Sibiu, a candidate of the Christian Liberal Alliance made up of the National Liberal Party and the Liberal Democratic Party, will compete in second round of the presidential elections in Romania due on November 16th. In the first round of the presidential elections Victor Ponta won 40.44% of the votes and Klaus Iohannis 30.37%. Authorities have taken measures so that voting at polling stations abroad should unfold smoothly. In the first round of voting, on November 2nd, Romanian citizens eager to exercise their civic right to vote waited in line for hours and, in the case of many thousands, did not even manage to vote at all. For this reason, foreign minister Titus Corlatean resigned, his place being taken by the former Foreign Intelligence Service chief, Teodor Melescanu. In order to ease voting abroad, the Ministry of Foreign Affairs has decided that all 294 polling stations outside the country will have 7 polling booths and 7 stamps each, the maximum number allowed under the law. All necessary materials, among which 800,000 ballot papers, have already been supplied.<\/p>\n<p>&#13;<br \/>\n&#13;<\/p>\n<p>&#13;<br \/>\n&#13;<\/p>\n<p><strong>The European Parliament ratifies EU &#8211; Moldova\u2019s Association Agreement <\/strong><\/p>\n<p>&#13;<br \/>\n&#13;<\/p>\n<p>The European Parliament ratified, in Brussels, the EU-Moldova Association agreement, which includes a Deep and Comprehensive Free Trade Agreement (DCFTA). EU deputies see this as a clear acknowledgment of the success of Moldova\u2019s political and economic reform process. The Romanian Foreign Ministry hailed the decision and pointed put that Romania would continue to support, both financially and technically, the Agreement\u2019s implementation by the Chisinau authorities, in order to reach the strategic goal of Moldova\u2019s EU accession as soon as possible.  We remind you that Romania was the first EU country to ratify this agreement, which will enter into force after the parliaments of all 28 EU state approve it.<\/p>\n<p>&#13;<br \/>\n&#13;<\/p>\n<p>&#13;<br \/>\n&#13;<\/p>\n<p><strong>Social-Democrat Ioan Mircea Pascu is elected vice-president of the European Parliament<\/strong><\/p>\n<p>&#13;<br \/>\n&#13;<\/p>\n<p>Social Democrat MEP Ioan Mircea Pascu this week was elected vice-president of the European Parliament by majority vote. Vice-president of the Committee for Foreign Affairs, Ioan Mircea Pascu applied for this position after this seat was vacated by Romanian MEP Corina Cretu, who took over as European Commissioner for Regional Policy as part of the European executive led by Jean-Claude Juncker.<\/p>\n<p>&#13;<br \/>\n&#13;<\/p>\n<p>&#13;<br \/>\n&#13;<\/p>\n<p><strong style=line-height: 1.6em;>The European Commission will help farmers affected by the Russian food export ban<\/strong><\/p>\n<p>&#13;<br \/>\n&#13;<\/p>\n<p>Agriculture Ministers of 21 EU Member States, including Romania, have called on the European Commission to earmark additional funds to help farmers affected by the Russian food embargo, as well as in the event of any other emerging crises. Member States insist that the Commission compensate farmers by disbursing 450 million euros from the Common Agricultural Policy. The Commission however wants to use the money to cover certain deficits and to allot 432 million euros to farmers from a \u201cspecific crisis reserve\u201d. The Commission has already announced it would compensate loss-incurring vegetable growers and dairy producers in the value of some 344 million euros. A decision in that respect will be taken next week, as part of negotiations for the EU budget in 2015.<\/p>\n<p>&#13;<br \/>\n&#13;<\/p>\n<p>&#13;<br \/>\n&#13;<\/p>\n<p><strong>Romania\u2019s economy grew by 1.9% in the third quarter of the year<\/strong><\/p>\n<p>&#13;<br \/>\n&#13;<\/p>\n<p>Romania\u2019s GDP grew by 1.9% in the third quarter of the year compared to the second quarter and by 3.3% compared to the same period last year, according to the latest figures made public by the National Institute for Statistics. In October, the International Monetary Fund revised its GDP growth forecast for this year up to 2.4%. The authorities in Bucharest are expecting a 2.8% economic growth rate in 2014 after a 3.5% growth rate in 2013, one of the highest in Europe. Also, Romania\u2019s 2.4% industrial output growth in September compared to the previous month is the fifth highest in the European Union. According to the National Institute for Statistics, industrial output across the Union was 0.6% higher during this period, with the highest increases being reported by Croatia, the Czech Republic, Ireland, Hungary and Romania. <\/p>\n<p>&#13;<\/p>\n","protected":false},"excerpt":{"rendered":"<p>Click here for a roundup of the week&#8217;s main stories<\/p>\n","protected":false},"author":106,"featured_media":123867,"comment_status":"closed","ping_status":"closed","sticky":false,"template":"","format":"standard","meta":{"_acf_changed":false,"footnotes":""},"categories":[40944],"tags":[],"coauthors":[],"class_list":["post-124104","post","type-post","status-publish","format-standard","has-post-thumbnail","hentry","category-the-week-in-review"],"acf":[],"yoast_head":"<!-- This site is optimized with the Yoast SEO plugin v27.3 - https:\/\/yoast.com\/product\/yoast-seo-wordpress\/ -->\n<title>The Week in Review 10-16 November - Radio Romania International<\/title>\n<meta name=\"robots\" content=\"index, follow, max-snippet:-1, max-image-preview:large, max-video-preview:-1\" \/>\n<link rel=\"canonical\" href=\"https:\/\/www.rri.ro\/en\/news-and-current-affairs\/the-week-in-review\/the-week-in-review-10-16-november-id124104.html\" \/>\n<meta property=\"og:locale\" content=\"en_US\" \/>\n<meta property=\"og:type\" content=\"article\" \/>\n<meta property=\"og:title\" content=\"The Week in Review 10-16 November - Radio Romania International\" \/>\n<meta property=\"og:description\" content=\"Click here for a roundup of the week&#039;s main stories\" \/>\n<meta property=\"og:url\" content=\"https:\/\/www.rri.ro\/en\/news-and-current-affairs\/the-week-in-review\/the-week-in-review-10-16-november-id124104.html\" \/>\n<meta property=\"og:site_name\" content=\"Radio Romania International\" \/>\n<meta property=\"article:published_time\" content=\"2014-11-15T12:28:00+00:00\" \/>\n<meta property=\"article:modified_time\" content=\"2024-02-19T08:44:03+00:00\" \/>\n<meta property=\"og:image\" content=\"https:\/\/www.rri.ro\/wp-content\/uploads\/2023\/10\/evenimenttophartaromania.jpg\" \/>\n\t<meta property=\"og:image:width\" content=\"640\" \/>\n\t<meta property=\"og:image:height\" content=\"486\" \/>\n\t<meta property=\"og:image:type\" content=\"image\/jpeg\" \/>\n<meta name=\"author\" content=\"Mihai Pelin\" \/>\n<meta name=\"twitter:card\" content=\"summary_large_image\" \/>\n<meta name=\"twitter:label1\" content=\"Written by\" \/>\n\t<meta name=\"twitter:data1\" content=\"Mihai Pelin\" \/>\n\t<meta name=\"twitter:label2\" content=\"Est. reading time\" \/>\n\t<meta name=\"twitter:data2\" content=\"3 minutes\" \/>\n<script type=\"application\/ld+json\" class=\"yoast-schema-graph\">{\"@context\":\"https:\\\/\\\/schema.org\",\"@graph\":[{\"@type\":\"Article\",\"@id\":\"https:\\\/\\\/www.rri.ro\\\/en\\\/news-and-current-affairs\\\/the-week-in-review\\\/the-week-in-review-10-16-november-id124104.html#article\",\"isPartOf\":{\"@id\":\"https:\\\/\\\/www.rri.ro\\\/en\\\/news-and-current-affairs\\\/the-week-in-review\\\/the-week-in-review-10-16-november-id124104.html\"},\"author\":{\"name\":\"Mihai Pelin\",\"@id\":\"https:\\\/\\\/www.rri.ro\\\/#\\\/schema\\\/person\\\/c6036c822534c855dc3aad41a484f05d\"},\"headline\":\"The Week in Review 10-16 November\",\"datePublished\":\"2014-11-15T12:28:00+00:00\",\"dateModified\":\"2024-02-19T08:44:03+00:00\",\"mainEntityOfPage\":{\"@id\":\"https:\\\/\\\/www.rri.ro\\\/en\\\/news-and-current-affairs\\\/the-week-in-review\\\/the-week-in-review-10-16-november-id124104.html\"},\"wordCount\":695,\"image\":{\"@id\":\"https:\\\/\\\/www.rri.ro\\\/en\\\/news-and-current-affairs\\\/the-week-in-review\\\/the-week-in-review-10-16-november-id124104.html#primaryimage\"},\"thumbnailUrl\":\"https:\\\/\\\/www.rri.ro\\\/wp-content\\\/uploads\\\/2023\\\/10\\\/evenimenttophartaromania.jpg\",\"articleSection\":[\"The Week in Review\"],\"inLanguage\":\"en-US\"},{\"@type\":\"WebPage\",\"@id\":\"https:\\\/\\\/www.rri.ro\\\/en\\\/news-and-current-affairs\\\/the-week-in-review\\\/the-week-in-review-10-16-november-id124104.html\",\"url\":\"https:\\\/\\\/www.rri.ro\\\/en\\\/news-and-current-affairs\\\/the-week-in-review\\\/the-week-in-review-10-16-november-id124104.html\",\"name\":\"The Week in Review 10-16 November - Radio Romania International\",\"isPartOf\":{\"@id\":\"https:\\\/\\\/www.rri.ro\\\/#website\"},\"primaryImageOfPage\":{\"@id\":\"https:\\\/\\\/www.rri.ro\\\/en\\\/news-and-current-affairs\\\/the-week-in-review\\\/the-week-in-review-10-16-november-id124104.html#primaryimage\"},\"image\":{\"@id\":\"https:\\\/\\\/www.rri.ro\\\/en\\\/news-and-current-affairs\\\/the-week-in-review\\\/the-week-in-review-10-16-november-id124104.html#primaryimage\"},\"thumbnailUrl\":\"https:\\\/\\\/www.rri.ro\\\/wp-content\\\/uploads\\\/2023\\\/10\\\/evenimenttophartaromania.jpg\",\"datePublished\":\"2014-11-15T12:28:00+00:00\",\"dateModified\":\"2024-02-19T08:44:03+00:00\",\"author\":{\"@id\":\"https:\\\/\\\/www.rri.ro\\\/#\\\/schema\\\/person\\\/c6036c822534c855dc3aad41a484f05d\"},\"breadcrumb\":{\"@id\":\"https:\\\/\\\/www.rri.ro\\\/en\\\/news-and-current-affairs\\\/the-week-in-review\\\/the-week-in-review-10-16-november-id124104.html#breadcrumb\"},\"inLanguage\":\"en-US\",\"potentialAction\":[{\"@type\":\"ReadAction\",\"target\":[\"https:\\\/\\\/www.rri.ro\\\/en\\\/news-and-current-affairs\\\/the-week-in-review\\\/the-week-in-review-10-16-november-id124104.html\"]}]},{\"@type\":\"ImageObject\",\"inLanguage\":\"en-US\",\"@id\":\"https:\\\/\\\/www.rri.ro\\\/en\\\/news-and-current-affairs\\\/the-week-in-review\\\/the-week-in-review-10-16-november-id124104.html#primaryimage\",\"url\":\"https:\\\/\\\/www.rri.ro\\\/wp-content\\\/uploads\\\/2023\\\/10\\\/evenimenttophartaromania.jpg\",\"contentUrl\":\"https:\\\/\\\/www.rri.ro\\\/wp-content\\\/uploads\\\/2023\\\/10\\\/evenimenttophartaromania.jpg\",\"width\":640,\"height\":486},{\"@type\":\"BreadcrumbList\",\"@id\":\"https:\\\/\\\/www.rri.ro\\\/en\\\/news-and-current-affairs\\\/the-week-in-review\\\/the-week-in-review-10-16-november-id124104.html#breadcrumb\",\"itemListElement\":[{\"@type\":\"ListItem\",\"position\":1,\"name\":\"Homepage\",\"item\":\"https:\\\/\\\/www.rri.ro\\\/en\"},{\"@type\":\"ListItem\",\"position\":2,\"name\":\"News and Current Affairs\",\"item\":\"https:\\\/\\\/www.rri.ro\\\/en\\\/news-and-current-affairs\"},{\"@type\":\"ListItem\",\"position\":3,\"name\":\"The Week in Review\",\"item\":\"https:\\\/\\\/www.rri.ro\\\/en\\\/news-and-current-affairs\\\/the-week-in-review\"},{\"@type\":\"ListItem\",\"position\":4,\"name\":\"The Week in Review 10-16 November\"}]},{\"@type\":\"WebSite\",\"@id\":\"https:\\\/\\\/www.rri.ro\\\/#website\",\"url\":\"https:\\\/\\\/www.rri.ro\\\/\",\"name\":\"Radio Romania International\",\"description\":\"Totul despre Rom\u00e2nia \u015fi rom\u00e2ni, \u00een 13 limbi\\\/dialecte!\",\"inLanguage\":\"en-US\"},{\"@type\":\"Person\",\"@id\":\"https:\\\/\\\/www.rri.ro\\\/#\\\/schema\\\/person\\\/c6036c822534c855dc3aad41a484f05d\",\"name\":\"Mihai Pelin\",\"url\":\"https:\\\/\\\/www.rri.ro\\\/en\\\/author\\\/mihai-pelin\"}]}<\/script>\n<!-- \/ Yoast SEO plugin. -->","yoast_head_json":{"title":"The Week in Review 10-16 November - Radio Romania International","robots":{"index":"index","follow":"follow","max-snippet":"max-snippet:-1","max-image-preview":"max-image-preview:large","max-video-preview":"max-video-preview:-1"},"canonical":"https:\/\/www.rri.ro\/en\/news-and-current-affairs\/the-week-in-review\/the-week-in-review-10-16-november-id124104.html","og_locale":"en_US","og_type":"article","og_title":"The Week in Review 10-16 November - Radio Romania International","og_description":"Click here for a roundup of the week's main stories","og_url":"https:\/\/www.rri.ro\/en\/news-and-current-affairs\/the-week-in-review\/the-week-in-review-10-16-november-id124104.html","og_site_name":"Radio Romania International","article_published_time":"2014-11-15T12:28:00+00:00","article_modified_time":"2024-02-19T08:44:03+00:00","og_image":[{"width":640,"height":486,"url":"https:\/\/www.rri.ro\/wp-content\/uploads\/2023\/10\/evenimenttophartaromania.jpg","type":"image\/jpeg"}],"author":"Mihai Pelin","twitter_card":"summary_large_image","twitter_misc":{"Written by":"Mihai Pelin","Est. reading time":"3 minutes"},"schema":{"@context":"https:\/\/schema.org","@graph":[{"@type":"Article","@id":"https:\/\/www.rri.ro\/en\/news-and-current-affairs\/the-week-in-review\/the-week-in-review-10-16-november-id124104.html#article","isPartOf":{"@id":"https:\/\/www.rri.ro\/en\/news-and-current-affairs\/the-week-in-review\/the-week-in-review-10-16-november-id124104.html"},"author":{"name":"Mihai Pelin","@id":"https:\/\/www.rri.ro\/#\/schema\/person\/c6036c822534c855dc3aad41a484f05d"},"headline":"The Week in Review 10-16 November","datePublished":"2014-11-15T12:28:00+00:00","dateModified":"2024-02-19T08:44:03+00:00","mainEntityOfPage":{"@id":"https:\/\/www.rri.ro\/en\/news-and-current-affairs\/the-week-in-review\/the-week-in-review-10-16-november-id124104.html"},"wordCount":695,"image":{"@id":"https:\/\/www.rri.ro\/en\/news-and-current-affairs\/the-week-in-review\/the-week-in-review-10-16-november-id124104.html#primaryimage"},"thumbnailUrl":"https:\/\/www.rri.ro\/wp-content\/uploads\/2023\/10\/evenimenttophartaromania.jpg","articleSection":["The Week in Review"],"inLanguage":"en-US"},{"@type":"WebPage","@id":"https:\/\/www.rri.ro\/en\/news-and-current-affairs\/the-week-in-review\/the-week-in-review-10-16-november-id124104.html","url":"https:\/\/www.rri.ro\/en\/news-and-current-affairs\/the-week-in-review\/the-week-in-review-10-16-november-id124104.html","name":"The Week in Review 10-16 November - Radio Romania International","isPartOf":{"@id":"https:\/\/www.rri.ro\/#website"},"primaryImageOfPage":{"@id":"https:\/\/www.rri.ro\/en\/news-and-current-affairs\/the-week-in-review\/the-week-in-review-10-16-november-id124104.html#primaryimage"},"image":{"@id":"https:\/\/www.rri.ro\/en\/news-and-current-affairs\/the-week-in-review\/the-week-in-review-10-16-november-id124104.html#primaryimage"},"thumbnailUrl":"https:\/\/www.rri.ro\/wp-content\/uploads\/2023\/10\/evenimenttophartaromania.jpg","datePublished":"2014-11-15T12:28:00+00:00","dateModified":"2024-02-19T08:44:03+00:00","author":{"@id":"https:\/\/www.rri.ro\/#\/schema\/person\/c6036c822534c855dc3aad41a484f05d"},"breadcrumb":{"@id":"https:\/\/www.rri.ro\/en\/news-and-current-affairs\/the-week-in-review\/the-week-in-review-10-16-november-id124104.html#breadcrumb"},"inLanguage":"en-US","potentialAction":[{"@type":"ReadAction","target":["https:\/\/www.rri.ro\/en\/news-and-current-affairs\/the-week-in-review\/the-week-in-review-10-16-november-id124104.html"]}]},{"@type":"ImageObject","inLanguage":"en-US","@id":"https:\/\/www.rri.ro\/en\/news-and-current-affairs\/the-week-in-review\/the-week-in-review-10-16-november-id124104.html#primaryimage","url":"https:\/\/www.rri.ro\/wp-content\/uploads\/2023\/10\/evenimenttophartaromania.jpg","contentUrl":"https:\/\/www.rri.ro\/wp-content\/uploads\/2023\/10\/evenimenttophartaromania.jpg","width":640,"height":486},{"@type":"BreadcrumbList","@id":"https:\/\/www.rri.ro\/en\/news-and-current-affairs\/the-week-in-review\/the-week-in-review-10-16-november-id124104.html#breadcrumb","itemListElement":[{"@type":"ListItem","position":1,"name":"Homepage","item":"https:\/\/www.rri.ro\/en"},{"@type":"ListItem","position":2,"name":"News and Current Affairs","item":"https:\/\/www.rri.ro\/en\/news-and-current-affairs"},{"@type":"ListItem","position":3,"name":"The Week in Review","item":"https:\/\/www.rri.ro\/en\/news-and-current-affairs\/the-week-in-review"},{"@type":"ListItem","position":4,"name":"The Week in Review 10-16 November"}]},{"@type":"WebSite","@id":"https:\/\/www.rri.ro\/#website","url":"https:\/\/www.rri.ro\/","name":"Radio Romania International","description":"Totul despre Rom\u00e2nia \u015fi rom\u00e2ni, \u00een 13 limbi\/dialecte!","inLanguage":"en-US"},{"@type":"Person","@id":"https:\/\/www.rri.ro\/#\/schema\/person\/c6036c822534c855dc3aad41a484f05d","name":"Mihai Pelin","url":"https:\/\/www.rri.ro\/en\/author\/mihai-pelin"}]}},"_links":{"self":[{"href":"https:\/\/www.rri.ro\/en\/wp-json\/wp\/v2\/posts\/124104","targetHints":{"allow":["GET"]}}],"collection":[{"href":"https:\/\/www.rri.ro\/en\/wp-json\/wp\/v2\/posts"}],"about":[{"href":"https:\/\/www.rri.ro\/en\/wp-json\/wp\/v2\/types\/post"}],"author":[{"embeddable":true,"href":"https:\/\/www.rri.ro\/en\/wp-json\/wp\/v2\/users\/106"}],"replies":[{"embeddable":true,"href":"https:\/\/www.rri.ro\/en\/wp-json\/wp\/v2\/comments?post=124104"}],"version-history":[{"count":0,"href":"https:\/\/www.rri.ro\/en\/wp-json\/wp\/v2\/posts\/124104\/revisions"}],"wp:featuredmedia":[{"embeddable":true,"href":"https:\/\/www.rri.ro\/en\/wp-json\/wp\/v2\/media\/123867"}],"wp:attachment":[{"href":"https:\/\/www.rri.ro\/en\/wp-json\/wp\/v2\/media?parent=124104"}],"wp:term":[{"taxonomy":"category","embeddable":true,"href":"https:\/\/www.rri.ro\/en\/wp-json\/wp\/v2\/categories?post=124104"},{"taxonomy":"post_tag","embeddable":true,"href":"https:\/\/www.rri.ro\/en\/wp-json\/wp\/v2\/tags?post=124104"},{"taxonomy":"author","embeddable":true,"href":"https:\/\/www.rri.ro\/en\/wp-json\/wp\/v2\/coauthors?post=124104"}],"curies":[{"name":"wp","href":"https:\/\/api.w.org\/{rel}","templated":true}]}}