{"id":124528,"date":"2017-10-07T14:34:00","date_gmt":"2017-10-07T11:34:00","guid":{"rendered":"http:\/\/devrri.freshlemon.ro\/news-and-current-affairs\/newsflash\/the-week-in-review-2-8-october-2017-124528.html"},"modified":"2024-02-19T10:46:32","modified_gmt":"2024-02-19T08:46:32","slug":"the-week-in-review-2-8-october-2017","status":"publish","type":"post","link":"https:\/\/www.rri.ro\/en\/news-and-current-affairs\/the-week-in-review\/the-week-in-review-2-8-october-2017-id124528.html","title":{"rendered":"The Week in Review 2-8 October 2017"},"content":{"rendered":"<p><strong>Croatia\u2019s president Kolinda Grabar-Kitarovic travels to Bucharest<\/strong><\/p>\n<p>&#13;<br \/>\n&#13;<\/p>\n<p>&#13;<br \/>\n&#13;<\/p>\n<p>The Romanian president Klaus Iohannis and his counterpart in Zagreb Kolinda Grabar-Kitarovic, who has made a state visit to Bucharest, opened the Romanian-Croatian Business Forum on Tuesday. The Romanian president said on this occasion that bilateral trade exchanges stood at almost 300 million euros. In his opinion, although this is below the potential of the two economies, recent developments give, however, encouraging signs. During talks on Monday, the two presidents discussed ways to improve collaboration within the European Union and NATO. They also agreed on the need to develop infrastructure in the region, with next year\u2019s summit of the Three Seas Initiative in Bucharest due to focus on this aspect. The Croatian president said her country supported Romania\u2019s accession to the Schengen area and the elimination of the Mechanism for Cooperation and Verification for Romania in the field of justice.<\/p>\n<p>&#13;<br \/>\n&#13;<\/p>\n<p>&#13;<br \/>\n&#13;<\/p>\n<p><strong>Prime minister Mihai Tudose attends four-party high-level meeting in Varna, Bulgaria<\/strong><\/p>\n<p>&#13;<br \/>\n&#13;<\/p>\n<p>&#13;<br \/>\n&#13;<\/p>\n<p>Romania\u2019s prime minister Mihai Tudose, who travelled to neighbouring Bulgaria on Tuesday, and his Bulgarian counterpart Boiko Borisov chaired the fourth joint meeting of Romanian and Bulgarian governments in Varna. Talks focused, among other things, on economic cooperation, transport and energy infrastructure, regional development and cross-border cooperation. A declaration was signed in the presence of the two prime ministers on the main lines of action for bilateral, regional, European, Euro-Atlantic and international cooperation. Also in Varna, the Romanian prime minister attended a high-level four-party meeting between Romania, Bulgaria, Serbia and Greece. Mihai Tudose, Boiko Borisov, the Greek prime minister Alexis Tsipras and the Serbian president Alexandar Vucic discussed bilateral and regional cooperation. According to the Bulgarian prime minister, the four countries are to form a coordinated group whose voice would be better heard at European level. The Serbian president also believes the four countries can accomplish many things together to secure the prosperity of their citizens. The Greek prime minister is of the opinion that the group can play an essential role in the stability and peace of the entire Balkan region. The Romanian prime minister recalled that Romania, Greece, Bulgaria and Serbia have a very pragmatic partnership and that they wish to attain some concrete objectives by the time of their next meeting due in Belgrade.<\/p>\n<p>&#13;<br \/>\n&#13;<\/p>\n<p>&#13;<br \/>\n&#13;<\/p>\n<p><strong>Trade unions stage protests in Romania<\/strong><\/p>\n<p>&#13;<br \/>\n&#13;<\/p>\n<p>&#13;<br \/>\n&#13;<\/p>\n<p>The whole week has been dominated by trade union protests. One of the biggest trade union confederations, Cartel Alfa, as well as Sanitas and Solidaritatea Sanitara healthcare trade unions and the trade unions in education, have protested mostly against the Government\u2019s decision to transfer the payment of social security contributions from employers to employees. Trade unions are also unhappy with the public sector salary law and the social dialogue law. The first rounds of negotiations with government representatives have already been held in Bucharest. The latter have admitted that some categories of public employees will have smaller salaries when the payment of the social security contributions are transferred from the employer to the employee. Nevertheless, Prime Minister Mihai Tudose has announced he will not give up this controversial measure. He has argued that this measure is part of a legislative package that also includes the new salary law and provisions for smaller taxation. On the other hand, trade unionists have threatened with new protests unless their demands are met.<\/p>\n<p>&#13;<br \/>\n&#13;<\/p>\n<p>&#13;<br \/>\n&#13;<\/p>\n<p><strong style=line-height: 1.6em;>Mining accident at the Lupeni mine<\/strong><\/p>\n<p>&#13;<br \/>\n&#13;<\/p>\n<p>&#13;<br \/>\n&#13;<\/p>\n<p>A new, serious mining accident occurred at the Lupeni mine, in central Romania,  killing one and wounding two. The ceiling of a gallery collapsed  some 400 meters in the underground. The miners had gone down into the mine for consolidation works. The Lupeni mine is one of the mining exploitations that should be closed down by the end of 2018. It is located in the Jiu Valley, the most dangerous mining area of Romania, where around two thirds of the total number of accidents occur. According to statistics, the incidence of work accidents in the mining field is several times higher than the average number reported at national level for all economic sectors. Nevertheless, the number of accidents has dropped, just as the number of miners has constantly decreased in the past years.<\/p>\n<p>&#13;<br \/>\n&#13;<\/p>\n<p>&#13;<br \/>\n&#13;<\/p>\n<p><strong>Romania\u2019s national football team defeats Kazakhstan<\/strong><\/p>\n<p>&#13;<br \/>\n&#13;<\/p>\n<p>&#13;<br \/>\n&#13;<\/p>\n<p>Romania\u2019s national team on Thursday won 3-1, on home ground, the match against Kazakhstan, the last but one in the preliminaries of the 2018 World Cup scheduled to take place in Russia. This victory only account\u2019s for the Romanian team\u2019s record, as they already failed to qualify for the World Cup. In the next match to be played on Sunday, Romania will take on Denmark, away from home. The match against Kazakhstan marked the debut of Cosmin Contra as coach. He replaced the German Christoph Daum, the first foreign coach of the national team in the history of Romanian football. Cosmin Contra\u2019s main objective is to make sure Romania qualifies for EURO 2020.<\/p>\n<p>&#13;<\/p>\n","protected":false},"excerpt":{"rendered":"<p>Click here for a review of the main stories making headlines in Romania in the past week<\/p>\n","protected":false},"author":106,"featured_media":124454,"comment_status":"closed","ping_status":"closed","sticky":false,"template":"","format":"standard","meta":{"_acf_changed":false,"footnotes":""},"categories":[40944],"tags":[42401],"coauthors":[],"class_list":["post-124528","post","type-post","status-publish","format-standard","has-post-thumbnail","hentry","category-the-week-in-review","tag-main-stories-of-the-past-week-in-romania"],"acf":[],"yoast_head":"<!-- This site is optimized with the Yoast SEO plugin v27.3 - https:\/\/yoast.com\/product\/yoast-seo-wordpress\/ -->\n<title>The Week in Review 2-8 October 2017 - Radio Romania International<\/title>\n<meta name=\"robots\" content=\"index, follow, max-snippet:-1, max-image-preview:large, max-video-preview:-1\" \/>\n<link rel=\"canonical\" href=\"https:\/\/www.rri.ro\/en\/news-and-current-affairs\/the-week-in-review\/the-week-in-review-2-8-october-2017-id124528.html\" \/>\n<meta property=\"og:locale\" content=\"en_US\" \/>\n<meta property=\"og:type\" content=\"article\" \/>\n<meta property=\"og:title\" content=\"The Week in Review 2-8 October 2017 - Radio Romania International\" \/>\n<meta property=\"og:description\" content=\"Click here for a review of the main stories making headlines in Romania in the past week\" \/>\n<meta property=\"og:url\" content=\"https:\/\/www.rri.ro\/en\/news-and-current-affairs\/the-week-in-review\/the-week-in-review-2-8-october-2017-id124528.html\" \/>\n<meta property=\"og:site_name\" content=\"Radio Romania International\" \/>\n<meta property=\"article:published_time\" content=\"2017-10-07T11:34:00+00:00\" \/>\n<meta property=\"article:modified_time\" content=\"2024-02-19T08:46:32+00:00\" \/>\n<meta property=\"og:image\" content=\"https:\/\/www.rri.ro\/wp-content\/uploads\/2023\/10\/eveniment-top-2017-01.jpg\" \/>\n\t<meta property=\"og:image:width\" content=\"640\" \/>\n\t<meta property=\"og:image:height\" content=\"480\" \/>\n\t<meta property=\"og:image:type\" content=\"image\/jpeg\" \/>\n<meta name=\"author\" content=\"Mihai Pelin\" \/>\n<meta name=\"twitter:card\" content=\"summary_large_image\" \/>\n<meta name=\"twitter:label1\" content=\"Written by\" \/>\n\t<meta name=\"twitter:data1\" content=\"Mihai Pelin\" \/>\n\t<meta name=\"twitter:label2\" content=\"Est. reading time\" \/>\n\t<meta name=\"twitter:data2\" content=\"4 minutes\" \/>\n<script type=\"application\/ld+json\" class=\"yoast-schema-graph\">{\"@context\":\"https:\\\/\\\/schema.org\",\"@graph\":[{\"@type\":\"Article\",\"@id\":\"https:\\\/\\\/www.rri.ro\\\/en\\\/news-and-current-affairs\\\/the-week-in-review\\\/the-week-in-review-2-8-october-2017-id124528.html#article\",\"isPartOf\":{\"@id\":\"https:\\\/\\\/www.rri.ro\\\/en\\\/news-and-current-affairs\\\/the-week-in-review\\\/the-week-in-review-2-8-october-2017-id124528.html\"},\"author\":{\"name\":\"Mihai Pelin\",\"@id\":\"https:\\\/\\\/www.rri.ro\\\/#\\\/schema\\\/person\\\/c6036c822534c855dc3aad41a484f05d\"},\"headline\":\"The Week in Review 2-8 October 2017\",\"datePublished\":\"2017-10-07T11:34:00+00:00\",\"dateModified\":\"2024-02-19T08:46:32+00:00\",\"mainEntityOfPage\":{\"@id\":\"https:\\\/\\\/www.rri.ro\\\/en\\\/news-and-current-affairs\\\/the-week-in-review\\\/the-week-in-review-2-8-october-2017-id124528.html\"},\"wordCount\":819,\"image\":{\"@id\":\"https:\\\/\\\/www.rri.ro\\\/en\\\/news-and-current-affairs\\\/the-week-in-review\\\/the-week-in-review-2-8-october-2017-id124528.html#primaryimage\"},\"thumbnailUrl\":\"https:\\\/\\\/www.rri.ro\\\/wp-content\\\/uploads\\\/2023\\\/10\\\/eveniment-top-2017-01.jpg\",\"keywords\":[\"main stories of the past week in Romania\"],\"articleSection\":[\"The Week in Review\"],\"inLanguage\":\"en-US\"},{\"@type\":\"WebPage\",\"@id\":\"https:\\\/\\\/www.rri.ro\\\/en\\\/news-and-current-affairs\\\/the-week-in-review\\\/the-week-in-review-2-8-october-2017-id124528.html\",\"url\":\"https:\\\/\\\/www.rri.ro\\\/en\\\/news-and-current-affairs\\\/the-week-in-review\\\/the-week-in-review-2-8-october-2017-id124528.html\",\"name\":\"The Week in Review 2-8 October 2017 - Radio Romania International\",\"isPartOf\":{\"@id\":\"https:\\\/\\\/www.rri.ro\\\/#website\"},\"primaryImageOfPage\":{\"@id\":\"https:\\\/\\\/www.rri.ro\\\/en\\\/news-and-current-affairs\\\/the-week-in-review\\\/the-week-in-review-2-8-october-2017-id124528.html#primaryimage\"},\"image\":{\"@id\":\"https:\\\/\\\/www.rri.ro\\\/en\\\/news-and-current-affairs\\\/the-week-in-review\\\/the-week-in-review-2-8-october-2017-id124528.html#primaryimage\"},\"thumbnailUrl\":\"https:\\\/\\\/www.rri.ro\\\/wp-content\\\/uploads\\\/2023\\\/10\\\/eveniment-top-2017-01.jpg\",\"datePublished\":\"2017-10-07T11:34:00+00:00\",\"dateModified\":\"2024-02-19T08:46:32+00:00\",\"author\":{\"@id\":\"https:\\\/\\\/www.rri.ro\\\/#\\\/schema\\\/person\\\/c6036c822534c855dc3aad41a484f05d\"},\"breadcrumb\":{\"@id\":\"https:\\\/\\\/www.rri.ro\\\/en\\\/news-and-current-affairs\\\/the-week-in-review\\\/the-week-in-review-2-8-october-2017-id124528.html#breadcrumb\"},\"inLanguage\":\"en-US\",\"potentialAction\":[{\"@type\":\"ReadAction\",\"target\":[\"https:\\\/\\\/www.rri.ro\\\/en\\\/news-and-current-affairs\\\/the-week-in-review\\\/the-week-in-review-2-8-october-2017-id124528.html\"]}]},{\"@type\":\"ImageObject\",\"inLanguage\":\"en-US\",\"@id\":\"https:\\\/\\\/www.rri.ro\\\/en\\\/news-and-current-affairs\\\/the-week-in-review\\\/the-week-in-review-2-8-october-2017-id124528.html#primaryimage\",\"url\":\"https:\\\/\\\/www.rri.ro\\\/wp-content\\\/uploads\\\/2023\\\/10\\\/eveniment-top-2017-01.jpg\",\"contentUrl\":\"https:\\\/\\\/www.rri.ro\\\/wp-content\\\/uploads\\\/2023\\\/10\\\/eveniment-top-2017-01.jpg\",\"width\":640,\"height\":480},{\"@type\":\"BreadcrumbList\",\"@id\":\"https:\\\/\\\/www.rri.ro\\\/en\\\/news-and-current-affairs\\\/the-week-in-review\\\/the-week-in-review-2-8-october-2017-id124528.html#breadcrumb\",\"itemListElement\":[{\"@type\":\"ListItem\",\"position\":1,\"name\":\"Homepage\",\"item\":\"https:\\\/\\\/www.rri.ro\\\/en\"},{\"@type\":\"ListItem\",\"position\":2,\"name\":\"News and Current Affairs\",\"item\":\"https:\\\/\\\/www.rri.ro\\\/en\\\/news-and-current-affairs\"},{\"@type\":\"ListItem\",\"position\":3,\"name\":\"The Week in Review\",\"item\":\"https:\\\/\\\/www.rri.ro\\\/en\\\/news-and-current-affairs\\\/the-week-in-review\"},{\"@type\":\"ListItem\",\"position\":4,\"name\":\"The Week in Review 2-8 October 2017\"}]},{\"@type\":\"WebSite\",\"@id\":\"https:\\\/\\\/www.rri.ro\\\/#website\",\"url\":\"https:\\\/\\\/www.rri.ro\\\/\",\"name\":\"Radio Romania International\",\"description\":\"Totul despre Rom\u00e2nia \u015fi rom\u00e2ni, \u00een 13 limbi\\\/dialecte!\",\"inLanguage\":\"en-US\"},{\"@type\":\"Person\",\"@id\":\"https:\\\/\\\/www.rri.ro\\\/#\\\/schema\\\/person\\\/c6036c822534c855dc3aad41a484f05d\",\"name\":\"Mihai Pelin\",\"url\":\"https:\\\/\\\/www.rri.ro\\\/en\\\/author\\\/mihai-pelin\"}]}<\/script>\n<!-- \/ Yoast SEO plugin. -->","yoast_head_json":{"title":"The Week in Review 2-8 October 2017 - Radio Romania International","robots":{"index":"index","follow":"follow","max-snippet":"max-snippet:-1","max-image-preview":"max-image-preview:large","max-video-preview":"max-video-preview:-1"},"canonical":"https:\/\/www.rri.ro\/en\/news-and-current-affairs\/the-week-in-review\/the-week-in-review-2-8-october-2017-id124528.html","og_locale":"en_US","og_type":"article","og_title":"The Week in Review 2-8 October 2017 - Radio Romania International","og_description":"Click here for a review of the main stories making headlines in Romania in the past week","og_url":"https:\/\/www.rri.ro\/en\/news-and-current-affairs\/the-week-in-review\/the-week-in-review-2-8-october-2017-id124528.html","og_site_name":"Radio Romania International","article_published_time":"2017-10-07T11:34:00+00:00","article_modified_time":"2024-02-19T08:46:32+00:00","og_image":[{"width":640,"height":480,"url":"https:\/\/www.rri.ro\/wp-content\/uploads\/2023\/10\/eveniment-top-2017-01.jpg","type":"image\/jpeg"}],"author":"Mihai Pelin","twitter_card":"summary_large_image","twitter_misc":{"Written by":"Mihai Pelin","Est. reading time":"4 minutes"},"schema":{"@context":"https:\/\/schema.org","@graph":[{"@type":"Article","@id":"https:\/\/www.rri.ro\/en\/news-and-current-affairs\/the-week-in-review\/the-week-in-review-2-8-october-2017-id124528.html#article","isPartOf":{"@id":"https:\/\/www.rri.ro\/en\/news-and-current-affairs\/the-week-in-review\/the-week-in-review-2-8-october-2017-id124528.html"},"author":{"name":"Mihai Pelin","@id":"https:\/\/www.rri.ro\/#\/schema\/person\/c6036c822534c855dc3aad41a484f05d"},"headline":"The Week in Review 2-8 October 2017","datePublished":"2017-10-07T11:34:00+00:00","dateModified":"2024-02-19T08:46:32+00:00","mainEntityOfPage":{"@id":"https:\/\/www.rri.ro\/en\/news-and-current-affairs\/the-week-in-review\/the-week-in-review-2-8-october-2017-id124528.html"},"wordCount":819,"image":{"@id":"https:\/\/www.rri.ro\/en\/news-and-current-affairs\/the-week-in-review\/the-week-in-review-2-8-october-2017-id124528.html#primaryimage"},"thumbnailUrl":"https:\/\/www.rri.ro\/wp-content\/uploads\/2023\/10\/eveniment-top-2017-01.jpg","keywords":["main stories of the past week in Romania"],"articleSection":["The Week in Review"],"inLanguage":"en-US"},{"@type":"WebPage","@id":"https:\/\/www.rri.ro\/en\/news-and-current-affairs\/the-week-in-review\/the-week-in-review-2-8-october-2017-id124528.html","url":"https:\/\/www.rri.ro\/en\/news-and-current-affairs\/the-week-in-review\/the-week-in-review-2-8-october-2017-id124528.html","name":"The Week in Review 2-8 October 2017 - Radio Romania International","isPartOf":{"@id":"https:\/\/www.rri.ro\/#website"},"primaryImageOfPage":{"@id":"https:\/\/www.rri.ro\/en\/news-and-current-affairs\/the-week-in-review\/the-week-in-review-2-8-october-2017-id124528.html#primaryimage"},"image":{"@id":"https:\/\/www.rri.ro\/en\/news-and-current-affairs\/the-week-in-review\/the-week-in-review-2-8-october-2017-id124528.html#primaryimage"},"thumbnailUrl":"https:\/\/www.rri.ro\/wp-content\/uploads\/2023\/10\/eveniment-top-2017-01.jpg","datePublished":"2017-10-07T11:34:00+00:00","dateModified":"2024-02-19T08:46:32+00:00","author":{"@id":"https:\/\/www.rri.ro\/#\/schema\/person\/c6036c822534c855dc3aad41a484f05d"},"breadcrumb":{"@id":"https:\/\/www.rri.ro\/en\/news-and-current-affairs\/the-week-in-review\/the-week-in-review-2-8-october-2017-id124528.html#breadcrumb"},"inLanguage":"en-US","potentialAction":[{"@type":"ReadAction","target":["https:\/\/www.rri.ro\/en\/news-and-current-affairs\/the-week-in-review\/the-week-in-review-2-8-october-2017-id124528.html"]}]},{"@type":"ImageObject","inLanguage":"en-US","@id":"https:\/\/www.rri.ro\/en\/news-and-current-affairs\/the-week-in-review\/the-week-in-review-2-8-october-2017-id124528.html#primaryimage","url":"https:\/\/www.rri.ro\/wp-content\/uploads\/2023\/10\/eveniment-top-2017-01.jpg","contentUrl":"https:\/\/www.rri.ro\/wp-content\/uploads\/2023\/10\/eveniment-top-2017-01.jpg","width":640,"height":480},{"@type":"BreadcrumbList","@id":"https:\/\/www.rri.ro\/en\/news-and-current-affairs\/the-week-in-review\/the-week-in-review-2-8-october-2017-id124528.html#breadcrumb","itemListElement":[{"@type":"ListItem","position":1,"name":"Homepage","item":"https:\/\/www.rri.ro\/en"},{"@type":"ListItem","position":2,"name":"News and Current Affairs","item":"https:\/\/www.rri.ro\/en\/news-and-current-affairs"},{"@type":"ListItem","position":3,"name":"The Week in Review","item":"https:\/\/www.rri.ro\/en\/news-and-current-affairs\/the-week-in-review"},{"@type":"ListItem","position":4,"name":"The Week in Review 2-8 October 2017"}]},{"@type":"WebSite","@id":"https:\/\/www.rri.ro\/#website","url":"https:\/\/www.rri.ro\/","name":"Radio Romania International","description":"Totul despre Rom\u00e2nia \u015fi rom\u00e2ni, \u00een 13 limbi\/dialecte!","inLanguage":"en-US"},{"@type":"Person","@id":"https:\/\/www.rri.ro\/#\/schema\/person\/c6036c822534c855dc3aad41a484f05d","name":"Mihai Pelin","url":"https:\/\/www.rri.ro\/en\/author\/mihai-pelin"}]}},"_links":{"self":[{"href":"https:\/\/www.rri.ro\/en\/wp-json\/wp\/v2\/posts\/124528","targetHints":{"allow":["GET"]}}],"collection":[{"href":"https:\/\/www.rri.ro\/en\/wp-json\/wp\/v2\/posts"}],"about":[{"href":"https:\/\/www.rri.ro\/en\/wp-json\/wp\/v2\/types\/post"}],"author":[{"embeddable":true,"href":"https:\/\/www.rri.ro\/en\/wp-json\/wp\/v2\/users\/106"}],"replies":[{"embeddable":true,"href":"https:\/\/www.rri.ro\/en\/wp-json\/wp\/v2\/comments?post=124528"}],"version-history":[{"count":0,"href":"https:\/\/www.rri.ro\/en\/wp-json\/wp\/v2\/posts\/124528\/revisions"}],"wp:featuredmedia":[{"embeddable":true,"href":"https:\/\/www.rri.ro\/en\/wp-json\/wp\/v2\/media\/124454"}],"wp:attachment":[{"href":"https:\/\/www.rri.ro\/en\/wp-json\/wp\/v2\/media?parent=124528"}],"wp:term":[{"taxonomy":"category","embeddable":true,"href":"https:\/\/www.rri.ro\/en\/wp-json\/wp\/v2\/categories?post=124528"},{"taxonomy":"post_tag","embeddable":true,"href":"https:\/\/www.rri.ro\/en\/wp-json\/wp\/v2\/tags?post=124528"},{"taxonomy":"author","embeddable":true,"href":"https:\/\/www.rri.ro\/en\/wp-json\/wp\/v2\/coauthors?post=124528"}],"curies":[{"name":"wp","href":"https:\/\/api.w.org\/{rel}","templated":true}]}}