{"id":124608,"date":"2018-10-27T11:00:00","date_gmt":"2018-10-27T08:00:00","guid":{"rendered":"http:\/\/devrri.freshlemon.ro\/news-and-current-affairs\/newsflash\/the-week-in-review-october-21-27-2018-124608.html"},"modified":"2024-02-19T10:47:23","modified_gmt":"2024-02-19T08:47:23","slug":"the-week-in-review-october-21-27-2018","status":"publish","type":"post","link":"https:\/\/www.rri.ro\/en\/news-and-current-affairs\/the-week-in-review\/the-week-in-review-october-21-27-2018-id124608.html","title":{"rendered":"The Week in Review: October 21-27, 2018"},"content":{"rendered":"<p><strong>Justice Minister requests the removal of the Prosecutor General<\/strong><\/p>\n<p>&#13;<br \/>\n&#13;<\/p>\n<p>&#13;<br \/>\n&#13;<\/p>\n<p>&#13;<br \/>\n&#13;<\/p>\n<p>The Romanian Justice Minister Tudorel Toader has initiated the procedure to dismiss Augustin Lazar as Prosecutor General of Romania, following an assessment of his work. Earlier this year, also at the request of the Justice Minister and bound by a Constitutional Court ruling, President Klaus Iohannis had dismissed the chief of the National Anti-Corruption Directorate, Laura Codruta Kovesi. Tudorel Toader explained that the same kind of behaviour that prompted Kovesi\u2019s removal was now bringing the downfall of the Prosecutor General.<\/p>\n<p>&#13;<br \/>\n&#13;<\/p>\n<p>&#13;<br \/>\n&#13;<\/p>\n<p>According to the Justice Minister, Augustin Lazar has generated 3 judicial conflicts related to the separation of powers, and has made unprecedented accusations against public authorities, parliament and the government. Lazar is also accused of challenging the rulings of the Constitutional Court, of failing to meet his professional objectives, of criticising the justice laws after the constitutionality check had been completed, and of breaking the law by signing protocols with the intelligence services, thus paving the way for a parallel judicial system.<\/p>\n<p>&#13;<br \/>\n&#13;<\/p>\n<p>&#13;<br \/>\n&#13;<\/p>\n<p>In response, Augustin Lazar says the Justice Minister\u2019s claims are exaggerations and that freedom of expression must be used against any interference that threatens to affect the independence of prosecutors.<\/p>\n<p>&#13;<br \/>\n&#13;<\/p>\n<p>&#13;<br \/>\n&#13;<\/p>\n<p>The Prosecutors\u2019 Section of the Superior Council of Magistracy has scheduled the hearing of the Prosecutor General on November 13, and is to make public an official opinion on the dismissal request on November 21.<\/p>\n<p>&#13;<br \/>\n&#13;<\/p>\n<p>&#13;<br \/>\n&#13;<\/p>\n<p>According to President Klaus Iohannis, the Justice Minister\u2019s request to remove Lazar is completely unjustified, and calls on Tudorel Toader to step down. Once again, the head of state says, attempts are being made to persuade people that prosecutors are the enemies of society. The President also urged magistrates not to lose faith in the Romanian society\u2019s ability to withstand a new attack on the rule of law.<\/p>\n<p>&#13;<br \/>\n&#13;<\/p>\n<p>&#13;<br \/>\n&#13;<\/p>\n<p>The National Liberal Party, in opposition, believes the request to dismiss the Prosecutor General is groundless and is just an attack against the independence of the judiciary, whereas the leaders of Save Romania Union say Tudorel Toader has removed the chief prosecutors on orders from the ruling coalition made up of the Social Democratic Party and the Alliance of Liberals and Democrats.<\/p>\n<p>&#13;<br \/>\n&#13;<\/p>\n<p>&#13;<br \/>\n&#13;<\/p>\n<p><strong>Talks on the rule of law and the justice laws in Brussels and Bucharest<\/strong><\/p>\n<p>&#13;<br \/>\n&#13;<\/p>\n<p>&#13;<br \/>\n&#13;<\/p>\n<p>The head of the Romanian state Klaus Iohannis Tuesday addressed the European Parliament for the first time, presenting Romania\u2019s views on the future of the European bloc. He pleaded for unity, cohesion and solidarity in the effort to strengthen the Union, and rejected the idea of a \u201cmulti-speed Europe.\u201d Klaus Iohannis also said Romania is a democratic country, respecting the rule of law and fully committed to the fight against corruption. In fact, on Wednesday in Bucharest he held consultations with the parliamentary parties, precisely concerning the changes to the justice laws operated by the ruling coalition.<\/p>\n<p>&#13;<br \/>\n&#13;<\/p>\n<p>&#13;<br \/>\n&#13;<\/p>\n<p>Previously, the Venice Commission had released a report which found that the new justice laws and Criminal Codes undermine the fight against corruption and organised crime. The head of state has said that the justice laws must be rethought, modernised and improved and that the legislative cycle in the field must be resumed. On the other hand, the Social Democratic leader Liviu Dragnea has said that his party opposes the resuming of the legislative process in the case of the justice laws, because there is already a decree on this matter in Parliament.<\/p>\n<p>&#13;<br \/>\n&#13;<\/p>\n<p>&#13;<br \/>\n&#13;<\/p>\n<p>In his turn, the leader of the Alliance of Liberals and Democrats, Calin Popescu Tariceanu, has said, after consultations, that a consensus on the justice laws is necessary, but also common premises, such as putting an end to the abuse committed through secret protocols. The National Liberal Party, in opposition, has said that it supports the head of state\u2019s idea of debates being resumed. The leader of the Save Romania Union, Dan Barna, believes that Romania\u2019s presidency could be a very good platform for debate and a real mediation between magistrates, politicians, civil society and Romania\u2019s citizens, who truly want an independent and functional justice system. <\/p>\n<p>&#13;<br \/>\n&#13;<\/p>\n<p>&#13;<br \/>\n&#13;<\/p>\n<p><strong>The offshore bill, regulating gas exploitation in the Black Sea, passed by Romanian MPs<\/strong><\/p>\n<p>&#13;<br \/>\n&#13;<\/p>\n<p>&#13;<br \/>\n&#13;<\/p>\n<p>Romanian MPs have adopted the offshore law, regulating gas exploitation in the Black Sea. The Opposition has criticised the lack of some precise calculations to justify modifications to this law, while the Power believes the Romanian state\u2019s interests are protected by this law. Last week, the ruling coalition made up of the Social Democratic Party and the Alliance of Liberals and Democrats reached consensus over modifications to this law. Thus, it was agreed that 50% of the natural gas production in the Black Sea should be traded on the domestic stock exchange market while the operators\u2019 investment should be deducted from the additional tax within the limit of 30%.<\/p>\n<p>&#13;<br \/>\n&#13;<\/p>\n<p>&#13;<br \/>\n&#13;<\/p>\n<p><strong>Italian Interior Minister pays visit to Bucharest<\/strong><\/p>\n<p>&#13;<br \/>\n&#13;<\/p>\n<p>&#13;<br \/>\n&#13;<\/p>\n<p>The Romanian Interior Minister, Carmen Dan, met on Tuesday in Bucharest with the Italian deputy Prime Minister and Interior Minister Matteo Salvini. Bilateral cooperation in the field of security, especially in the context of Romania\u2019s taking over the EU Council presidency in the first six months of 2019 were among the topics tackled by the two officials. The Romanian community in Italy and the Italian community in Romania make the relationship between the two countries even stronger, and contribute to their economic and social development, Minister Carmen Dan has said. In turn, Matteo Salvini has said that the Romanian community in Italy numbers more that 1 million and that the mistakes some of them make should not impact the other members of the community. Also, Salvini has thanked the Romanian authorities for their support in identifying Romanian fugitives in Italy.<\/p>\n<p>&#13;<\/p>\n","protected":false},"excerpt":{"rendered":"<p>Click here for an overview of the main issues in Romania, this past week<\/p>\n","protected":false},"author":46,"featured_media":124454,"comment_status":"closed","ping_status":"closed","sticky":false,"template":"","format":"standard","meta":{"_acf_changed":false,"footnotes":""},"categories":[40944],"tags":[32472,34016,29457,116464,34089],"coauthors":[],"class_list":["post-124608","post","type-post","status-publish","format-standard","has-post-thumbnail","hentry","category-the-week-in-review","tag-justice-laws","tag-offshore-bill","tag-politics","tag-romania-en","tag-romanian-italian-relations"],"acf":[],"yoast_head":"<!-- This site is optimized with the Yoast SEO plugin v27.3 - https:\/\/yoast.com\/product\/yoast-seo-wordpress\/ -->\n<title>The Week in Review: October 21-27, 2018 - Radio Romania International<\/title>\n<meta name=\"robots\" content=\"index, follow, max-snippet:-1, max-image-preview:large, max-video-preview:-1\" \/>\n<link rel=\"canonical\" href=\"https:\/\/www.rri.ro\/en\/news-and-current-affairs\/the-week-in-review\/the-week-in-review-october-21-27-2018-id124608.html\" \/>\n<meta property=\"og:locale\" content=\"en_US\" \/>\n<meta property=\"og:type\" content=\"article\" \/>\n<meta property=\"og:title\" content=\"The Week in Review: October 21-27, 2018 - Radio Romania International\" \/>\n<meta property=\"og:description\" content=\"Click here for an overview of the main issues in Romania, this past week\" \/>\n<meta property=\"og:url\" content=\"https:\/\/www.rri.ro\/en\/news-and-current-affairs\/the-week-in-review\/the-week-in-review-october-21-27-2018-id124608.html\" \/>\n<meta property=\"og:site_name\" content=\"Radio Romania International\" \/>\n<meta property=\"article:published_time\" content=\"2018-10-27T08:00:00+00:00\" \/>\n<meta property=\"article:modified_time\" content=\"2024-02-19T08:47:23+00:00\" \/>\n<meta property=\"og:image\" content=\"https:\/\/www.rri.ro\/wp-content\/uploads\/2023\/10\/eveniment-top-2017-01.jpg\" \/>\n\t<meta property=\"og:image:width\" content=\"640\" \/>\n\t<meta property=\"og:image:height\" content=\"480\" \/>\n\t<meta property=\"og:image:type\" content=\"image\/jpeg\" \/>\n<meta name=\"author\" content=\"Leyla Cheamil\" \/>\n<meta name=\"twitter:card\" content=\"summary_large_image\" \/>\n<meta name=\"twitter:label1\" content=\"Written by\" \/>\n\t<meta name=\"twitter:data1\" content=\"Leyla Cheamil\" \/>\n\t<meta name=\"twitter:label2\" content=\"Est. reading time\" \/>\n\t<meta name=\"twitter:data2\" content=\"5 minutes\" \/>\n<script type=\"application\/ld+json\" class=\"yoast-schema-graph\">{\"@context\":\"https:\\\/\\\/schema.org\",\"@graph\":[{\"@type\":\"Article\",\"@id\":\"https:\\\/\\\/www.rri.ro\\\/en\\\/news-and-current-affairs\\\/the-week-in-review\\\/the-week-in-review-october-21-27-2018-id124608.html#article\",\"isPartOf\":{\"@id\":\"https:\\\/\\\/www.rri.ro\\\/en\\\/news-and-current-affairs\\\/the-week-in-review\\\/the-week-in-review-october-21-27-2018-id124608.html\"},\"author\":{\"name\":\"Leyla Cheamil\",\"@id\":\"https:\\\/\\\/www.rri.ro\\\/#\\\/schema\\\/person\\\/e6364ed2d4b6af207a82ca66000d07e0\"},\"headline\":\"The Week in Review: October 21-27, 2018\",\"datePublished\":\"2018-10-27T08:00:00+00:00\",\"dateModified\":\"2024-02-19T08:47:23+00:00\",\"mainEntityOfPage\":{\"@id\":\"https:\\\/\\\/www.rri.ro\\\/en\\\/news-and-current-affairs\\\/the-week-in-review\\\/the-week-in-review-october-21-27-2018-id124608.html\"},\"wordCount\":955,\"image\":{\"@id\":\"https:\\\/\\\/www.rri.ro\\\/en\\\/news-and-current-affairs\\\/the-week-in-review\\\/the-week-in-review-october-21-27-2018-id124608.html#primaryimage\"},\"thumbnailUrl\":\"https:\\\/\\\/www.rri.ro\\\/wp-content\\\/uploads\\\/2023\\\/10\\\/eveniment-top-2017-01.jpg\",\"keywords\":[\"justice laws\",\"offshore bill\",\"politics\",\"Romania\",\"Romanian-Italian relations\"],\"articleSection\":[\"The Week in Review\"],\"inLanguage\":\"en-US\"},{\"@type\":\"WebPage\",\"@id\":\"https:\\\/\\\/www.rri.ro\\\/en\\\/news-and-current-affairs\\\/the-week-in-review\\\/the-week-in-review-october-21-27-2018-id124608.html\",\"url\":\"https:\\\/\\\/www.rri.ro\\\/en\\\/news-and-current-affairs\\\/the-week-in-review\\\/the-week-in-review-october-21-27-2018-id124608.html\",\"name\":\"The Week in Review: October 21-27, 2018 - Radio Romania International\",\"isPartOf\":{\"@id\":\"https:\\\/\\\/www.rri.ro\\\/#website\"},\"primaryImageOfPage\":{\"@id\":\"https:\\\/\\\/www.rri.ro\\\/en\\\/news-and-current-affairs\\\/the-week-in-review\\\/the-week-in-review-october-21-27-2018-id124608.html#primaryimage\"},\"image\":{\"@id\":\"https:\\\/\\\/www.rri.ro\\\/en\\\/news-and-current-affairs\\\/the-week-in-review\\\/the-week-in-review-october-21-27-2018-id124608.html#primaryimage\"},\"thumbnailUrl\":\"https:\\\/\\\/www.rri.ro\\\/wp-content\\\/uploads\\\/2023\\\/10\\\/eveniment-top-2017-01.jpg\",\"datePublished\":\"2018-10-27T08:00:00+00:00\",\"dateModified\":\"2024-02-19T08:47:23+00:00\",\"author\":{\"@id\":\"https:\\\/\\\/www.rri.ro\\\/#\\\/schema\\\/person\\\/e6364ed2d4b6af207a82ca66000d07e0\"},\"breadcrumb\":{\"@id\":\"https:\\\/\\\/www.rri.ro\\\/en\\\/news-and-current-affairs\\\/the-week-in-review\\\/the-week-in-review-october-21-27-2018-id124608.html#breadcrumb\"},\"inLanguage\":\"en-US\",\"potentialAction\":[{\"@type\":\"ReadAction\",\"target\":[\"https:\\\/\\\/www.rri.ro\\\/en\\\/news-and-current-affairs\\\/the-week-in-review\\\/the-week-in-review-october-21-27-2018-id124608.html\"]}]},{\"@type\":\"ImageObject\",\"inLanguage\":\"en-US\",\"@id\":\"https:\\\/\\\/www.rri.ro\\\/en\\\/news-and-current-affairs\\\/the-week-in-review\\\/the-week-in-review-october-21-27-2018-id124608.html#primaryimage\",\"url\":\"https:\\\/\\\/www.rri.ro\\\/wp-content\\\/uploads\\\/2023\\\/10\\\/eveniment-top-2017-01.jpg\",\"contentUrl\":\"https:\\\/\\\/www.rri.ro\\\/wp-content\\\/uploads\\\/2023\\\/10\\\/eveniment-top-2017-01.jpg\",\"width\":640,\"height\":480},{\"@type\":\"BreadcrumbList\",\"@id\":\"https:\\\/\\\/www.rri.ro\\\/en\\\/news-and-current-affairs\\\/the-week-in-review\\\/the-week-in-review-october-21-27-2018-id124608.html#breadcrumb\",\"itemListElement\":[{\"@type\":\"ListItem\",\"position\":1,\"name\":\"Homepage\",\"item\":\"https:\\\/\\\/www.rri.ro\\\/en\"},{\"@type\":\"ListItem\",\"position\":2,\"name\":\"News and Current Affairs\",\"item\":\"https:\\\/\\\/www.rri.ro\\\/en\\\/news-and-current-affairs\"},{\"@type\":\"ListItem\",\"position\":3,\"name\":\"The Week in Review\",\"item\":\"https:\\\/\\\/www.rri.ro\\\/en\\\/news-and-current-affairs\\\/the-week-in-review\"},{\"@type\":\"ListItem\",\"position\":4,\"name\":\"The Week in Review: October 21-27, 2018\"}]},{\"@type\":\"WebSite\",\"@id\":\"https:\\\/\\\/www.rri.ro\\\/#website\",\"url\":\"https:\\\/\\\/www.rri.ro\\\/\",\"name\":\"Radio Romania International\",\"description\":\"Totul despre Rom\u00e2nia \u015fi rom\u00e2ni, \u00een 13 limbi\\\/dialecte!\",\"inLanguage\":\"en-US\"},{\"@type\":\"Person\",\"@id\":\"https:\\\/\\\/www.rri.ro\\\/#\\\/schema\\\/person\\\/e6364ed2d4b6af207a82ca66000d07e0\",\"name\":\"Leyla Cheamil\",\"url\":\"https:\\\/\\\/www.rri.ro\\\/en\\\/author\\\/leyla-cheamil\"}]}<\/script>\n<!-- \/ Yoast SEO plugin. -->","yoast_head_json":{"title":"The Week in Review: October 21-27, 2018 - Radio Romania International","robots":{"index":"index","follow":"follow","max-snippet":"max-snippet:-1","max-image-preview":"max-image-preview:large","max-video-preview":"max-video-preview:-1"},"canonical":"https:\/\/www.rri.ro\/en\/news-and-current-affairs\/the-week-in-review\/the-week-in-review-october-21-27-2018-id124608.html","og_locale":"en_US","og_type":"article","og_title":"The Week in Review: October 21-27, 2018 - Radio Romania International","og_description":"Click here for an overview of the main issues in Romania, this past week","og_url":"https:\/\/www.rri.ro\/en\/news-and-current-affairs\/the-week-in-review\/the-week-in-review-october-21-27-2018-id124608.html","og_site_name":"Radio Romania International","article_published_time":"2018-10-27T08:00:00+00:00","article_modified_time":"2024-02-19T08:47:23+00:00","og_image":[{"width":640,"height":480,"url":"https:\/\/www.rri.ro\/wp-content\/uploads\/2023\/10\/eveniment-top-2017-01.jpg","type":"image\/jpeg"}],"author":"Leyla Cheamil","twitter_card":"summary_large_image","twitter_misc":{"Written by":"Leyla Cheamil","Est. reading time":"5 minutes"},"schema":{"@context":"https:\/\/schema.org","@graph":[{"@type":"Article","@id":"https:\/\/www.rri.ro\/en\/news-and-current-affairs\/the-week-in-review\/the-week-in-review-october-21-27-2018-id124608.html#article","isPartOf":{"@id":"https:\/\/www.rri.ro\/en\/news-and-current-affairs\/the-week-in-review\/the-week-in-review-october-21-27-2018-id124608.html"},"author":{"name":"Leyla Cheamil","@id":"https:\/\/www.rri.ro\/#\/schema\/person\/e6364ed2d4b6af207a82ca66000d07e0"},"headline":"The Week in Review: October 21-27, 2018","datePublished":"2018-10-27T08:00:00+00:00","dateModified":"2024-02-19T08:47:23+00:00","mainEntityOfPage":{"@id":"https:\/\/www.rri.ro\/en\/news-and-current-affairs\/the-week-in-review\/the-week-in-review-october-21-27-2018-id124608.html"},"wordCount":955,"image":{"@id":"https:\/\/www.rri.ro\/en\/news-and-current-affairs\/the-week-in-review\/the-week-in-review-october-21-27-2018-id124608.html#primaryimage"},"thumbnailUrl":"https:\/\/www.rri.ro\/wp-content\/uploads\/2023\/10\/eveniment-top-2017-01.jpg","keywords":["justice laws","offshore bill","politics","Romania","Romanian-Italian relations"],"articleSection":["The Week in Review"],"inLanguage":"en-US"},{"@type":"WebPage","@id":"https:\/\/www.rri.ro\/en\/news-and-current-affairs\/the-week-in-review\/the-week-in-review-october-21-27-2018-id124608.html","url":"https:\/\/www.rri.ro\/en\/news-and-current-affairs\/the-week-in-review\/the-week-in-review-october-21-27-2018-id124608.html","name":"The Week in Review: October 21-27, 2018 - Radio Romania International","isPartOf":{"@id":"https:\/\/www.rri.ro\/#website"},"primaryImageOfPage":{"@id":"https:\/\/www.rri.ro\/en\/news-and-current-affairs\/the-week-in-review\/the-week-in-review-october-21-27-2018-id124608.html#primaryimage"},"image":{"@id":"https:\/\/www.rri.ro\/en\/news-and-current-affairs\/the-week-in-review\/the-week-in-review-october-21-27-2018-id124608.html#primaryimage"},"thumbnailUrl":"https:\/\/www.rri.ro\/wp-content\/uploads\/2023\/10\/eveniment-top-2017-01.jpg","datePublished":"2018-10-27T08:00:00+00:00","dateModified":"2024-02-19T08:47:23+00:00","author":{"@id":"https:\/\/www.rri.ro\/#\/schema\/person\/e6364ed2d4b6af207a82ca66000d07e0"},"breadcrumb":{"@id":"https:\/\/www.rri.ro\/en\/news-and-current-affairs\/the-week-in-review\/the-week-in-review-october-21-27-2018-id124608.html#breadcrumb"},"inLanguage":"en-US","potentialAction":[{"@type":"ReadAction","target":["https:\/\/www.rri.ro\/en\/news-and-current-affairs\/the-week-in-review\/the-week-in-review-october-21-27-2018-id124608.html"]}]},{"@type":"ImageObject","inLanguage":"en-US","@id":"https:\/\/www.rri.ro\/en\/news-and-current-affairs\/the-week-in-review\/the-week-in-review-october-21-27-2018-id124608.html#primaryimage","url":"https:\/\/www.rri.ro\/wp-content\/uploads\/2023\/10\/eveniment-top-2017-01.jpg","contentUrl":"https:\/\/www.rri.ro\/wp-content\/uploads\/2023\/10\/eveniment-top-2017-01.jpg","width":640,"height":480},{"@type":"BreadcrumbList","@id":"https:\/\/www.rri.ro\/en\/news-and-current-affairs\/the-week-in-review\/the-week-in-review-october-21-27-2018-id124608.html#breadcrumb","itemListElement":[{"@type":"ListItem","position":1,"name":"Homepage","item":"https:\/\/www.rri.ro\/en"},{"@type":"ListItem","position":2,"name":"News and Current Affairs","item":"https:\/\/www.rri.ro\/en\/news-and-current-affairs"},{"@type":"ListItem","position":3,"name":"The Week in Review","item":"https:\/\/www.rri.ro\/en\/news-and-current-affairs\/the-week-in-review"},{"@type":"ListItem","position":4,"name":"The Week in Review: October 21-27, 2018"}]},{"@type":"WebSite","@id":"https:\/\/www.rri.ro\/#website","url":"https:\/\/www.rri.ro\/","name":"Radio Romania International","description":"Totul despre Rom\u00e2nia \u015fi rom\u00e2ni, \u00een 13 limbi\/dialecte!","inLanguage":"en-US"},{"@type":"Person","@id":"https:\/\/www.rri.ro\/#\/schema\/person\/e6364ed2d4b6af207a82ca66000d07e0","name":"Leyla Cheamil","url":"https:\/\/www.rri.ro\/en\/author\/leyla-cheamil"}]}},"_links":{"self":[{"href":"https:\/\/www.rri.ro\/en\/wp-json\/wp\/v2\/posts\/124608","targetHints":{"allow":["GET"]}}],"collection":[{"href":"https:\/\/www.rri.ro\/en\/wp-json\/wp\/v2\/posts"}],"about":[{"href":"https:\/\/www.rri.ro\/en\/wp-json\/wp\/v2\/types\/post"}],"author":[{"embeddable":true,"href":"https:\/\/www.rri.ro\/en\/wp-json\/wp\/v2\/users\/46"}],"replies":[{"embeddable":true,"href":"https:\/\/www.rri.ro\/en\/wp-json\/wp\/v2\/comments?post=124608"}],"version-history":[{"count":0,"href":"https:\/\/www.rri.ro\/en\/wp-json\/wp\/v2\/posts\/124608\/revisions"}],"wp:featuredmedia":[{"embeddable":true,"href":"https:\/\/www.rri.ro\/en\/wp-json\/wp\/v2\/media\/124454"}],"wp:attachment":[{"href":"https:\/\/www.rri.ro\/en\/wp-json\/wp\/v2\/media?parent=124608"}],"wp:term":[{"taxonomy":"category","embeddable":true,"href":"https:\/\/www.rri.ro\/en\/wp-json\/wp\/v2\/categories?post=124608"},{"taxonomy":"post_tag","embeddable":true,"href":"https:\/\/www.rri.ro\/en\/wp-json\/wp\/v2\/tags?post=124608"},{"taxonomy":"author","embeddable":true,"href":"https:\/\/www.rri.ro\/en\/wp-json\/wp\/v2\/coauthors?post=124608"}],"curies":[{"name":"wp","href":"https:\/\/api.w.org\/{rel}","templated":true}]}}