{"id":124671,"date":"2019-07-13T11:00:00","date_gmt":"2019-07-13T08:00:00","guid":{"rendered":"http:\/\/devrri.freshlemon.ro\/news-and-current-affairs\/newsflash\/the-week-in-review-8-14-07-2019-124671.html"},"modified":"2024-02-19T10:47:52","modified_gmt":"2024-02-19T08:47:52","slug":"the-week-in-review-8-14-07-2019","status":"publish","type":"post","link":"https:\/\/www.rri.ro\/en\/news-and-current-affairs\/the-week-in-review\/the-week-in-review-8-14-07-2019-id124671.html","title":{"rendered":"The Week in Review   8-14.07.2019"},"content":{"rendered":"<\/p>\n<p><b>The pension law has been promulgated by the Romanian President Klaus&#13;<br \/>\nIohannis<\/b><\/p>\n<p><b><br \/><\/b><\/p>\n<p>&#13;<br \/>\n&#13;<br \/>\n&#13;<br \/>\n&#13;<\/p>\n<p>President Klaus Iohannis has promulgated&#13;<br \/>\na new pension law which provides, among other things, for a pensions&#8217; increase&#13;<br \/>\nand the recalculation of millions of pensions that are now in payment process.&#13;<br \/>\nThe bill was voted by Parliament in June after the first version had been&#13;<br \/>\nreturned to the legislative by the Constitutional Court. The law stipulates the&#13;<br \/>\nincrease in the pension point, which will be implemented gradually as of&#13;<br \/>\nSeptember 2019 until 2022. <\/p>\n<p><\/p>\n<p>&#13;<br \/>\n&#13;<br \/>\n&#13;<br \/>\n&#13;<br \/>\n&#13;<br \/>\n&#13;<\/p>\n<p>Also, under the new law, all&#13;<br \/>\nremuneration rights for which contributions to the state budget have been paid,&#13;<br \/>\nsuch as benefits, 13th salary, overtime, bonuses, etc will be&#13;<br \/>\ncapitalized on. Under the law, women who have completed the minimum&#13;<br \/>\ncontribution period of 15 years and have given birth to 3 children whom they&#13;<br \/>\nhave raised up to the age of 16 will benefit from a reduction of the retirement&#13;<br \/>\nage by 6 years. Starting with the 4th child, one year will be added&#13;<br \/>\nfor each child at the initial 6 years. The survivors&#8217; benefits are maintained&#13;<br \/>\nwith a new amendment: aid for the surviving spouse amounting to 25% of the&#13;<br \/>\npension of the deceased spouse. The standard retirement age for men is 65 and&#13;<br \/>\nfor women 63. The minimum contribution period is 15 years for both women and&#13;<br \/>\nmen while the complete contribution period is 35 years. <\/p>\n<p>&#13;<br \/>\n&#13;<br \/>\n&#13;<br \/>\n&#13;<br \/>\n&#13;<br \/>\n&#13;<\/p>\n<p><\/p>\n<p><b>GRECO will continue to monitor Romania<\/b><\/p>\n<p><b><br \/><\/b><\/p>\n<p>&#13;<br \/>\n&#13;<br \/>\n&#13;<br \/>\n&#13;<\/p>\n<p>The latest GRECO report on Romania&#13;<br \/>\npublished by Brussels officials is a new red card for the PSD-ALDE ruling, says&#13;<br \/>\nRomanian president Klaus Iohannis who has also called for dismantling the&#13;<br \/>\nspecial section for the investigation of offences in the judiciary through a&#13;<br \/>\ngovernment initiative. Iohannis has also called on the executive to come up&#13;<br \/>\nquickly with a draft law in order to bring justice legislation back in line&#13;<br \/>\nwith the will of the people and the recommendations from European institutions.&#13;\n<\/p>\n<p><\/p>\n<p>&#13;<br \/>\n&#13;<br \/>\n&#13;<br \/>\n&#13;<br \/>\n&#13;<br \/>\n&#13;<\/p>\n<p>GRECO, the Council of Europe&#13;<br \/>\nanti-corruption body, believes Romania has made very little progress in putting in place measures to prevent&#13;<br \/>\ncorruption among parliamentarians, judges and prosecutors and to address the&#13;<br \/>\nconcerns raised by its controversial reform of the judicial system. Greco is&#13;<br \/>\nparticularly critical of the lack of action to address the need for objective&#13;<br \/>\nselection criteria when appointing and dismissing prosecutors, which is posing&#13;<br \/>\nserious threats to the independence of the judiciary. GRECO decided to continue&#13;<br \/>\nevaluating Romania&#8217;s compliance with the pending recommendations contained in&#13;<br \/>\nthe two reports and has requested that the Romanian authorities report back on&#13;<br \/>\nprogress achieved by 30th June 2020. <\/p>\n<p><\/p>\n<p>&#13;<br \/>\n&#13;<br \/>\n&#13;<br \/>\n&#13;<br \/>\n&#13;<br \/>\n&#13;<\/p>\n<p><b>Former MEP,&#13;<br \/>\nSocial-Democrat Ioan Mircea Pascu has been designated interim European&#13;<br \/>\ncommissioner without portfolio<\/b><\/p>\n<p><b><br \/><\/b><\/p>\n<p>&#13;<br \/>\n&#13;<br \/>\n&#13;<br \/>\n&#13;<\/p>\n<p>Social Democrat Ioan Mircea Pascu, a former MEP proposed by the PSD-ALDE&#13;<br \/>\ngovernment in Bucharest for the position of interim European Commissioner for&#13;<br \/>\nRegional Policy, has been designated member of the community executive but&#13;<br \/>\nwithout portfolio. In the same situation is the Estonian candidate Kadri&#13;<br \/>\nSimson. The decision has been made by the president of the European Commission&#13;<br \/>\nJean Claude Juncker who didn&#8217;t bestow specific portfolios on the two candidates&#13;<br \/>\ndue to their short mandate, which is due to end on October 31st,&#13;<br \/>\nwhen a fresh European Commission is expected to begin its mandate. <\/p>\n<p><\/p>\n<p>They will participate&#13;<br \/>\nin the Commission&#8217;s activities and in the team project. Under the regulations,&#13;<br \/>\nthe European Commission president has interviewed the two candidates and&#13;<br \/>\nconfirmed their competences. Ioan Mircea Pascu and Kadri Simson are to be&#13;<br \/>\ninterviewed on Wednesday by commission presidents in the European Parliament and&#13;<br \/>\nthe MEPs are to cast their votes on the two candidates in Strasbourg on&#13;<br \/>\nThursday.  <\/p>\n<p><\/p>\n<p>&#13;<br \/>\n&#13;<br \/>\n&#13;<br \/>\n&#13;<br \/>\n&#13;<br \/>\n&#13;<\/p>\n<p>A veteran left-wing politician, Pascu, 70, got involved in politics&#13;<br \/>\nshortly after the anti-communist revolution of 1989. He was the country&#8217;s&#13;<br \/>\nDefence Minister in 2004 when Romania entered NATO and an MEP since the country&#13;<br \/>\njoined the European Union in 2007 until this year. Before 2014 and 2019 he was&#13;<br \/>\none of the 14 vice-presidents of the European Parliament. <\/p>\n<p><\/p>\n<p>&#13;<br \/>\n&#13;<br \/>\n&#13;<br \/>\n&#13;<br \/>\n&#13;<br \/>\n&#13;<\/p>\n<p><b>According to data&#13;<br \/>\nprovided by the National Institute for Statistics, Romania&#8217;s inflation rate&#13;<br \/>\nwent down to 3.4%<\/b><\/p>\n<p><b><br \/><\/b><\/p>\n<p>&#13;<br \/>\n&#13;<br \/>\n&#13;<br \/>\n&#13;<\/p>\n<p>Romania&#8217;s economic growth of 4%&#13;<br \/>\nlast year remained robust though being mainly based on consumption and less on&#13;<br \/>\ninvestment, the country&#8217;s central bank governor Mugur Isarescu said during the&#13;<br \/>\npresentation of the institution&#8217;s annual report. However, Romania is among the&#13;<br \/>\ncountries with the lowest public debt, 35% of its GDP, Isarescu went on to say.&#13;<br \/>\nReferring to the 3.84% inflation rate, the governor explained that inflation&#13;<br \/>\nwent down because of the slight drops in food and non-food prices. <\/p>\n<p><\/p>\n<p>&#13;<br \/>\n&#13;<br \/>\n&#13;<br \/>\n&#13;<br \/>\n&#13;<br \/>\n&#13;<\/p>\n<p>In mid-May the central bank revised&#13;<br \/>\nits inflation forecast up to 4.2% this year, and a 3.3% inflation rate for 2020.&#13;<br \/>\nAlso in May, the European Commission estimated that Romania&#8217;s inflation rate&#13;<br \/>\nwould stay around 3.6% in 2019 and 3% in 2020. Mugur Isarescu, who has been&#13;<br \/>\ngovernor of Romania&#8217;s central bank since 1990, has again been confirmed by&#13;<br \/>\nParliament for a fresh mandate.  <\/p>\n<p><\/p>\n<p>&#13;<br \/>\n&#13;<br \/>\n&#13;<br \/>\n&#13;<br \/>\n&#13;<br \/>\n&#13;<\/p>\n<p><b>Four Romanian football sides are playing in the European cups<\/b><\/p>\n<p><b><br \/><\/b><\/p>\n<p>&#13;<br \/>\n&#13;<br \/>\n&#13;<br \/>\n&#13;<\/p>\n<p>Romania&#8217;s vice-champions FCSB,&#13;<br \/>\nformerly known as Steaua Bucharest, on Thursday secured a 2-0 win against&#13;<br \/>\nMilsami Orhei from the neighboring Republic of Moldova in the first round of&#13;<br \/>\nthe Europa League&#8217;s first preliminary stage. Also on Thursday, CSU Craiova,&#13;<br \/>\nfrom south-western Romania clinched a 3-2 away win against FK Sabail of&#13;<br \/>\nAzerbaijan. <\/p>\n<p><\/p>\n<p>&#13;<br \/>\n&#13;<br \/>\n&#13;<br \/>\n&#13;<\/p>\n<p>On Tuesday, Romania&#8217;s champions CFR&#13;<br \/>\nCluj conceded a 0-1 defeat in an away game against Kazakh side FC Astana in the&#13;<br \/>\nChampions League. The return games will be taking place next week. Romanian Cup&#13;<br \/>\nholder, Viitorul Constanta will play directly in the competition&#8217;s second&#13;<br \/>\npreliminary round against Belgian side FC Anvers, coached by former Romanian&#13;<br \/>\ninternational Ladislau Boloni.   <\/p>\n<p>&#13;<br \/>\n&#13;<\/p>\n<p>(translated by bill)<\/p>\n<p>&#13;<br \/>\n&#13;<br \/>\n&#13;<br \/>\n&#13;<br \/><\/p>\n","protected":false},"excerpt":{"rendered":"<p>A roundup of the week&#8217;s main stories<\/p>\n","protected":false},"author":106,"featured_media":124654,"comment_status":"closed","ping_status":"closed","sticky":false,"template":"","format":"standard","meta":{"_acf_changed":false,"footnotes":""},"categories":[40944],"tags":[42458,32575,30059,34756,30740,34896],"coauthors":[],"class_list":["post-124671","post","type-post","status-publish","format-standard","has-post-thumbnail","hentry","category-the-week-in-review","tag-anvers","tag-csu","tag-isarescu","tag-mugur","tag-steaua","tag-viitorul"],"acf":[],"yoast_head":"<!-- This site is optimized with the Yoast SEO plugin v27.3 - https:\/\/yoast.com\/product\/yoast-seo-wordpress\/ -->\n<title>The Week in Review  8-14.07.2019 - Radio Romania International<\/title>\n<meta name=\"robots\" content=\"index, follow, max-snippet:-1, max-image-preview:large, max-video-preview:-1\" \/>\n<link rel=\"canonical\" href=\"https:\/\/www.rri.ro\/en\/news-and-current-affairs\/the-week-in-review\/the-week-in-review-8-14-07-2019-id124671.html\" \/>\n<meta property=\"og:locale\" content=\"en_US\" \/>\n<meta property=\"og:type\" content=\"article\" \/>\n<meta property=\"og:title\" content=\"The Week in Review  8-14.07.2019 - Radio Romania International\" \/>\n<meta property=\"og:description\" content=\"A roundup of the week&#039;s main stories\" \/>\n<meta property=\"og:url\" content=\"https:\/\/www.rri.ro\/en\/news-and-current-affairs\/the-week-in-review\/the-week-in-review-8-14-07-2019-id124671.html\" \/>\n<meta property=\"og:site_name\" content=\"Radio Romania International\" \/>\n<meta property=\"article:published_time\" content=\"2019-07-13T08:00:00+00:00\" \/>\n<meta property=\"article:modified_time\" content=\"2024-02-19T08:47:52+00:00\" \/>\n<meta property=\"og:image\" content=\"https:\/\/www.rri.ro\/wp-content\/uploads\/2023\/10\/eveniment-top-2019.jpg\" \/>\n\t<meta property=\"og:image:width\" content=\"640\" \/>\n\t<meta property=\"og:image:height\" content=\"480\" \/>\n\t<meta property=\"og:image:type\" content=\"image\/jpeg\" \/>\n<meta name=\"author\" content=\"Mihai Pelin\" \/>\n<meta name=\"twitter:card\" content=\"summary_large_image\" \/>\n<meta name=\"twitter:label1\" content=\"Written by\" \/>\n\t<meta name=\"twitter:data1\" content=\"Mihai Pelin\" \/>\n\t<meta name=\"twitter:label2\" content=\"Est. reading time\" \/>\n\t<meta name=\"twitter:data2\" content=\"5 minutes\" \/>\n<script type=\"application\/ld+json\" class=\"yoast-schema-graph\">{\"@context\":\"https:\\\/\\\/schema.org\",\"@graph\":[{\"@type\":\"Article\",\"@id\":\"https:\\\/\\\/www.rri.ro\\\/en\\\/news-and-current-affairs\\\/the-week-in-review\\\/the-week-in-review-8-14-07-2019-id124671.html#article\",\"isPartOf\":{\"@id\":\"https:\\\/\\\/www.rri.ro\\\/en\\\/news-and-current-affairs\\\/the-week-in-review\\\/the-week-in-review-8-14-07-2019-id124671.html\"},\"author\":{\"name\":\"Mihai Pelin\",\"@id\":\"https:\\\/\\\/www.rri.ro\\\/#\\\/schema\\\/person\\\/c6036c822534c855dc3aad41a484f05d\"},\"headline\":\"The Week in Review 8-14.07.2019\",\"datePublished\":\"2019-07-13T08:00:00+00:00\",\"dateModified\":\"2024-02-19T08:47:52+00:00\",\"mainEntityOfPage\":{\"@id\":\"https:\\\/\\\/www.rri.ro\\\/en\\\/news-and-current-affairs\\\/the-week-in-review\\\/the-week-in-review-8-14-07-2019-id124671.html\"},\"wordCount\":924,\"image\":{\"@id\":\"https:\\\/\\\/www.rri.ro\\\/en\\\/news-and-current-affairs\\\/the-week-in-review\\\/the-week-in-review-8-14-07-2019-id124671.html#primaryimage\"},\"thumbnailUrl\":\"https:\\\/\\\/www.rri.ro\\\/wp-content\\\/uploads\\\/2023\\\/10\\\/eveniment-top-2019.jpg\",\"keywords\":[\"Anvers\",\"CSU\",\"isarescu\",\"Mugur\",\"STEAUA\",\"Viitorul\"],\"articleSection\":[\"The Week in Review\"],\"inLanguage\":\"en-US\"},{\"@type\":\"WebPage\",\"@id\":\"https:\\\/\\\/www.rri.ro\\\/en\\\/news-and-current-affairs\\\/the-week-in-review\\\/the-week-in-review-8-14-07-2019-id124671.html\",\"url\":\"https:\\\/\\\/www.rri.ro\\\/en\\\/news-and-current-affairs\\\/the-week-in-review\\\/the-week-in-review-8-14-07-2019-id124671.html\",\"name\":\"The Week in Review 8-14.07.2019 - Radio Romania International\",\"isPartOf\":{\"@id\":\"https:\\\/\\\/www.rri.ro\\\/#website\"},\"primaryImageOfPage\":{\"@id\":\"https:\\\/\\\/www.rri.ro\\\/en\\\/news-and-current-affairs\\\/the-week-in-review\\\/the-week-in-review-8-14-07-2019-id124671.html#primaryimage\"},\"image\":{\"@id\":\"https:\\\/\\\/www.rri.ro\\\/en\\\/news-and-current-affairs\\\/the-week-in-review\\\/the-week-in-review-8-14-07-2019-id124671.html#primaryimage\"},\"thumbnailUrl\":\"https:\\\/\\\/www.rri.ro\\\/wp-content\\\/uploads\\\/2023\\\/10\\\/eveniment-top-2019.jpg\",\"datePublished\":\"2019-07-13T08:00:00+00:00\",\"dateModified\":\"2024-02-19T08:47:52+00:00\",\"author\":{\"@id\":\"https:\\\/\\\/www.rri.ro\\\/#\\\/schema\\\/person\\\/c6036c822534c855dc3aad41a484f05d\"},\"breadcrumb\":{\"@id\":\"https:\\\/\\\/www.rri.ro\\\/en\\\/news-and-current-affairs\\\/the-week-in-review\\\/the-week-in-review-8-14-07-2019-id124671.html#breadcrumb\"},\"inLanguage\":\"en-US\",\"potentialAction\":[{\"@type\":\"ReadAction\",\"target\":[\"https:\\\/\\\/www.rri.ro\\\/en\\\/news-and-current-affairs\\\/the-week-in-review\\\/the-week-in-review-8-14-07-2019-id124671.html\"]}]},{\"@type\":\"ImageObject\",\"inLanguage\":\"en-US\",\"@id\":\"https:\\\/\\\/www.rri.ro\\\/en\\\/news-and-current-affairs\\\/the-week-in-review\\\/the-week-in-review-8-14-07-2019-id124671.html#primaryimage\",\"url\":\"https:\\\/\\\/www.rri.ro\\\/wp-content\\\/uploads\\\/2023\\\/10\\\/eveniment-top-2019.jpg\",\"contentUrl\":\"https:\\\/\\\/www.rri.ro\\\/wp-content\\\/uploads\\\/2023\\\/10\\\/eveniment-top-2019.jpg\",\"width\":640,\"height\":480},{\"@type\":\"BreadcrumbList\",\"@id\":\"https:\\\/\\\/www.rri.ro\\\/en\\\/news-and-current-affairs\\\/the-week-in-review\\\/the-week-in-review-8-14-07-2019-id124671.html#breadcrumb\",\"itemListElement\":[{\"@type\":\"ListItem\",\"position\":1,\"name\":\"Homepage\",\"item\":\"https:\\\/\\\/www.rri.ro\\\/en\"},{\"@type\":\"ListItem\",\"position\":2,\"name\":\"News and Current Affairs\",\"item\":\"https:\\\/\\\/www.rri.ro\\\/en\\\/news-and-current-affairs\"},{\"@type\":\"ListItem\",\"position\":3,\"name\":\"The Week in Review\",\"item\":\"https:\\\/\\\/www.rri.ro\\\/en\\\/news-and-current-affairs\\\/the-week-in-review\"},{\"@type\":\"ListItem\",\"position\":4,\"name\":\"The Week in Review 8-14.07.2019\"}]},{\"@type\":\"WebSite\",\"@id\":\"https:\\\/\\\/www.rri.ro\\\/#website\",\"url\":\"https:\\\/\\\/www.rri.ro\\\/\",\"name\":\"Radio Romania International\",\"description\":\"Totul despre Rom\u00e2nia \u015fi rom\u00e2ni, \u00een 13 limbi\\\/dialecte!\",\"inLanguage\":\"en-US\"},{\"@type\":\"Person\",\"@id\":\"https:\\\/\\\/www.rri.ro\\\/#\\\/schema\\\/person\\\/c6036c822534c855dc3aad41a484f05d\",\"name\":\"Mihai Pelin\",\"url\":\"https:\\\/\\\/www.rri.ro\\\/en\\\/author\\\/mihai-pelin\"}]}<\/script>\n<!-- \/ Yoast SEO plugin. -->","yoast_head_json":{"title":"The Week in Review  8-14.07.2019 - Radio Romania International","robots":{"index":"index","follow":"follow","max-snippet":"max-snippet:-1","max-image-preview":"max-image-preview:large","max-video-preview":"max-video-preview:-1"},"canonical":"https:\/\/www.rri.ro\/en\/news-and-current-affairs\/the-week-in-review\/the-week-in-review-8-14-07-2019-id124671.html","og_locale":"en_US","og_type":"article","og_title":"The Week in Review  8-14.07.2019 - Radio Romania International","og_description":"A roundup of the week's main stories","og_url":"https:\/\/www.rri.ro\/en\/news-and-current-affairs\/the-week-in-review\/the-week-in-review-8-14-07-2019-id124671.html","og_site_name":"Radio Romania International","article_published_time":"2019-07-13T08:00:00+00:00","article_modified_time":"2024-02-19T08:47:52+00:00","og_image":[{"width":640,"height":480,"url":"https:\/\/www.rri.ro\/wp-content\/uploads\/2023\/10\/eveniment-top-2019.jpg","type":"image\/jpeg"}],"author":"Mihai Pelin","twitter_card":"summary_large_image","twitter_misc":{"Written by":"Mihai Pelin","Est. reading time":"5 minutes"},"schema":{"@context":"https:\/\/schema.org","@graph":[{"@type":"Article","@id":"https:\/\/www.rri.ro\/en\/news-and-current-affairs\/the-week-in-review\/the-week-in-review-8-14-07-2019-id124671.html#article","isPartOf":{"@id":"https:\/\/www.rri.ro\/en\/news-and-current-affairs\/the-week-in-review\/the-week-in-review-8-14-07-2019-id124671.html"},"author":{"name":"Mihai Pelin","@id":"https:\/\/www.rri.ro\/#\/schema\/person\/c6036c822534c855dc3aad41a484f05d"},"headline":"The Week in Review 8-14.07.2019","datePublished":"2019-07-13T08:00:00+00:00","dateModified":"2024-02-19T08:47:52+00:00","mainEntityOfPage":{"@id":"https:\/\/www.rri.ro\/en\/news-and-current-affairs\/the-week-in-review\/the-week-in-review-8-14-07-2019-id124671.html"},"wordCount":924,"image":{"@id":"https:\/\/www.rri.ro\/en\/news-and-current-affairs\/the-week-in-review\/the-week-in-review-8-14-07-2019-id124671.html#primaryimage"},"thumbnailUrl":"https:\/\/www.rri.ro\/wp-content\/uploads\/2023\/10\/eveniment-top-2019.jpg","keywords":["Anvers","CSU","isarescu","Mugur","STEAUA","Viitorul"],"articleSection":["The Week in Review"],"inLanguage":"en-US"},{"@type":"WebPage","@id":"https:\/\/www.rri.ro\/en\/news-and-current-affairs\/the-week-in-review\/the-week-in-review-8-14-07-2019-id124671.html","url":"https:\/\/www.rri.ro\/en\/news-and-current-affairs\/the-week-in-review\/the-week-in-review-8-14-07-2019-id124671.html","name":"The Week in Review 8-14.07.2019 - Radio Romania International","isPartOf":{"@id":"https:\/\/www.rri.ro\/#website"},"primaryImageOfPage":{"@id":"https:\/\/www.rri.ro\/en\/news-and-current-affairs\/the-week-in-review\/the-week-in-review-8-14-07-2019-id124671.html#primaryimage"},"image":{"@id":"https:\/\/www.rri.ro\/en\/news-and-current-affairs\/the-week-in-review\/the-week-in-review-8-14-07-2019-id124671.html#primaryimage"},"thumbnailUrl":"https:\/\/www.rri.ro\/wp-content\/uploads\/2023\/10\/eveniment-top-2019.jpg","datePublished":"2019-07-13T08:00:00+00:00","dateModified":"2024-02-19T08:47:52+00:00","author":{"@id":"https:\/\/www.rri.ro\/#\/schema\/person\/c6036c822534c855dc3aad41a484f05d"},"breadcrumb":{"@id":"https:\/\/www.rri.ro\/en\/news-and-current-affairs\/the-week-in-review\/the-week-in-review-8-14-07-2019-id124671.html#breadcrumb"},"inLanguage":"en-US","potentialAction":[{"@type":"ReadAction","target":["https:\/\/www.rri.ro\/en\/news-and-current-affairs\/the-week-in-review\/the-week-in-review-8-14-07-2019-id124671.html"]}]},{"@type":"ImageObject","inLanguage":"en-US","@id":"https:\/\/www.rri.ro\/en\/news-and-current-affairs\/the-week-in-review\/the-week-in-review-8-14-07-2019-id124671.html#primaryimage","url":"https:\/\/www.rri.ro\/wp-content\/uploads\/2023\/10\/eveniment-top-2019.jpg","contentUrl":"https:\/\/www.rri.ro\/wp-content\/uploads\/2023\/10\/eveniment-top-2019.jpg","width":640,"height":480},{"@type":"BreadcrumbList","@id":"https:\/\/www.rri.ro\/en\/news-and-current-affairs\/the-week-in-review\/the-week-in-review-8-14-07-2019-id124671.html#breadcrumb","itemListElement":[{"@type":"ListItem","position":1,"name":"Homepage","item":"https:\/\/www.rri.ro\/en"},{"@type":"ListItem","position":2,"name":"News and Current Affairs","item":"https:\/\/www.rri.ro\/en\/news-and-current-affairs"},{"@type":"ListItem","position":3,"name":"The Week in Review","item":"https:\/\/www.rri.ro\/en\/news-and-current-affairs\/the-week-in-review"},{"@type":"ListItem","position":4,"name":"The Week in Review 8-14.07.2019"}]},{"@type":"WebSite","@id":"https:\/\/www.rri.ro\/#website","url":"https:\/\/www.rri.ro\/","name":"Radio Romania International","description":"Totul despre Rom\u00e2nia \u015fi rom\u00e2ni, \u00een 13 limbi\/dialecte!","inLanguage":"en-US"},{"@type":"Person","@id":"https:\/\/www.rri.ro\/#\/schema\/person\/c6036c822534c855dc3aad41a484f05d","name":"Mihai Pelin","url":"https:\/\/www.rri.ro\/en\/author\/mihai-pelin"}]}},"_links":{"self":[{"href":"https:\/\/www.rri.ro\/en\/wp-json\/wp\/v2\/posts\/124671","targetHints":{"allow":["GET"]}}],"collection":[{"href":"https:\/\/www.rri.ro\/en\/wp-json\/wp\/v2\/posts"}],"about":[{"href":"https:\/\/www.rri.ro\/en\/wp-json\/wp\/v2\/types\/post"}],"author":[{"embeddable":true,"href":"https:\/\/www.rri.ro\/en\/wp-json\/wp\/v2\/users\/106"}],"replies":[{"embeddable":true,"href":"https:\/\/www.rri.ro\/en\/wp-json\/wp\/v2\/comments?post=124671"}],"version-history":[{"count":0,"href":"https:\/\/www.rri.ro\/en\/wp-json\/wp\/v2\/posts\/124671\/revisions"}],"wp:featuredmedia":[{"embeddable":true,"href":"https:\/\/www.rri.ro\/en\/wp-json\/wp\/v2\/media\/124654"}],"wp:attachment":[{"href":"https:\/\/www.rri.ro\/en\/wp-json\/wp\/v2\/media?parent=124671"}],"wp:term":[{"taxonomy":"category","embeddable":true,"href":"https:\/\/www.rri.ro\/en\/wp-json\/wp\/v2\/categories?post=124671"},{"taxonomy":"post_tag","embeddable":true,"href":"https:\/\/www.rri.ro\/en\/wp-json\/wp\/v2\/tags?post=124671"},{"taxonomy":"author","embeddable":true,"href":"https:\/\/www.rri.ro\/en\/wp-json\/wp\/v2\/coauthors?post=124671"}],"curies":[{"name":"wp","href":"https:\/\/api.w.org\/{rel}","templated":true}]}}