{"id":124692,"date":"2019-11-23T14:00:00","date_gmt":"2019-11-23T12:00:00","guid":{"rendered":"http:\/\/devrri.freshlemon.ro\/news-and-current-affairs\/newsflash\/the-week-in-review-17-23-november-2019-124692.html"},"modified":"2024-02-19T10:48:14","modified_gmt":"2024-02-19T08:48:14","slug":"the-week-in-review-17-23-november-2019","status":"publish","type":"post","link":"https:\/\/www.rri.ro\/en\/news-and-current-affairs\/the-week-in-review\/the-week-in-review-17-23-november-2019-id124692.html","title":{"rendered":"The Week in Review (17-23 November 2019)"},"content":{"rendered":"<p><p><strong class=cms-bold>Romania is holding the second round of the presidential elections<\/strong><\/p>\n<p>&#13;<br \/>\n&#13;<\/p>\n<p>This was the last week of the election&#13;<br \/>\ncampaign for the presidential elections in Romania. On Sunday, November the 24th,&#13;<br \/>\nRomanians will find out who their president will be for the next five years. In&#13;<br \/>\nthe race are the incumbent president Klaus Iohannis, who is backed by the&#13;<br \/>\nruling National Liberal Party, and Viorica Dancila, the leader of the Social&#13;<br \/>\nDemocratic Party, in power until recently. Just like in the first round of&#13;<br \/>\nvoting, Romanian citizens living abroad have three days to cast their ballots.&#13;<br \/>\nThis measure and others were taken so as to prevent the long queues seen in the&#13;<br \/>\nprevious presidential elections in 2014 and the European elections last May. To&#13;<br \/>\neliminate the risk of overcrowding at polling stations, their number in the&#13;<br \/>\ndiaspora has basically doubled compared with the European elections, to reach&#13;<br \/>\n835. The same number of polling stations has been maintained for the second&#13;<br \/>\nround, but the location of some of them has been moved for objective reasons.&#13;<br \/>\nThe countries with the largest number of polling stations are Spain, Italy,&#13;<br \/>\nGermany, the UK and France. In Romania, the voting process only takes place on&#13;<br \/>\nSunday, on the 24th of November.<\/p>\n<p><\/p>\n<p>&#13;<br \/>\n&#13;<br \/>\n&#13;<br \/>\n&#13;<\/p>\n<p><strong class=cms-bold>The Romanian currency hits record low against the euro<\/strong><\/p>\n<p>&#13;<br \/>\n&#13;<\/p>\n<p>The Romanian currency, the leu, has&#13;<br \/>\nthis week gone over the psychological threshold to reach 4.78 for one euro,&#13;<br \/>\nhitting a record low against the European single currency. The leu has been&#13;<br \/>\ndepreciating for some two and a half months. The exchange rate we&#8217;ve seen&#13;<br \/>\nrecently is a reflection of the Romanian economy, the spokesman of the National&#13;<br \/>\nBank of Romania Dan Suciu has told Radio Romania. He has explained that growing&#13;<br \/>\nimports and the trade deficit implicitly are the main cause for the&#13;<br \/>\ndepreciation of the leu.&#13;<br \/>\nAt the beginning of the month, the governor of the National Bank of Romania&#13;<br \/>\nMugur Isarescu was saying that these variations are minor compared with those&#13;<br \/>\nof the Hungarian forint and the Polish zloty, which have seen very much bigger&#13;<br \/>\nfluctuations. Specialists expect the national currency to depreciate even&#13;<br \/>\nfurther next year. A strong euro in relation to the leu means a chain of price&#13;<br \/>\nhikes, from higher interest rates on loans in euros to higher utility bills and&#13;<br \/>\nmore expensive homes. <\/p>\n<p><\/p>\n<p>&#13;<br \/>\n&#13;<br \/>\n&#13;<br \/>\n&#13;<\/p>\n<p><strong class=cms-bold>The hearings of the 27&#13;<br \/>\nCommissioners-designate, officially closed<\/strong><\/p>\n<p>&#13;<br \/>\n&#13;<\/p>\n<p>The vote on the&#13;<br \/>\ninvestiture of the new European Commission, headed by Ursula von der Leyen,&#13;<br \/>\nwill be held during the plenary session of the European Parliament on November&#13;<br \/>\n27 in Strasbourg, the president of the European Parliament David Sassoli&#13;<br \/>\nannounced on Thursday. The Conference of Presidents, made up of the Parliament&#13;<br \/>\npresident and the political group leaders, Thursday concluded the hearings of&#13;<br \/>\nthe 26 Commissioners-designate and gave the green light for the last procedure&#13;<br \/>\nrequired before the new Commission can start its work on December 1, one month&#13;<br \/>\nlater than originally scheduled. The Commission needs a majority of votes to be&#13;<br \/>\nvalidated. On Monday, parliament&#8217;s committee on foreign affairs approved the&#13;<br \/>\ncandidacy of Oliver Varhelyi, put forth by Hungary for the Enlargement&#13;<br \/>\nCommissioner post. On November 14, the relevant specialist committees also&#13;<br \/>\napproved the candidates nominated by Romania and France: Adina Valean for&#13;<br \/>\nTransport Commissioner and Thierry Breton for Internal Market Commissioner.<\/p>\n<p><\/p>\n<p>&#13;<br \/>\n&#13;<br \/>\n&#13;<br \/>\n&#13;<\/p>\n<p><strong class=cms-bold>New US Ambassador to Romania<\/strong><\/p>\n<p>&#13;<br \/>\n&#13;<\/p>\n<p>The New&#13;<br \/>\nYork-based lawyer Adrian Zuckerman will be the new US Ambassador to Romania,&#13;<br \/>\nreplacing Hans Klemm. Zuckerman was confirmed on Wednesday by the US Senate, by&#13;<br \/>\na 65-30 vote. Zuckerman immigrated to the US from Romania at the age of 10 and&#13;<br \/>\nspeaks fluent Romanian. In 1984, he was admitted to the New York Bar. A member&#13;<br \/>\nof the Real Estate Board of New York and also involved in education and charity&#13;<br \/>\nwork, Adrian Zuckerman is a member of the Kids Corp Board and of the New York&#13;<br \/>\nLaw School alumni association.<\/p>\n<p><\/p>\n<p>&#13;<br \/>\n&#13;<br \/>\n&#13;<br \/>\n&#13;<\/p>\n<p><strong class=cms-bold>Radio Romania Gaudeamus Book Fair<\/strong> <\/p>\n<p>&#13;<br \/>\n&#13;<\/p>\n<p>The 26th Gaudeamus Book&#13;<br \/>\nfair organised by Radio Romania is coming to an end on Sunday. This year&#8217;s&#13;<br \/>\nedition is dedicated to the &#13;<br \/>\nanti-communist revolution of December 1989. Initiated by Radio Romania a&#13;<br \/>\nquarter of a century ago concurrently with the Gaudeamus Book for Learning fair, the Radio&#13;<br \/>\nRomania Gaudeamus project has become a landmark of the local book market. Its&#13;<br \/>\nprogramme has expanded constantly since its inception, today featuring 116&#13;<br \/>\nexhibition-type events and 13,600 different activities and attracting more than&#13;<br \/>\n3 million visitors. The current edition features 900 editorial and professional&#13;<br \/>\nevents and brings together over 250 exhibitors. The poet Mircea Dinescu, an&#13;<br \/>\noutspoken opponent of the dictatorial regime, and the actor Ion Caramitru, both&#13;<br \/>\nof whom were emblematic figures of the Revolution, are the honorary&#13;<br \/>\nco-presidents this year. The fair hands out three Gaudeamus trophies and a book&#13;<br \/>\nof the year award, all of them based on the public&#8217;s vote. The excellence prize&#13;<br \/>\nwill be awarded to one of the publishing houses taking part in the fair and is&#13;<br \/>\nmeant to finance, either fully or partly, an editorial project of national&#13;<br \/>\nimportance and with international recognition. Other prizes include a&#13;<br \/>\ntranslation award and an education award, among others. <\/p>\n<p><\/p>\n","protected":false},"excerpt":{"rendered":"<p>A roundup of the main stories in Romania this week.<\/p>\n","protected":false},"author":2,"featured_media":124654,"comment_status":"closed","ping_status":"closed","sticky":false,"template":"","format":"standard","meta":{"_acf_changed":false,"footnotes":""},"categories":[40944],"tags":[29333,33458,30247,29517,34432],"coauthors":[],"class_list":["post-124692","post","type-post","status-publish","format-standard","has-post-thumbnail","hentry","category-the-week-in-review","tag-ambassador","tag-commission","tag-elections","tag-gaudeamus","tag-leu"],"acf":[],"yoast_head":"<!-- This site is optimized with the Yoast SEO plugin v27.3 - https:\/\/yoast.com\/product\/yoast-seo-wordpress\/ -->\n<title>The Week in Review (17-23 November 2019) - Radio Romania International<\/title>\n<meta name=\"robots\" content=\"index, follow, max-snippet:-1, max-image-preview:large, max-video-preview:-1\" \/>\n<link rel=\"canonical\" href=\"https:\/\/www.rri.ro\/en\/news-and-current-affairs\/the-week-in-review\/the-week-in-review-17-23-november-2019-id124692.html\" \/>\n<meta property=\"og:locale\" content=\"en_US\" \/>\n<meta property=\"og:type\" content=\"article\" \/>\n<meta property=\"og:title\" content=\"The Week in Review (17-23 November 2019) - Radio Romania International\" \/>\n<meta property=\"og:description\" content=\"A roundup of the main stories in Romania this week.\" \/>\n<meta property=\"og:url\" content=\"https:\/\/www.rri.ro\/en\/news-and-current-affairs\/the-week-in-review\/the-week-in-review-17-23-november-2019-id124692.html\" \/>\n<meta property=\"og:site_name\" content=\"Radio Romania International\" \/>\n<meta property=\"article:published_time\" content=\"2019-11-23T12:00:00+00:00\" \/>\n<meta property=\"article:modified_time\" content=\"2024-02-19T08:48:14+00:00\" \/>\n<meta property=\"og:image\" content=\"https:\/\/www.rri.ro\/wp-content\/uploads\/2023\/10\/eveniment-top-2019.jpg\" \/>\n\t<meta property=\"og:image:width\" content=\"640\" \/>\n\t<meta property=\"og:image:height\" content=\"480\" \/>\n\t<meta property=\"og:image:type\" content=\"image\/jpeg\" \/>\n<meta name=\"author\" content=\"Rom\u00e2nia Interna\u021bional\" \/>\n<meta name=\"twitter:card\" content=\"summary_large_image\" \/>\n<meta name=\"twitter:label1\" content=\"Written by\" \/>\n\t<meta name=\"twitter:data1\" content=\"Rom\u00e2nia Interna\u021bional\" \/>\n\t<meta name=\"twitter:label2\" content=\"Est. reading time\" \/>\n\t<meta name=\"twitter:data2\" content=\"4 minutes\" \/>\n<script type=\"application\/ld+json\" class=\"yoast-schema-graph\">{\"@context\":\"https:\\\/\\\/schema.org\",\"@graph\":[{\"@type\":\"Article\",\"@id\":\"https:\\\/\\\/www.rri.ro\\\/en\\\/news-and-current-affairs\\\/the-week-in-review\\\/the-week-in-review-17-23-november-2019-id124692.html#article\",\"isPartOf\":{\"@id\":\"https:\\\/\\\/www.rri.ro\\\/en\\\/news-and-current-affairs\\\/the-week-in-review\\\/the-week-in-review-17-23-november-2019-id124692.html\"},\"author\":{\"name\":\"Rom\u00e2nia Interna\u021bional\",\"@id\":\"https:\\\/\\\/www.rri.ro\\\/#\\\/schema\\\/person\\\/18fac491bccbfe149b92aea77ad60abd\"},\"headline\":\"The Week in Review (17-23 November 2019)\",\"datePublished\":\"2019-11-23T12:00:00+00:00\",\"dateModified\":\"2024-02-19T08:48:14+00:00\",\"mainEntityOfPage\":{\"@id\":\"https:\\\/\\\/www.rri.ro\\\/en\\\/news-and-current-affairs\\\/the-week-in-review\\\/the-week-in-review-17-23-november-2019-id124692.html\"},\"wordCount\":842,\"image\":{\"@id\":\"https:\\\/\\\/www.rri.ro\\\/en\\\/news-and-current-affairs\\\/the-week-in-review\\\/the-week-in-review-17-23-november-2019-id124692.html#primaryimage\"},\"thumbnailUrl\":\"https:\\\/\\\/www.rri.ro\\\/wp-content\\\/uploads\\\/2023\\\/10\\\/eveniment-top-2019.jpg\",\"keywords\":[\"Ambassador\",\"Commission\",\"elections\",\"gaudeamus\",\"Leu\"],\"articleSection\":[\"The Week in Review\"],\"inLanguage\":\"en-US\"},{\"@type\":\"WebPage\",\"@id\":\"https:\\\/\\\/www.rri.ro\\\/en\\\/news-and-current-affairs\\\/the-week-in-review\\\/the-week-in-review-17-23-november-2019-id124692.html\",\"url\":\"https:\\\/\\\/www.rri.ro\\\/en\\\/news-and-current-affairs\\\/the-week-in-review\\\/the-week-in-review-17-23-november-2019-id124692.html\",\"name\":\"The Week in Review (17-23 November 2019) - Radio Romania International\",\"isPartOf\":{\"@id\":\"https:\\\/\\\/www.rri.ro\\\/#website\"},\"primaryImageOfPage\":{\"@id\":\"https:\\\/\\\/www.rri.ro\\\/en\\\/news-and-current-affairs\\\/the-week-in-review\\\/the-week-in-review-17-23-november-2019-id124692.html#primaryimage\"},\"image\":{\"@id\":\"https:\\\/\\\/www.rri.ro\\\/en\\\/news-and-current-affairs\\\/the-week-in-review\\\/the-week-in-review-17-23-november-2019-id124692.html#primaryimage\"},\"thumbnailUrl\":\"https:\\\/\\\/www.rri.ro\\\/wp-content\\\/uploads\\\/2023\\\/10\\\/eveniment-top-2019.jpg\",\"datePublished\":\"2019-11-23T12:00:00+00:00\",\"dateModified\":\"2024-02-19T08:48:14+00:00\",\"author\":{\"@id\":\"https:\\\/\\\/www.rri.ro\\\/#\\\/schema\\\/person\\\/18fac491bccbfe149b92aea77ad60abd\"},\"breadcrumb\":{\"@id\":\"https:\\\/\\\/www.rri.ro\\\/en\\\/news-and-current-affairs\\\/the-week-in-review\\\/the-week-in-review-17-23-november-2019-id124692.html#breadcrumb\"},\"inLanguage\":\"en-US\",\"potentialAction\":[{\"@type\":\"ReadAction\",\"target\":[\"https:\\\/\\\/www.rri.ro\\\/en\\\/news-and-current-affairs\\\/the-week-in-review\\\/the-week-in-review-17-23-november-2019-id124692.html\"]}]},{\"@type\":\"ImageObject\",\"inLanguage\":\"en-US\",\"@id\":\"https:\\\/\\\/www.rri.ro\\\/en\\\/news-and-current-affairs\\\/the-week-in-review\\\/the-week-in-review-17-23-november-2019-id124692.html#primaryimage\",\"url\":\"https:\\\/\\\/www.rri.ro\\\/wp-content\\\/uploads\\\/2023\\\/10\\\/eveniment-top-2019.jpg\",\"contentUrl\":\"https:\\\/\\\/www.rri.ro\\\/wp-content\\\/uploads\\\/2023\\\/10\\\/eveniment-top-2019.jpg\",\"width\":640,\"height\":480},{\"@type\":\"BreadcrumbList\",\"@id\":\"https:\\\/\\\/www.rri.ro\\\/en\\\/news-and-current-affairs\\\/the-week-in-review\\\/the-week-in-review-17-23-november-2019-id124692.html#breadcrumb\",\"itemListElement\":[{\"@type\":\"ListItem\",\"position\":1,\"name\":\"Homepage\",\"item\":\"https:\\\/\\\/www.rri.ro\\\/en\"},{\"@type\":\"ListItem\",\"position\":2,\"name\":\"News and Current Affairs\",\"item\":\"https:\\\/\\\/www.rri.ro\\\/en\\\/news-and-current-affairs\"},{\"@type\":\"ListItem\",\"position\":3,\"name\":\"The Week in Review\",\"item\":\"https:\\\/\\\/www.rri.ro\\\/en\\\/news-and-current-affairs\\\/the-week-in-review\"},{\"@type\":\"ListItem\",\"position\":4,\"name\":\"The Week in Review (17-23 November 2019)\"}]},{\"@type\":\"WebSite\",\"@id\":\"https:\\\/\\\/www.rri.ro\\\/#website\",\"url\":\"https:\\\/\\\/www.rri.ro\\\/\",\"name\":\"Radio Romania International\",\"description\":\"Totul despre Rom\u00e2nia \u015fi rom\u00e2ni, \u00een 13 limbi\\\/dialecte!\",\"inLanguage\":\"en-US\"},{\"@type\":\"Person\",\"@id\":\"https:\\\/\\\/www.rri.ro\\\/#\\\/schema\\\/person\\\/18fac491bccbfe149b92aea77ad60abd\",\"name\":\"Rom\u00e2nia Interna\u021bional\",\"url\":\"https:\\\/\\\/www.rri.ro\\\/en\\\/author\\\/redactia\"}]}<\/script>\n<!-- \/ Yoast SEO plugin. -->","yoast_head_json":{"title":"The Week in Review (17-23 November 2019) - Radio Romania International","robots":{"index":"index","follow":"follow","max-snippet":"max-snippet:-1","max-image-preview":"max-image-preview:large","max-video-preview":"max-video-preview:-1"},"canonical":"https:\/\/www.rri.ro\/en\/news-and-current-affairs\/the-week-in-review\/the-week-in-review-17-23-november-2019-id124692.html","og_locale":"en_US","og_type":"article","og_title":"The Week in Review (17-23 November 2019) - Radio Romania International","og_description":"A roundup of the main stories in Romania this week.","og_url":"https:\/\/www.rri.ro\/en\/news-and-current-affairs\/the-week-in-review\/the-week-in-review-17-23-november-2019-id124692.html","og_site_name":"Radio Romania International","article_published_time":"2019-11-23T12:00:00+00:00","article_modified_time":"2024-02-19T08:48:14+00:00","og_image":[{"width":640,"height":480,"url":"https:\/\/www.rri.ro\/wp-content\/uploads\/2023\/10\/eveniment-top-2019.jpg","type":"image\/jpeg"}],"author":"Rom\u00e2nia Interna\u021bional","twitter_card":"summary_large_image","twitter_misc":{"Written by":"Rom\u00e2nia Interna\u021bional","Est. reading time":"4 minutes"},"schema":{"@context":"https:\/\/schema.org","@graph":[{"@type":"Article","@id":"https:\/\/www.rri.ro\/en\/news-and-current-affairs\/the-week-in-review\/the-week-in-review-17-23-november-2019-id124692.html#article","isPartOf":{"@id":"https:\/\/www.rri.ro\/en\/news-and-current-affairs\/the-week-in-review\/the-week-in-review-17-23-november-2019-id124692.html"},"author":{"name":"Rom\u00e2nia Interna\u021bional","@id":"https:\/\/www.rri.ro\/#\/schema\/person\/18fac491bccbfe149b92aea77ad60abd"},"headline":"The Week in Review (17-23 November 2019)","datePublished":"2019-11-23T12:00:00+00:00","dateModified":"2024-02-19T08:48:14+00:00","mainEntityOfPage":{"@id":"https:\/\/www.rri.ro\/en\/news-and-current-affairs\/the-week-in-review\/the-week-in-review-17-23-november-2019-id124692.html"},"wordCount":842,"image":{"@id":"https:\/\/www.rri.ro\/en\/news-and-current-affairs\/the-week-in-review\/the-week-in-review-17-23-november-2019-id124692.html#primaryimage"},"thumbnailUrl":"https:\/\/www.rri.ro\/wp-content\/uploads\/2023\/10\/eveniment-top-2019.jpg","keywords":["Ambassador","Commission","elections","gaudeamus","Leu"],"articleSection":["The Week in Review"],"inLanguage":"en-US"},{"@type":"WebPage","@id":"https:\/\/www.rri.ro\/en\/news-and-current-affairs\/the-week-in-review\/the-week-in-review-17-23-november-2019-id124692.html","url":"https:\/\/www.rri.ro\/en\/news-and-current-affairs\/the-week-in-review\/the-week-in-review-17-23-november-2019-id124692.html","name":"The Week in Review (17-23 November 2019) - Radio Romania International","isPartOf":{"@id":"https:\/\/www.rri.ro\/#website"},"primaryImageOfPage":{"@id":"https:\/\/www.rri.ro\/en\/news-and-current-affairs\/the-week-in-review\/the-week-in-review-17-23-november-2019-id124692.html#primaryimage"},"image":{"@id":"https:\/\/www.rri.ro\/en\/news-and-current-affairs\/the-week-in-review\/the-week-in-review-17-23-november-2019-id124692.html#primaryimage"},"thumbnailUrl":"https:\/\/www.rri.ro\/wp-content\/uploads\/2023\/10\/eveniment-top-2019.jpg","datePublished":"2019-11-23T12:00:00+00:00","dateModified":"2024-02-19T08:48:14+00:00","author":{"@id":"https:\/\/www.rri.ro\/#\/schema\/person\/18fac491bccbfe149b92aea77ad60abd"},"breadcrumb":{"@id":"https:\/\/www.rri.ro\/en\/news-and-current-affairs\/the-week-in-review\/the-week-in-review-17-23-november-2019-id124692.html#breadcrumb"},"inLanguage":"en-US","potentialAction":[{"@type":"ReadAction","target":["https:\/\/www.rri.ro\/en\/news-and-current-affairs\/the-week-in-review\/the-week-in-review-17-23-november-2019-id124692.html"]}]},{"@type":"ImageObject","inLanguage":"en-US","@id":"https:\/\/www.rri.ro\/en\/news-and-current-affairs\/the-week-in-review\/the-week-in-review-17-23-november-2019-id124692.html#primaryimage","url":"https:\/\/www.rri.ro\/wp-content\/uploads\/2023\/10\/eveniment-top-2019.jpg","contentUrl":"https:\/\/www.rri.ro\/wp-content\/uploads\/2023\/10\/eveniment-top-2019.jpg","width":640,"height":480},{"@type":"BreadcrumbList","@id":"https:\/\/www.rri.ro\/en\/news-and-current-affairs\/the-week-in-review\/the-week-in-review-17-23-november-2019-id124692.html#breadcrumb","itemListElement":[{"@type":"ListItem","position":1,"name":"Homepage","item":"https:\/\/www.rri.ro\/en"},{"@type":"ListItem","position":2,"name":"News and Current Affairs","item":"https:\/\/www.rri.ro\/en\/news-and-current-affairs"},{"@type":"ListItem","position":3,"name":"The Week in Review","item":"https:\/\/www.rri.ro\/en\/news-and-current-affairs\/the-week-in-review"},{"@type":"ListItem","position":4,"name":"The Week in Review (17-23 November 2019)"}]},{"@type":"WebSite","@id":"https:\/\/www.rri.ro\/#website","url":"https:\/\/www.rri.ro\/","name":"Radio Romania International","description":"Totul despre Rom\u00e2nia \u015fi rom\u00e2ni, \u00een 13 limbi\/dialecte!","inLanguage":"en-US"},{"@type":"Person","@id":"https:\/\/www.rri.ro\/#\/schema\/person\/18fac491bccbfe149b92aea77ad60abd","name":"Rom\u00e2nia Interna\u021bional","url":"https:\/\/www.rri.ro\/en\/author\/redactia"}]}},"_links":{"self":[{"href":"https:\/\/www.rri.ro\/en\/wp-json\/wp\/v2\/posts\/124692","targetHints":{"allow":["GET"]}}],"collection":[{"href":"https:\/\/www.rri.ro\/en\/wp-json\/wp\/v2\/posts"}],"about":[{"href":"https:\/\/www.rri.ro\/en\/wp-json\/wp\/v2\/types\/post"}],"author":[{"embeddable":true,"href":"https:\/\/www.rri.ro\/en\/wp-json\/wp\/v2\/users\/2"}],"replies":[{"embeddable":true,"href":"https:\/\/www.rri.ro\/en\/wp-json\/wp\/v2\/comments?post=124692"}],"version-history":[{"count":0,"href":"https:\/\/www.rri.ro\/en\/wp-json\/wp\/v2\/posts\/124692\/revisions"}],"wp:featuredmedia":[{"embeddable":true,"href":"https:\/\/www.rri.ro\/en\/wp-json\/wp\/v2\/media\/124654"}],"wp:attachment":[{"href":"https:\/\/www.rri.ro\/en\/wp-json\/wp\/v2\/media?parent=124692"}],"wp:term":[{"taxonomy":"category","embeddable":true,"href":"https:\/\/www.rri.ro\/en\/wp-json\/wp\/v2\/categories?post=124692"},{"taxonomy":"post_tag","embeddable":true,"href":"https:\/\/www.rri.ro\/en\/wp-json\/wp\/v2\/tags?post=124692"},{"taxonomy":"author","embeddable":true,"href":"https:\/\/www.rri.ro\/en\/wp-json\/wp\/v2\/coauthors?post=124692"}],"curies":[{"name":"wp","href":"https:\/\/api.w.org\/{rel}","templated":true}]}}