{"id":124954,"date":"2022-10-22T16:12:58","date_gmt":"2022-10-22T16:12:58","guid":{"rendered":"http:\/\/devrri.freshlemon.ro\/news-and-current-affairs\/newsflash\/the-week-in-review-95-124954.html"},"modified":"2022-10-22T16:12:58","modified_gmt":"2022-10-22T16:12:58","slug":"the-week-in-review-95","status":"publish","type":"post","link":"https:\/\/www.rri.ro\/en\/news-and-current-affairs\/the-week-in-review\/the-week-in-review-95-id124954.html","title":{"rendered":"THE WEEK IN REVIEW"},"content":{"rendered":"<p align=LEFT style=margin-bottom: 0in; line-height: 200%>EU meeting on energy<\/p>\n<p>&#13;<br \/>\n&#13;<\/p>\n<p align=LEFT style=margin-bottom: 0in; line-height: 200%>Speaking for the European Council in Brussels, Romanian President Klaus Iohannis said that solutions must be found to supply enough energy at decent prices. The Romanian head of state said that the EC proposal to counter an increase in prices for energy is good, specifying that Romania agrees with the newly proposed measures. In this context, he mentioned diversifying energy sources, including green energy, and gas extraction from the Black Sea. EC President Ursula von der Leyen is in favor of European joint acquisition of natural gas, possibly setting a price ceiling, and forming consortia of gas companies, signing energy solidarity agreements between neighboring countries. Also on the agenda of the meeting was an analysis of the evolution of Russia&#8217;s war of aggression against Ukraine, as well as the EU&#8217;s commitment towards continued aid towards this country in all areas, politically, financially, militarily, and in humanitarian terms. <\/p>\n<p>&#13;<br \/>\n&#13;<\/p>\n<p align=LEFT style=margin-bottom: 0in; line-height: 200%>\n<p>&#13;<br \/>\n&#13;<\/p>\n<p align=LEFT style=margin-bottom: 0in; line-height: 200%>\n<p>&#13;<br \/>\n&#13;<\/p>\n<p align=LEFT style=margin-bottom: 0in; line-height: 200%>Europe helps Romania cope with rising energy prices<\/p>\n<p>&#13;<br \/>\n&#13;<\/p>\n<p align=LEFT style=margin-bottom: 0in; line-height: 200%>Europe will provide Romania with 2.2 billion Euro in order to help the vulnerable population and companies cope with rising energy bills. The EC decided that 10% of European funds earmarked for the 2014-2020 period that have not been spent yet may be allocated to other forms of aid. PM Nicolae Ciuca said that, in addition to subsidizing families in need, or issuing vouchers, the money will be earmarked for supporting SMEs and creating jobs. <\/p>\n<p>&#13;<br \/>\n&#13;<\/p>\n<p align=LEFT style=margin-bottom: 0in; line-height: 200%>\n<p>&#13;<br \/>\n&#13;<\/p>\n<p align=LEFT style=margin-bottom: 0in; line-height: 200%>\n<p>&#13;<br \/>\n&#13;<\/p>\n<p align=LEFT style=margin-bottom: 0in; line-height: 200%>Trade union protests across the country<\/p>\n<p>&#13;<br \/>\n&#13;<\/p>\n<p align=LEFT style=margin-bottom: 0in; line-height: 200%>Several rounds of protests took place around Romania. Trade union members took to the streets, unhappy about small wage and rising prices. On Monday, several unions under the Cartel Alfa banner formed caravans that started from various cities, going to Bucharest. The caravans met on Thursday in the capital city, where they held a huge meeting, followed by more protests. Trade unionists are calling for price controls and taxing excess profits, for higher wages and pensions, unblocking collective bargaining, and the full and non-discriminatory enforcement of the law on public wages, as well as that on the status of railroad workers. <\/p>\n<p>&#13;<br \/>\n&#13;<\/p>\n<p align=LEFT style=margin-bottom: 0in; line-height: 200%>\n<p>&#13;<br \/>\n&#13;<\/p>\n<p align=LEFT style=margin-bottom: 0in; line-height: 200%>\n<p>&#13;<br \/>\n&#13;<\/p>\n<p align=LEFT style=margin-bottom: 0in; line-height: 200%>Justice legislation passes Parliament<\/p>\n<p>&#13;<br \/>\n&#13;<\/p>\n<p align=LEFT style=margin-bottom: 0in; line-height: 200%>The Romanian Senate, the decision making forum in this case, has passed three laws introduced by the Ministry of Justice in Bucharest. They are aimed at the Higher Council of Magistrates, judicial organization, and the status of judges and prosecutors. The opposition, headed by the USR party, criticized the bills on grounds of faulty debate, as well as on the fact that the ruling coalition did not wait for a green light from the Venice Commission. In reply, the majority coalition claimed that the texts were written in observance of recommendations from relevant European institutions. MPs from opposition parties USR, AUR, and the Force of the Right filed a complaint with the Constitutional Court. <\/p>\n<p>&#13;<br \/>\n&#13;<\/p>\n<p align=LEFT style=margin-bottom: 0in; line-height: 200%>\n<p>&#13;<br \/>\n&#13;<\/p>\n<p align=LEFT style=margin-bottom: 0in; line-height: 200%>\n<p>&#13;<br \/>\n&#13;<\/p>\n<p align=LEFT style=margin-bottom: 0in; line-height: 200%>Simple motion in the Chamber of Deputies<\/p>\n<p>&#13;<br \/>\n&#13;<\/p>\n<p align=LEFT style=margin-bottom: 0in; line-height: 200%>The Chamber of Deputies, the lower chamber of Parliament in Bucharest, rejected on Monday the simple motion to dismiss Minister of the Interior Lucian Bode. The move was made by opposition party members from the USR and the Force of the Right, who want Bode removed for his alleged failure to reform the institution. The MPs referenced the non-transparent way in which a bid was conducted to purchase 600 BMW vehicles for the Romanian police. At the same time, they accused Lucian Bode of making secret his PhD paper right before its publication. The minister rejected all accusations, claiming that the text of the motion is full of lies. <\/p>\n<p>&#13;<br \/>\n&#13;<\/p>\n<p align=LEFT style=margin-bottom: 0in; line-height: 200%>\n<p>&#13;<br \/>\n&#13;<\/p>\n<p align=LEFT style=margin-bottom: 0in; line-height: 200%>\n<p>&#13;<br \/>\n&#13;<\/p>\n<p align=LEFT style=margin-bottom: 0in; line-height: 200%>Romania&#8217;s road to Schengen<\/p>\n<p>&#13;<br \/>\n&#13;<\/p>\n<p align=LEFT style=margin-bottom: 0in; line-height: 200%>The European Parliament voted a non-binding resolution on Tuesday, with a wide majority, in support of Romania and Bulgaria joining the Schengen area. This move was saluted by the authorities in Bucharest, the fourth made by the European body. At the same time, on Thursday the parliament of The Netherlands passed a resolution calling on the government to be cautious regarding said move. The document appeals to the Mark Rutte government to avoid making a decisive step regarding this expansion, calling for additional investigations regarding the security of the borders of the two countries. Right now, the Schengen space includes all EU states, with the exception of Bulgaria, Croatia, Cyprus, Ireland, and Romania. The Romanian authorities reaffirmed that Romania meets the technical criteria, and that the country is ready to join the European free circulation area. Schengen expansion requires a unanimous vote in the EU Council, set to meet on December 8. <\/p>\n<p>&#13;<br \/>\n&#13;<\/p>\n<p align=LEFT style=margin-bottom: 0in; line-height: 200%>\n<p>&#13;<br \/>\n&#13;<\/p>\n<p align=LEFT style=margin-bottom: 0in; line-height: 200%>\n<p>&#13;<br \/>\n&#13;<\/p>\n<p align=LEFT style=margin-bottom: 0in; line-height: 200%>Ample military exercises at the mouth of the Danube<\/p>\n<p>&#13;<br \/>\n&#13;<\/p>\n<p align=LEFT style=margin-bottom: 0in; line-height: 200%>Over 300 Romanian soldiers went on training near the Danube Delta and Snake Island, as part of the Danube Protector 22 exercise. The River Fleet is the only one of its kind in NATO, and is a first response unit in case of attack in the Danube area. In another move, the first military technology convoys sent by France will reach Romania, going to the Cincu test area, in the center of the country. Recently, France decided to strengthen the Romanian NATO contingent, sending over Leclerc battle tanks and armored carriers. Right now, France is in charge of NATO forces in Romania, and the base at Cincu is host to a few hundred French servicemen. The war in Ukraine caused NATO to beef up its eastern flank with four new fighting groups in Slovakia, Hungary, Bulgaria, and Romania. <\/p>\n<p>&#13;<\/p>\n","protected":false},"excerpt":{"rendered":"<p>October 17-21, 2022<\/p>\n","protected":false},"author":106,"featured_media":124897,"comment_status":"closed","ping_status":"closed","sticky":false,"template":"","format":"standard","meta":{"_acf_changed":false,"footnotes":""},"categories":[40944],"tags":[],"coauthors":[],"class_list":["post-124954","post","type-post","status-publish","format-standard","has-post-thumbnail","hentry","category-the-week-in-review"],"acf":[],"yoast_head":"<!-- This site is optimized with the Yoast SEO plugin v27.5 - https:\/\/yoast.com\/product\/yoast-seo-wordpress\/ -->\n<title>THE WEEK IN REVIEW - Radio Romania International<\/title>\n<meta name=\"robots\" content=\"index, follow, max-snippet:-1, max-image-preview:large, max-video-preview:-1\" \/>\n<link rel=\"canonical\" href=\"https:\/\/www.rri.ro\/en\/news-and-current-affairs\/the-week-in-review\/the-week-in-review-95-id124954.html\" \/>\n<meta property=\"og:locale\" content=\"en_US\" \/>\n<meta property=\"og:type\" content=\"article\" \/>\n<meta property=\"og:title\" content=\"THE WEEK IN REVIEW - Radio Romania International\" \/>\n<meta property=\"og:description\" content=\"October 17-21, 2022\" \/>\n<meta property=\"og:url\" content=\"https:\/\/www.rri.ro\/en\/news-and-current-affairs\/the-week-in-review\/the-week-in-review-95-id124954.html\" \/>\n<meta property=\"og:site_name\" content=\"Radio Romania International\" \/>\n<meta property=\"article:published_time\" content=\"2022-10-22T16:12:58+00:00\" \/>\n<meta property=\"og:image\" content=\"https:\/\/www.rri.ro\/wp-content\/uploads\/2023\/10\/ucra-eveniment-top.png\" \/>\n\t<meta property=\"og:image:width\" content=\"640\" \/>\n\t<meta property=\"og:image:height\" content=\"480\" \/>\n\t<meta property=\"og:image:type\" content=\"image\/png\" \/>\n<meta name=\"author\" content=\"Mihai Pelin\" \/>\n<meta name=\"twitter:card\" content=\"summary_large_image\" \/>\n<meta name=\"twitter:label1\" content=\"Written by\" \/>\n\t<meta name=\"twitter:data1\" content=\"Mihai Pelin\" \/>\n\t<meta name=\"twitter:label2\" content=\"Est. reading time\" \/>\n\t<meta name=\"twitter:data2\" content=\"4 minutes\" \/>\n<script type=\"application\/ld+json\" class=\"yoast-schema-graph\">{\"@context\":\"https:\\\/\\\/schema.org\",\"@graph\":[{\"@type\":\"Article\",\"@id\":\"https:\\\/\\\/www.rri.ro\\\/en\\\/news-and-current-affairs\\\/the-week-in-review\\\/the-week-in-review-95-id124954.html#article\",\"isPartOf\":{\"@id\":\"https:\\\/\\\/www.rri.ro\\\/en\\\/news-and-current-affairs\\\/the-week-in-review\\\/the-week-in-review-95-id124954.html\"},\"author\":{\"name\":\"Mihai Pelin\",\"@id\":\"https:\\\/\\\/www.rri.ro\\\/#\\\/schema\\\/person\\\/c6036c822534c855dc3aad41a484f05d\"},\"headline\":\"THE WEEK IN REVIEW\",\"datePublished\":\"2022-10-22T16:12:58+00:00\",\"mainEntityOfPage\":{\"@id\":\"https:\\\/\\\/www.rri.ro\\\/en\\\/news-and-current-affairs\\\/the-week-in-review\\\/the-week-in-review-95-id124954.html\"},\"wordCount\":879,\"image\":{\"@id\":\"https:\\\/\\\/www.rri.ro\\\/en\\\/news-and-current-affairs\\\/the-week-in-review\\\/the-week-in-review-95-id124954.html#primaryimage\"},\"thumbnailUrl\":\"https:\\\/\\\/www.rri.ro\\\/wp-content\\\/uploads\\\/2023\\\/10\\\/ucra-eveniment-top.png\",\"articleSection\":[\"The Week in Review\"],\"inLanguage\":\"en-US\"},{\"@type\":\"WebPage\",\"@id\":\"https:\\\/\\\/www.rri.ro\\\/en\\\/news-and-current-affairs\\\/the-week-in-review\\\/the-week-in-review-95-id124954.html\",\"url\":\"https:\\\/\\\/www.rri.ro\\\/en\\\/news-and-current-affairs\\\/the-week-in-review\\\/the-week-in-review-95-id124954.html\",\"name\":\"THE WEEK IN REVIEW - Radio Romania International\",\"isPartOf\":{\"@id\":\"https:\\\/\\\/www.rri.ro\\\/#website\"},\"primaryImageOfPage\":{\"@id\":\"https:\\\/\\\/www.rri.ro\\\/en\\\/news-and-current-affairs\\\/the-week-in-review\\\/the-week-in-review-95-id124954.html#primaryimage\"},\"image\":{\"@id\":\"https:\\\/\\\/www.rri.ro\\\/en\\\/news-and-current-affairs\\\/the-week-in-review\\\/the-week-in-review-95-id124954.html#primaryimage\"},\"thumbnailUrl\":\"https:\\\/\\\/www.rri.ro\\\/wp-content\\\/uploads\\\/2023\\\/10\\\/ucra-eveniment-top.png\",\"datePublished\":\"2022-10-22T16:12:58+00:00\",\"author\":{\"@id\":\"https:\\\/\\\/www.rri.ro\\\/#\\\/schema\\\/person\\\/c6036c822534c855dc3aad41a484f05d\"},\"breadcrumb\":{\"@id\":\"https:\\\/\\\/www.rri.ro\\\/en\\\/news-and-current-affairs\\\/the-week-in-review\\\/the-week-in-review-95-id124954.html#breadcrumb\"},\"inLanguage\":\"en-US\",\"potentialAction\":[{\"@type\":\"ReadAction\",\"target\":[\"https:\\\/\\\/www.rri.ro\\\/en\\\/news-and-current-affairs\\\/the-week-in-review\\\/the-week-in-review-95-id124954.html\"]}]},{\"@type\":\"ImageObject\",\"inLanguage\":\"en-US\",\"@id\":\"https:\\\/\\\/www.rri.ro\\\/en\\\/news-and-current-affairs\\\/the-week-in-review\\\/the-week-in-review-95-id124954.html#primaryimage\",\"url\":\"https:\\\/\\\/www.rri.ro\\\/wp-content\\\/uploads\\\/2023\\\/10\\\/ucra-eveniment-top.png\",\"contentUrl\":\"https:\\\/\\\/www.rri.ro\\\/wp-content\\\/uploads\\\/2023\\\/10\\\/ucra-eveniment-top.png\",\"width\":640,\"height\":480},{\"@type\":\"BreadcrumbList\",\"@id\":\"https:\\\/\\\/www.rri.ro\\\/en\\\/news-and-current-affairs\\\/the-week-in-review\\\/the-week-in-review-95-id124954.html#breadcrumb\",\"itemListElement\":[{\"@type\":\"ListItem\",\"position\":1,\"name\":\"Homepage\",\"item\":\"https:\\\/\\\/www.rri.ro\\\/en\"},{\"@type\":\"ListItem\",\"position\":2,\"name\":\"News and Current Affairs\",\"item\":\"https:\\\/\\\/www.rri.ro\\\/en\\\/news-and-current-affairs\"},{\"@type\":\"ListItem\",\"position\":3,\"name\":\"The Week in Review\",\"item\":\"https:\\\/\\\/www.rri.ro\\\/en\\\/news-and-current-affairs\\\/the-week-in-review\"},{\"@type\":\"ListItem\",\"position\":4,\"name\":\"THE WEEK IN REVIEW\"}]},{\"@type\":\"WebSite\",\"@id\":\"https:\\\/\\\/www.rri.ro\\\/#website\",\"url\":\"https:\\\/\\\/www.rri.ro\\\/\",\"name\":\"Radio Romania International\",\"description\":\"Totul despre Rom\u00e2nia \u015fi rom\u00e2ni, \u00een 13 limbi\\\/dialecte!\",\"inLanguage\":\"en-US\"},{\"@type\":\"Person\",\"@id\":\"https:\\\/\\\/www.rri.ro\\\/#\\\/schema\\\/person\\\/c6036c822534c855dc3aad41a484f05d\",\"name\":\"Mihai Pelin\",\"url\":\"https:\\\/\\\/www.rri.ro\\\/en\\\/author\\\/mihai-pelin\"}]}<\/script>\n<!-- \/ Yoast SEO plugin. -->","yoast_head_json":{"title":"THE WEEK IN REVIEW - Radio Romania International","robots":{"index":"index","follow":"follow","max-snippet":"max-snippet:-1","max-image-preview":"max-image-preview:large","max-video-preview":"max-video-preview:-1"},"canonical":"https:\/\/www.rri.ro\/en\/news-and-current-affairs\/the-week-in-review\/the-week-in-review-95-id124954.html","og_locale":"en_US","og_type":"article","og_title":"THE WEEK IN REVIEW - Radio Romania International","og_description":"October 17-21, 2022","og_url":"https:\/\/www.rri.ro\/en\/news-and-current-affairs\/the-week-in-review\/the-week-in-review-95-id124954.html","og_site_name":"Radio Romania International","article_published_time":"2022-10-22T16:12:58+00:00","og_image":[{"width":640,"height":480,"url":"https:\/\/www.rri.ro\/wp-content\/uploads\/2023\/10\/ucra-eveniment-top.png","type":"image\/png"}],"author":"Mihai Pelin","twitter_card":"summary_large_image","twitter_misc":{"Written by":"Mihai Pelin","Est. reading time":"4 minutes"},"schema":{"@context":"https:\/\/schema.org","@graph":[{"@type":"Article","@id":"https:\/\/www.rri.ro\/en\/news-and-current-affairs\/the-week-in-review\/the-week-in-review-95-id124954.html#article","isPartOf":{"@id":"https:\/\/www.rri.ro\/en\/news-and-current-affairs\/the-week-in-review\/the-week-in-review-95-id124954.html"},"author":{"name":"Mihai Pelin","@id":"https:\/\/www.rri.ro\/#\/schema\/person\/c6036c822534c855dc3aad41a484f05d"},"headline":"THE WEEK IN REVIEW","datePublished":"2022-10-22T16:12:58+00:00","mainEntityOfPage":{"@id":"https:\/\/www.rri.ro\/en\/news-and-current-affairs\/the-week-in-review\/the-week-in-review-95-id124954.html"},"wordCount":879,"image":{"@id":"https:\/\/www.rri.ro\/en\/news-and-current-affairs\/the-week-in-review\/the-week-in-review-95-id124954.html#primaryimage"},"thumbnailUrl":"https:\/\/www.rri.ro\/wp-content\/uploads\/2023\/10\/ucra-eveniment-top.png","articleSection":["The Week in Review"],"inLanguage":"en-US"},{"@type":"WebPage","@id":"https:\/\/www.rri.ro\/en\/news-and-current-affairs\/the-week-in-review\/the-week-in-review-95-id124954.html","url":"https:\/\/www.rri.ro\/en\/news-and-current-affairs\/the-week-in-review\/the-week-in-review-95-id124954.html","name":"THE WEEK IN REVIEW - Radio Romania International","isPartOf":{"@id":"https:\/\/www.rri.ro\/#website"},"primaryImageOfPage":{"@id":"https:\/\/www.rri.ro\/en\/news-and-current-affairs\/the-week-in-review\/the-week-in-review-95-id124954.html#primaryimage"},"image":{"@id":"https:\/\/www.rri.ro\/en\/news-and-current-affairs\/the-week-in-review\/the-week-in-review-95-id124954.html#primaryimage"},"thumbnailUrl":"https:\/\/www.rri.ro\/wp-content\/uploads\/2023\/10\/ucra-eveniment-top.png","datePublished":"2022-10-22T16:12:58+00:00","author":{"@id":"https:\/\/www.rri.ro\/#\/schema\/person\/c6036c822534c855dc3aad41a484f05d"},"breadcrumb":{"@id":"https:\/\/www.rri.ro\/en\/news-and-current-affairs\/the-week-in-review\/the-week-in-review-95-id124954.html#breadcrumb"},"inLanguage":"en-US","potentialAction":[{"@type":"ReadAction","target":["https:\/\/www.rri.ro\/en\/news-and-current-affairs\/the-week-in-review\/the-week-in-review-95-id124954.html"]}]},{"@type":"ImageObject","inLanguage":"en-US","@id":"https:\/\/www.rri.ro\/en\/news-and-current-affairs\/the-week-in-review\/the-week-in-review-95-id124954.html#primaryimage","url":"https:\/\/www.rri.ro\/wp-content\/uploads\/2023\/10\/ucra-eveniment-top.png","contentUrl":"https:\/\/www.rri.ro\/wp-content\/uploads\/2023\/10\/ucra-eveniment-top.png","width":640,"height":480},{"@type":"BreadcrumbList","@id":"https:\/\/www.rri.ro\/en\/news-and-current-affairs\/the-week-in-review\/the-week-in-review-95-id124954.html#breadcrumb","itemListElement":[{"@type":"ListItem","position":1,"name":"Homepage","item":"https:\/\/www.rri.ro\/en"},{"@type":"ListItem","position":2,"name":"News and Current Affairs","item":"https:\/\/www.rri.ro\/en\/news-and-current-affairs"},{"@type":"ListItem","position":3,"name":"The Week in Review","item":"https:\/\/www.rri.ro\/en\/news-and-current-affairs\/the-week-in-review"},{"@type":"ListItem","position":4,"name":"THE WEEK IN REVIEW"}]},{"@type":"WebSite","@id":"https:\/\/www.rri.ro\/#website","url":"https:\/\/www.rri.ro\/","name":"Radio Romania International","description":"Totul despre Rom\u00e2nia \u015fi rom\u00e2ni, \u00een 13 limbi\/dialecte!","inLanguage":"en-US"},{"@type":"Person","@id":"https:\/\/www.rri.ro\/#\/schema\/person\/c6036c822534c855dc3aad41a484f05d","name":"Mihai Pelin","url":"https:\/\/www.rri.ro\/en\/author\/mihai-pelin"}]}},"_links":{"self":[{"href":"https:\/\/www.rri.ro\/en\/wp-json\/wp\/v2\/posts\/124954","targetHints":{"allow":["GET"]}}],"collection":[{"href":"https:\/\/www.rri.ro\/en\/wp-json\/wp\/v2\/posts"}],"about":[{"href":"https:\/\/www.rri.ro\/en\/wp-json\/wp\/v2\/types\/post"}],"author":[{"embeddable":true,"href":"https:\/\/www.rri.ro\/en\/wp-json\/wp\/v2\/users\/106"}],"replies":[{"embeddable":true,"href":"https:\/\/www.rri.ro\/en\/wp-json\/wp\/v2\/comments?post=124954"}],"version-history":[{"count":0,"href":"https:\/\/www.rri.ro\/en\/wp-json\/wp\/v2\/posts\/124954\/revisions"}],"wp:featuredmedia":[{"embeddable":true,"href":"https:\/\/www.rri.ro\/en\/wp-json\/wp\/v2\/media\/124897"}],"wp:attachment":[{"href":"https:\/\/www.rri.ro\/en\/wp-json\/wp\/v2\/media?parent=124954"}],"wp:term":[{"taxonomy":"category","embeddable":true,"href":"https:\/\/www.rri.ro\/en\/wp-json\/wp\/v2\/categories?post=124954"},{"taxonomy":"post_tag","embeddable":true,"href":"https:\/\/www.rri.ro\/en\/wp-json\/wp\/v2\/tags?post=124954"},{"taxonomy":"author","embeddable":true,"href":"https:\/\/www.rri.ro\/en\/wp-json\/wp\/v2\/coauthors?post=124954"}],"curies":[{"name":"wp","href":"https:\/\/api.w.org\/{rel}","templated":true}]}}