{"id":129190,"date":"2015-10-05T13:48:00","date_gmt":"2015-10-05T10:48:00","guid":{"rendered":"http:\/\/devrri.freshlemon.ro\/news-and-current-affairs\/newsflash\/the-gypsies-camp-129190.html"},"modified":"2024-02-19T13:35:10","modified_gmt":"2024-02-19T11:35:10","slug":"the-gypsies-camp","status":"publish","type":"post","link":"https:\/\/www.rri.ro\/en\/features-and-reports\/the-history-show\/the-gypsies-camp-id129190.html","title":{"rendered":"\u201cThe Gypsies\u2019 Camp\u201d"},"content":{"rendered":"<p><strong>The only epic in the Romanian language \u201cTiganiada or \u201cThe Gypsies Camp published in a final version by Jacques Byck between 1800 and 1812 reflects the enlightenment ideas of the Transylvanian School whose representative is Ion Budai Deleanu, the author of this epic. <\/strong>&#13;<br \/>\n&#13;<br \/>\n &#13;<\/p>\n<p> Despite the appearance of joviality, \u201cThe Gypsies Camp is one of the most important debates about the political situation of the Romanian medieval space seen from the perspective of the Enlightenment. Literary critic Paul Cernat will next talk about the emergence and significance of Ion Budai Deleanus \u201cThe Gypsies Camp.&#13;<br \/>\n&#13;<\/p>\n<p>&#13;<br \/>\n&#13;<\/p>\n<p>\u201cThe Gypsies Camp is more than a simple \u2018game, as the author himself called it. It is a writing with marked political connotations. The epic includes an entire debate about the best Gypsy social structure, which also alludes to other social structures. It is an almost encoded text and a discussion on it from the perspective of the Enlightenment and even of the French Revolution, which Ion Budai-Deleanu masterfully renders in the form of a poem, would be more than interesting and instructive. The poem is one of the most important pieces of writing of the Transylvanian School and Id say that, at a literary level, it is by far one of the most significant. But there is more than literature in this poem. It is an extremely complex, very sophisticated ideological writing and it is incredible how, at a time when \u2018the Romanian language was not very developed, someone could write such an epic that subtly and sophisticatedly debated the most advanced ideas of the time, the Enlightenment ideas which Ion Budai Deleanu knew very well. There are also esoteric and freemasonic elements in the poem, which is a genuine manifesto of the Transylvanian School, in a way. Unfortunately this manifesto did not have the echo it deserved. As you may know, \u2018The Gypsies Camp was perceived well in a certain cultural age.<\/p>\n<p>&#13;<br \/>\n&#13;<\/p>\n<p>&#13;<br \/>\n&#13;<\/p>\n<p>The meditation on the power relations in the 15th century Romanian space to which Ion Budai Deleanu\u2018s epic invites us, also includes anti-feudal nuances. 4 centuries later, the Transylvanian School highlighted the ideas propagated by the French Revolution, against the feudal, aristocratic and religious privileges. The epic was properly perceived starting with the second half of the 19th century, during the Junimea literary society. Here is Paul Cernat with further details:<\/p>\n<p>&#13;<br \/>\n&#13;<\/p>\n<p>&#13;<br \/>\n&#13;<\/p>\n<p>\u201cThe social dimension is less visible, but the ideological one is very present. And so is the linguistic one, I dare say. In order to reach the social dimension you must first get past some allegoric layers. This heroic-comical epic takes us back to the time of Vlad the Impaler. Moreover, beyond this layer, beyond the utopia and the reference to Rabelais, there is a mental format derived from the society specific to the end of the 18th century and the beginning of the 19th century. Ion Budai Deleanu was definitely a man of his time, which intended his writing to have an immediate political impact. It did not have the expected impact after all, but thats a different story. Still, it offers a pretty accurate image of the society of that time.<\/p>\n<p>&#13;<br \/>\n&#13;<\/p>\n<p>&#13;<br \/>\n&#13;<\/p>\n<p>The title of the work itself makes readers think about ancient epics. In the early 19th century, the author of The Gipsies Camp chose a comic note with cultural references to the ancient times, for linguistic reasons.<\/p>\n<p>&#13;<br \/>\n&#13;<\/p>\n<p>&#13;<br \/>\n&#13;<\/p>\n<p>\u201cThe very first songs make reference to the comic mini-epic \u2018Batrachomyomachia or \u2018The Frog-Mouse War by Homer, \u2018Omer and \u2018Omir, as he is very often referred to in the \u2018Gypsies Camp. This option is possible in a comic mini-epic, due to language insufficiencies, to paraphrase writer Budai-Deleanu. The Romanian language, which was spoken at the time, was not ready, was not capable of absorbing the needed linguistic terms of a tragedy, of a dramatic epic written in a high register. So, the only version left was to write a popular, comic epic. It is well known that the epic has two possible registers: dramatic and comic. Budai-Deleanu has chosen the second version, not for the register of \u2018The Iliad and \u2018The Odyssey, but for the register used by Homer in the \u2018Batrachomyomachia. However, apart from the comic style, he approached a series of very dramatic themes as well as a whole ideological debate on what form of government would be better. Beyond any doubt, it is a meditation on the way in which power corrupts and destroys a society, as happened in the case of the 15th century gypsy society. Actually, the option for the \u201cGypsies Camp also has its deeper, esoteric layers of meaning, stemming form ancient Egypt. We know gypsies were also called Egyptian, so all sorts of references are being made, to the pyramids, to the philosophy of the famous alchemist of Alexandria, Hermes Trismegistos, who stood on an equal footing with the Egyptian God Thot. This tends to be rather intricate, and since the notion of gypsies \u201ccovers the others as well, just as Budai Deleanu said, gypsies are actually the Romanians. Its a metaphor, an attempt of placing a larger category into abyss.<\/p>\n<p>&#13;<br \/>\n&#13;<\/p>\n<p>&#13;<br \/>\n&#13;<\/p>\n<p>Ion Budai Deleanus \u201cGypsies Camp is \u201ca way of speaking, using an allegorical clue, about things that used to be of crucial importance for the 19th century Romanian society. The subtleties that one of the most prominent representatives of the Transylvanian School makes use of in his work are actually elements that make up a masterpiece with significant ideological implications. <\/p>\n<p>&#13;<\/p>\n","protected":false},"excerpt":{"rendered":"<p>The only epic in the Romanian language \u201cTiganiada or \u201cThe Gypsies Camp published in a final version by Jacques Byck between 1800 and 1812 reflects the enlightenment ideas of the Transylvanian School.<\/p>\n","protected":false},"author":133,"featured_media":129191,"comment_status":"closed","ping_status":"closed","sticky":false,"template":"","format":"standard","meta":{"_acf_changed":false,"footnotes":""},"categories":[41141],"tags":[42592,42591,42590],"coauthors":[],"class_list":["post-129190","post","type-post","status-publish","format-standard","has-post-thumbnail","hentry","category-the-history-show","tag-ion-budai-deleanu","tag-the-gypsies-camp","tag-tiganiada"],"acf":[],"yoast_head":"<!-- This site is optimized with the Yoast SEO plugin v27.3 - https:\/\/yoast.com\/product\/yoast-seo-wordpress\/ -->\n<title>\u201cThe Gypsies\u2019 Camp\u201d - Radio Romania International<\/title>\n<meta name=\"robots\" content=\"index, follow, max-snippet:-1, max-image-preview:large, max-video-preview:-1\" \/>\n<link rel=\"canonical\" href=\"https:\/\/www.rri.ro\/en\/features-and-reports\/the-history-show\/the-gypsies-camp-id129190.html\" \/>\n<meta property=\"og:locale\" content=\"en_US\" \/>\n<meta property=\"og:type\" content=\"article\" \/>\n<meta property=\"og:title\" content=\"\u201cThe Gypsies\u2019 Camp\u201d - Radio Romania International\" \/>\n<meta property=\"og:description\" content=\"The only epic in the Romanian language \u201cTiganiada or \u201cThe Gypsies Camp published in a final version by Jacques Byck between 1800 and 1812 reflects the enlightenment ideas of the Transylvanian School.\" \/>\n<meta property=\"og:url\" content=\"https:\/\/www.rri.ro\/en\/features-and-reports\/the-history-show\/the-gypsies-camp-id129190.html\" \/>\n<meta property=\"og:site_name\" content=\"Radio Romania International\" \/>\n<meta property=\"article:published_time\" content=\"2015-10-05T10:48:00+00:00\" \/>\n<meta property=\"article:modified_time\" content=\"2024-02-19T11:35:10+00:00\" \/>\n<meta property=\"og:image\" content=\"https:\/\/www.rri.ro\/wp-content\/uploads\/2023\/10\/tiganiada-ib-deleanupng-alt.png\" \/>\n\t<meta property=\"og:image:width\" content=\"640\" \/>\n\t<meta property=\"og:image:height\" content=\"480\" \/>\n\t<meta property=\"og:image:type\" content=\"image\/png\" \/>\n<meta name=\"author\" content=\"Monica Chiorpec\" \/>\n<meta name=\"twitter:card\" content=\"summary_large_image\" \/>\n<meta name=\"twitter:label1\" content=\"Written by\" \/>\n\t<meta name=\"twitter:data1\" content=\"Monica Chiorpec\" \/>\n\t<meta name=\"twitter:label2\" content=\"Est. reading time\" \/>\n\t<meta name=\"twitter:data2\" content=\"5 minutes\" \/>\n<script type=\"application\/ld+json\" class=\"yoast-schema-graph\">{\"@context\":\"https:\\\/\\\/schema.org\",\"@graph\":[{\"@type\":\"Article\",\"@id\":\"https:\\\/\\\/www.rri.ro\\\/en\\\/features-and-reports\\\/the-history-show\\\/the-gypsies-camp-id129190.html#article\",\"isPartOf\":{\"@id\":\"https:\\\/\\\/www.rri.ro\\\/en\\\/features-and-reports\\\/the-history-show\\\/the-gypsies-camp-id129190.html\"},\"author\":{\"name\":\"Monica Chiorpec\",\"@id\":\"https:\\\/\\\/www.rri.ro\\\/#\\\/schema\\\/person\\\/bde7269c0f61660573c8e224763422e7\"},\"headline\":\"\u201cThe Gypsies\u2019 Camp\u201d\",\"datePublished\":\"2015-10-05T10:48:00+00:00\",\"dateModified\":\"2024-02-19T11:35:10+00:00\",\"mainEntityOfPage\":{\"@id\":\"https:\\\/\\\/www.rri.ro\\\/en\\\/features-and-reports\\\/the-history-show\\\/the-gypsies-camp-id129190.html\"},\"wordCount\":907,\"image\":{\"@id\":\"https:\\\/\\\/www.rri.ro\\\/en\\\/features-and-reports\\\/the-history-show\\\/the-gypsies-camp-id129190.html#primaryimage\"},\"thumbnailUrl\":\"https:\\\/\\\/www.rri.ro\\\/wp-content\\\/uploads\\\/2023\\\/10\\\/tiganiada-ib-deleanupng-alt.png\",\"keywords\":[\"Ion Budai Deleanu\",\"The Gypsies' Camp\",\"Tiganiada\"],\"articleSection\":[\"The History Show\"],\"inLanguage\":\"en-US\"},{\"@type\":\"WebPage\",\"@id\":\"https:\\\/\\\/www.rri.ro\\\/en\\\/features-and-reports\\\/the-history-show\\\/the-gypsies-camp-id129190.html\",\"url\":\"https:\\\/\\\/www.rri.ro\\\/en\\\/features-and-reports\\\/the-history-show\\\/the-gypsies-camp-id129190.html\",\"name\":\"\u201cThe Gypsies\u2019 Camp\u201d - Radio Romania International\",\"isPartOf\":{\"@id\":\"https:\\\/\\\/www.rri.ro\\\/#website\"},\"primaryImageOfPage\":{\"@id\":\"https:\\\/\\\/www.rri.ro\\\/en\\\/features-and-reports\\\/the-history-show\\\/the-gypsies-camp-id129190.html#primaryimage\"},\"image\":{\"@id\":\"https:\\\/\\\/www.rri.ro\\\/en\\\/features-and-reports\\\/the-history-show\\\/the-gypsies-camp-id129190.html#primaryimage\"},\"thumbnailUrl\":\"https:\\\/\\\/www.rri.ro\\\/wp-content\\\/uploads\\\/2023\\\/10\\\/tiganiada-ib-deleanupng-alt.png\",\"datePublished\":\"2015-10-05T10:48:00+00:00\",\"dateModified\":\"2024-02-19T11:35:10+00:00\",\"author\":{\"@id\":\"https:\\\/\\\/www.rri.ro\\\/#\\\/schema\\\/person\\\/bde7269c0f61660573c8e224763422e7\"},\"breadcrumb\":{\"@id\":\"https:\\\/\\\/www.rri.ro\\\/en\\\/features-and-reports\\\/the-history-show\\\/the-gypsies-camp-id129190.html#breadcrumb\"},\"inLanguage\":\"en-US\",\"potentialAction\":[{\"@type\":\"ReadAction\",\"target\":[\"https:\\\/\\\/www.rri.ro\\\/en\\\/features-and-reports\\\/the-history-show\\\/the-gypsies-camp-id129190.html\"]}]},{\"@type\":\"ImageObject\",\"inLanguage\":\"en-US\",\"@id\":\"https:\\\/\\\/www.rri.ro\\\/en\\\/features-and-reports\\\/the-history-show\\\/the-gypsies-camp-id129190.html#primaryimage\",\"url\":\"https:\\\/\\\/www.rri.ro\\\/wp-content\\\/uploads\\\/2023\\\/10\\\/tiganiada-ib-deleanupng-alt.png\",\"contentUrl\":\"https:\\\/\\\/www.rri.ro\\\/wp-content\\\/uploads\\\/2023\\\/10\\\/tiganiada-ib-deleanupng-alt.png\",\"width\":640,\"height\":480},{\"@type\":\"BreadcrumbList\",\"@id\":\"https:\\\/\\\/www.rri.ro\\\/en\\\/features-and-reports\\\/the-history-show\\\/the-gypsies-camp-id129190.html#breadcrumb\",\"itemListElement\":[{\"@type\":\"ListItem\",\"position\":1,\"name\":\"Homepage\",\"item\":\"https:\\\/\\\/www.rri.ro\\\/en\"},{\"@type\":\"ListItem\",\"position\":2,\"name\":\"Features and Reports\",\"item\":\"https:\\\/\\\/www.rri.ro\\\/en\\\/features-and-reports\"},{\"@type\":\"ListItem\",\"position\":3,\"name\":\"The History Show\",\"item\":\"https:\\\/\\\/www.rri.ro\\\/en\\\/features-and-reports\\\/the-history-show\"},{\"@type\":\"ListItem\",\"position\":4,\"name\":\"\u201cThe Gypsies\u2019 Camp\u201d\"}]},{\"@type\":\"WebSite\",\"@id\":\"https:\\\/\\\/www.rri.ro\\\/#website\",\"url\":\"https:\\\/\\\/www.rri.ro\\\/\",\"name\":\"Radio Romania International\",\"description\":\"Totul despre Rom\u00e2nia \u015fi rom\u00e2ni, \u00een 13 limbi\\\/dialecte!\",\"inLanguage\":\"en-US\"},{\"@type\":\"Person\",\"@id\":\"https:\\\/\\\/www.rri.ro\\\/#\\\/schema\\\/person\\\/bde7269c0f61660573c8e224763422e7\",\"name\":\"Monica Chiorpec\",\"url\":\"https:\\\/\\\/www.rri.ro\\\/en\\\/author\\\/monica-chiorpec\"}]}<\/script>\n<!-- \/ Yoast SEO plugin. -->","yoast_head_json":{"title":"\u201cThe Gypsies\u2019 Camp\u201d - Radio Romania International","robots":{"index":"index","follow":"follow","max-snippet":"max-snippet:-1","max-image-preview":"max-image-preview:large","max-video-preview":"max-video-preview:-1"},"canonical":"https:\/\/www.rri.ro\/en\/features-and-reports\/the-history-show\/the-gypsies-camp-id129190.html","og_locale":"en_US","og_type":"article","og_title":"\u201cThe Gypsies\u2019 Camp\u201d - Radio Romania International","og_description":"The only epic in the Romanian language \u201cTiganiada or \u201cThe Gypsies Camp published in a final version by Jacques Byck between 1800 and 1812 reflects the enlightenment ideas of the Transylvanian School.","og_url":"https:\/\/www.rri.ro\/en\/features-and-reports\/the-history-show\/the-gypsies-camp-id129190.html","og_site_name":"Radio Romania International","article_published_time":"2015-10-05T10:48:00+00:00","article_modified_time":"2024-02-19T11:35:10+00:00","og_image":[{"width":640,"height":480,"url":"https:\/\/www.rri.ro\/wp-content\/uploads\/2023\/10\/tiganiada-ib-deleanupng-alt.png","type":"image\/png"}],"author":"Monica Chiorpec","twitter_card":"summary_large_image","twitter_misc":{"Written by":"Monica Chiorpec","Est. reading time":"5 minutes"},"schema":{"@context":"https:\/\/schema.org","@graph":[{"@type":"Article","@id":"https:\/\/www.rri.ro\/en\/features-and-reports\/the-history-show\/the-gypsies-camp-id129190.html#article","isPartOf":{"@id":"https:\/\/www.rri.ro\/en\/features-and-reports\/the-history-show\/the-gypsies-camp-id129190.html"},"author":{"name":"Monica Chiorpec","@id":"https:\/\/www.rri.ro\/#\/schema\/person\/bde7269c0f61660573c8e224763422e7"},"headline":"\u201cThe Gypsies\u2019 Camp\u201d","datePublished":"2015-10-05T10:48:00+00:00","dateModified":"2024-02-19T11:35:10+00:00","mainEntityOfPage":{"@id":"https:\/\/www.rri.ro\/en\/features-and-reports\/the-history-show\/the-gypsies-camp-id129190.html"},"wordCount":907,"image":{"@id":"https:\/\/www.rri.ro\/en\/features-and-reports\/the-history-show\/the-gypsies-camp-id129190.html#primaryimage"},"thumbnailUrl":"https:\/\/www.rri.ro\/wp-content\/uploads\/2023\/10\/tiganiada-ib-deleanupng-alt.png","keywords":["Ion Budai Deleanu","The Gypsies' Camp","Tiganiada"],"articleSection":["The History Show"],"inLanguage":"en-US"},{"@type":"WebPage","@id":"https:\/\/www.rri.ro\/en\/features-and-reports\/the-history-show\/the-gypsies-camp-id129190.html","url":"https:\/\/www.rri.ro\/en\/features-and-reports\/the-history-show\/the-gypsies-camp-id129190.html","name":"\u201cThe Gypsies\u2019 Camp\u201d - Radio Romania International","isPartOf":{"@id":"https:\/\/www.rri.ro\/#website"},"primaryImageOfPage":{"@id":"https:\/\/www.rri.ro\/en\/features-and-reports\/the-history-show\/the-gypsies-camp-id129190.html#primaryimage"},"image":{"@id":"https:\/\/www.rri.ro\/en\/features-and-reports\/the-history-show\/the-gypsies-camp-id129190.html#primaryimage"},"thumbnailUrl":"https:\/\/www.rri.ro\/wp-content\/uploads\/2023\/10\/tiganiada-ib-deleanupng-alt.png","datePublished":"2015-10-05T10:48:00+00:00","dateModified":"2024-02-19T11:35:10+00:00","author":{"@id":"https:\/\/www.rri.ro\/#\/schema\/person\/bde7269c0f61660573c8e224763422e7"},"breadcrumb":{"@id":"https:\/\/www.rri.ro\/en\/features-and-reports\/the-history-show\/the-gypsies-camp-id129190.html#breadcrumb"},"inLanguage":"en-US","potentialAction":[{"@type":"ReadAction","target":["https:\/\/www.rri.ro\/en\/features-and-reports\/the-history-show\/the-gypsies-camp-id129190.html"]}]},{"@type":"ImageObject","inLanguage":"en-US","@id":"https:\/\/www.rri.ro\/en\/features-and-reports\/the-history-show\/the-gypsies-camp-id129190.html#primaryimage","url":"https:\/\/www.rri.ro\/wp-content\/uploads\/2023\/10\/tiganiada-ib-deleanupng-alt.png","contentUrl":"https:\/\/www.rri.ro\/wp-content\/uploads\/2023\/10\/tiganiada-ib-deleanupng-alt.png","width":640,"height":480},{"@type":"BreadcrumbList","@id":"https:\/\/www.rri.ro\/en\/features-and-reports\/the-history-show\/the-gypsies-camp-id129190.html#breadcrumb","itemListElement":[{"@type":"ListItem","position":1,"name":"Homepage","item":"https:\/\/www.rri.ro\/en"},{"@type":"ListItem","position":2,"name":"Features and Reports","item":"https:\/\/www.rri.ro\/en\/features-and-reports"},{"@type":"ListItem","position":3,"name":"The History Show","item":"https:\/\/www.rri.ro\/en\/features-and-reports\/the-history-show"},{"@type":"ListItem","position":4,"name":"\u201cThe Gypsies\u2019 Camp\u201d"}]},{"@type":"WebSite","@id":"https:\/\/www.rri.ro\/#website","url":"https:\/\/www.rri.ro\/","name":"Radio Romania International","description":"Totul despre Rom\u00e2nia \u015fi rom\u00e2ni, \u00een 13 limbi\/dialecte!","inLanguage":"en-US"},{"@type":"Person","@id":"https:\/\/www.rri.ro\/#\/schema\/person\/bde7269c0f61660573c8e224763422e7","name":"Monica Chiorpec","url":"https:\/\/www.rri.ro\/en\/author\/monica-chiorpec"}]}},"_links":{"self":[{"href":"https:\/\/www.rri.ro\/en\/wp-json\/wp\/v2\/posts\/129190","targetHints":{"allow":["GET"]}}],"collection":[{"href":"https:\/\/www.rri.ro\/en\/wp-json\/wp\/v2\/posts"}],"about":[{"href":"https:\/\/www.rri.ro\/en\/wp-json\/wp\/v2\/types\/post"}],"author":[{"embeddable":true,"href":"https:\/\/www.rri.ro\/en\/wp-json\/wp\/v2\/users\/133"}],"replies":[{"embeddable":true,"href":"https:\/\/www.rri.ro\/en\/wp-json\/wp\/v2\/comments?post=129190"}],"version-history":[{"count":0,"href":"https:\/\/www.rri.ro\/en\/wp-json\/wp\/v2\/posts\/129190\/revisions"}],"wp:featuredmedia":[{"embeddable":true,"href":"https:\/\/www.rri.ro\/en\/wp-json\/wp\/v2\/media\/129191"}],"wp:attachment":[{"href":"https:\/\/www.rri.ro\/en\/wp-json\/wp\/v2\/media?parent=129190"}],"wp:term":[{"taxonomy":"category","embeddable":true,"href":"https:\/\/www.rri.ro\/en\/wp-json\/wp\/v2\/categories?post=129190"},{"taxonomy":"post_tag","embeddable":true,"href":"https:\/\/www.rri.ro\/en\/wp-json\/wp\/v2\/tags?post=129190"},{"taxonomy":"author","embeddable":true,"href":"https:\/\/www.rri.ro\/en\/wp-json\/wp\/v2\/coauthors?post=129190"}],"curies":[{"name":"wp","href":"https:\/\/api.w.org\/{rel}","templated":true}]}}