{"id":129403,"date":"2016-02-08T12:55:00","date_gmt":"2016-02-08T10:55:00","guid":{"rendered":"http:\/\/devrri.freshlemon.ro\/news-and-current-affairs\/newsflash\/the-1907-peasant-revolt-and-anti-semitism-129403.html"},"modified":"2024-02-19T13:35:31","modified_gmt":"2024-02-19T11:35:31","slug":"the-1907-peasant-revolt-and-anti-semitism","status":"publish","type":"post","link":"https:\/\/www.rri.ro\/en\/features-and-reports\/the-history-show\/the-1907-peasant-revolt-and-anti-semitism-id129403.html","title":{"rendered":"The 1907 Peasant Revolt and Anti-Semitism"},"content":{"rendered":"<\/p>\n<p>In early 19th century, serfdom had been reintroduced as&#13;<br \/>\nagriculture converted from pastoral farming to export oriented farming. This&#13;<br \/>\nfeudal formula, binding the peasants to the landowners, was abolished by the&#13;<br \/>\nagrarian reform of 1864, which turned land definitively into private property.&#13;<br \/>\nAlmost 59% of the total arable surface owned by large landowners was rented.&#13;<br \/>\nThe renter paid a fixed amount for the land they were managing, trying then to&#13;<br \/>\nmaximize profits by exploiting the peasants. This is one of the main causes for&#13;<br \/>\nthe widespread discontent among the rural inhabitants. Here with details is&#13;<br \/>\nhistorian Alin Ciupala.<\/p>\n<p><\/p>\n<p>&#13;<br \/>\n&#13;<br \/>\n&#13;<br \/>\n&#13;<br \/>\n&#13;<br \/>\n&#13;<\/p>\n<p>Alin Ciupala: The 1907 Peasant&#13;<br \/>\nRevolt produced a real shock in Romanian society, not only by the size of the&#13;<br \/>\nevent, but also because it brought to the surface, in a violent form, the&#13;<br \/>\nfailure of that society, the failure to modernize. Let us not forget that less&#13;<br \/>\nthan a year before the revolt, an exhibition opened in Carol Park in Bucharest&#13;<br \/>\nwanted to show the Romanians, but also the rest of Europe, the achievements of&#13;<br \/>\nRomanian society during King Carol&#8217;s reign, between 1866-1906. In other words,&#13;<br \/>\nwe have two moments, which, set next to each other &#8211; the jubilee exhibition and&#13;<br \/>\nthe 1907 revolt &#8211; showcase both the achievements of Romanian society, but also&#13;<br \/>\nthe discrepancies, contradictions, failures.<\/p>\n<p><\/p>\n<p>&#13;<br \/>\n&#13;<br \/>\n&#13;<br \/>\n&#13;<br \/>\n&#13;<br \/>\n&#13;<\/p>\n<p>The bloody peasant revolt started on 21 February 1907, in the&#13;<br \/>\nvillage of Flamanzi, in Botosani county, northeastern Romania, and quickly&#13;<br \/>\nspread all over the country. The government cracked down on the revolt using&#13;<br \/>\narmed force. At that time, the peasant uprising, violently repressed by the&#13;<br \/>\nauthorities, gained an anti-Semitic component, in the idea that it was the&#13;<br \/>\nJewish land managers that exploited the Romanian peasant. Alin Ciupala believes&#13;<br \/>\nthis to be a simplistic vision.<\/p>\n<p><\/p>\n<p>&#13;<br \/>\n&#13;<br \/>\n&#13;<br \/>\n&#13;<br \/>\n&#13;<br \/>\n&#13;<\/p>\n<p>Alin Ciupala: If we look at the&#13;<br \/>\nevent as a whole, we notice that its causes were much more nuanced, we cannot&#13;<br \/>\ntalk about the excesses of Jewish land managers as being the main reason for&#13;<br \/>\nthe revolt. In fact, if we make an analysis of statistical data at our&#13;<br \/>\ndisposal, we notice that the Jews were by no means the predominant group among&#13;<br \/>\nland managers. We can see just as many Romanians, we find westerners who came&#13;<br \/>\nhere for business, for getting rich. And land management was a capitalist means&#13;<br \/>\nof exploiting the land, as Romanian society was mainly agrarian.<\/p>\n<p><\/p>\n<p>&#13;<br \/>\n&#13;<br \/>\n&#13;<br \/>\n&#13;<br \/>\n&#13;<br \/>\n&#13;<\/p>\n<p>The 1907 revolt is an important event also because it shows how&#13;<br \/>\nwidespread anti-Semitism was in Romanian society. Alin Ciupala again.<\/p>\n<p><\/p>\n<p>&#13;<br \/>\n&#13;<br \/>\n&#13;<br \/>\n&#13;<\/p>\n<p>Alin Ciupala: It was, I could say,&#13;<br \/>\nsome sort of Dreyfus affair. Just as a few decades before that the Dreyfus affair&#13;<br \/>\nhad brought to light anti-Semitism in the French society, the same thing&#13;<br \/>\nhappened in Romania with the 1907 Revolt. The revolt is very important for&#13;<br \/>\nunderstanding the size of the agrarian problem in Romania, probably the most&#13;<br \/>\nimportant in Romanian society, but also an opportunity to evaluate the&#13;<br \/>\ndimensions of Romanian society, and also an element helping us to understand&#13;<br \/>\nRomanian anti-Semitism.<\/p>\n<p><\/p>\n<p>&#13;<br \/>\n&#13;<br \/>\n&#13;<br \/>\n&#13;<br \/>\n&#13;<br \/>\n&#13;<\/p>\n<p>There have been voices doubting the exclusively peasant dimension of&#13;<br \/>\nthe 1907 Revolt, and historian Alin Ciupala explains.<\/p>\n<p><\/p>\n<p>&#13;<br \/>\n&#13;<br \/>\n&#13;<br \/>\n&#13;<br \/>\n&#13;<br \/>\n&#13;<\/p>\n<p>Alin Ciupala: This interpretation&#13;<br \/>\nwas favored by the communist regime, in the wish to present this event as a&#13;<br \/>\ngeneral protest of the exploited against the exploiters. Not at all! It is a&#13;<br \/>\nmostly agrarian event. It is also very important to notice that it was not the&#13;<br \/>\npoorest of peasants that revolted, as one may believe, but first and foremost&#13;<br \/>\nthe middle class of peasants, which owned land, to a certain extent. This shows&#13;<br \/>\nus that the revolt was not caused by ownership relations, so the main cause was&#13;<br \/>\nnot the lack of land.<\/p>\n<p><\/p>\n<p>&#13;<br \/>\n&#13;<br \/>\n&#13;<br \/>\n&#13;<br \/>\n&#13;<br \/>\n&#13;<\/p>\n<p>Between 21 February and 29 March 1907, 140,000 soldiers were&#13;<br \/>\nmobilized to smother the revolt. According to some western sources, 11,000&#13;<br \/>\npeople lost their lives, even though there are indications that the real figure&#13;<br \/>\nwas not as high as that. Historian Alin Ciupala believes that the number of&#13;<br \/>\nvictims is not that important, but rather the inappropriate reaction of the&#13;<br \/>\nauthorities, in a 20th century conflict reminiscent of the Middle&#13;<br \/>\nAges.<\/p>\n<p><\/p>\n<p>&#13;<br \/>\n&#13;<br \/>\n&#13;<br \/>\n&#13;<br \/>\n&#13;<br \/>\n&#13;<\/p>\n<p>Alin Ciupala: We can say that the peasants&#13;<br \/>\nwere the main actors of this event, the others being the authorities. The&#13;<br \/>\nposition of the authorities, at least in the first weeks, was very tough&#13;<br \/>\nbecause of the panic. As I said, Romanian society was unprepared. The revolt&#13;<br \/>\nspread all of a sudden and the phenomenon was ample, especially in Moldavia.&#13;<br \/>\nThere was general panic, a real psychosis, which explains the authorities&#8217;&#13;<br \/>\nextreme measures. Ionel Bratianu, minister of the interior, wanted to temper&#13;<br \/>\nthese excesses, appointing new prefects in the counties affected by the revolt,&#13;<br \/>\namong them Constantin Stere, who had a very important role in Moldavia, in&#13;<br \/>\norder to calm spirits and end this forceful intervention.<\/p>\n<p><\/p>\n<p>&#13;<br \/>\n&#13;<br \/>\n&#13;<br \/>\n&#13;<br \/>\n&#13;<br \/>\n&#13;<\/p>\n<p>The main cause of the 1907 revolt remains, therefore, the&#13;<br \/>\ndysfunctional local administration system, which was quite corrupt. The Liberal&#13;<br \/>\ngovernment at the time initiated inquests that established the fact that it was&#13;<br \/>\nnot Jewish land managers&#8217; excesses that caused the revolt, which had widespread&#13;<br \/>\ncoverage in 20th century European press. <\/p>\n<p>&#13;<br \/>\n&#13;<br \/><\/p>\n","protected":false},"excerpt":{"rendered":"<p>Considered to be the last large scale popular revolt in Europe, the Peasant Revolt of 1907 started in northeastern Romania.<\/p>\n","protected":false},"author":133,"featured_media":129404,"comment_status":"closed","ping_status":"closed","sticky":false,"template":"","format":"standard","meta":{"_acf_changed":false,"footnotes":""},"categories":[41141],"tags":[42625,42623,42624],"coauthors":[],"class_list":["post-129403","post","type-post","status-publish","format-standard","has-post-thumbnail","hentry","category-the-history-show","tag-agrarian","tag-antisemitism","tag-feudal"],"acf":[],"yoast_head":"<!-- This site is optimized with the Yoast SEO plugin v27.3 - https:\/\/yoast.com\/product\/yoast-seo-wordpress\/ -->\n<title>The 1907 Peasant Revolt and Anti-Semitism - Radio Romania International<\/title>\n<meta name=\"robots\" content=\"index, follow, max-snippet:-1, max-image-preview:large, max-video-preview:-1\" \/>\n<link rel=\"canonical\" href=\"https:\/\/www.rri.ro\/en\/features-and-reports\/the-history-show\/the-1907-peasant-revolt-and-anti-semitism-id129403.html\" \/>\n<meta property=\"og:locale\" content=\"en_US\" \/>\n<meta property=\"og:type\" content=\"article\" \/>\n<meta property=\"og:title\" content=\"The 1907 Peasant Revolt and Anti-Semitism - Radio Romania International\" \/>\n<meta property=\"og:description\" content=\"Considered to be the last large scale popular revolt in Europe, the Peasant Revolt of 1907 started in northeastern Romania.\" \/>\n<meta property=\"og:url\" content=\"https:\/\/www.rri.ro\/en\/features-and-reports\/the-history-show\/the-1907-peasant-revolt-and-anti-semitism-id129403.html\" \/>\n<meta property=\"og:site_name\" content=\"Radio Romania International\" \/>\n<meta property=\"article:published_time\" content=\"2016-02-08T10:55:00+00:00\" \/>\n<meta property=\"article:modified_time\" content=\"2024-02-19T11:35:31+00:00\" \/>\n<meta property=\"og:image\" content=\"https:\/\/www.rri.ro\/wp-content\/uploads\/2023\/10\/rascoala-1907-comanesti.png\" \/>\n\t<meta property=\"og:image:width\" content=\"640\" \/>\n\t<meta property=\"og:image:height\" content=\"396\" \/>\n\t<meta property=\"og:image:type\" content=\"image\/png\" \/>\n<meta name=\"author\" content=\"Monica Chiorpec\" \/>\n<meta name=\"twitter:card\" content=\"summary_large_image\" \/>\n<meta name=\"twitter:label1\" content=\"Written by\" \/>\n\t<meta name=\"twitter:data1\" content=\"Monica Chiorpec\" \/>\n\t<meta name=\"twitter:label2\" content=\"Est. reading time\" \/>\n\t<meta name=\"twitter:data2\" content=\"4 minutes\" \/>\n<script type=\"application\/ld+json\" class=\"yoast-schema-graph\">{\"@context\":\"https:\\\/\\\/schema.org\",\"@graph\":[{\"@type\":\"Article\",\"@id\":\"https:\\\/\\\/www.rri.ro\\\/en\\\/features-and-reports\\\/the-history-show\\\/the-1907-peasant-revolt-and-anti-semitism-id129403.html#article\",\"isPartOf\":{\"@id\":\"https:\\\/\\\/www.rri.ro\\\/en\\\/features-and-reports\\\/the-history-show\\\/the-1907-peasant-revolt-and-anti-semitism-id129403.html\"},\"author\":{\"name\":\"Monica Chiorpec\",\"@id\":\"https:\\\/\\\/www.rri.ro\\\/#\\\/schema\\\/person\\\/bde7269c0f61660573c8e224763422e7\"},\"headline\":\"The 1907 Peasant Revolt and Anti-Semitism\",\"datePublished\":\"2016-02-08T10:55:00+00:00\",\"dateModified\":\"2024-02-19T11:35:31+00:00\",\"mainEntityOfPage\":{\"@id\":\"https:\\\/\\\/www.rri.ro\\\/en\\\/features-and-reports\\\/the-history-show\\\/the-1907-peasant-revolt-and-anti-semitism-id129403.html\"},\"wordCount\":840,\"image\":{\"@id\":\"https:\\\/\\\/www.rri.ro\\\/en\\\/features-and-reports\\\/the-history-show\\\/the-1907-peasant-revolt-and-anti-semitism-id129403.html#primaryimage\"},\"thumbnailUrl\":\"https:\\\/\\\/www.rri.ro\\\/wp-content\\\/uploads\\\/2023\\\/10\\\/rascoala-1907-comanesti.png\",\"keywords\":[\"agrarian\",\"Antisemitism\",\"feudal\"],\"articleSection\":[\"The History Show\"],\"inLanguage\":\"en-US\"},{\"@type\":\"WebPage\",\"@id\":\"https:\\\/\\\/www.rri.ro\\\/en\\\/features-and-reports\\\/the-history-show\\\/the-1907-peasant-revolt-and-anti-semitism-id129403.html\",\"url\":\"https:\\\/\\\/www.rri.ro\\\/en\\\/features-and-reports\\\/the-history-show\\\/the-1907-peasant-revolt-and-anti-semitism-id129403.html\",\"name\":\"The 1907 Peasant Revolt and Anti-Semitism - Radio Romania International\",\"isPartOf\":{\"@id\":\"https:\\\/\\\/www.rri.ro\\\/#website\"},\"primaryImageOfPage\":{\"@id\":\"https:\\\/\\\/www.rri.ro\\\/en\\\/features-and-reports\\\/the-history-show\\\/the-1907-peasant-revolt-and-anti-semitism-id129403.html#primaryimage\"},\"image\":{\"@id\":\"https:\\\/\\\/www.rri.ro\\\/en\\\/features-and-reports\\\/the-history-show\\\/the-1907-peasant-revolt-and-anti-semitism-id129403.html#primaryimage\"},\"thumbnailUrl\":\"https:\\\/\\\/www.rri.ro\\\/wp-content\\\/uploads\\\/2023\\\/10\\\/rascoala-1907-comanesti.png\",\"datePublished\":\"2016-02-08T10:55:00+00:00\",\"dateModified\":\"2024-02-19T11:35:31+00:00\",\"author\":{\"@id\":\"https:\\\/\\\/www.rri.ro\\\/#\\\/schema\\\/person\\\/bde7269c0f61660573c8e224763422e7\"},\"breadcrumb\":{\"@id\":\"https:\\\/\\\/www.rri.ro\\\/en\\\/features-and-reports\\\/the-history-show\\\/the-1907-peasant-revolt-and-anti-semitism-id129403.html#breadcrumb\"},\"inLanguage\":\"en-US\",\"potentialAction\":[{\"@type\":\"ReadAction\",\"target\":[\"https:\\\/\\\/www.rri.ro\\\/en\\\/features-and-reports\\\/the-history-show\\\/the-1907-peasant-revolt-and-anti-semitism-id129403.html\"]}]},{\"@type\":\"ImageObject\",\"inLanguage\":\"en-US\",\"@id\":\"https:\\\/\\\/www.rri.ro\\\/en\\\/features-and-reports\\\/the-history-show\\\/the-1907-peasant-revolt-and-anti-semitism-id129403.html#primaryimage\",\"url\":\"https:\\\/\\\/www.rri.ro\\\/wp-content\\\/uploads\\\/2023\\\/10\\\/rascoala-1907-comanesti.png\",\"contentUrl\":\"https:\\\/\\\/www.rri.ro\\\/wp-content\\\/uploads\\\/2023\\\/10\\\/rascoala-1907-comanesti.png\",\"width\":640,\"height\":396},{\"@type\":\"BreadcrumbList\",\"@id\":\"https:\\\/\\\/www.rri.ro\\\/en\\\/features-and-reports\\\/the-history-show\\\/the-1907-peasant-revolt-and-anti-semitism-id129403.html#breadcrumb\",\"itemListElement\":[{\"@type\":\"ListItem\",\"position\":1,\"name\":\"Homepage\",\"item\":\"https:\\\/\\\/www.rri.ro\\\/en\"},{\"@type\":\"ListItem\",\"position\":2,\"name\":\"Features and Reports\",\"item\":\"https:\\\/\\\/www.rri.ro\\\/en\\\/features-and-reports\"},{\"@type\":\"ListItem\",\"position\":3,\"name\":\"The History Show\",\"item\":\"https:\\\/\\\/www.rri.ro\\\/en\\\/features-and-reports\\\/the-history-show\"},{\"@type\":\"ListItem\",\"position\":4,\"name\":\"The 1907 Peasant Revolt and Anti-Semitism\"}]},{\"@type\":\"WebSite\",\"@id\":\"https:\\\/\\\/www.rri.ro\\\/#website\",\"url\":\"https:\\\/\\\/www.rri.ro\\\/\",\"name\":\"Radio Romania International\",\"description\":\"Totul despre Rom\u00e2nia \u015fi rom\u00e2ni, \u00een 13 limbi\\\/dialecte!\",\"inLanguage\":\"en-US\"},{\"@type\":\"Person\",\"@id\":\"https:\\\/\\\/www.rri.ro\\\/#\\\/schema\\\/person\\\/bde7269c0f61660573c8e224763422e7\",\"name\":\"Monica Chiorpec\",\"url\":\"https:\\\/\\\/www.rri.ro\\\/en\\\/author\\\/monica-chiorpec\"}]}<\/script>\n<!-- \/ Yoast SEO plugin. -->","yoast_head_json":{"title":"The 1907 Peasant Revolt and Anti-Semitism - Radio Romania International","robots":{"index":"index","follow":"follow","max-snippet":"max-snippet:-1","max-image-preview":"max-image-preview:large","max-video-preview":"max-video-preview:-1"},"canonical":"https:\/\/www.rri.ro\/en\/features-and-reports\/the-history-show\/the-1907-peasant-revolt-and-anti-semitism-id129403.html","og_locale":"en_US","og_type":"article","og_title":"The 1907 Peasant Revolt and Anti-Semitism - Radio Romania International","og_description":"Considered to be the last large scale popular revolt in Europe, the Peasant Revolt of 1907 started in northeastern Romania.","og_url":"https:\/\/www.rri.ro\/en\/features-and-reports\/the-history-show\/the-1907-peasant-revolt-and-anti-semitism-id129403.html","og_site_name":"Radio Romania International","article_published_time":"2016-02-08T10:55:00+00:00","article_modified_time":"2024-02-19T11:35:31+00:00","og_image":[{"width":640,"height":396,"url":"https:\/\/www.rri.ro\/wp-content\/uploads\/2023\/10\/rascoala-1907-comanesti.png","type":"image\/png"}],"author":"Monica Chiorpec","twitter_card":"summary_large_image","twitter_misc":{"Written by":"Monica Chiorpec","Est. reading time":"4 minutes"},"schema":{"@context":"https:\/\/schema.org","@graph":[{"@type":"Article","@id":"https:\/\/www.rri.ro\/en\/features-and-reports\/the-history-show\/the-1907-peasant-revolt-and-anti-semitism-id129403.html#article","isPartOf":{"@id":"https:\/\/www.rri.ro\/en\/features-and-reports\/the-history-show\/the-1907-peasant-revolt-and-anti-semitism-id129403.html"},"author":{"name":"Monica Chiorpec","@id":"https:\/\/www.rri.ro\/#\/schema\/person\/bde7269c0f61660573c8e224763422e7"},"headline":"The 1907 Peasant Revolt and Anti-Semitism","datePublished":"2016-02-08T10:55:00+00:00","dateModified":"2024-02-19T11:35:31+00:00","mainEntityOfPage":{"@id":"https:\/\/www.rri.ro\/en\/features-and-reports\/the-history-show\/the-1907-peasant-revolt-and-anti-semitism-id129403.html"},"wordCount":840,"image":{"@id":"https:\/\/www.rri.ro\/en\/features-and-reports\/the-history-show\/the-1907-peasant-revolt-and-anti-semitism-id129403.html#primaryimage"},"thumbnailUrl":"https:\/\/www.rri.ro\/wp-content\/uploads\/2023\/10\/rascoala-1907-comanesti.png","keywords":["agrarian","Antisemitism","feudal"],"articleSection":["The History Show"],"inLanguage":"en-US"},{"@type":"WebPage","@id":"https:\/\/www.rri.ro\/en\/features-and-reports\/the-history-show\/the-1907-peasant-revolt-and-anti-semitism-id129403.html","url":"https:\/\/www.rri.ro\/en\/features-and-reports\/the-history-show\/the-1907-peasant-revolt-and-anti-semitism-id129403.html","name":"The 1907 Peasant Revolt and Anti-Semitism - Radio Romania International","isPartOf":{"@id":"https:\/\/www.rri.ro\/#website"},"primaryImageOfPage":{"@id":"https:\/\/www.rri.ro\/en\/features-and-reports\/the-history-show\/the-1907-peasant-revolt-and-anti-semitism-id129403.html#primaryimage"},"image":{"@id":"https:\/\/www.rri.ro\/en\/features-and-reports\/the-history-show\/the-1907-peasant-revolt-and-anti-semitism-id129403.html#primaryimage"},"thumbnailUrl":"https:\/\/www.rri.ro\/wp-content\/uploads\/2023\/10\/rascoala-1907-comanesti.png","datePublished":"2016-02-08T10:55:00+00:00","dateModified":"2024-02-19T11:35:31+00:00","author":{"@id":"https:\/\/www.rri.ro\/#\/schema\/person\/bde7269c0f61660573c8e224763422e7"},"breadcrumb":{"@id":"https:\/\/www.rri.ro\/en\/features-and-reports\/the-history-show\/the-1907-peasant-revolt-and-anti-semitism-id129403.html#breadcrumb"},"inLanguage":"en-US","potentialAction":[{"@type":"ReadAction","target":["https:\/\/www.rri.ro\/en\/features-and-reports\/the-history-show\/the-1907-peasant-revolt-and-anti-semitism-id129403.html"]}]},{"@type":"ImageObject","inLanguage":"en-US","@id":"https:\/\/www.rri.ro\/en\/features-and-reports\/the-history-show\/the-1907-peasant-revolt-and-anti-semitism-id129403.html#primaryimage","url":"https:\/\/www.rri.ro\/wp-content\/uploads\/2023\/10\/rascoala-1907-comanesti.png","contentUrl":"https:\/\/www.rri.ro\/wp-content\/uploads\/2023\/10\/rascoala-1907-comanesti.png","width":640,"height":396},{"@type":"BreadcrumbList","@id":"https:\/\/www.rri.ro\/en\/features-and-reports\/the-history-show\/the-1907-peasant-revolt-and-anti-semitism-id129403.html#breadcrumb","itemListElement":[{"@type":"ListItem","position":1,"name":"Homepage","item":"https:\/\/www.rri.ro\/en"},{"@type":"ListItem","position":2,"name":"Features and Reports","item":"https:\/\/www.rri.ro\/en\/features-and-reports"},{"@type":"ListItem","position":3,"name":"The History Show","item":"https:\/\/www.rri.ro\/en\/features-and-reports\/the-history-show"},{"@type":"ListItem","position":4,"name":"The 1907 Peasant Revolt and Anti-Semitism"}]},{"@type":"WebSite","@id":"https:\/\/www.rri.ro\/#website","url":"https:\/\/www.rri.ro\/","name":"Radio Romania International","description":"Totul despre Rom\u00e2nia \u015fi rom\u00e2ni, \u00een 13 limbi\/dialecte!","inLanguage":"en-US"},{"@type":"Person","@id":"https:\/\/www.rri.ro\/#\/schema\/person\/bde7269c0f61660573c8e224763422e7","name":"Monica Chiorpec","url":"https:\/\/www.rri.ro\/en\/author\/monica-chiorpec"}]}},"_links":{"self":[{"href":"https:\/\/www.rri.ro\/en\/wp-json\/wp\/v2\/posts\/129403","targetHints":{"allow":["GET"]}}],"collection":[{"href":"https:\/\/www.rri.ro\/en\/wp-json\/wp\/v2\/posts"}],"about":[{"href":"https:\/\/www.rri.ro\/en\/wp-json\/wp\/v2\/types\/post"}],"author":[{"embeddable":true,"href":"https:\/\/www.rri.ro\/en\/wp-json\/wp\/v2\/users\/133"}],"replies":[{"embeddable":true,"href":"https:\/\/www.rri.ro\/en\/wp-json\/wp\/v2\/comments?post=129403"}],"version-history":[{"count":0,"href":"https:\/\/www.rri.ro\/en\/wp-json\/wp\/v2\/posts\/129403\/revisions"}],"wp:featuredmedia":[{"embeddable":true,"href":"https:\/\/www.rri.ro\/en\/wp-json\/wp\/v2\/media\/129404"}],"wp:attachment":[{"href":"https:\/\/www.rri.ro\/en\/wp-json\/wp\/v2\/media?parent=129403"}],"wp:term":[{"taxonomy":"category","embeddable":true,"href":"https:\/\/www.rri.ro\/en\/wp-json\/wp\/v2\/categories?post=129403"},{"taxonomy":"post_tag","embeddable":true,"href":"https:\/\/www.rri.ro\/en\/wp-json\/wp\/v2\/tags?post=129403"},{"taxonomy":"author","embeddable":true,"href":"https:\/\/www.rri.ro\/en\/wp-json\/wp\/v2\/coauthors?post=129403"}],"curies":[{"name":"wp","href":"https:\/\/api.w.org\/{rel}","templated":true}]}}