{"id":129700,"date":"2016-10-17T13:34:00","date_gmt":"2016-10-17T10:34:00","guid":{"rendered":"http:\/\/devrri.freshlemon.ro\/news-and-current-affairs\/newsflash\/deportation-of-jews-in-romania-129700.html"},"modified":"2024-02-19T13:35:56","modified_gmt":"2024-02-19T11:35:56","slug":"deportation-of-jews-in-romania","status":"publish","type":"post","link":"https:\/\/www.rri.ro\/en\/features-and-reports\/the-history-show\/deportation-of-jews-in-romania-id129700.html","title":{"rendered":"Deportation of Jews in Romania"},"content":{"rendered":"<p><p>75 years ago, on 9 October 1941, the deportation of Jews in Romania&#13;<br \/>\nstarted with the province of Bukovina. Overall, 140,000 Jews died in&#13;<br \/>\nconcentration camps in Transdnestr. 130,000 more Jews in Northern Transylvania,&#13;<br \/>\na Romanian territory ceded to Hungary in 1940, had the same fate. Persecution&#13;<br \/>\nof the Jewish population was nothing new, it had started with the Goga-Cuza&#13;<br \/>\ngovernment, in power between 29 December 1937 and 10 February 1938, which&#13;<br \/>\npassed a race law. On 21 January 1938, Government Decree 169 revised the legal&#13;<br \/>\ndescription of Romanian citizenship, and, as a result, 225,222 people, making&#13;<br \/>\nup 36.5% of Romanian Jews, lost theirs. The persecution of the Jews continued&#13;<br \/>\nunder the pro-German government led by Ion Gigurtu in the summer of 1940. On&#13;<br \/>\nAugust 8 1940, at Prime Minister Gigurtu&#8217;s proposal, King Carol II signed the&#13;<br \/>\ndecree on the legal status of Romanian Jews. The decree legalized inequality&#13;<br \/>\nunder the law, adding taxes or the obligation to perform community service, in&#13;<br \/>\naddition to the interdiction to acquire property or hold public office, as well&#13;<br \/>\nas segregating education and making it impossible to bear a Romanian name. A&#13;<br \/>\nsecond decree banned mixed marriages, providing a penalty of 2 to 5 years&#13;<br \/>\nimprisonment.<\/p>\n<p><\/p>\n<p>&#13;<br \/>\n&#13;<\/p>\n<p>On August 23 1939, Nazi Germany and the Soviet Union signed the&#13;<br \/>\nMolotov- Ribbentrop pact, dividing Eastern Europe among themselves. As a&#13;<br \/>\nresult, the Soviet Union sent Romania two ultimatums, on June 26 and 27,&#13;<br \/>\ndemanding it cede Bessarabia and Northern Bukovina within two days. While the&#13;<br \/>\nRomanian armed forces and administration left, making room for Soviet&#13;<br \/>\nofficials, a part of the Jewish population in the area booed and attacked the&#13;<br \/>\nRomanian troops and cheered the Soviet army, which only led to further&#13;<br \/>\npersecution. After Romania took control once again over those territories in&#13;<br \/>\nthe summer of 1941, anti-Semitic policies worsened, leading to the ordeal of&#13;<br \/>\nRomanian Jews, which started on 9 October 1941. <\/p>\n<p><\/p>\n<p>Historian Andrei Oisteanu spoke&#13;<br \/>\nto us about the reason why  October 9 is&#13;<br \/>\nthe day on which we commemorate the Holocaust in Romania:<\/p>\n<p> The Romanian Parliament voted to  institute October 9 as the day when we&#13;<br \/>\ncommemorate the Holocaust in Romania. It is a very important day, not only for&#13;<br \/>\nJews, but for all the citizens of this country. I myself sat on the board that&#13;<br \/>\ndecided on the date when we commemorate the Romanian chapter of the Holocaust.&#13;<br \/>\nWe did not want to have this day in January, when the international day&#13;<br \/>\ncommemorating the Holocaust is. The reason is that in Romania, Holocaust denial&#13;<br \/>\nis not against the European Holocaust, but against the one in Romania.&#13;<br \/>\nTherefore we chose October 9th, a day that has historical&#13;<br \/>\nsignificance. I quote here a part of the order issued by the prefect of&#13;<br \/>\nBukovina, who decreed that on October 9 deportation would commence for Jews in&#13;<br \/>\nBukovina, then Bessarabia, sending them to camps in Transdnestr. It reads as&#13;<br \/>\nfollows: Today, October 9th, 1941, the Jewish population of the&#13;<br \/>\nvillages of Itcani and Burdujeni, as well as that of the city of Suceava, shall&#13;<br \/>\nleave by train.<\/p>\n<p><\/p>\n<p>&#13;<br \/>\n&#13;<\/p>\n<p>Leaving for Transdnestr was a death sentence. However, death&#13;<br \/>\ntrains had started as early as June 1941, when the military and civilian&#13;<br \/>\nauthorities organized a pogrom in Iasi, leaving 13,000 Jews dead. As witnessed&#13;<br \/>\nby plaques in railway stations and synagogues in the towns of Radauti, Vatra&#13;<br \/>\nDornei, Campulung Moldovenesc, Gura Humorului and Suceava, in the autumn of&#13;<br \/>\n1941, 91,845 Jews were deported from Bukovina by order of Ion Antonescu. During&#13;<br \/>\nthat time, the mayor of Chernauti, Traian Popovici, managed to save 19,000 Jews&#13;<br \/>\nfrom deportation. <\/p>\n<p><\/p>\n<p>Here is historian Andrei Oisteanu, talking about the&#13;<br \/>\nbeginnings of the genocide 75 years ago:<\/p>\n<p>They were sent off from the railway station in Burdujeni&#13;<br \/>\nin freight cars. Of the ones who went away on foot, the slower ones were simply&#13;<br \/>\nshot and left on the side of the road. For this reason, Goebbels wrote in his&#13;<br \/>\ndiary that Romanians couldn&#8217;t even organize a proper genocide, since they left&#13;<br \/>\ncorpses on the side of the road to spread disease. Of course, the Jews were&#13;<br \/>\nrobbed of their possessions, and got their houses taken away, along with their&#13;<br \/>\nmoney and jewelry. The same decree stated that concealing property from&#13;<br \/>\nconfiscation was punishable by death. In the end, the Jews who did not die on the&#13;<br \/>\nroad to the camps were not gassed, but many were either shot, or died of hunger&#13;<br \/>\nand disease.<\/p>\n<p><\/p>\n<p>&#13;<br \/>\n&#13;<\/p>\n<p>The Jews of Bessarabia suffered similar persecutions. In October&#13;<br \/>\n1941, ghettos and labor camps were set up in over 150 places. Between October&#13;<br \/>\n1941 and August 1942, 150,000 Jews were sent here from northern Romania, and&#13;<br \/>\nonly 50,000 survived the ordeal. They were used as forced labor, mostly for&#13;<br \/>\nbuilding roads. 22% of the deportees were children, and 20,000 of them died of&#13;<br \/>\nstarvation, disease and exposure. October 9 1941 was the beginning of the end&#13;<br \/>\nfor the over 700,000 Jews in Greater Romania. <\/p>\n<p><\/p>\n","protected":false},"excerpt":{"rendered":"<p>On October 9, 1941, the deportation of Jews in Romania started with the province of Bukovina.<\/p>\n","protected":false},"author":2,"featured_media":127770,"comment_status":"closed","ping_status":"closed","sticky":false,"template":"","format":"standard","meta":{"_acf_changed":false,"footnotes":""},"categories":[41141],"tags":[42662,42663],"coauthors":[],"class_list":["post-129700","post","type-post","status-publish","format-standard","has-post-thumbnail","hentry","category-the-history-show","tag-9-october-1941","tag-jews-deportation"],"acf":[],"yoast_head":"<!-- This site is optimized with the Yoast SEO plugin v27.5 - https:\/\/yoast.com\/product\/yoast-seo-wordpress\/ -->\n<title>Deportation of Jews in Romania - Radio Romania International<\/title>\n<meta name=\"robots\" content=\"index, follow, max-snippet:-1, max-image-preview:large, max-video-preview:-1\" \/>\n<link rel=\"canonical\" href=\"https:\/\/www.rri.ro\/en\/features-and-reports\/the-history-show\/deportation-of-jews-in-romania-id129700.html\" \/>\n<meta property=\"og:locale\" content=\"en_US\" \/>\n<meta property=\"og:type\" content=\"article\" \/>\n<meta property=\"og:title\" content=\"Deportation of Jews in Romania - Radio Romania International\" \/>\n<meta property=\"og:description\" content=\"On October 9, 1941, the deportation of Jews in Romania started with the province of Bukovina.\" \/>\n<meta property=\"og:url\" content=\"https:\/\/www.rri.ro\/en\/features-and-reports\/the-history-show\/deportation-of-jews-in-romania-id129700.html\" \/>\n<meta property=\"og:site_name\" content=\"Radio Romania International\" \/>\n<meta property=\"article:published_time\" content=\"2016-10-17T10:34:00+00:00\" \/>\n<meta property=\"article:modified_time\" content=\"2024-02-19T11:35:56+00:00\" \/>\n<meta property=\"og:image\" content=\"https:\/\/www.rri.ro\/wp-content\/uploads\/2023\/10\/evrei-deportati-transnistria.png\" \/>\n\t<meta property=\"og:image:width\" content=\"640\" \/>\n\t<meta property=\"og:image:height\" content=\"411\" \/>\n\t<meta property=\"og:image:type\" content=\"image\/png\" \/>\n<meta name=\"author\" content=\"Rom\u00e2nia Interna\u021bional\" \/>\n<meta name=\"twitter:card\" content=\"summary_large_image\" \/>\n<meta name=\"twitter:label1\" content=\"Written by\" \/>\n\t<meta name=\"twitter:data1\" content=\"Rom\u00e2nia Interna\u021bional\" \/>\n\t<meta name=\"twitter:label2\" content=\"Est. reading time\" \/>\n\t<meta name=\"twitter:data2\" content=\"4 minutes\" \/>\n<script type=\"application\/ld+json\" class=\"yoast-schema-graph\">{\"@context\":\"https:\\\/\\\/schema.org\",\"@graph\":[{\"@type\":\"Article\",\"@id\":\"https:\\\/\\\/www.rri.ro\\\/en\\\/features-and-reports\\\/the-history-show\\\/deportation-of-jews-in-romania-id129700.html#article\",\"isPartOf\":{\"@id\":\"https:\\\/\\\/www.rri.ro\\\/en\\\/features-and-reports\\\/the-history-show\\\/deportation-of-jews-in-romania-id129700.html\"},\"author\":{\"name\":\"Rom\u00e2nia Interna\u021bional\",\"@id\":\"https:\\\/\\\/www.rri.ro\\\/#\\\/schema\\\/person\\\/18fac491bccbfe149b92aea77ad60abd\"},\"headline\":\"Deportation of Jews in Romania\",\"datePublished\":\"2016-10-17T10:34:00+00:00\",\"dateModified\":\"2024-02-19T11:35:56+00:00\",\"mainEntityOfPage\":{\"@id\":\"https:\\\/\\\/www.rri.ro\\\/en\\\/features-and-reports\\\/the-history-show\\\/deportation-of-jews-in-romania-id129700.html\"},\"wordCount\":781,\"image\":{\"@id\":\"https:\\\/\\\/www.rri.ro\\\/en\\\/features-and-reports\\\/the-history-show\\\/deportation-of-jews-in-romania-id129700.html#primaryimage\"},\"thumbnailUrl\":\"https:\\\/\\\/www.rri.ro\\\/wp-content\\\/uploads\\\/2023\\\/10\\\/evrei-deportati-transnistria.png\",\"keywords\":[\"9 October 1941\",\"Jews deportation\"],\"articleSection\":[\"The History Show\"],\"inLanguage\":\"en-US\"},{\"@type\":\"WebPage\",\"@id\":\"https:\\\/\\\/www.rri.ro\\\/en\\\/features-and-reports\\\/the-history-show\\\/deportation-of-jews-in-romania-id129700.html\",\"url\":\"https:\\\/\\\/www.rri.ro\\\/en\\\/features-and-reports\\\/the-history-show\\\/deportation-of-jews-in-romania-id129700.html\",\"name\":\"Deportation of Jews in Romania - Radio Romania International\",\"isPartOf\":{\"@id\":\"https:\\\/\\\/www.rri.ro\\\/#website\"},\"primaryImageOfPage\":{\"@id\":\"https:\\\/\\\/www.rri.ro\\\/en\\\/features-and-reports\\\/the-history-show\\\/deportation-of-jews-in-romania-id129700.html#primaryimage\"},\"image\":{\"@id\":\"https:\\\/\\\/www.rri.ro\\\/en\\\/features-and-reports\\\/the-history-show\\\/deportation-of-jews-in-romania-id129700.html#primaryimage\"},\"thumbnailUrl\":\"https:\\\/\\\/www.rri.ro\\\/wp-content\\\/uploads\\\/2023\\\/10\\\/evrei-deportati-transnistria.png\",\"datePublished\":\"2016-10-17T10:34:00+00:00\",\"dateModified\":\"2024-02-19T11:35:56+00:00\",\"author\":{\"@id\":\"https:\\\/\\\/www.rri.ro\\\/#\\\/schema\\\/person\\\/18fac491bccbfe149b92aea77ad60abd\"},\"breadcrumb\":{\"@id\":\"https:\\\/\\\/www.rri.ro\\\/en\\\/features-and-reports\\\/the-history-show\\\/deportation-of-jews-in-romania-id129700.html#breadcrumb\"},\"inLanguage\":\"en-US\",\"potentialAction\":[{\"@type\":\"ReadAction\",\"target\":[\"https:\\\/\\\/www.rri.ro\\\/en\\\/features-and-reports\\\/the-history-show\\\/deportation-of-jews-in-romania-id129700.html\"]}]},{\"@type\":\"ImageObject\",\"inLanguage\":\"en-US\",\"@id\":\"https:\\\/\\\/www.rri.ro\\\/en\\\/features-and-reports\\\/the-history-show\\\/deportation-of-jews-in-romania-id129700.html#primaryimage\",\"url\":\"https:\\\/\\\/www.rri.ro\\\/wp-content\\\/uploads\\\/2023\\\/10\\\/evrei-deportati-transnistria.png\",\"contentUrl\":\"https:\\\/\\\/www.rri.ro\\\/wp-content\\\/uploads\\\/2023\\\/10\\\/evrei-deportati-transnistria.png\",\"width\":640,\"height\":411},{\"@type\":\"BreadcrumbList\",\"@id\":\"https:\\\/\\\/www.rri.ro\\\/en\\\/features-and-reports\\\/the-history-show\\\/deportation-of-jews-in-romania-id129700.html#breadcrumb\",\"itemListElement\":[{\"@type\":\"ListItem\",\"position\":1,\"name\":\"Homepage\",\"item\":\"https:\\\/\\\/www.rri.ro\\\/en\"},{\"@type\":\"ListItem\",\"position\":2,\"name\":\"Features and Reports\",\"item\":\"https:\\\/\\\/www.rri.ro\\\/en\\\/features-and-reports\"},{\"@type\":\"ListItem\",\"position\":3,\"name\":\"The History Show\",\"item\":\"https:\\\/\\\/www.rri.ro\\\/en\\\/features-and-reports\\\/the-history-show\"},{\"@type\":\"ListItem\",\"position\":4,\"name\":\"Deportation of Jews in Romania\"}]},{\"@type\":\"WebSite\",\"@id\":\"https:\\\/\\\/www.rri.ro\\\/#website\",\"url\":\"https:\\\/\\\/www.rri.ro\\\/\",\"name\":\"Radio Romania International\",\"description\":\"Totul despre Rom\u00e2nia \u015fi rom\u00e2ni, \u00een 13 limbi\\\/dialecte!\",\"inLanguage\":\"en-US\"},{\"@type\":\"Person\",\"@id\":\"https:\\\/\\\/www.rri.ro\\\/#\\\/schema\\\/person\\\/18fac491bccbfe149b92aea77ad60abd\",\"name\":\"Rom\u00e2nia Interna\u021bional\",\"url\":\"https:\\\/\\\/www.rri.ro\\\/en\\\/author\\\/redactia\"}]}<\/script>\n<!-- \/ Yoast SEO plugin. -->","yoast_head_json":{"title":"Deportation of Jews in Romania - Radio Romania International","robots":{"index":"index","follow":"follow","max-snippet":"max-snippet:-1","max-image-preview":"max-image-preview:large","max-video-preview":"max-video-preview:-1"},"canonical":"https:\/\/www.rri.ro\/en\/features-and-reports\/the-history-show\/deportation-of-jews-in-romania-id129700.html","og_locale":"en_US","og_type":"article","og_title":"Deportation of Jews in Romania - Radio Romania International","og_description":"On October 9, 1941, the deportation of Jews in Romania started with the province of Bukovina.","og_url":"https:\/\/www.rri.ro\/en\/features-and-reports\/the-history-show\/deportation-of-jews-in-romania-id129700.html","og_site_name":"Radio Romania International","article_published_time":"2016-10-17T10:34:00+00:00","article_modified_time":"2024-02-19T11:35:56+00:00","og_image":[{"width":640,"height":411,"url":"https:\/\/www.rri.ro\/wp-content\/uploads\/2023\/10\/evrei-deportati-transnistria.png","type":"image\/png"}],"author":"Rom\u00e2nia Interna\u021bional","twitter_card":"summary_large_image","twitter_misc":{"Written by":"Rom\u00e2nia Interna\u021bional","Est. reading time":"4 minutes"},"schema":{"@context":"https:\/\/schema.org","@graph":[{"@type":"Article","@id":"https:\/\/www.rri.ro\/en\/features-and-reports\/the-history-show\/deportation-of-jews-in-romania-id129700.html#article","isPartOf":{"@id":"https:\/\/www.rri.ro\/en\/features-and-reports\/the-history-show\/deportation-of-jews-in-romania-id129700.html"},"author":{"name":"Rom\u00e2nia Interna\u021bional","@id":"https:\/\/www.rri.ro\/#\/schema\/person\/18fac491bccbfe149b92aea77ad60abd"},"headline":"Deportation of Jews in Romania","datePublished":"2016-10-17T10:34:00+00:00","dateModified":"2024-02-19T11:35:56+00:00","mainEntityOfPage":{"@id":"https:\/\/www.rri.ro\/en\/features-and-reports\/the-history-show\/deportation-of-jews-in-romania-id129700.html"},"wordCount":781,"image":{"@id":"https:\/\/www.rri.ro\/en\/features-and-reports\/the-history-show\/deportation-of-jews-in-romania-id129700.html#primaryimage"},"thumbnailUrl":"https:\/\/www.rri.ro\/wp-content\/uploads\/2023\/10\/evrei-deportati-transnistria.png","keywords":["9 October 1941","Jews deportation"],"articleSection":["The History Show"],"inLanguage":"en-US"},{"@type":"WebPage","@id":"https:\/\/www.rri.ro\/en\/features-and-reports\/the-history-show\/deportation-of-jews-in-romania-id129700.html","url":"https:\/\/www.rri.ro\/en\/features-and-reports\/the-history-show\/deportation-of-jews-in-romania-id129700.html","name":"Deportation of Jews in Romania - Radio Romania International","isPartOf":{"@id":"https:\/\/www.rri.ro\/#website"},"primaryImageOfPage":{"@id":"https:\/\/www.rri.ro\/en\/features-and-reports\/the-history-show\/deportation-of-jews-in-romania-id129700.html#primaryimage"},"image":{"@id":"https:\/\/www.rri.ro\/en\/features-and-reports\/the-history-show\/deportation-of-jews-in-romania-id129700.html#primaryimage"},"thumbnailUrl":"https:\/\/www.rri.ro\/wp-content\/uploads\/2023\/10\/evrei-deportati-transnistria.png","datePublished":"2016-10-17T10:34:00+00:00","dateModified":"2024-02-19T11:35:56+00:00","author":{"@id":"https:\/\/www.rri.ro\/#\/schema\/person\/18fac491bccbfe149b92aea77ad60abd"},"breadcrumb":{"@id":"https:\/\/www.rri.ro\/en\/features-and-reports\/the-history-show\/deportation-of-jews-in-romania-id129700.html#breadcrumb"},"inLanguage":"en-US","potentialAction":[{"@type":"ReadAction","target":["https:\/\/www.rri.ro\/en\/features-and-reports\/the-history-show\/deportation-of-jews-in-romania-id129700.html"]}]},{"@type":"ImageObject","inLanguage":"en-US","@id":"https:\/\/www.rri.ro\/en\/features-and-reports\/the-history-show\/deportation-of-jews-in-romania-id129700.html#primaryimage","url":"https:\/\/www.rri.ro\/wp-content\/uploads\/2023\/10\/evrei-deportati-transnistria.png","contentUrl":"https:\/\/www.rri.ro\/wp-content\/uploads\/2023\/10\/evrei-deportati-transnistria.png","width":640,"height":411},{"@type":"BreadcrumbList","@id":"https:\/\/www.rri.ro\/en\/features-and-reports\/the-history-show\/deportation-of-jews-in-romania-id129700.html#breadcrumb","itemListElement":[{"@type":"ListItem","position":1,"name":"Homepage","item":"https:\/\/www.rri.ro\/en"},{"@type":"ListItem","position":2,"name":"Features and Reports","item":"https:\/\/www.rri.ro\/en\/features-and-reports"},{"@type":"ListItem","position":3,"name":"The History Show","item":"https:\/\/www.rri.ro\/en\/features-and-reports\/the-history-show"},{"@type":"ListItem","position":4,"name":"Deportation of Jews in Romania"}]},{"@type":"WebSite","@id":"https:\/\/www.rri.ro\/#website","url":"https:\/\/www.rri.ro\/","name":"Radio Romania International","description":"Totul despre Rom\u00e2nia \u015fi rom\u00e2ni, \u00een 13 limbi\/dialecte!","inLanguage":"en-US"},{"@type":"Person","@id":"https:\/\/www.rri.ro\/#\/schema\/person\/18fac491bccbfe149b92aea77ad60abd","name":"Rom\u00e2nia Interna\u021bional","url":"https:\/\/www.rri.ro\/en\/author\/redactia"}]}},"_links":{"self":[{"href":"https:\/\/www.rri.ro\/en\/wp-json\/wp\/v2\/posts\/129700","targetHints":{"allow":["GET"]}}],"collection":[{"href":"https:\/\/www.rri.ro\/en\/wp-json\/wp\/v2\/posts"}],"about":[{"href":"https:\/\/www.rri.ro\/en\/wp-json\/wp\/v2\/types\/post"}],"author":[{"embeddable":true,"href":"https:\/\/www.rri.ro\/en\/wp-json\/wp\/v2\/users\/2"}],"replies":[{"embeddable":true,"href":"https:\/\/www.rri.ro\/en\/wp-json\/wp\/v2\/comments?post=129700"}],"version-history":[{"count":0,"href":"https:\/\/www.rri.ro\/en\/wp-json\/wp\/v2\/posts\/129700\/revisions"}],"wp:featuredmedia":[{"embeddable":true,"href":"https:\/\/www.rri.ro\/en\/wp-json\/wp\/v2\/media\/127770"}],"wp:attachment":[{"href":"https:\/\/www.rri.ro\/en\/wp-json\/wp\/v2\/media?parent=129700"}],"wp:term":[{"taxonomy":"category","embeddable":true,"href":"https:\/\/www.rri.ro\/en\/wp-json\/wp\/v2\/categories?post=129700"},{"taxonomy":"post_tag","embeddable":true,"href":"https:\/\/www.rri.ro\/en\/wp-json\/wp\/v2\/tags?post=129700"},{"taxonomy":"author","embeddable":true,"href":"https:\/\/www.rri.ro\/en\/wp-json\/wp\/v2\/coauthors?post=129700"}],"curies":[{"name":"wp","href":"https:\/\/api.w.org\/{rel}","templated":true}]}}