{"id":161603,"date":"2017-09-09T12:00:00","date_gmt":"2017-09-09T09:00:00","guid":{"rendered":"http:\/\/devrri.freshlemon.ro\/news-and-current-affairs\/newsflash\/the-bucharest-international-poetry-festival-161603.html"},"modified":"2024-02-19T14:49:33","modified_gmt":"2024-02-19T12:49:33","slug":"the-bucharest-international-poetry-festival","status":"publish","type":"post","link":"https:\/\/www.rri.ro\/en\/features-and-reports\/world-of-culture\/the-bucharest-international-poetry-festival-id161603.html","title":{"rendered":"The Bucharest International Poetry Festival"},"content":{"rendered":"<\/p>\n<p>Over 100 poets from more than 30&#13;<br \/>\ncountries attended the 8th Bucharest International Poetry Festival&#13;<br \/>\nheld in the Romanian capital city between May the 15th and 21st.&#13;<br \/>\nThe Festival included events like roundtables, panel discussions, performances&#13;<br \/>\nand jazz recitals, book launches, conferences and, for the first time this&#13;<br \/>\nyear, events devoted to children. A novelty this year was also the PEN Club&#13;<br \/>\nanniversary, which brought to Bucharest PEN members from most European&#13;<br \/>\ncountries. Claudiu Komartin, a poet and the editor in chief of  Poesis International magazine and head of&#13;<br \/>\nthe Max Blecher Publishers, one of the longest-lasting and well-known book&#13;<br \/>\nclubs in Romania, moderated a number of reading sessions as part of the&#13;<br \/>\nBucharest International Poetry Festival.<\/p>\n<p><\/p>\n<p>&#13;<br \/>\n&#13;<\/p>\n<p>Claudiu Komartin:  I believe it is important for us&#13;<br \/>\nto showcase, for those people who are interested in poetry, the variety and&#13;<br \/>\nplurality of styles that exist in today&#8217;s literature and, in particular, in&#13;<br \/>\nthis very special area, contemporary poetry. The reason I say this is that&#13;<br \/>\ncontemporary poetry has its own particular public, and a specific type of&#13;<br \/>\nexplorations, of quests. I&#8217;m not sure how important my role is within this&#13;<br \/>\nFestival, but I was entrusted with organizing these reading sessions, at the&#13;<br \/>\ncentre of which are young poets, aged between 20 and 40 years. Moni Stanila and&#13;<br \/>\nAlexandru Vakulovski are among the oldest, so to say, young poets who are&#13;<br \/>\npresenting their works these days. We have very different poets, coming from&#13;<br \/>\nCluj, from Bucharest, from Chisinau, a very diverse range.<\/p>\n<p>&#13;<br \/>\n&#13;<\/p>\n<p><\/p>\n<p>One of the poets featured in the Festival&#13;<br \/>\nis Radu Vancu, who is also, according to writer Mircea Cartarescu, one of the&#13;<br \/>\nleading poetry critics Romania has at present. We asked him about his&#13;<br \/>\nimpressions after the Bucharest International Poetry Festival:<\/p>\n<p><\/p>\n<p>&#13;<br \/>\n&#13;<\/p>\n<p> Until a decade ago, each&#13;<br \/>\ngeneration used to have some sort of prevailing rhetoric, a kind of group&#13;<br \/>\npoetics that a writer had to adopt, otherwise they would appear detached from&#13;<br \/>\nthe trends in contemporary poetry. For instance, a member of the &#8217;60s&#13;<br \/>\ngeneration had to be somewhat neo-modernist, those from the 80s were&#13;<br \/>\nnecessarily textualist and sort of bookish. Today, however, what I notice is an&#13;<br \/>\namazing diversity of techniques and approaches, some of them are very&#13;<br \/>\ncorporeal, others are sentimental, others focused on writing techniques or are&#13;<br \/>\nvery experimental. I believe that the Romanian poetry of today has succeeded in&#13;<br \/>\nusing all poetic formulas. I could even say that Romanian poetry has managed to&#13;<br \/>\ndocument the whole world and mirror its diversity. And this is a very good&#13;<br \/>\nthing, as I don&#8217;t believe we&#8217;ve seen such diversity in Romanian poetry so far.&#13;<br \/>\nAnd I also believe that it is not the internal logic of poetry that has brought&#13;<br \/>\nus here, but the fact that Romanian poets and writers are very connected to the&#13;<br \/>\nglobal trends in poetry and they travel a lot more than they did ten years ago,&#13;<br \/>\nfor instance. And this has triggered an infusion of new poets, and also new&#13;<br \/>\nways to see the world and new names of writers. This whole process has prompted&#13;<br \/>\na diversification in poetry. And the results can be seen now. I hope that the&#13;<br \/>\ncultural institutions in Romania, that promote Romanian literature, from the&#13;<br \/>\nRomanian Cultural Institute to the Ministry of Culture, will not see this&#13;<br \/>\nnational identity that they have approached lately in institutional terms, as a&#13;<br \/>\nform of tribalism, of autarchy, of closing the borders. It is obvious that only&#13;<br \/>\nby traveling the world, by keeping borders open, culture can be enriched and&#13;<br \/>\ndiversified.<\/p>\n<p><\/p>\n<p>&#13;<br \/>\n&#13;<\/p>\n<p>One of the events&#13;<br \/>\nmoderated by Radu Vancu within the Bucharest International Poetry Festival has&#13;<br \/>\nbeen the debate held by translator Adam J. Sorkin from the US, dubbed Putting&#13;<br \/>\na Blotch across the Sun, Tripping up for Good at the Soul: A Translator&#8217;s&#13;<br \/>\nEvolution. Radu Vancu explains:<\/p>\n<p><\/p>\n<p>&#13;<br \/>\n&#13;<\/p>\n<p> Adam J.&#13;<br \/>\nSorkin has done a lot for our poetry as he has translated tens of poets&#13;<br \/>\nthroughout time. He also initiated this shift of Romanian poetry from our&#13;<br \/>\nlocalism towards Western policies a time when it was difficult for Romanian&#13;<br \/>\npoets to travel and to reach the US for instance, in order to get in touch with&#13;<br \/>\nthe cultural movement there. So at that time Adam J. Sorkin played the role of&#13;<br \/>\na sort of &#8216;cross-border elf&#8217; taking Romanian poetry to the US and bringing&#13;<br \/>\nAmerican poetry to Romania.  I believe&#13;<br \/>\nthat Adam J. Sorkin, beyond his merits as a translator, worked as a &#8216;cultural&#13;<br \/>\nfacilitator&#8217; in the sense that he managed to ease the transfer of poetry-related&#13;<br \/>\ninformation to and from the US and to somehow catalyze Romanian poetry writing,&#13;<br \/>\nwhich makes him more of a cultural agent, rather than a mere translator. <\/p>\n<p><\/p>\n<p>&#13;<br \/>\n&#13;<\/p>\n<p>The International&#13;<br \/>\nPoetry Festival in Bucharest is a cultural initiative absolutely necessary in&#13;<br \/>\nthe context of the European Union and the common cultural values promoted&#13;<br \/>\nthrough it. At the moment of its first edition, back in 2010, Bucharest had&#13;<br \/>\nbeen among Europe&#8217;s very few capitals to not host such a wide-scale festival.&#13;<br \/>\nShortly after its appearance, however, this festival has made up for this&#13;<br \/>\ndeficit in the Romanian culture, bringing poetry  &#8211; as a major literary genre as well the poets and their voices -&#13;<br \/>\nup to the forefront, to the attention of the big public interested in the&#13;<br \/>\nvarious forms of poetical expression says Ioan Cristescu, director of the&#13;<br \/>\nNational Museum of Romanian Literature, the main organizer of the event. <\/p>\n<p><\/p>\n","protected":false},"excerpt":{"rendered":"<p>Over 100 poets from more than 30 countries attended the 8th Bucharest International Poetry Festival held in the Romanian capital city between May the 15th and 21st<\/p>\n","protected":false},"author":135,"featured_media":161604,"comment_status":"closed","ping_status":"closed","sticky":false,"template":"","format":"standard","meta":{"_acf_changed":false,"footnotes":""},"categories":[44685],"tags":[44864],"coauthors":[],"class_list":["post-161603","post","type-post","status-publish","format-standard","has-post-thumbnail","hentry","category-world-of-culture","tag-bucharest-international-poetry-festival"],"acf":[],"yoast_head":"<!-- This site is optimized with the Yoast SEO plugin v27.3 - https:\/\/yoast.com\/product\/yoast-seo-wordpress\/ -->\n<title>The Bucharest International Poetry Festival - Radio Romania International<\/title>\n<meta name=\"robots\" content=\"index, follow, max-snippet:-1, max-image-preview:large, max-video-preview:-1\" \/>\n<link rel=\"canonical\" href=\"https:\/\/www.rri.ro\/en\/features-and-reports\/world-of-culture\/the-bucharest-international-poetry-festival-id161603.html\" \/>\n<meta property=\"og:locale\" content=\"en_US\" \/>\n<meta property=\"og:type\" content=\"article\" \/>\n<meta property=\"og:title\" content=\"The Bucharest International Poetry Festival - Radio Romania International\" \/>\n<meta property=\"og:description\" content=\"Over 100 poets from more than 30 countries attended the 8th Bucharest International Poetry Festival held in the Romanian capital city between May the 15th and 21st\" \/>\n<meta property=\"og:url\" content=\"https:\/\/www.rri.ro\/en\/features-and-reports\/world-of-culture\/the-bucharest-international-poetry-festival-id161603.html\" \/>\n<meta property=\"og:site_name\" content=\"Radio Romania International\" \/>\n<meta property=\"article:published_time\" content=\"2017-09-09T09:00:00+00:00\" \/>\n<meta property=\"article:modified_time\" content=\"2024-02-19T12:49:33+00:00\" \/>\n<meta property=\"og:image\" content=\"https:\/\/www.rri.ro\/wp-content\/uploads\/2023\/10\/festivalul-international-de-poezie-2017.png\" \/>\n\t<meta property=\"og:image:width\" content=\"640\" \/>\n\t<meta property=\"og:image:height\" content=\"480\" \/>\n\t<meta property=\"og:image:type\" content=\"image\/png\" \/>\n<meta name=\"author\" content=\"Corina Sab\u0103u\" \/>\n<meta name=\"twitter:card\" content=\"summary_large_image\" \/>\n<meta name=\"twitter:label1\" content=\"Written by\" \/>\n\t<meta name=\"twitter:data1\" content=\"Corina Sab\u0103u\" \/>\n\t<meta name=\"twitter:label2\" content=\"Est. reading time\" \/>\n\t<meta name=\"twitter:data2\" content=\"4 minutes\" \/>\n<script type=\"application\/ld+json\" class=\"yoast-schema-graph\">{\"@context\":\"https:\\\/\\\/schema.org\",\"@graph\":[{\"@type\":\"Article\",\"@id\":\"https:\\\/\\\/www.rri.ro\\\/en\\\/features-and-reports\\\/world-of-culture\\\/the-bucharest-international-poetry-festival-id161603.html#article\",\"isPartOf\":{\"@id\":\"https:\\\/\\\/www.rri.ro\\\/en\\\/features-and-reports\\\/world-of-culture\\\/the-bucharest-international-poetry-festival-id161603.html\"},\"author\":{\"name\":\"Corina Sab\u0103u\",\"@id\":\"https:\\\/\\\/www.rri.ro\\\/#\\\/schema\\\/person\\\/f422c4ce48593b32beccebb63f9ceb1e\"},\"headline\":\"The Bucharest International Poetry Festival\",\"datePublished\":\"2017-09-09T09:00:00+00:00\",\"dateModified\":\"2024-02-19T12:49:33+00:00\",\"mainEntityOfPage\":{\"@id\":\"https:\\\/\\\/www.rri.ro\\\/en\\\/features-and-reports\\\/world-of-culture\\\/the-bucharest-international-poetry-festival-id161603.html\"},\"wordCount\":907,\"image\":{\"@id\":\"https:\\\/\\\/www.rri.ro\\\/en\\\/features-and-reports\\\/world-of-culture\\\/the-bucharest-international-poetry-festival-id161603.html#primaryimage\"},\"thumbnailUrl\":\"https:\\\/\\\/www.rri.ro\\\/wp-content\\\/uploads\\\/2023\\\/10\\\/festivalul-international-de-poezie-2017.png\",\"keywords\":[\"Bucharest International Poetry Festival\"],\"articleSection\":[\"World of Culture\"],\"inLanguage\":\"en-US\"},{\"@type\":\"WebPage\",\"@id\":\"https:\\\/\\\/www.rri.ro\\\/en\\\/features-and-reports\\\/world-of-culture\\\/the-bucharest-international-poetry-festival-id161603.html\",\"url\":\"https:\\\/\\\/www.rri.ro\\\/en\\\/features-and-reports\\\/world-of-culture\\\/the-bucharest-international-poetry-festival-id161603.html\",\"name\":\"The Bucharest International Poetry Festival - Radio Romania International\",\"isPartOf\":{\"@id\":\"https:\\\/\\\/www.rri.ro\\\/#website\"},\"primaryImageOfPage\":{\"@id\":\"https:\\\/\\\/www.rri.ro\\\/en\\\/features-and-reports\\\/world-of-culture\\\/the-bucharest-international-poetry-festival-id161603.html#primaryimage\"},\"image\":{\"@id\":\"https:\\\/\\\/www.rri.ro\\\/en\\\/features-and-reports\\\/world-of-culture\\\/the-bucharest-international-poetry-festival-id161603.html#primaryimage\"},\"thumbnailUrl\":\"https:\\\/\\\/www.rri.ro\\\/wp-content\\\/uploads\\\/2023\\\/10\\\/festivalul-international-de-poezie-2017.png\",\"datePublished\":\"2017-09-09T09:00:00+00:00\",\"dateModified\":\"2024-02-19T12:49:33+00:00\",\"author\":{\"@id\":\"https:\\\/\\\/www.rri.ro\\\/#\\\/schema\\\/person\\\/f422c4ce48593b32beccebb63f9ceb1e\"},\"breadcrumb\":{\"@id\":\"https:\\\/\\\/www.rri.ro\\\/en\\\/features-and-reports\\\/world-of-culture\\\/the-bucharest-international-poetry-festival-id161603.html#breadcrumb\"},\"inLanguage\":\"en-US\",\"potentialAction\":[{\"@type\":\"ReadAction\",\"target\":[\"https:\\\/\\\/www.rri.ro\\\/en\\\/features-and-reports\\\/world-of-culture\\\/the-bucharest-international-poetry-festival-id161603.html\"]}]},{\"@type\":\"ImageObject\",\"inLanguage\":\"en-US\",\"@id\":\"https:\\\/\\\/www.rri.ro\\\/en\\\/features-and-reports\\\/world-of-culture\\\/the-bucharest-international-poetry-festival-id161603.html#primaryimage\",\"url\":\"https:\\\/\\\/www.rri.ro\\\/wp-content\\\/uploads\\\/2023\\\/10\\\/festivalul-international-de-poezie-2017.png\",\"contentUrl\":\"https:\\\/\\\/www.rri.ro\\\/wp-content\\\/uploads\\\/2023\\\/10\\\/festivalul-international-de-poezie-2017.png\",\"width\":640,\"height\":480},{\"@type\":\"BreadcrumbList\",\"@id\":\"https:\\\/\\\/www.rri.ro\\\/en\\\/features-and-reports\\\/world-of-culture\\\/the-bucharest-international-poetry-festival-id161603.html#breadcrumb\",\"itemListElement\":[{\"@type\":\"ListItem\",\"position\":1,\"name\":\"Homepage\",\"item\":\"https:\\\/\\\/www.rri.ro\\\/en\"},{\"@type\":\"ListItem\",\"position\":2,\"name\":\"Features and Reports\",\"item\":\"https:\\\/\\\/www.rri.ro\\\/en\\\/features-and-reports\"},{\"@type\":\"ListItem\",\"position\":3,\"name\":\"World of Culture\",\"item\":\"https:\\\/\\\/www.rri.ro\\\/en\\\/features-and-reports\\\/world-of-culture\"},{\"@type\":\"ListItem\",\"position\":4,\"name\":\"The Bucharest International Poetry Festival\"}]},{\"@type\":\"WebSite\",\"@id\":\"https:\\\/\\\/www.rri.ro\\\/#website\",\"url\":\"https:\\\/\\\/www.rri.ro\\\/\",\"name\":\"Radio Romania International\",\"description\":\"Totul despre Rom\u00e2nia \u015fi rom\u00e2ni, \u00een 13 limbi\\\/dialecte!\",\"inLanguage\":\"en-US\"},{\"@type\":\"Person\",\"@id\":\"https:\\\/\\\/www.rri.ro\\\/#\\\/schema\\\/person\\\/f422c4ce48593b32beccebb63f9ceb1e\",\"name\":\"Corina Sab\u0103u\",\"url\":\"https:\\\/\\\/www.rri.ro\\\/en\\\/author\\\/corina-sabau\"}]}<\/script>\n<!-- \/ Yoast SEO plugin. -->","yoast_head_json":{"title":"The Bucharest International Poetry Festival - Radio Romania International","robots":{"index":"index","follow":"follow","max-snippet":"max-snippet:-1","max-image-preview":"max-image-preview:large","max-video-preview":"max-video-preview:-1"},"canonical":"https:\/\/www.rri.ro\/en\/features-and-reports\/world-of-culture\/the-bucharest-international-poetry-festival-id161603.html","og_locale":"en_US","og_type":"article","og_title":"The Bucharest International Poetry Festival - Radio Romania International","og_description":"Over 100 poets from more than 30 countries attended the 8th Bucharest International Poetry Festival held in the Romanian capital city between May the 15th and 21st","og_url":"https:\/\/www.rri.ro\/en\/features-and-reports\/world-of-culture\/the-bucharest-international-poetry-festival-id161603.html","og_site_name":"Radio Romania International","article_published_time":"2017-09-09T09:00:00+00:00","article_modified_time":"2024-02-19T12:49:33+00:00","og_image":[{"width":640,"height":480,"url":"https:\/\/www.rri.ro\/wp-content\/uploads\/2023\/10\/festivalul-international-de-poezie-2017.png","type":"image\/png"}],"author":"Corina Sab\u0103u","twitter_card":"summary_large_image","twitter_misc":{"Written by":"Corina Sab\u0103u","Est. reading time":"4 minutes"},"schema":{"@context":"https:\/\/schema.org","@graph":[{"@type":"Article","@id":"https:\/\/www.rri.ro\/en\/features-and-reports\/world-of-culture\/the-bucharest-international-poetry-festival-id161603.html#article","isPartOf":{"@id":"https:\/\/www.rri.ro\/en\/features-and-reports\/world-of-culture\/the-bucharest-international-poetry-festival-id161603.html"},"author":{"name":"Corina Sab\u0103u","@id":"https:\/\/www.rri.ro\/#\/schema\/person\/f422c4ce48593b32beccebb63f9ceb1e"},"headline":"The Bucharest International Poetry Festival","datePublished":"2017-09-09T09:00:00+00:00","dateModified":"2024-02-19T12:49:33+00:00","mainEntityOfPage":{"@id":"https:\/\/www.rri.ro\/en\/features-and-reports\/world-of-culture\/the-bucharest-international-poetry-festival-id161603.html"},"wordCount":907,"image":{"@id":"https:\/\/www.rri.ro\/en\/features-and-reports\/world-of-culture\/the-bucharest-international-poetry-festival-id161603.html#primaryimage"},"thumbnailUrl":"https:\/\/www.rri.ro\/wp-content\/uploads\/2023\/10\/festivalul-international-de-poezie-2017.png","keywords":["Bucharest International Poetry Festival"],"articleSection":["World of Culture"],"inLanguage":"en-US"},{"@type":"WebPage","@id":"https:\/\/www.rri.ro\/en\/features-and-reports\/world-of-culture\/the-bucharest-international-poetry-festival-id161603.html","url":"https:\/\/www.rri.ro\/en\/features-and-reports\/world-of-culture\/the-bucharest-international-poetry-festival-id161603.html","name":"The Bucharest International Poetry Festival - Radio Romania International","isPartOf":{"@id":"https:\/\/www.rri.ro\/#website"},"primaryImageOfPage":{"@id":"https:\/\/www.rri.ro\/en\/features-and-reports\/world-of-culture\/the-bucharest-international-poetry-festival-id161603.html#primaryimage"},"image":{"@id":"https:\/\/www.rri.ro\/en\/features-and-reports\/world-of-culture\/the-bucharest-international-poetry-festival-id161603.html#primaryimage"},"thumbnailUrl":"https:\/\/www.rri.ro\/wp-content\/uploads\/2023\/10\/festivalul-international-de-poezie-2017.png","datePublished":"2017-09-09T09:00:00+00:00","dateModified":"2024-02-19T12:49:33+00:00","author":{"@id":"https:\/\/www.rri.ro\/#\/schema\/person\/f422c4ce48593b32beccebb63f9ceb1e"},"breadcrumb":{"@id":"https:\/\/www.rri.ro\/en\/features-and-reports\/world-of-culture\/the-bucharest-international-poetry-festival-id161603.html#breadcrumb"},"inLanguage":"en-US","potentialAction":[{"@type":"ReadAction","target":["https:\/\/www.rri.ro\/en\/features-and-reports\/world-of-culture\/the-bucharest-international-poetry-festival-id161603.html"]}]},{"@type":"ImageObject","inLanguage":"en-US","@id":"https:\/\/www.rri.ro\/en\/features-and-reports\/world-of-culture\/the-bucharest-international-poetry-festival-id161603.html#primaryimage","url":"https:\/\/www.rri.ro\/wp-content\/uploads\/2023\/10\/festivalul-international-de-poezie-2017.png","contentUrl":"https:\/\/www.rri.ro\/wp-content\/uploads\/2023\/10\/festivalul-international-de-poezie-2017.png","width":640,"height":480},{"@type":"BreadcrumbList","@id":"https:\/\/www.rri.ro\/en\/features-and-reports\/world-of-culture\/the-bucharest-international-poetry-festival-id161603.html#breadcrumb","itemListElement":[{"@type":"ListItem","position":1,"name":"Homepage","item":"https:\/\/www.rri.ro\/en"},{"@type":"ListItem","position":2,"name":"Features and Reports","item":"https:\/\/www.rri.ro\/en\/features-and-reports"},{"@type":"ListItem","position":3,"name":"World of Culture","item":"https:\/\/www.rri.ro\/en\/features-and-reports\/world-of-culture"},{"@type":"ListItem","position":4,"name":"The Bucharest International Poetry Festival"}]},{"@type":"WebSite","@id":"https:\/\/www.rri.ro\/#website","url":"https:\/\/www.rri.ro\/","name":"Radio Romania International","description":"Totul despre Rom\u00e2nia \u015fi rom\u00e2ni, \u00een 13 limbi\/dialecte!","inLanguage":"en-US"},{"@type":"Person","@id":"https:\/\/www.rri.ro\/#\/schema\/person\/f422c4ce48593b32beccebb63f9ceb1e","name":"Corina Sab\u0103u","url":"https:\/\/www.rri.ro\/en\/author\/corina-sabau"}]}},"_links":{"self":[{"href":"https:\/\/www.rri.ro\/en\/wp-json\/wp\/v2\/posts\/161603","targetHints":{"allow":["GET"]}}],"collection":[{"href":"https:\/\/www.rri.ro\/en\/wp-json\/wp\/v2\/posts"}],"about":[{"href":"https:\/\/www.rri.ro\/en\/wp-json\/wp\/v2\/types\/post"}],"author":[{"embeddable":true,"href":"https:\/\/www.rri.ro\/en\/wp-json\/wp\/v2\/users\/135"}],"replies":[{"embeddable":true,"href":"https:\/\/www.rri.ro\/en\/wp-json\/wp\/v2\/comments?post=161603"}],"version-history":[{"count":0,"href":"https:\/\/www.rri.ro\/en\/wp-json\/wp\/v2\/posts\/161603\/revisions"}],"wp:featuredmedia":[{"embeddable":true,"href":"https:\/\/www.rri.ro\/en\/wp-json\/wp\/v2\/media\/161604"}],"wp:attachment":[{"href":"https:\/\/www.rri.ro\/en\/wp-json\/wp\/v2\/media?parent=161603"}],"wp:term":[{"taxonomy":"category","embeddable":true,"href":"https:\/\/www.rri.ro\/en\/wp-json\/wp\/v2\/categories?post=161603"},{"taxonomy":"post_tag","embeddable":true,"href":"https:\/\/www.rri.ro\/en\/wp-json\/wp\/v2\/tags?post=161603"},{"taxonomy":"author","embeddable":true,"href":"https:\/\/www.rri.ro\/en\/wp-json\/wp\/v2\/coauthors?post=161603"}],"curies":[{"name":"wp","href":"https:\/\/api.w.org\/{rel}","templated":true}]}}