{"id":41663,"date":"2014-04-10T12:25:00","date_gmt":"2014-04-10T09:25:00","guid":{"rendered":"http:\/\/devrri.freshlemon.ro\/news-and-current-affairs\/newsflash\/amendments-to-the-education-law-41663.html"},"modified":"2024-02-15T22:49:03","modified_gmt":"2024-02-15T20:49:03","slug":"amendments-to-the-education-law","status":"publish","type":"post","link":"https:\/\/www.rri.ro\/en\/news-and-current-affairs\/today-in-the-news\/amendments-to-the-education-law-id41663.html","title":{"rendered":"Amendments to the Education Law"},"content":{"rendered":"<p>Presented as a priority for the current Government of Romania, alongside public healthcare, the education sector remains subject to frequent changes. For the past 25 years, each government has tried to improve the system, but all have lacked a clear medium or long-term strategy to address its severe under-financing.<\/p>\n<p>&#13;<br \/>\n&#13;<\/p>\n<p>&#13;<br \/>\n&#13;<\/p>\n<p>The Education Law has been once again changed recently, under an emergency government ordinance seeking to bring it in line with a Constitutional Court requirement concerning the tenure of teachers. PM Victor Ponta said this emergency ordinance is good news for more than 3 thousand teachers.<\/p>\n<p>&#13;<br \/>\n&#13;<\/p>\n<p>&#13;<br \/>\n&#13;<\/p>\n<p>The changes, applicable immediately, were designed to enable the teachers having passed their tenure exams in the past 6 years with grades above 7, and who are employed on temporary contracts, may be assigned permanent posts. The decision is to be taken by the relevant county school inspectorate, based on two criteria. The first one is whether the respective post is vacant, and the second has to do with the viability of a post, namely with whether a post will exist throughout a four-year education cycle.<\/p>\n<p>&#13;<br \/>\n&#13;<\/p>\n<p>&#13;<br \/>\n&#13;<\/p>\n<p>The recent changes to the Education Act were prompted by a complaint filed by a teacher with the Constitutional Court of Romania. According to the plaintiff, Art. 253 in the old text of the law made it possible for teachers to be assigned tenured positions on preferential criteria, based on the connections they had.<\/p>\n<p>&#13;<br \/>\n&#13;<\/p>\n<p>&#13;<br \/>\n&#13;<\/p>\n<p>Although authorities claim education is a national priority, Romania is among the last EU member states in terms of the budget earmarked for this sector. In 2011, education got 2.7% of the GDP, in 2012 nearly 3%, and last year close to 3.2%. In contrast, in 2011 Iceland allotted 7.9% of its GDP to public education, Denmark 7.8% and Cyprus 7.2%. <\/p>\n<p>&#13;<\/p>\n","protected":false},"excerpt":{"rendered":"<p>The Romanian Government has amended the Education Act, so as to allow teachers eligible for tenure in the past 6 years to sign indefinite employment contracts.<\/p>\n","protected":false},"author":106,"featured_media":0,"comment_status":"closed","ping_status":"closed","sticky":false,"template":"","format":"standard","meta":{"_acf_changed":false,"footnotes":""},"categories":[37738],"tags":[],"coauthors":[],"class_list":["post-41663","post","type-post","status-publish","format-standard","hentry","category-today-in-the-news"],"acf":[],"yoast_head":"<!-- This site is optimized with the Yoast SEO plugin v27.3 - https:\/\/yoast.com\/product\/yoast-seo-wordpress\/ -->\n<title>Amendments to the Education Law - Radio Romania International<\/title>\n<meta name=\"robots\" content=\"index, follow, max-snippet:-1, max-image-preview:large, max-video-preview:-1\" \/>\n<link rel=\"canonical\" href=\"https:\/\/www.rri.ro\/en\/news-and-current-affairs\/today-in-the-news\/amendments-to-the-education-law-id41663.html\" \/>\n<meta property=\"og:locale\" content=\"en_US\" \/>\n<meta property=\"og:type\" content=\"article\" \/>\n<meta property=\"og:title\" content=\"Amendments to the Education Law - Radio Romania International\" \/>\n<meta property=\"og:description\" content=\"The Romanian Government has amended the Education Act, so as to allow teachers eligible for tenure in the past 6 years to sign indefinite employment contracts.\" \/>\n<meta property=\"og:url\" content=\"https:\/\/www.rri.ro\/en\/news-and-current-affairs\/today-in-the-news\/amendments-to-the-education-law-id41663.html\" \/>\n<meta property=\"og:site_name\" content=\"Radio Romania International\" \/>\n<meta property=\"article:published_time\" content=\"2014-04-10T09:25:00+00:00\" \/>\n<meta property=\"article:modified_time\" content=\"2024-02-15T20:49:03+00:00\" \/>\n<meta name=\"author\" content=\"Mihai Pelin\" \/>\n<meta name=\"twitter:card\" content=\"summary_large_image\" \/>\n<meta name=\"twitter:label1\" content=\"Written by\" \/>\n\t<meta name=\"twitter:data1\" content=\"Mihai Pelin\" \/>\n\t<meta name=\"twitter:label2\" content=\"Est. reading time\" \/>\n\t<meta name=\"twitter:data2\" content=\"1 minute\" \/>\n<script type=\"application\/ld+json\" class=\"yoast-schema-graph\">{\"@context\":\"https:\\\/\\\/schema.org\",\"@graph\":[{\"@type\":\"Article\",\"@id\":\"https:\\\/\\\/www.rri.ro\\\/en\\\/news-and-current-affairs\\\/today-in-the-news\\\/amendments-to-the-education-law-id41663.html#article\",\"isPartOf\":{\"@id\":\"https:\\\/\\\/www.rri.ro\\\/en\\\/news-and-current-affairs\\\/today-in-the-news\\\/amendments-to-the-education-law-id41663.html\"},\"author\":{\"name\":\"Mihai Pelin\",\"@id\":\"https:\\\/\\\/www.rri.ro\\\/#\\\/schema\\\/person\\\/c6036c822534c855dc3aad41a484f05d\"},\"headline\":\"Amendments to the Education Law\",\"datePublished\":\"2014-04-10T09:25:00+00:00\",\"dateModified\":\"2024-02-15T20:49:03+00:00\",\"mainEntityOfPage\":{\"@id\":\"https:\\\/\\\/www.rri.ro\\\/en\\\/news-and-current-affairs\\\/today-in-the-news\\\/amendments-to-the-education-law-id41663.html\"},\"wordCount\":287,\"articleSection\":[\"Today in the News\"],\"inLanguage\":\"en-US\"},{\"@type\":\"WebPage\",\"@id\":\"https:\\\/\\\/www.rri.ro\\\/en\\\/news-and-current-affairs\\\/today-in-the-news\\\/amendments-to-the-education-law-id41663.html\",\"url\":\"https:\\\/\\\/www.rri.ro\\\/en\\\/news-and-current-affairs\\\/today-in-the-news\\\/amendments-to-the-education-law-id41663.html\",\"name\":\"Amendments to the Education Law - Radio Romania International\",\"isPartOf\":{\"@id\":\"https:\\\/\\\/www.rri.ro\\\/#website\"},\"datePublished\":\"2014-04-10T09:25:00+00:00\",\"dateModified\":\"2024-02-15T20:49:03+00:00\",\"author\":{\"@id\":\"https:\\\/\\\/www.rri.ro\\\/#\\\/schema\\\/person\\\/c6036c822534c855dc3aad41a484f05d\"},\"breadcrumb\":{\"@id\":\"https:\\\/\\\/www.rri.ro\\\/en\\\/news-and-current-affairs\\\/today-in-the-news\\\/amendments-to-the-education-law-id41663.html#breadcrumb\"},\"inLanguage\":\"en-US\",\"potentialAction\":[{\"@type\":\"ReadAction\",\"target\":[\"https:\\\/\\\/www.rri.ro\\\/en\\\/news-and-current-affairs\\\/today-in-the-news\\\/amendments-to-the-education-law-id41663.html\"]}]},{\"@type\":\"BreadcrumbList\",\"@id\":\"https:\\\/\\\/www.rri.ro\\\/en\\\/news-and-current-affairs\\\/today-in-the-news\\\/amendments-to-the-education-law-id41663.html#breadcrumb\",\"itemListElement\":[{\"@type\":\"ListItem\",\"position\":1,\"name\":\"Homepage\",\"item\":\"https:\\\/\\\/www.rri.ro\\\/en\"},{\"@type\":\"ListItem\",\"position\":2,\"name\":\"News and Current Affairs\",\"item\":\"https:\\\/\\\/www.rri.ro\\\/en\\\/news-and-current-affairs\"},{\"@type\":\"ListItem\",\"position\":3,\"name\":\"Today in the News\",\"item\":\"https:\\\/\\\/www.rri.ro\\\/en\\\/news-and-current-affairs\\\/today-in-the-news\"},{\"@type\":\"ListItem\",\"position\":4,\"name\":\"Amendments to the Education Law\"}]},{\"@type\":\"WebSite\",\"@id\":\"https:\\\/\\\/www.rri.ro\\\/#website\",\"url\":\"https:\\\/\\\/www.rri.ro\\\/\",\"name\":\"Radio Romania International\",\"description\":\"Totul despre Rom\u00e2nia \u015fi rom\u00e2ni, \u00een 13 limbi\\\/dialecte!\",\"inLanguage\":\"en-US\"},{\"@type\":\"Person\",\"@id\":\"https:\\\/\\\/www.rri.ro\\\/#\\\/schema\\\/person\\\/c6036c822534c855dc3aad41a484f05d\",\"name\":\"Mihai Pelin\",\"url\":\"https:\\\/\\\/www.rri.ro\\\/en\\\/author\\\/mihai-pelin\"}]}<\/script>\n<!-- \/ Yoast SEO plugin. -->","yoast_head_json":{"title":"Amendments to the Education Law - Radio Romania International","robots":{"index":"index","follow":"follow","max-snippet":"max-snippet:-1","max-image-preview":"max-image-preview:large","max-video-preview":"max-video-preview:-1"},"canonical":"https:\/\/www.rri.ro\/en\/news-and-current-affairs\/today-in-the-news\/amendments-to-the-education-law-id41663.html","og_locale":"en_US","og_type":"article","og_title":"Amendments to the Education Law - Radio Romania International","og_description":"The Romanian Government has amended the Education Act, so as to allow teachers eligible for tenure in the past 6 years to sign indefinite employment contracts.","og_url":"https:\/\/www.rri.ro\/en\/news-and-current-affairs\/today-in-the-news\/amendments-to-the-education-law-id41663.html","og_site_name":"Radio Romania International","article_published_time":"2014-04-10T09:25:00+00:00","article_modified_time":"2024-02-15T20:49:03+00:00","author":"Mihai Pelin","twitter_card":"summary_large_image","twitter_misc":{"Written by":"Mihai Pelin","Est. reading time":"1 minute"},"schema":{"@context":"https:\/\/schema.org","@graph":[{"@type":"Article","@id":"https:\/\/www.rri.ro\/en\/news-and-current-affairs\/today-in-the-news\/amendments-to-the-education-law-id41663.html#article","isPartOf":{"@id":"https:\/\/www.rri.ro\/en\/news-and-current-affairs\/today-in-the-news\/amendments-to-the-education-law-id41663.html"},"author":{"name":"Mihai Pelin","@id":"https:\/\/www.rri.ro\/#\/schema\/person\/c6036c822534c855dc3aad41a484f05d"},"headline":"Amendments to the Education Law","datePublished":"2014-04-10T09:25:00+00:00","dateModified":"2024-02-15T20:49:03+00:00","mainEntityOfPage":{"@id":"https:\/\/www.rri.ro\/en\/news-and-current-affairs\/today-in-the-news\/amendments-to-the-education-law-id41663.html"},"wordCount":287,"articleSection":["Today in the News"],"inLanguage":"en-US"},{"@type":"WebPage","@id":"https:\/\/www.rri.ro\/en\/news-and-current-affairs\/today-in-the-news\/amendments-to-the-education-law-id41663.html","url":"https:\/\/www.rri.ro\/en\/news-and-current-affairs\/today-in-the-news\/amendments-to-the-education-law-id41663.html","name":"Amendments to the Education Law - Radio Romania International","isPartOf":{"@id":"https:\/\/www.rri.ro\/#website"},"datePublished":"2014-04-10T09:25:00+00:00","dateModified":"2024-02-15T20:49:03+00:00","author":{"@id":"https:\/\/www.rri.ro\/#\/schema\/person\/c6036c822534c855dc3aad41a484f05d"},"breadcrumb":{"@id":"https:\/\/www.rri.ro\/en\/news-and-current-affairs\/today-in-the-news\/amendments-to-the-education-law-id41663.html#breadcrumb"},"inLanguage":"en-US","potentialAction":[{"@type":"ReadAction","target":["https:\/\/www.rri.ro\/en\/news-and-current-affairs\/today-in-the-news\/amendments-to-the-education-law-id41663.html"]}]},{"@type":"BreadcrumbList","@id":"https:\/\/www.rri.ro\/en\/news-and-current-affairs\/today-in-the-news\/amendments-to-the-education-law-id41663.html#breadcrumb","itemListElement":[{"@type":"ListItem","position":1,"name":"Homepage","item":"https:\/\/www.rri.ro\/en"},{"@type":"ListItem","position":2,"name":"News and Current Affairs","item":"https:\/\/www.rri.ro\/en\/news-and-current-affairs"},{"@type":"ListItem","position":3,"name":"Today in the News","item":"https:\/\/www.rri.ro\/en\/news-and-current-affairs\/today-in-the-news"},{"@type":"ListItem","position":4,"name":"Amendments to the Education Law"}]},{"@type":"WebSite","@id":"https:\/\/www.rri.ro\/#website","url":"https:\/\/www.rri.ro\/","name":"Radio Romania International","description":"Totul despre Rom\u00e2nia \u015fi rom\u00e2ni, \u00een 13 limbi\/dialecte!","inLanguage":"en-US"},{"@type":"Person","@id":"https:\/\/www.rri.ro\/#\/schema\/person\/c6036c822534c855dc3aad41a484f05d","name":"Mihai Pelin","url":"https:\/\/www.rri.ro\/en\/author\/mihai-pelin"}]}},"_links":{"self":[{"href":"https:\/\/www.rri.ro\/en\/wp-json\/wp\/v2\/posts\/41663","targetHints":{"allow":["GET"]}}],"collection":[{"href":"https:\/\/www.rri.ro\/en\/wp-json\/wp\/v2\/posts"}],"about":[{"href":"https:\/\/www.rri.ro\/en\/wp-json\/wp\/v2\/types\/post"}],"author":[{"embeddable":true,"href":"https:\/\/www.rri.ro\/en\/wp-json\/wp\/v2\/users\/106"}],"replies":[{"embeddable":true,"href":"https:\/\/www.rri.ro\/en\/wp-json\/wp\/v2\/comments?post=41663"}],"version-history":[{"count":0,"href":"https:\/\/www.rri.ro\/en\/wp-json\/wp\/v2\/posts\/41663\/revisions"}],"wp:attachment":[{"href":"https:\/\/www.rri.ro\/en\/wp-json\/wp\/v2\/media?parent=41663"}],"wp:term":[{"taxonomy":"category","embeddable":true,"href":"https:\/\/www.rri.ro\/en\/wp-json\/wp\/v2\/categories?post=41663"},{"taxonomy":"post_tag","embeddable":true,"href":"https:\/\/www.rri.ro\/en\/wp-json\/wp\/v2\/tags?post=41663"},{"taxonomy":"author","embeddable":true,"href":"https:\/\/www.rri.ro\/en\/wp-json\/wp\/v2\/coauthors?post=41663"}],"curies":[{"name":"wp","href":"https:\/\/api.w.org\/{rel}","templated":true}]}}