{"id":45687,"date":"2013-09-09T13:05:00","date_gmt":"2013-09-09T10:05:00","guid":{"rendered":"http:\/\/devrri.freshlemon.ro\/news-and-current-affairs\/newsflash\/the-conflict-in-syria-key-moments-2-45687.html"},"modified":"2024-02-15T22:24:41","modified_gmt":"2024-02-15T20:24:41","slug":"the-conflict-in-syria-key-moments","status":"publish","type":"post","link":"https:\/\/www.rri.ro\/en\/news-and-current-affairs\/today-in-the-news\/the-conflict-in-syria-key-moments-id45687.html","title":{"rendered":"The conflict in Syria \u2013 key moments"},"content":{"rendered":"<p>In terms of international policy, the Syrian crisis, which has been unfolding for the past two years and a half now, dominates the international agenda, taking precedence over other important topics, such as the Iranian and North Korean nuclear programmes and the Palestinian-Israeli peace process. The international community is showing increasing signs of concern, given that the string of violence in Syria has so far killed 100,000 people, according to UN estimates. Adding to that is the huge number of refugees, which stands in the millions.<\/p>\n<p>&#13;<br \/>\n&#13;<\/p>\n<p>&#13;<br \/>\n&#13;<\/p>\n<p>After being criticised for its mild reactions to the Syrian conflict, the international community has finally adopted a different angle with respect to Bashar al-Assad\u2019s regime. The use of chemical weapons has sparked the anger of Western countries, which remain however split over the means of solving the Syrian crisis. For France and the US, commonly seen as the advocates of a military intervention, diplomacy is no longer the first option, foreign policy pundits have argued.<\/p>\n<p>&#13;<br \/>\n&#13;<\/p>\n<p>&#13;<br \/>\n&#13;<\/p>\n<p>Although he has openly argued in favour of an armed intervention in Syria, US president Barack Obama nevertheless needs Congress\u2019s approval to push on. Over the last week the Obama administration has launched a self-described \u201cflood the zone\u201d media campaign to convince Congress to give the go-ahead to launch a strike. In another development, US Secretary of State John Kerry has embarked on a tour of Europe, seeking to rally the military support of US\u2019s European partners.<\/p>\n<p>&#13;<br \/>\n&#13;<\/p>\n<p>&#13;<br \/>\n&#13;<\/p>\n<p>Meanwhile, European countries such as Germany are still waiting for the final report of the UN investigation into the circumstances of the chemical attack before formulating a standpoint. On the other side of the geopolitical chessboard, Syria\u2019s most powerful ally Russia maintains its hard-line opposition to any foreign military operations in that country. While its actions have polarised the international community, the Syrian regime presses on its military offensive against opposition rebels, with the support of Hezbollah Lebanese Shiites.<\/p>\n<p>&#13;<br \/>\n&#13;<\/p>\n<p>&#13;<br \/>\n&#13;<\/p>\n<p>The latest chemical attack is further evidence of Bashar al-Assad\u2019s unflinching willingness to sacrifice anything to maintain his grip on power, international observers have said. Assad has rapidly moved from authoritarian ruler, a commonplace profile for heads of state in the Middle East, to totalitarian dictator, desperate to hold onto his prerogatives, while depriving his people of their most fundamental right &#8212; their own life. <\/p>\n<p>&#13;<\/p>\n","protected":false},"excerpt":{"rendered":"<p>hree weeks after the chemical attack in Damascus, the worlds superpowers are still debating the possibility of a military intervention in that country.<\/p>\n","protected":false},"author":112,"featured_media":45688,"comment_status":"closed","ping_status":"closed","sticky":false,"template":"","format":"standard","meta":{"_acf_changed":false,"footnotes":""},"categories":[37738],"tags":[],"coauthors":[],"class_list":["post-45687","post","type-post","status-publish","format-standard","has-post-thumbnail","hentry","category-today-in-the-news"],"acf":[],"yoast_head":"<!-- This site is optimized with the Yoast SEO plugin v27.3 - https:\/\/yoast.com\/product\/yoast-seo-wordpress\/ -->\n<title>The conflict in Syria \u2013 key moments - Radio Romania International<\/title>\n<meta name=\"robots\" content=\"index, follow, max-snippet:-1, max-image-preview:large, max-video-preview:-1\" \/>\n<link rel=\"canonical\" href=\"https:\/\/www.rri.ro\/en\/news-and-current-affairs\/today-in-the-news\/the-conflict-in-syria-key-moments-id45687.html\" \/>\n<meta property=\"og:locale\" content=\"en_US\" \/>\n<meta property=\"og:type\" content=\"article\" \/>\n<meta property=\"og:title\" content=\"The conflict in Syria \u2013 key moments - Radio Romania International\" \/>\n<meta property=\"og:description\" content=\"hree weeks after the chemical attack in Damascus, the worlds superpowers are still debating the possibility of a military intervention in that country.\" \/>\n<meta property=\"og:url\" content=\"https:\/\/www.rri.ro\/en\/news-and-current-affairs\/today-in-the-news\/the-conflict-in-syria-key-moments-id45687.html\" \/>\n<meta property=\"og:site_name\" content=\"Radio Romania International\" \/>\n<meta property=\"article:published_time\" content=\"2013-09-09T10:05:00+00:00\" \/>\n<meta property=\"article:modified_time\" content=\"2024-02-15T20:24:41+00:00\" \/>\n<meta property=\"og:image\" content=\"https:\/\/www.rri.ro\/wp-content\/uploads\/2023\/10\/siria-harta-950.png\" \/>\n\t<meta property=\"og:image:width\" content=\"950\" \/>\n\t<meta property=\"og:image:height\" content=\"713\" \/>\n\t<meta property=\"og:image:type\" content=\"image\/png\" \/>\n<meta name=\"author\" content=\"Florentin C\u0103pit\u0103nescu\" \/>\n<meta name=\"twitter:card\" content=\"summary_large_image\" \/>\n<meta name=\"twitter:label1\" content=\"Written by\" \/>\n\t<meta name=\"twitter:data1\" content=\"Florentin C\u0103pit\u0103nescu\" \/>\n\t<meta name=\"twitter:label2\" content=\"Est. reading time\" \/>\n\t<meta name=\"twitter:data2\" content=\"2 minutes\" \/>\n<script type=\"application\/ld+json\" class=\"yoast-schema-graph\">{\"@context\":\"https:\\\/\\\/schema.org\",\"@graph\":[{\"@type\":\"Article\",\"@id\":\"https:\\\/\\\/www.rri.ro\\\/en\\\/news-and-current-affairs\\\/today-in-the-news\\\/the-conflict-in-syria-key-moments-id45687.html#article\",\"isPartOf\":{\"@id\":\"https:\\\/\\\/www.rri.ro\\\/en\\\/news-and-current-affairs\\\/today-in-the-news\\\/the-conflict-in-syria-key-moments-id45687.html\"},\"author\":{\"name\":\"Florentin C\u0103pit\u0103nescu\",\"@id\":\"https:\\\/\\\/www.rri.ro\\\/#\\\/schema\\\/person\\\/430739eeb293f73734db2c6703951289\"},\"headline\":\"The conflict in Syria \u2013 key moments\",\"datePublished\":\"2013-09-09T10:05:00+00:00\",\"dateModified\":\"2024-02-15T20:24:41+00:00\",\"mainEntityOfPage\":{\"@id\":\"https:\\\/\\\/www.rri.ro\\\/en\\\/news-and-current-affairs\\\/today-in-the-news\\\/the-conflict-in-syria-key-moments-id45687.html\"},\"wordCount\":393,\"image\":{\"@id\":\"https:\\\/\\\/www.rri.ro\\\/en\\\/news-and-current-affairs\\\/today-in-the-news\\\/the-conflict-in-syria-key-moments-id45687.html#primaryimage\"},\"thumbnailUrl\":\"https:\\\/\\\/www.rri.ro\\\/wp-content\\\/uploads\\\/2023\\\/10\\\/siria-harta-950.png\",\"articleSection\":[\"Today in the News\"],\"inLanguage\":\"en-US\"},{\"@type\":\"WebPage\",\"@id\":\"https:\\\/\\\/www.rri.ro\\\/en\\\/news-and-current-affairs\\\/today-in-the-news\\\/the-conflict-in-syria-key-moments-id45687.html\",\"url\":\"https:\\\/\\\/www.rri.ro\\\/en\\\/news-and-current-affairs\\\/today-in-the-news\\\/the-conflict-in-syria-key-moments-id45687.html\",\"name\":\"The conflict in Syria \u2013 key moments - Radio Romania International\",\"isPartOf\":{\"@id\":\"https:\\\/\\\/www.rri.ro\\\/#website\"},\"primaryImageOfPage\":{\"@id\":\"https:\\\/\\\/www.rri.ro\\\/en\\\/news-and-current-affairs\\\/today-in-the-news\\\/the-conflict-in-syria-key-moments-id45687.html#primaryimage\"},\"image\":{\"@id\":\"https:\\\/\\\/www.rri.ro\\\/en\\\/news-and-current-affairs\\\/today-in-the-news\\\/the-conflict-in-syria-key-moments-id45687.html#primaryimage\"},\"thumbnailUrl\":\"https:\\\/\\\/www.rri.ro\\\/wp-content\\\/uploads\\\/2023\\\/10\\\/siria-harta-950.png\",\"datePublished\":\"2013-09-09T10:05:00+00:00\",\"dateModified\":\"2024-02-15T20:24:41+00:00\",\"author\":{\"@id\":\"https:\\\/\\\/www.rri.ro\\\/#\\\/schema\\\/person\\\/430739eeb293f73734db2c6703951289\"},\"breadcrumb\":{\"@id\":\"https:\\\/\\\/www.rri.ro\\\/en\\\/news-and-current-affairs\\\/today-in-the-news\\\/the-conflict-in-syria-key-moments-id45687.html#breadcrumb\"},\"inLanguage\":\"en-US\",\"potentialAction\":[{\"@type\":\"ReadAction\",\"target\":[\"https:\\\/\\\/www.rri.ro\\\/en\\\/news-and-current-affairs\\\/today-in-the-news\\\/the-conflict-in-syria-key-moments-id45687.html\"]}]},{\"@type\":\"ImageObject\",\"inLanguage\":\"en-US\",\"@id\":\"https:\\\/\\\/www.rri.ro\\\/en\\\/news-and-current-affairs\\\/today-in-the-news\\\/the-conflict-in-syria-key-moments-id45687.html#primaryimage\",\"url\":\"https:\\\/\\\/www.rri.ro\\\/wp-content\\\/uploads\\\/2023\\\/10\\\/siria-harta-950.png\",\"contentUrl\":\"https:\\\/\\\/www.rri.ro\\\/wp-content\\\/uploads\\\/2023\\\/10\\\/siria-harta-950.png\",\"width\":950,\"height\":713},{\"@type\":\"BreadcrumbList\",\"@id\":\"https:\\\/\\\/www.rri.ro\\\/en\\\/news-and-current-affairs\\\/today-in-the-news\\\/the-conflict-in-syria-key-moments-id45687.html#breadcrumb\",\"itemListElement\":[{\"@type\":\"ListItem\",\"position\":1,\"name\":\"Homepage\",\"item\":\"https:\\\/\\\/www.rri.ro\\\/en\"},{\"@type\":\"ListItem\",\"position\":2,\"name\":\"News and Current Affairs\",\"item\":\"https:\\\/\\\/www.rri.ro\\\/en\\\/news-and-current-affairs\"},{\"@type\":\"ListItem\",\"position\":3,\"name\":\"Today in the News\",\"item\":\"https:\\\/\\\/www.rri.ro\\\/en\\\/news-and-current-affairs\\\/today-in-the-news\"},{\"@type\":\"ListItem\",\"position\":4,\"name\":\"The conflict in Syria \u2013 key moments\"}]},{\"@type\":\"WebSite\",\"@id\":\"https:\\\/\\\/www.rri.ro\\\/#website\",\"url\":\"https:\\\/\\\/www.rri.ro\\\/\",\"name\":\"Radio Romania International\",\"description\":\"Totul despre Rom\u00e2nia \u015fi rom\u00e2ni, \u00een 13 limbi\\\/dialecte!\",\"inLanguage\":\"en-US\"},{\"@type\":\"Person\",\"@id\":\"https:\\\/\\\/www.rri.ro\\\/#\\\/schema\\\/person\\\/430739eeb293f73734db2c6703951289\",\"name\":\"Florentin C\u0103pit\u0103nescu\",\"url\":\"https:\\\/\\\/www.rri.ro\\\/en\\\/author\\\/florentin-capitanescu\"}]}<\/script>\n<!-- \/ Yoast SEO plugin. -->","yoast_head_json":{"title":"The conflict in Syria \u2013 key moments - Radio Romania International","robots":{"index":"index","follow":"follow","max-snippet":"max-snippet:-1","max-image-preview":"max-image-preview:large","max-video-preview":"max-video-preview:-1"},"canonical":"https:\/\/www.rri.ro\/en\/news-and-current-affairs\/today-in-the-news\/the-conflict-in-syria-key-moments-id45687.html","og_locale":"en_US","og_type":"article","og_title":"The conflict in Syria \u2013 key moments - Radio Romania International","og_description":"hree weeks after the chemical attack in Damascus, the worlds superpowers are still debating the possibility of a military intervention in that country.","og_url":"https:\/\/www.rri.ro\/en\/news-and-current-affairs\/today-in-the-news\/the-conflict-in-syria-key-moments-id45687.html","og_site_name":"Radio Romania International","article_published_time":"2013-09-09T10:05:00+00:00","article_modified_time":"2024-02-15T20:24:41+00:00","og_image":[{"width":950,"height":713,"url":"https:\/\/www.rri.ro\/wp-content\/uploads\/2023\/10\/siria-harta-950.png","type":"image\/png"}],"author":"Florentin C\u0103pit\u0103nescu","twitter_card":"summary_large_image","twitter_misc":{"Written by":"Florentin C\u0103pit\u0103nescu","Est. reading time":"2 minutes"},"schema":{"@context":"https:\/\/schema.org","@graph":[{"@type":"Article","@id":"https:\/\/www.rri.ro\/en\/news-and-current-affairs\/today-in-the-news\/the-conflict-in-syria-key-moments-id45687.html#article","isPartOf":{"@id":"https:\/\/www.rri.ro\/en\/news-and-current-affairs\/today-in-the-news\/the-conflict-in-syria-key-moments-id45687.html"},"author":{"name":"Florentin C\u0103pit\u0103nescu","@id":"https:\/\/www.rri.ro\/#\/schema\/person\/430739eeb293f73734db2c6703951289"},"headline":"The conflict in Syria \u2013 key moments","datePublished":"2013-09-09T10:05:00+00:00","dateModified":"2024-02-15T20:24:41+00:00","mainEntityOfPage":{"@id":"https:\/\/www.rri.ro\/en\/news-and-current-affairs\/today-in-the-news\/the-conflict-in-syria-key-moments-id45687.html"},"wordCount":393,"image":{"@id":"https:\/\/www.rri.ro\/en\/news-and-current-affairs\/today-in-the-news\/the-conflict-in-syria-key-moments-id45687.html#primaryimage"},"thumbnailUrl":"https:\/\/www.rri.ro\/wp-content\/uploads\/2023\/10\/siria-harta-950.png","articleSection":["Today in the News"],"inLanguage":"en-US"},{"@type":"WebPage","@id":"https:\/\/www.rri.ro\/en\/news-and-current-affairs\/today-in-the-news\/the-conflict-in-syria-key-moments-id45687.html","url":"https:\/\/www.rri.ro\/en\/news-and-current-affairs\/today-in-the-news\/the-conflict-in-syria-key-moments-id45687.html","name":"The conflict in Syria \u2013 key moments - Radio Romania International","isPartOf":{"@id":"https:\/\/www.rri.ro\/#website"},"primaryImageOfPage":{"@id":"https:\/\/www.rri.ro\/en\/news-and-current-affairs\/today-in-the-news\/the-conflict-in-syria-key-moments-id45687.html#primaryimage"},"image":{"@id":"https:\/\/www.rri.ro\/en\/news-and-current-affairs\/today-in-the-news\/the-conflict-in-syria-key-moments-id45687.html#primaryimage"},"thumbnailUrl":"https:\/\/www.rri.ro\/wp-content\/uploads\/2023\/10\/siria-harta-950.png","datePublished":"2013-09-09T10:05:00+00:00","dateModified":"2024-02-15T20:24:41+00:00","author":{"@id":"https:\/\/www.rri.ro\/#\/schema\/person\/430739eeb293f73734db2c6703951289"},"breadcrumb":{"@id":"https:\/\/www.rri.ro\/en\/news-and-current-affairs\/today-in-the-news\/the-conflict-in-syria-key-moments-id45687.html#breadcrumb"},"inLanguage":"en-US","potentialAction":[{"@type":"ReadAction","target":["https:\/\/www.rri.ro\/en\/news-and-current-affairs\/today-in-the-news\/the-conflict-in-syria-key-moments-id45687.html"]}]},{"@type":"ImageObject","inLanguage":"en-US","@id":"https:\/\/www.rri.ro\/en\/news-and-current-affairs\/today-in-the-news\/the-conflict-in-syria-key-moments-id45687.html#primaryimage","url":"https:\/\/www.rri.ro\/wp-content\/uploads\/2023\/10\/siria-harta-950.png","contentUrl":"https:\/\/www.rri.ro\/wp-content\/uploads\/2023\/10\/siria-harta-950.png","width":950,"height":713},{"@type":"BreadcrumbList","@id":"https:\/\/www.rri.ro\/en\/news-and-current-affairs\/today-in-the-news\/the-conflict-in-syria-key-moments-id45687.html#breadcrumb","itemListElement":[{"@type":"ListItem","position":1,"name":"Homepage","item":"https:\/\/www.rri.ro\/en"},{"@type":"ListItem","position":2,"name":"News and Current Affairs","item":"https:\/\/www.rri.ro\/en\/news-and-current-affairs"},{"@type":"ListItem","position":3,"name":"Today in the News","item":"https:\/\/www.rri.ro\/en\/news-and-current-affairs\/today-in-the-news"},{"@type":"ListItem","position":4,"name":"The conflict in Syria \u2013 key moments"}]},{"@type":"WebSite","@id":"https:\/\/www.rri.ro\/#website","url":"https:\/\/www.rri.ro\/","name":"Radio Romania International","description":"Totul despre Rom\u00e2nia \u015fi rom\u00e2ni, \u00een 13 limbi\/dialecte!","inLanguage":"en-US"},{"@type":"Person","@id":"https:\/\/www.rri.ro\/#\/schema\/person\/430739eeb293f73734db2c6703951289","name":"Florentin C\u0103pit\u0103nescu","url":"https:\/\/www.rri.ro\/en\/author\/florentin-capitanescu"}]}},"_links":{"self":[{"href":"https:\/\/www.rri.ro\/en\/wp-json\/wp\/v2\/posts\/45687","targetHints":{"allow":["GET"]}}],"collection":[{"href":"https:\/\/www.rri.ro\/en\/wp-json\/wp\/v2\/posts"}],"about":[{"href":"https:\/\/www.rri.ro\/en\/wp-json\/wp\/v2\/types\/post"}],"author":[{"embeddable":true,"href":"https:\/\/www.rri.ro\/en\/wp-json\/wp\/v2\/users\/112"}],"replies":[{"embeddable":true,"href":"https:\/\/www.rri.ro\/en\/wp-json\/wp\/v2\/comments?post=45687"}],"version-history":[{"count":0,"href":"https:\/\/www.rri.ro\/en\/wp-json\/wp\/v2\/posts\/45687\/revisions"}],"wp:featuredmedia":[{"embeddable":true,"href":"https:\/\/www.rri.ro\/en\/wp-json\/wp\/v2\/media\/45688"}],"wp:attachment":[{"href":"https:\/\/www.rri.ro\/en\/wp-json\/wp\/v2\/media?parent=45687"}],"wp:term":[{"taxonomy":"category","embeddable":true,"href":"https:\/\/www.rri.ro\/en\/wp-json\/wp\/v2\/categories?post=45687"},{"taxonomy":"post_tag","embeddable":true,"href":"https:\/\/www.rri.ro\/en\/wp-json\/wp\/v2\/tags?post=45687"},{"taxonomy":"author","embeddable":true,"href":"https:\/\/www.rri.ro\/en\/wp-json\/wp\/v2\/coauthors?post=45687"}],"curies":[{"name":"wp","href":"https:\/\/api.w.org\/{rel}","templated":true}]}}