{"id":55023,"date":"2014-06-13T12:29:00","date_gmt":"2014-06-13T09:29:00","guid":{"rendered":"http:\/\/devrri.freshlemon.ro\/news-and-current-affairs\/newsflash\/european-talks-in-chisinau-55023.html"},"modified":"2024-02-15T22:57:28","modified_gmt":"2024-02-15T20:57:28","slug":"european-talks-in-chisinau","status":"publish","type":"post","link":"https:\/\/www.rri.ro\/en\/news-and-current-affairs\/today-in-the-news\/european-talks-in-chisinau-id55023.html","title":{"rendered":"European Talks in Chisinau"},"content":{"rendered":"<p>The European Commission President Jose Manuel Barroso, who paid a visit to Chisinau, just two weeks ahead the signing of the Republic of Moldova\u2019s Association Agreement with the EU, on Thursday signed two documents that guarantee European financial support for reform implementation in that country. Thus Brussels will provide the Republic of Moldova with 21 million Euros for the implementation of the free movement agreement, 14 million for rural development and several other millions for the development of the energy sector.<\/p>\n<p>&#13;<br \/>\n&#13;<\/p>\n<p>&#13;<br \/>\n&#13;<\/p>\n<p>The EC head made an appeal for national cohesion for reform implementation and talked about Moldova\u2019s European integration efforts as a priority that should be embraced by the entire Moldovan people. \u201cOur relationship with Moldova is not just political or diplomatic, not just for politicians or diplomats, but for the people. We want the Moldovan citizens to be closer to the European Union\u201d Barroso said.<\/p>\n<p>&#13;<br \/>\n&#13;<\/p>\n<p>&#13;<br \/>\n&#13;<\/p>\n<p>He went on saying that the Association Agreement with the  EU is  perfectly compatible with Moldova\u2019s free trade agreement with the Commonwealth of Independent States and called on Russia not to oppose Moldova\u2019s European integration efforts. \u201cI call upon Russia to take advantage of the new opportunities and not to take punitive measures further to the upcoming signature and implementation of the Agreement with Moldova. There is no economic reason nor legal justification for such behaviour\u201d the European Commission President said.<\/p>\n<p>&#13;<br \/>\n&#13;<\/p>\n<p>&#13;<br \/>\n&#13;<\/p>\n<p>The latest opinion polls show that 46% of the Moldovan citizens want their country to join the EU, and only 18% favour Moldova\u2019s joining NATO. The Republic of Moldova is not part of the military component of the Commonwealth of Independent States, but the neutrality stipulated in the Constitution could be revised. On Thursday, the Moldovan Defense Minister Valeriu Troenco stated that, given the violent clashes in neighboring Ukraine, Moldova should be prepared to react, if need may be. Valeriu Torenco:<\/p>\n<p>&#13;<br \/>\n&#13;<\/p>\n<p>\u201cIt is possible that we wake up tomorrow morning and see that part of the territory had been annexed. NATO has obviously become, for us all, a warrant of stability and a protector of the smaller countries\u2019 interests. There is no other force that could better cope with Russia.\u201d<\/p>\n<p>&#13;<br \/>\n&#13;<\/p>\n<p>&#13;<br \/>\n&#13;<\/p>\n<p>Manuel Barroso\u2019s support visit to Chisinau was part of a longer tour taken by the European official, who is now approaching the end of his second term as head of the European Commission. The tour also includes Georgia and Azerbaijan, which are also members of the EU\u2019s Eastern Partnership.<\/p>\n<p>&#13;<br \/>\n&#13;<\/p>\n<p>&#13;<\/p>\n","protected":false},"excerpt":{"rendered":"<p>Approaching the end of h is term as head of the European Commission, Jose Manuel Barroso has paid a visit to Chisinau, to support Moldova&#8217;s European aspirations<\/p>\n","protected":false},"author":111,"featured_media":55024,"comment_status":"closed","ping_status":"closed","sticky":false,"template":"","format":"standard","meta":{"_acf_changed":false,"footnotes":""},"categories":[37738],"tags":[37783,29053,29852,29130,37784,28913],"coauthors":[],"class_list":["post-55023","post","type-post","status-publish","format-standard","has-post-thumbnail","hentry","category-today-in-the-news","tag-ec-president","tag-european-commission","tag-jose-manuel-barroso","tag-moldova","tag-prime-minister-iurie-leanca","tag-radio-romania"],"acf":[],"yoast_head":"<!-- This site is optimized with the Yoast SEO plugin v27.3 - https:\/\/yoast.com\/product\/yoast-seo-wordpress\/ -->\n<title>European Talks in Chisinau - Radio Romania International<\/title>\n<meta name=\"robots\" content=\"index, follow, max-snippet:-1, max-image-preview:large, max-video-preview:-1\" \/>\n<link rel=\"canonical\" href=\"https:\/\/www.rri.ro\/en\/news-and-current-affairs\/today-in-the-news\/european-talks-in-chisinau-id55023.html\" \/>\n<meta property=\"og:locale\" content=\"en_US\" \/>\n<meta property=\"og:type\" content=\"article\" \/>\n<meta property=\"og:title\" content=\"European Talks in Chisinau - Radio Romania International\" \/>\n<meta property=\"og:description\" content=\"Approaching the end of h is term as head of the European Commission, Jose Manuel Barroso has paid a visit to Chisinau, to support Moldova&#039;s European aspirations\" \/>\n<meta property=\"og:url\" content=\"https:\/\/www.rri.ro\/en\/news-and-current-affairs\/today-in-the-news\/european-talks-in-chisinau-id55023.html\" \/>\n<meta property=\"og:site_name\" content=\"Radio Romania International\" \/>\n<meta property=\"article:published_time\" content=\"2014-06-13T09:29:00+00:00\" \/>\n<meta property=\"article:modified_time\" content=\"2024-02-15T20:57:28+00:00\" \/>\n<meta property=\"og:image\" content=\"https:\/\/www.rri.ro\/wp-content\/uploads\/2023\/10\/Barroso-Leanca-la-chisinau-640.png\" \/>\n\t<meta property=\"og:image:width\" content=\"640\" \/>\n\t<meta property=\"og:image:height\" content=\"427\" \/>\n\t<meta property=\"og:image:type\" content=\"image\/png\" \/>\n<meta name=\"author\" content=\"Valentin \u021aig\u0103u\" \/>\n<meta name=\"twitter:card\" content=\"summary_large_image\" \/>\n<meta name=\"twitter:label1\" content=\"Written by\" \/>\n\t<meta name=\"twitter:data1\" content=\"Valentin \u021aig\u0103u\" \/>\n\t<meta name=\"twitter:label2\" content=\"Est. reading time\" \/>\n\t<meta name=\"twitter:data2\" content=\"2 minutes\" \/>\n<script type=\"application\/ld+json\" class=\"yoast-schema-graph\">{\"@context\":\"https:\\\/\\\/schema.org\",\"@graph\":[{\"@type\":\"Article\",\"@id\":\"https:\\\/\\\/www.rri.ro\\\/en\\\/news-and-current-affairs\\\/today-in-the-news\\\/european-talks-in-chisinau-id55023.html#article\",\"isPartOf\":{\"@id\":\"https:\\\/\\\/www.rri.ro\\\/en\\\/news-and-current-affairs\\\/today-in-the-news\\\/european-talks-in-chisinau-id55023.html\"},\"author\":{\"name\":\"Valentin \u021aig\u0103u\",\"@id\":\"https:\\\/\\\/www.rri.ro\\\/#\\\/schema\\\/person\\\/dd2e33092651deba594240e14c678732\"},\"headline\":\"European Talks in Chisinau\",\"datePublished\":\"2014-06-13T09:29:00+00:00\",\"dateModified\":\"2024-02-15T20:57:28+00:00\",\"mainEntityOfPage\":{\"@id\":\"https:\\\/\\\/www.rri.ro\\\/en\\\/news-and-current-affairs\\\/today-in-the-news\\\/european-talks-in-chisinau-id55023.html\"},\"wordCount\":413,\"image\":{\"@id\":\"https:\\\/\\\/www.rri.ro\\\/en\\\/news-and-current-affairs\\\/today-in-the-news\\\/european-talks-in-chisinau-id55023.html#primaryimage\"},\"thumbnailUrl\":\"https:\\\/\\\/www.rri.ro\\\/wp-content\\\/uploads\\\/2023\\\/10\\\/Barroso-Leanca-la-chisinau-640.png\",\"keywords\":[\"EC President\",\"European Commission\",\"Jose Manuel Barroso\",\"Moldova\",\"Prime Minister Iurie Leanca\",\"Radio Romania\"],\"articleSection\":[\"Today in the News\"],\"inLanguage\":\"en-US\"},{\"@type\":\"WebPage\",\"@id\":\"https:\\\/\\\/www.rri.ro\\\/en\\\/news-and-current-affairs\\\/today-in-the-news\\\/european-talks-in-chisinau-id55023.html\",\"url\":\"https:\\\/\\\/www.rri.ro\\\/en\\\/news-and-current-affairs\\\/today-in-the-news\\\/european-talks-in-chisinau-id55023.html\",\"name\":\"European Talks in Chisinau - Radio Romania International\",\"isPartOf\":{\"@id\":\"https:\\\/\\\/www.rri.ro\\\/#website\"},\"primaryImageOfPage\":{\"@id\":\"https:\\\/\\\/www.rri.ro\\\/en\\\/news-and-current-affairs\\\/today-in-the-news\\\/european-talks-in-chisinau-id55023.html#primaryimage\"},\"image\":{\"@id\":\"https:\\\/\\\/www.rri.ro\\\/en\\\/news-and-current-affairs\\\/today-in-the-news\\\/european-talks-in-chisinau-id55023.html#primaryimage\"},\"thumbnailUrl\":\"https:\\\/\\\/www.rri.ro\\\/wp-content\\\/uploads\\\/2023\\\/10\\\/Barroso-Leanca-la-chisinau-640.png\",\"datePublished\":\"2014-06-13T09:29:00+00:00\",\"dateModified\":\"2024-02-15T20:57:28+00:00\",\"author\":{\"@id\":\"https:\\\/\\\/www.rri.ro\\\/#\\\/schema\\\/person\\\/dd2e33092651deba594240e14c678732\"},\"breadcrumb\":{\"@id\":\"https:\\\/\\\/www.rri.ro\\\/en\\\/news-and-current-affairs\\\/today-in-the-news\\\/european-talks-in-chisinau-id55023.html#breadcrumb\"},\"inLanguage\":\"en-US\",\"potentialAction\":[{\"@type\":\"ReadAction\",\"target\":[\"https:\\\/\\\/www.rri.ro\\\/en\\\/news-and-current-affairs\\\/today-in-the-news\\\/european-talks-in-chisinau-id55023.html\"]}]},{\"@type\":\"ImageObject\",\"inLanguage\":\"en-US\",\"@id\":\"https:\\\/\\\/www.rri.ro\\\/en\\\/news-and-current-affairs\\\/today-in-the-news\\\/european-talks-in-chisinau-id55023.html#primaryimage\",\"url\":\"https:\\\/\\\/www.rri.ro\\\/wp-content\\\/uploads\\\/2023\\\/10\\\/Barroso-Leanca-la-chisinau-640.png\",\"contentUrl\":\"https:\\\/\\\/www.rri.ro\\\/wp-content\\\/uploads\\\/2023\\\/10\\\/Barroso-Leanca-la-chisinau-640.png\",\"width\":640,\"height\":427},{\"@type\":\"BreadcrumbList\",\"@id\":\"https:\\\/\\\/www.rri.ro\\\/en\\\/news-and-current-affairs\\\/today-in-the-news\\\/european-talks-in-chisinau-id55023.html#breadcrumb\",\"itemListElement\":[{\"@type\":\"ListItem\",\"position\":1,\"name\":\"Homepage\",\"item\":\"https:\\\/\\\/www.rri.ro\\\/en\"},{\"@type\":\"ListItem\",\"position\":2,\"name\":\"News and Current Affairs\",\"item\":\"https:\\\/\\\/www.rri.ro\\\/en\\\/news-and-current-affairs\"},{\"@type\":\"ListItem\",\"position\":3,\"name\":\"Today in the News\",\"item\":\"https:\\\/\\\/www.rri.ro\\\/en\\\/news-and-current-affairs\\\/today-in-the-news\"},{\"@type\":\"ListItem\",\"position\":4,\"name\":\"European Talks in Chisinau\"}]},{\"@type\":\"WebSite\",\"@id\":\"https:\\\/\\\/www.rri.ro\\\/#website\",\"url\":\"https:\\\/\\\/www.rri.ro\\\/\",\"name\":\"Radio Romania International\",\"description\":\"Totul despre Rom\u00e2nia \u015fi rom\u00e2ni, \u00een 13 limbi\\\/dialecte!\",\"inLanguage\":\"en-US\"},{\"@type\":\"Person\",\"@id\":\"https:\\\/\\\/www.rri.ro\\\/#\\\/schema\\\/person\\\/dd2e33092651deba594240e14c678732\",\"name\":\"Valentin \u021aig\u0103u\",\"url\":\"https:\\\/\\\/www.rri.ro\\\/en\\\/author\\\/valentin-tigau\"}]}<\/script>\n<!-- \/ Yoast SEO plugin. -->","yoast_head_json":{"title":"European Talks in Chisinau - Radio Romania International","robots":{"index":"index","follow":"follow","max-snippet":"max-snippet:-1","max-image-preview":"max-image-preview:large","max-video-preview":"max-video-preview:-1"},"canonical":"https:\/\/www.rri.ro\/en\/news-and-current-affairs\/today-in-the-news\/european-talks-in-chisinau-id55023.html","og_locale":"en_US","og_type":"article","og_title":"European Talks in Chisinau - Radio Romania International","og_description":"Approaching the end of h is term as head of the European Commission, Jose Manuel Barroso has paid a visit to Chisinau, to support Moldova's European aspirations","og_url":"https:\/\/www.rri.ro\/en\/news-and-current-affairs\/today-in-the-news\/european-talks-in-chisinau-id55023.html","og_site_name":"Radio Romania International","article_published_time":"2014-06-13T09:29:00+00:00","article_modified_time":"2024-02-15T20:57:28+00:00","og_image":[{"width":640,"height":427,"url":"https:\/\/www.rri.ro\/wp-content\/uploads\/2023\/10\/Barroso-Leanca-la-chisinau-640.png","type":"image\/png"}],"author":"Valentin \u021aig\u0103u","twitter_card":"summary_large_image","twitter_misc":{"Written by":"Valentin \u021aig\u0103u","Est. reading time":"2 minutes"},"schema":{"@context":"https:\/\/schema.org","@graph":[{"@type":"Article","@id":"https:\/\/www.rri.ro\/en\/news-and-current-affairs\/today-in-the-news\/european-talks-in-chisinau-id55023.html#article","isPartOf":{"@id":"https:\/\/www.rri.ro\/en\/news-and-current-affairs\/today-in-the-news\/european-talks-in-chisinau-id55023.html"},"author":{"name":"Valentin \u021aig\u0103u","@id":"https:\/\/www.rri.ro\/#\/schema\/person\/dd2e33092651deba594240e14c678732"},"headline":"European Talks in Chisinau","datePublished":"2014-06-13T09:29:00+00:00","dateModified":"2024-02-15T20:57:28+00:00","mainEntityOfPage":{"@id":"https:\/\/www.rri.ro\/en\/news-and-current-affairs\/today-in-the-news\/european-talks-in-chisinau-id55023.html"},"wordCount":413,"image":{"@id":"https:\/\/www.rri.ro\/en\/news-and-current-affairs\/today-in-the-news\/european-talks-in-chisinau-id55023.html#primaryimage"},"thumbnailUrl":"https:\/\/www.rri.ro\/wp-content\/uploads\/2023\/10\/Barroso-Leanca-la-chisinau-640.png","keywords":["EC President","European Commission","Jose Manuel Barroso","Moldova","Prime Minister Iurie Leanca","Radio Romania"],"articleSection":["Today in the News"],"inLanguage":"en-US"},{"@type":"WebPage","@id":"https:\/\/www.rri.ro\/en\/news-and-current-affairs\/today-in-the-news\/european-talks-in-chisinau-id55023.html","url":"https:\/\/www.rri.ro\/en\/news-and-current-affairs\/today-in-the-news\/european-talks-in-chisinau-id55023.html","name":"European Talks in Chisinau - Radio Romania International","isPartOf":{"@id":"https:\/\/www.rri.ro\/#website"},"primaryImageOfPage":{"@id":"https:\/\/www.rri.ro\/en\/news-and-current-affairs\/today-in-the-news\/european-talks-in-chisinau-id55023.html#primaryimage"},"image":{"@id":"https:\/\/www.rri.ro\/en\/news-and-current-affairs\/today-in-the-news\/european-talks-in-chisinau-id55023.html#primaryimage"},"thumbnailUrl":"https:\/\/www.rri.ro\/wp-content\/uploads\/2023\/10\/Barroso-Leanca-la-chisinau-640.png","datePublished":"2014-06-13T09:29:00+00:00","dateModified":"2024-02-15T20:57:28+00:00","author":{"@id":"https:\/\/www.rri.ro\/#\/schema\/person\/dd2e33092651deba594240e14c678732"},"breadcrumb":{"@id":"https:\/\/www.rri.ro\/en\/news-and-current-affairs\/today-in-the-news\/european-talks-in-chisinau-id55023.html#breadcrumb"},"inLanguage":"en-US","potentialAction":[{"@type":"ReadAction","target":["https:\/\/www.rri.ro\/en\/news-and-current-affairs\/today-in-the-news\/european-talks-in-chisinau-id55023.html"]}]},{"@type":"ImageObject","inLanguage":"en-US","@id":"https:\/\/www.rri.ro\/en\/news-and-current-affairs\/today-in-the-news\/european-talks-in-chisinau-id55023.html#primaryimage","url":"https:\/\/www.rri.ro\/wp-content\/uploads\/2023\/10\/Barroso-Leanca-la-chisinau-640.png","contentUrl":"https:\/\/www.rri.ro\/wp-content\/uploads\/2023\/10\/Barroso-Leanca-la-chisinau-640.png","width":640,"height":427},{"@type":"BreadcrumbList","@id":"https:\/\/www.rri.ro\/en\/news-and-current-affairs\/today-in-the-news\/european-talks-in-chisinau-id55023.html#breadcrumb","itemListElement":[{"@type":"ListItem","position":1,"name":"Homepage","item":"https:\/\/www.rri.ro\/en"},{"@type":"ListItem","position":2,"name":"News and Current Affairs","item":"https:\/\/www.rri.ro\/en\/news-and-current-affairs"},{"@type":"ListItem","position":3,"name":"Today in the News","item":"https:\/\/www.rri.ro\/en\/news-and-current-affairs\/today-in-the-news"},{"@type":"ListItem","position":4,"name":"European Talks in Chisinau"}]},{"@type":"WebSite","@id":"https:\/\/www.rri.ro\/#website","url":"https:\/\/www.rri.ro\/","name":"Radio Romania International","description":"Totul despre Rom\u00e2nia \u015fi rom\u00e2ni, \u00een 13 limbi\/dialecte!","inLanguage":"en-US"},{"@type":"Person","@id":"https:\/\/www.rri.ro\/#\/schema\/person\/dd2e33092651deba594240e14c678732","name":"Valentin \u021aig\u0103u","url":"https:\/\/www.rri.ro\/en\/author\/valentin-tigau"}]}},"_links":{"self":[{"href":"https:\/\/www.rri.ro\/en\/wp-json\/wp\/v2\/posts\/55023","targetHints":{"allow":["GET"]}}],"collection":[{"href":"https:\/\/www.rri.ro\/en\/wp-json\/wp\/v2\/posts"}],"about":[{"href":"https:\/\/www.rri.ro\/en\/wp-json\/wp\/v2\/types\/post"}],"author":[{"embeddable":true,"href":"https:\/\/www.rri.ro\/en\/wp-json\/wp\/v2\/users\/111"}],"replies":[{"embeddable":true,"href":"https:\/\/www.rri.ro\/en\/wp-json\/wp\/v2\/comments?post=55023"}],"version-history":[{"count":0,"href":"https:\/\/www.rri.ro\/en\/wp-json\/wp\/v2\/posts\/55023\/revisions"}],"wp:featuredmedia":[{"embeddable":true,"href":"https:\/\/www.rri.ro\/en\/wp-json\/wp\/v2\/media\/55024"}],"wp:attachment":[{"href":"https:\/\/www.rri.ro\/en\/wp-json\/wp\/v2\/media?parent=55023"}],"wp:term":[{"taxonomy":"category","embeddable":true,"href":"https:\/\/www.rri.ro\/en\/wp-json\/wp\/v2\/categories?post=55023"},{"taxonomy":"post_tag","embeddable":true,"href":"https:\/\/www.rri.ro\/en\/wp-json\/wp\/v2\/tags?post=55023"},{"taxonomy":"author","embeddable":true,"href":"https:\/\/www.rri.ro\/en\/wp-json\/wp\/v2\/coauthors?post=55023"}],"curies":[{"name":"wp","href":"https:\/\/api.w.org\/{rel}","templated":true}]}}