{"id":55437,"date":"2014-06-30T13:46:00","date_gmt":"2014-06-30T10:46:00","guid":{"rendered":"http:\/\/devrri.freshlemon.ro\/news-and-current-affairs\/newsflash\/romanian-troops-in-missions-in-afghanistan-55437.html"},"modified":"2024-02-15T23:01:20","modified_gmt":"2024-02-15T21:01:20","slug":"romanian-troops-in-missions-in-afghanistan","status":"publish","type":"post","link":"https:\/\/www.rri.ro\/en\/news-and-current-affairs\/today-in-the-news\/romanian-troops-in-missions-in-afghanistan-id55437.html","title":{"rendered":"Romanian troops in missions in Afghanistan"},"content":{"rendered":"<p>After more than 12 years of military presence in Afghanistan, Romania starts to pull out its troops from that country. Prime Minister Victor Ponta, Defence Minister Mircea Dusa and Home Affairs Minister Gabriel Oprea took part, in Kandahar, in a ceremony marking the start of this process. Prime Minister Ponta thanked the Romanian soldiers for their courage. <\/p>\n<p>&#13;<br \/>\n&#13;<\/p>\n<p>&#13;<br \/>\n&#13;<\/p>\n<p>Victor Ponta: \u201c<em style=line-height: 1.6em;>It is your sacrifice and courage that have made Romania a safer country and a partner respected by all its NATO members and allies. The 23 soldiers who lost their lives in mission will forever be Romania\u2019s heroes. As for the wounded, they will always need your solidarity and support. I want to tell all of you here, who will soon travel back home, that the duty of Romania and of the Romanian Government is to make sure your living standards improve. We are proud of you, we thank you and we\u2019re waiting for you to come home.\u201d<\/em><\/p>\n<p>&#13;<br \/>\n&#13;<\/p>\n<p>&#13;<br \/>\n&#13;<\/p>\n<p>An incident occurred during the ceremony, as the NATO military base in Kandahar came under a missile attack. The Romanian officials were whisked to bunkers in armoured vehicles. No one was injured and after tens of minutes the prime minister and the two ministers resumed their visit.<\/p>\n<p>&#13;<br \/>\n&#13;<\/p>\n<p>&#13;<br \/>\n&#13;<\/p>\n<p>2002 is the year when the first 600 Romanian soldiers were deployed in Afghanistan. Four years later, they were assigned the mission of maintaining security and stability in the southern province of Zabul, considered to be a stronghold of Islamist insurgents and consequently one of the most dangerous areas in Afghanistan.  In 2011 another 1,800 soldiers were deployed in Afghanistan. Romania participated in operations in Afghanistan with 25,000 soldiers, who successfully carried out over 1,900 military and humanitarian missions. During 12 years of operations in this country, 23 Romanian military were killed in the line of duty and over 100 others were wounded.  At present, some 2,000 Romanian military are still stationed in Afghanistan. Of them, only 200 will remain here to train the Afghan troops.<\/p>\n<p>&#13;<br \/>\n&#13;<\/p>\n<p>&#13;<br \/>\n&#13;<\/p>\n<p>The NATO troops are withdrawing from Afghanistan this year, a move that has increased concerns that violence could escalate in this poor country in which the Taliban continue to be a threat in spite of 12 years of international military presence.<\/p>\n<p>&#13;<br \/>\n&#13;<\/p>\n<p>&#13;<\/p>\n","protected":false},"excerpt":{"rendered":"<p>Prime Minister Victor Ponta participated in Kandahar, Afghanistan, in a ceremony marking the start of the pullout of Romanian troops from Afghanistan.<\/p>\n","protected":false},"author":106,"featured_media":0,"comment_status":"closed","ping_status":"closed","sticky":false,"template":"","format":"standard","meta":{"_acf_changed":false,"footnotes":""},"categories":[37738],"tags":[],"coauthors":[],"class_list":["post-55437","post","type-post","status-publish","format-standard","hentry","category-today-in-the-news"],"acf":[],"yoast_head":"<!-- This site is optimized with the Yoast SEO plugin v27.3 - https:\/\/yoast.com\/product\/yoast-seo-wordpress\/ -->\n<title>Romanian troops in missions in Afghanistan - Radio Romania International<\/title>\n<meta name=\"robots\" content=\"index, follow, max-snippet:-1, max-image-preview:large, max-video-preview:-1\" \/>\n<link rel=\"canonical\" href=\"https:\/\/www.rri.ro\/en\/news-and-current-affairs\/today-in-the-news\/romanian-troops-in-missions-in-afghanistan-id55437.html\" \/>\n<meta property=\"og:locale\" content=\"en_US\" \/>\n<meta property=\"og:type\" content=\"article\" \/>\n<meta property=\"og:title\" content=\"Romanian troops in missions in Afghanistan - Radio Romania International\" \/>\n<meta property=\"og:description\" content=\"Prime Minister Victor Ponta participated in Kandahar, Afghanistan, in a ceremony marking the start of the pullout of Romanian troops from Afghanistan.\" \/>\n<meta property=\"og:url\" content=\"https:\/\/www.rri.ro\/en\/news-and-current-affairs\/today-in-the-news\/romanian-troops-in-missions-in-afghanistan-id55437.html\" \/>\n<meta property=\"og:site_name\" content=\"Radio Romania International\" \/>\n<meta property=\"article:published_time\" content=\"2014-06-30T10:46:00+00:00\" \/>\n<meta property=\"article:modified_time\" content=\"2024-02-15T21:01:20+00:00\" \/>\n<meta name=\"author\" content=\"Mihai Pelin\" \/>\n<meta name=\"twitter:card\" content=\"summary_large_image\" \/>\n<meta name=\"twitter:label1\" content=\"Written by\" \/>\n\t<meta name=\"twitter:data1\" content=\"Mihai Pelin\" \/>\n\t<meta name=\"twitter:label2\" content=\"Est. reading time\" \/>\n\t<meta name=\"twitter:data2\" content=\"2 minutes\" \/>\n<script type=\"application\/ld+json\" class=\"yoast-schema-graph\">{\"@context\":\"https:\\\/\\\/schema.org\",\"@graph\":[{\"@type\":\"Article\",\"@id\":\"https:\\\/\\\/www.rri.ro\\\/en\\\/news-and-current-affairs\\\/today-in-the-news\\\/romanian-troops-in-missions-in-afghanistan-id55437.html#article\",\"isPartOf\":{\"@id\":\"https:\\\/\\\/www.rri.ro\\\/en\\\/news-and-current-affairs\\\/today-in-the-news\\\/romanian-troops-in-missions-in-afghanistan-id55437.html\"},\"author\":{\"name\":\"Mihai Pelin\",\"@id\":\"https:\\\/\\\/www.rri.ro\\\/#\\\/schema\\\/person\\\/c6036c822534c855dc3aad41a484f05d\"},\"headline\":\"Romanian troops in missions in Afghanistan\",\"datePublished\":\"2014-06-30T10:46:00+00:00\",\"dateModified\":\"2024-02-15T21:01:20+00:00\",\"mainEntityOfPage\":{\"@id\":\"https:\\\/\\\/www.rri.ro\\\/en\\\/news-and-current-affairs\\\/today-in-the-news\\\/romanian-troops-in-missions-in-afghanistan-id55437.html\"},\"wordCount\":365,\"articleSection\":[\"Today in the News\"],\"inLanguage\":\"en-US\"},{\"@type\":\"WebPage\",\"@id\":\"https:\\\/\\\/www.rri.ro\\\/en\\\/news-and-current-affairs\\\/today-in-the-news\\\/romanian-troops-in-missions-in-afghanistan-id55437.html\",\"url\":\"https:\\\/\\\/www.rri.ro\\\/en\\\/news-and-current-affairs\\\/today-in-the-news\\\/romanian-troops-in-missions-in-afghanistan-id55437.html\",\"name\":\"Romanian troops in missions in Afghanistan - Radio Romania International\",\"isPartOf\":{\"@id\":\"https:\\\/\\\/www.rri.ro\\\/#website\"},\"datePublished\":\"2014-06-30T10:46:00+00:00\",\"dateModified\":\"2024-02-15T21:01:20+00:00\",\"author\":{\"@id\":\"https:\\\/\\\/www.rri.ro\\\/#\\\/schema\\\/person\\\/c6036c822534c855dc3aad41a484f05d\"},\"breadcrumb\":{\"@id\":\"https:\\\/\\\/www.rri.ro\\\/en\\\/news-and-current-affairs\\\/today-in-the-news\\\/romanian-troops-in-missions-in-afghanistan-id55437.html#breadcrumb\"},\"inLanguage\":\"en-US\",\"potentialAction\":[{\"@type\":\"ReadAction\",\"target\":[\"https:\\\/\\\/www.rri.ro\\\/en\\\/news-and-current-affairs\\\/today-in-the-news\\\/romanian-troops-in-missions-in-afghanistan-id55437.html\"]}]},{\"@type\":\"BreadcrumbList\",\"@id\":\"https:\\\/\\\/www.rri.ro\\\/en\\\/news-and-current-affairs\\\/today-in-the-news\\\/romanian-troops-in-missions-in-afghanistan-id55437.html#breadcrumb\",\"itemListElement\":[{\"@type\":\"ListItem\",\"position\":1,\"name\":\"Homepage\",\"item\":\"https:\\\/\\\/www.rri.ro\\\/en\"},{\"@type\":\"ListItem\",\"position\":2,\"name\":\"News and Current Affairs\",\"item\":\"https:\\\/\\\/www.rri.ro\\\/en\\\/news-and-current-affairs\"},{\"@type\":\"ListItem\",\"position\":3,\"name\":\"Today in the News\",\"item\":\"https:\\\/\\\/www.rri.ro\\\/en\\\/news-and-current-affairs\\\/today-in-the-news\"},{\"@type\":\"ListItem\",\"position\":4,\"name\":\"Romanian troops in missions in Afghanistan\"}]},{\"@type\":\"WebSite\",\"@id\":\"https:\\\/\\\/www.rri.ro\\\/#website\",\"url\":\"https:\\\/\\\/www.rri.ro\\\/\",\"name\":\"Radio Romania International\",\"description\":\"Totul despre Rom\u00e2nia \u015fi rom\u00e2ni, \u00een 13 limbi\\\/dialecte!\",\"inLanguage\":\"en-US\"},{\"@type\":\"Person\",\"@id\":\"https:\\\/\\\/www.rri.ro\\\/#\\\/schema\\\/person\\\/c6036c822534c855dc3aad41a484f05d\",\"name\":\"Mihai Pelin\",\"url\":\"https:\\\/\\\/www.rri.ro\\\/en\\\/author\\\/mihai-pelin\"}]}<\/script>\n<!-- \/ Yoast SEO plugin. -->","yoast_head_json":{"title":"Romanian troops in missions in Afghanistan - Radio Romania International","robots":{"index":"index","follow":"follow","max-snippet":"max-snippet:-1","max-image-preview":"max-image-preview:large","max-video-preview":"max-video-preview:-1"},"canonical":"https:\/\/www.rri.ro\/en\/news-and-current-affairs\/today-in-the-news\/romanian-troops-in-missions-in-afghanistan-id55437.html","og_locale":"en_US","og_type":"article","og_title":"Romanian troops in missions in Afghanistan - Radio Romania International","og_description":"Prime Minister Victor Ponta participated in Kandahar, Afghanistan, in a ceremony marking the start of the pullout of Romanian troops from Afghanistan.","og_url":"https:\/\/www.rri.ro\/en\/news-and-current-affairs\/today-in-the-news\/romanian-troops-in-missions-in-afghanistan-id55437.html","og_site_name":"Radio Romania International","article_published_time":"2014-06-30T10:46:00+00:00","article_modified_time":"2024-02-15T21:01:20+00:00","author":"Mihai Pelin","twitter_card":"summary_large_image","twitter_misc":{"Written by":"Mihai Pelin","Est. reading time":"2 minutes"},"schema":{"@context":"https:\/\/schema.org","@graph":[{"@type":"Article","@id":"https:\/\/www.rri.ro\/en\/news-and-current-affairs\/today-in-the-news\/romanian-troops-in-missions-in-afghanistan-id55437.html#article","isPartOf":{"@id":"https:\/\/www.rri.ro\/en\/news-and-current-affairs\/today-in-the-news\/romanian-troops-in-missions-in-afghanistan-id55437.html"},"author":{"name":"Mihai Pelin","@id":"https:\/\/www.rri.ro\/#\/schema\/person\/c6036c822534c855dc3aad41a484f05d"},"headline":"Romanian troops in missions in Afghanistan","datePublished":"2014-06-30T10:46:00+00:00","dateModified":"2024-02-15T21:01:20+00:00","mainEntityOfPage":{"@id":"https:\/\/www.rri.ro\/en\/news-and-current-affairs\/today-in-the-news\/romanian-troops-in-missions-in-afghanistan-id55437.html"},"wordCount":365,"articleSection":["Today in the News"],"inLanguage":"en-US"},{"@type":"WebPage","@id":"https:\/\/www.rri.ro\/en\/news-and-current-affairs\/today-in-the-news\/romanian-troops-in-missions-in-afghanistan-id55437.html","url":"https:\/\/www.rri.ro\/en\/news-and-current-affairs\/today-in-the-news\/romanian-troops-in-missions-in-afghanistan-id55437.html","name":"Romanian troops in missions in Afghanistan - Radio Romania International","isPartOf":{"@id":"https:\/\/www.rri.ro\/#website"},"datePublished":"2014-06-30T10:46:00+00:00","dateModified":"2024-02-15T21:01:20+00:00","author":{"@id":"https:\/\/www.rri.ro\/#\/schema\/person\/c6036c822534c855dc3aad41a484f05d"},"breadcrumb":{"@id":"https:\/\/www.rri.ro\/en\/news-and-current-affairs\/today-in-the-news\/romanian-troops-in-missions-in-afghanistan-id55437.html#breadcrumb"},"inLanguage":"en-US","potentialAction":[{"@type":"ReadAction","target":["https:\/\/www.rri.ro\/en\/news-and-current-affairs\/today-in-the-news\/romanian-troops-in-missions-in-afghanistan-id55437.html"]}]},{"@type":"BreadcrumbList","@id":"https:\/\/www.rri.ro\/en\/news-and-current-affairs\/today-in-the-news\/romanian-troops-in-missions-in-afghanistan-id55437.html#breadcrumb","itemListElement":[{"@type":"ListItem","position":1,"name":"Homepage","item":"https:\/\/www.rri.ro\/en"},{"@type":"ListItem","position":2,"name":"News and Current Affairs","item":"https:\/\/www.rri.ro\/en\/news-and-current-affairs"},{"@type":"ListItem","position":3,"name":"Today in the News","item":"https:\/\/www.rri.ro\/en\/news-and-current-affairs\/today-in-the-news"},{"@type":"ListItem","position":4,"name":"Romanian troops in missions in Afghanistan"}]},{"@type":"WebSite","@id":"https:\/\/www.rri.ro\/#website","url":"https:\/\/www.rri.ro\/","name":"Radio Romania International","description":"Totul despre Rom\u00e2nia \u015fi rom\u00e2ni, \u00een 13 limbi\/dialecte!","inLanguage":"en-US"},{"@type":"Person","@id":"https:\/\/www.rri.ro\/#\/schema\/person\/c6036c822534c855dc3aad41a484f05d","name":"Mihai Pelin","url":"https:\/\/www.rri.ro\/en\/author\/mihai-pelin"}]}},"_links":{"self":[{"href":"https:\/\/www.rri.ro\/en\/wp-json\/wp\/v2\/posts\/55437","targetHints":{"allow":["GET"]}}],"collection":[{"href":"https:\/\/www.rri.ro\/en\/wp-json\/wp\/v2\/posts"}],"about":[{"href":"https:\/\/www.rri.ro\/en\/wp-json\/wp\/v2\/types\/post"}],"author":[{"embeddable":true,"href":"https:\/\/www.rri.ro\/en\/wp-json\/wp\/v2\/users\/106"}],"replies":[{"embeddable":true,"href":"https:\/\/www.rri.ro\/en\/wp-json\/wp\/v2\/comments?post=55437"}],"version-history":[{"count":0,"href":"https:\/\/www.rri.ro\/en\/wp-json\/wp\/v2\/posts\/55437\/revisions"}],"wp:attachment":[{"href":"https:\/\/www.rri.ro\/en\/wp-json\/wp\/v2\/media?parent=55437"}],"wp:term":[{"taxonomy":"category","embeddable":true,"href":"https:\/\/www.rri.ro\/en\/wp-json\/wp\/v2\/categories?post=55437"},{"taxonomy":"post_tag","embeddable":true,"href":"https:\/\/www.rri.ro\/en\/wp-json\/wp\/v2\/tags?post=55437"},{"taxonomy":"author","embeddable":true,"href":"https:\/\/www.rri.ro\/en\/wp-json\/wp\/v2\/coauthors?post=55437"}],"curies":[{"name":"wp","href":"https:\/\/api.w.org\/{rel}","templated":true}]}}