{"id":55645,"date":"2014-07-25T13:03:00","date_gmt":"2014-07-25T10:03:00","guid":{"rendered":"http:\/\/devrri.freshlemon.ro\/news-and-current-affairs\/newsflash\/political-developments-ahead-of-the-presidential-elections-55645.html"},"modified":"2024-02-15T23:03:30","modified_gmt":"2024-02-15T21:03:30","slug":"political-developments-ahead-of-the-presidential-elections","status":"publish","type":"post","link":"https:\/\/www.rri.ro\/en\/news-and-current-affairs\/today-in-the-news\/political-developments-ahead-of-the-presidential-elections-id55645.html","title":{"rendered":"Political developments ahead of the presidential elections"},"content":{"rendered":"<p>As expected, Romania\u2019s Social Democrat prime minister has made public his intention to run for president in the November elections, saying he will officially ask for his party\u2019s support at a National Council meeting next week. Ponta also relies on the Conservative Party and the National Union for the Progress of Romania, two small parties that are part of the ruling coalition. Ponta is already favourite to win the elections in the opinion polls conducted so far.  <\/p>\n<p>&#13;<br \/>\n&#13;<\/p>\n<p>&#13;<br \/>\n&#13;<\/p>\n<p>At 42, he is considered a representative of the new wave of Romanian politicians. A former MP, state secretary, minister and party leader before becoming the country\u2019s prime minister, Ponta has had a successful career as a politician. Some commentators say, however, that as a prime minister he has had an unconvincing performance, despite being in office for more than 2 years. Another weakness has to do with the controversy around his academic achievements, following allegations of plagiarism in his doctoral thesis. In spite of all this, Ponta remains a strong candidate, with a strong party to support him, a party capable to mobilise its voters when the time comes. <\/p>\n<p>&#13;<br \/>\n&#13;<\/p>\n<p>&#13;<br \/>\n&#13;<\/p>\n<p>On the other side of the political spectrum, the right wing has also started its preparations for the presidential elections. This week, Klaus Iohannis, the mayor of Sibiu and the leader of the centre-right National Liberal Party, the main opposition party in this country, was nominated to run for president on behalf of his party. A representative of the ethnic German minority in Romania, Iohannis is the second favourite in opinion polls. He has a good public image based on his performance as a hardworking and reliable city mayor and as a politician capable of showing discretion and restraint. In the opinion of political commentators, Iohannis is Ponta\u2019s only true rival. <\/p>\n<p>&#13;<br \/>\n&#13;<\/p>\n<p>&#13;<br \/>\n&#13;<\/p>\n<p>To be able to run for president, however, Iohannis has to win the race against Catalin Predoiu, the candidate proposed by the Liberal Democratic Party, also in the centre-right opposition. The two opposition parties, which will soon merge to form one big party, will have a common candidate in the presidential elections, to be decided by opinion polls. Kelemen Hunor, the leader of the Democratic Union of Ethnic Hungarians in Romania, in the government, and Cristian Diaconescu, from the pro-presidential, centre-right People\u2019s Movement Party, will also run for president. <\/p>\n<p>&#13;<\/p>\n","protected":false},"excerpt":{"rendered":"<p>The latest developments on the Romanian political scene ahead of the presidential elections in November<\/p>\n","protected":false},"author":112,"featured_media":55807,"comment_status":"closed","ping_status":"closed","sticky":false,"template":"","format":"standard","meta":{"_acf_changed":false,"footnotes":""},"categories":[37738],"tags":[37824,37825],"coauthors":[],"class_list":["post-55645","post","type-post","status-publish","format-standard","has-post-thumbnail","hentry","category-today-in-the-news","tag-political-developments","tag-romanian-presidential-election"],"acf":[],"yoast_head":"<!-- This site is optimized with the Yoast SEO plugin v27.3 - https:\/\/yoast.com\/product\/yoast-seo-wordpress\/ -->\n<title>Political developments ahead of the presidential elections - Radio Romania International<\/title>\n<meta name=\"robots\" content=\"index, follow, max-snippet:-1, max-image-preview:large, max-video-preview:-1\" \/>\n<link rel=\"canonical\" href=\"https:\/\/www.rri.ro\/en\/news-and-current-affairs\/today-in-the-news\/political-developments-ahead-of-the-presidential-elections-id55645.html\" \/>\n<meta property=\"og:locale\" content=\"en_US\" \/>\n<meta property=\"og:type\" content=\"article\" \/>\n<meta property=\"og:title\" content=\"Political developments ahead of the presidential elections - Radio Romania International\" \/>\n<meta property=\"og:description\" content=\"The latest developments on the Romanian political scene ahead of the presidential elections in November\" \/>\n<meta property=\"og:url\" content=\"https:\/\/www.rri.ro\/en\/news-and-current-affairs\/today-in-the-news\/political-developments-ahead-of-the-presidential-elections-id55645.html\" \/>\n<meta property=\"og:site_name\" content=\"Radio Romania International\" \/>\n<meta property=\"article:published_time\" content=\"2014-07-25T10:03:00+00:00\" \/>\n<meta property=\"article:modified_time\" content=\"2024-02-15T21:03:30+00:00\" \/>\n<meta property=\"og:image\" content=\"https:\/\/www.rri.ro\/wp-content\/uploads\/2023\/10\/ponta-iohannis-640.png\" \/>\n\t<meta property=\"og:image:width\" content=\"640\" \/>\n\t<meta property=\"og:image:height\" content=\"480\" \/>\n\t<meta property=\"og:image:type\" content=\"image\/png\" \/>\n<meta name=\"author\" content=\"Florentin C\u0103pit\u0103nescu\" \/>\n<meta name=\"twitter:card\" content=\"summary_large_image\" \/>\n<meta name=\"twitter:label1\" content=\"Written by\" \/>\n\t<meta name=\"twitter:data1\" content=\"Florentin C\u0103pit\u0103nescu\" \/>\n\t<meta name=\"twitter:label2\" content=\"Est. reading time\" \/>\n\t<meta name=\"twitter:data2\" content=\"2 minutes\" \/>\n<script type=\"application\/ld+json\" class=\"yoast-schema-graph\">{\"@context\":\"https:\\\/\\\/schema.org\",\"@graph\":[{\"@type\":\"Article\",\"@id\":\"https:\\\/\\\/www.rri.ro\\\/en\\\/news-and-current-affairs\\\/today-in-the-news\\\/political-developments-ahead-of-the-presidential-elections-id55645.html#article\",\"isPartOf\":{\"@id\":\"https:\\\/\\\/www.rri.ro\\\/en\\\/news-and-current-affairs\\\/today-in-the-news\\\/political-developments-ahead-of-the-presidential-elections-id55645.html\"},\"author\":{\"name\":\"Florentin C\u0103pit\u0103nescu\",\"@id\":\"https:\\\/\\\/www.rri.ro\\\/#\\\/schema\\\/person\\\/430739eeb293f73734db2c6703951289\"},\"headline\":\"Political developments ahead of the presidential elections\",\"datePublished\":\"2014-07-25T10:03:00+00:00\",\"dateModified\":\"2024-02-15T21:03:30+00:00\",\"mainEntityOfPage\":{\"@id\":\"https:\\\/\\\/www.rri.ro\\\/en\\\/news-and-current-affairs\\\/today-in-the-news\\\/political-developments-ahead-of-the-presidential-elections-id55645.html\"},\"wordCount\":397,\"image\":{\"@id\":\"https:\\\/\\\/www.rri.ro\\\/en\\\/news-and-current-affairs\\\/today-in-the-news\\\/political-developments-ahead-of-the-presidential-elections-id55645.html#primaryimage\"},\"thumbnailUrl\":\"https:\\\/\\\/www.rri.ro\\\/wp-content\\\/uploads\\\/2023\\\/10\\\/ponta-iohannis-640.png\",\"keywords\":[\"Political developments\",\"Romanian presidential election\"],\"articleSection\":[\"Today in the News\"],\"inLanguage\":\"en-US\"},{\"@type\":\"WebPage\",\"@id\":\"https:\\\/\\\/www.rri.ro\\\/en\\\/news-and-current-affairs\\\/today-in-the-news\\\/political-developments-ahead-of-the-presidential-elections-id55645.html\",\"url\":\"https:\\\/\\\/www.rri.ro\\\/en\\\/news-and-current-affairs\\\/today-in-the-news\\\/political-developments-ahead-of-the-presidential-elections-id55645.html\",\"name\":\"Political developments ahead of the presidential elections - Radio Romania International\",\"isPartOf\":{\"@id\":\"https:\\\/\\\/www.rri.ro\\\/#website\"},\"primaryImageOfPage\":{\"@id\":\"https:\\\/\\\/www.rri.ro\\\/en\\\/news-and-current-affairs\\\/today-in-the-news\\\/political-developments-ahead-of-the-presidential-elections-id55645.html#primaryimage\"},\"image\":{\"@id\":\"https:\\\/\\\/www.rri.ro\\\/en\\\/news-and-current-affairs\\\/today-in-the-news\\\/political-developments-ahead-of-the-presidential-elections-id55645.html#primaryimage\"},\"thumbnailUrl\":\"https:\\\/\\\/www.rri.ro\\\/wp-content\\\/uploads\\\/2023\\\/10\\\/ponta-iohannis-640.png\",\"datePublished\":\"2014-07-25T10:03:00+00:00\",\"dateModified\":\"2024-02-15T21:03:30+00:00\",\"author\":{\"@id\":\"https:\\\/\\\/www.rri.ro\\\/#\\\/schema\\\/person\\\/430739eeb293f73734db2c6703951289\"},\"breadcrumb\":{\"@id\":\"https:\\\/\\\/www.rri.ro\\\/en\\\/news-and-current-affairs\\\/today-in-the-news\\\/political-developments-ahead-of-the-presidential-elections-id55645.html#breadcrumb\"},\"inLanguage\":\"en-US\",\"potentialAction\":[{\"@type\":\"ReadAction\",\"target\":[\"https:\\\/\\\/www.rri.ro\\\/en\\\/news-and-current-affairs\\\/today-in-the-news\\\/political-developments-ahead-of-the-presidential-elections-id55645.html\"]}]},{\"@type\":\"ImageObject\",\"inLanguage\":\"en-US\",\"@id\":\"https:\\\/\\\/www.rri.ro\\\/en\\\/news-and-current-affairs\\\/today-in-the-news\\\/political-developments-ahead-of-the-presidential-elections-id55645.html#primaryimage\",\"url\":\"https:\\\/\\\/www.rri.ro\\\/wp-content\\\/uploads\\\/2023\\\/10\\\/ponta-iohannis-640.png\",\"contentUrl\":\"https:\\\/\\\/www.rri.ro\\\/wp-content\\\/uploads\\\/2023\\\/10\\\/ponta-iohannis-640.png\",\"width\":640,\"height\":480},{\"@type\":\"BreadcrumbList\",\"@id\":\"https:\\\/\\\/www.rri.ro\\\/en\\\/news-and-current-affairs\\\/today-in-the-news\\\/political-developments-ahead-of-the-presidential-elections-id55645.html#breadcrumb\",\"itemListElement\":[{\"@type\":\"ListItem\",\"position\":1,\"name\":\"Homepage\",\"item\":\"https:\\\/\\\/www.rri.ro\\\/en\"},{\"@type\":\"ListItem\",\"position\":2,\"name\":\"News and Current Affairs\",\"item\":\"https:\\\/\\\/www.rri.ro\\\/en\\\/news-and-current-affairs\"},{\"@type\":\"ListItem\",\"position\":3,\"name\":\"Today in the News\",\"item\":\"https:\\\/\\\/www.rri.ro\\\/en\\\/news-and-current-affairs\\\/today-in-the-news\"},{\"@type\":\"ListItem\",\"position\":4,\"name\":\"Political developments ahead of the presidential elections\"}]},{\"@type\":\"WebSite\",\"@id\":\"https:\\\/\\\/www.rri.ro\\\/#website\",\"url\":\"https:\\\/\\\/www.rri.ro\\\/\",\"name\":\"Radio Romania International\",\"description\":\"Totul despre Rom\u00e2nia \u015fi rom\u00e2ni, \u00een 13 limbi\\\/dialecte!\",\"inLanguage\":\"en-US\"},{\"@type\":\"Person\",\"@id\":\"https:\\\/\\\/www.rri.ro\\\/#\\\/schema\\\/person\\\/430739eeb293f73734db2c6703951289\",\"name\":\"Florentin C\u0103pit\u0103nescu\",\"url\":\"https:\\\/\\\/www.rri.ro\\\/en\\\/author\\\/florentin-capitanescu\"}]}<\/script>\n<!-- \/ Yoast SEO plugin. -->","yoast_head_json":{"title":"Political developments ahead of the presidential elections - Radio Romania International","robots":{"index":"index","follow":"follow","max-snippet":"max-snippet:-1","max-image-preview":"max-image-preview:large","max-video-preview":"max-video-preview:-1"},"canonical":"https:\/\/www.rri.ro\/en\/news-and-current-affairs\/today-in-the-news\/political-developments-ahead-of-the-presidential-elections-id55645.html","og_locale":"en_US","og_type":"article","og_title":"Political developments ahead of the presidential elections - Radio Romania International","og_description":"The latest developments on the Romanian political scene ahead of the presidential elections in November","og_url":"https:\/\/www.rri.ro\/en\/news-and-current-affairs\/today-in-the-news\/political-developments-ahead-of-the-presidential-elections-id55645.html","og_site_name":"Radio Romania International","article_published_time":"2014-07-25T10:03:00+00:00","article_modified_time":"2024-02-15T21:03:30+00:00","og_image":[{"width":640,"height":480,"url":"https:\/\/www.rri.ro\/wp-content\/uploads\/2023\/10\/ponta-iohannis-640.png","type":"image\/png"}],"author":"Florentin C\u0103pit\u0103nescu","twitter_card":"summary_large_image","twitter_misc":{"Written by":"Florentin C\u0103pit\u0103nescu","Est. reading time":"2 minutes"},"schema":{"@context":"https:\/\/schema.org","@graph":[{"@type":"Article","@id":"https:\/\/www.rri.ro\/en\/news-and-current-affairs\/today-in-the-news\/political-developments-ahead-of-the-presidential-elections-id55645.html#article","isPartOf":{"@id":"https:\/\/www.rri.ro\/en\/news-and-current-affairs\/today-in-the-news\/political-developments-ahead-of-the-presidential-elections-id55645.html"},"author":{"name":"Florentin C\u0103pit\u0103nescu","@id":"https:\/\/www.rri.ro\/#\/schema\/person\/430739eeb293f73734db2c6703951289"},"headline":"Political developments ahead of the presidential elections","datePublished":"2014-07-25T10:03:00+00:00","dateModified":"2024-02-15T21:03:30+00:00","mainEntityOfPage":{"@id":"https:\/\/www.rri.ro\/en\/news-and-current-affairs\/today-in-the-news\/political-developments-ahead-of-the-presidential-elections-id55645.html"},"wordCount":397,"image":{"@id":"https:\/\/www.rri.ro\/en\/news-and-current-affairs\/today-in-the-news\/political-developments-ahead-of-the-presidential-elections-id55645.html#primaryimage"},"thumbnailUrl":"https:\/\/www.rri.ro\/wp-content\/uploads\/2023\/10\/ponta-iohannis-640.png","keywords":["Political developments","Romanian presidential election"],"articleSection":["Today in the News"],"inLanguage":"en-US"},{"@type":"WebPage","@id":"https:\/\/www.rri.ro\/en\/news-and-current-affairs\/today-in-the-news\/political-developments-ahead-of-the-presidential-elections-id55645.html","url":"https:\/\/www.rri.ro\/en\/news-and-current-affairs\/today-in-the-news\/political-developments-ahead-of-the-presidential-elections-id55645.html","name":"Political developments ahead of the presidential elections - Radio Romania International","isPartOf":{"@id":"https:\/\/www.rri.ro\/#website"},"primaryImageOfPage":{"@id":"https:\/\/www.rri.ro\/en\/news-and-current-affairs\/today-in-the-news\/political-developments-ahead-of-the-presidential-elections-id55645.html#primaryimage"},"image":{"@id":"https:\/\/www.rri.ro\/en\/news-and-current-affairs\/today-in-the-news\/political-developments-ahead-of-the-presidential-elections-id55645.html#primaryimage"},"thumbnailUrl":"https:\/\/www.rri.ro\/wp-content\/uploads\/2023\/10\/ponta-iohannis-640.png","datePublished":"2014-07-25T10:03:00+00:00","dateModified":"2024-02-15T21:03:30+00:00","author":{"@id":"https:\/\/www.rri.ro\/#\/schema\/person\/430739eeb293f73734db2c6703951289"},"breadcrumb":{"@id":"https:\/\/www.rri.ro\/en\/news-and-current-affairs\/today-in-the-news\/political-developments-ahead-of-the-presidential-elections-id55645.html#breadcrumb"},"inLanguage":"en-US","potentialAction":[{"@type":"ReadAction","target":["https:\/\/www.rri.ro\/en\/news-and-current-affairs\/today-in-the-news\/political-developments-ahead-of-the-presidential-elections-id55645.html"]}]},{"@type":"ImageObject","inLanguage":"en-US","@id":"https:\/\/www.rri.ro\/en\/news-and-current-affairs\/today-in-the-news\/political-developments-ahead-of-the-presidential-elections-id55645.html#primaryimage","url":"https:\/\/www.rri.ro\/wp-content\/uploads\/2023\/10\/ponta-iohannis-640.png","contentUrl":"https:\/\/www.rri.ro\/wp-content\/uploads\/2023\/10\/ponta-iohannis-640.png","width":640,"height":480},{"@type":"BreadcrumbList","@id":"https:\/\/www.rri.ro\/en\/news-and-current-affairs\/today-in-the-news\/political-developments-ahead-of-the-presidential-elections-id55645.html#breadcrumb","itemListElement":[{"@type":"ListItem","position":1,"name":"Homepage","item":"https:\/\/www.rri.ro\/en"},{"@type":"ListItem","position":2,"name":"News and Current Affairs","item":"https:\/\/www.rri.ro\/en\/news-and-current-affairs"},{"@type":"ListItem","position":3,"name":"Today in the News","item":"https:\/\/www.rri.ro\/en\/news-and-current-affairs\/today-in-the-news"},{"@type":"ListItem","position":4,"name":"Political developments ahead of the presidential elections"}]},{"@type":"WebSite","@id":"https:\/\/www.rri.ro\/#website","url":"https:\/\/www.rri.ro\/","name":"Radio Romania International","description":"Totul despre Rom\u00e2nia \u015fi rom\u00e2ni, \u00een 13 limbi\/dialecte!","inLanguage":"en-US"},{"@type":"Person","@id":"https:\/\/www.rri.ro\/#\/schema\/person\/430739eeb293f73734db2c6703951289","name":"Florentin C\u0103pit\u0103nescu","url":"https:\/\/www.rri.ro\/en\/author\/florentin-capitanescu"}]}},"_links":{"self":[{"href":"https:\/\/www.rri.ro\/en\/wp-json\/wp\/v2\/posts\/55645","targetHints":{"allow":["GET"]}}],"collection":[{"href":"https:\/\/www.rri.ro\/en\/wp-json\/wp\/v2\/posts"}],"about":[{"href":"https:\/\/www.rri.ro\/en\/wp-json\/wp\/v2\/types\/post"}],"author":[{"embeddable":true,"href":"https:\/\/www.rri.ro\/en\/wp-json\/wp\/v2\/users\/112"}],"replies":[{"embeddable":true,"href":"https:\/\/www.rri.ro\/en\/wp-json\/wp\/v2\/comments?post=55645"}],"version-history":[{"count":0,"href":"https:\/\/www.rri.ro\/en\/wp-json\/wp\/v2\/posts\/55645\/revisions"}],"wp:featuredmedia":[{"embeddable":true,"href":"https:\/\/www.rri.ro\/en\/wp-json\/wp\/v2\/media\/55807"}],"wp:attachment":[{"href":"https:\/\/www.rri.ro\/en\/wp-json\/wp\/v2\/media?parent=55645"}],"wp:term":[{"taxonomy":"category","embeddable":true,"href":"https:\/\/www.rri.ro\/en\/wp-json\/wp\/v2\/categories?post=55645"},{"taxonomy":"post_tag","embeddable":true,"href":"https:\/\/www.rri.ro\/en\/wp-json\/wp\/v2\/tags?post=55645"},{"taxonomy":"author","embeddable":true,"href":"https:\/\/www.rri.ro\/en\/wp-json\/wp\/v2\/coauthors?post=55645"}],"curies":[{"name":"wp","href":"https:\/\/api.w.org\/{rel}","templated":true}]}}