{"id":56166,"date":"2014-08-27T13:15:00","date_gmt":"2014-08-27T10:15:00","guid":{"rendered":"http:\/\/devrri.freshlemon.ro\/news-and-current-affairs\/newsflash\/independence-day-in-the-republic-of-moldova-56166.html"},"modified":"2024-02-15T23:05:32","modified_gmt":"2024-02-15T21:05:32","slug":"independence-day-in-the-republic-of-moldova","status":"publish","type":"post","link":"https:\/\/www.rri.ro\/en\/news-and-current-affairs\/today-in-the-news\/independence-day-in-the-republic-of-moldova-id56166.html","title":{"rendered":"Independence Day in the Republic of Moldova"},"content":{"rendered":"<p>The President of Romania, Traian Basescu, wrote to his Moldovan counterpart Nicolae Timofti that Bucharest will always stand by the Republic of Moldova. The Romanian President\u2019s message reads, among others, \u201cMoldova\u2019s European endeavours and the well-being of its citizens, to which we are tied by a long history and, more importantly, by great friendship, will always be the project the dearest to my soul.\u201d <\/p>\n<p>&#13;<br \/>\n&#13;<\/p>\n<p>&#13;<br \/>\n&#13;<\/p>\n<p>This has been in fact a constant element of the post-communist Romanian foreign policy. Regardless of their political affiliation, all Romanian presidents, prime ministers and foreign ministers made the support for the Republic of Moldova a priority. When the Parliament in Chisinau complied with the will of the thousands of people gathered in the streets of the city and proclaimed the country\u2019s independence from Moscow, on August the 27th, 1991, Romania was the first country in the world to recognise the new state. This put an end to half a century of Soviet occupation marked by suffering and tragedies.<\/p>\n<p>&#13;<br \/>\n&#13;<\/p>\n<p>&#13;<br \/>\n&#13;<\/p>\n<p>Today\u2019s Republic of Moldova lies on some of the eastern Romanian territories annexed by Stalin\u2019s Moscow in the summer of 1940. Hundreds of thousands of ethnic Romanians took refuge in Romania, while other thousands were deported to Siberia. The arsenal of Stalinist repression included abusive arrests, summary trials and executions. The regime brought colonists from across the Soviet empire to replace the locals who had left. The Romanian community however survived, and the fall of the USSR found it prepared to break with Moscow.<\/p>\n<p>&#13;<br \/>\n&#13;<\/p>\n<p>&#13;<br \/>\n&#13;<\/p>\n<p>Proclaiming its independence was however just one step in a long and difficult journey. In 1992, the pro-Russian secessionist province of Transdniestr came out of Chisinau\u2019s control, after an armed conflict that killed hundreds and was ended by the intervention of Russian troops on the separatists\u2019 side. In the first decade of the new century, power in Moldova was held by the impenitent pro-Russian communist party headed by a former Soviet police general, Vladimir Voronin.<\/p>\n<p>&#13;<br \/>\n&#13;<\/p>\n<p>&#13;<br \/>\n&#13;<\/p>\n<p>It was only in 2009, when a pro-Western coalition of three parties came to power, that the Republic of Moldova was able to embrace and promote European Union accession ambitions. Having signed free trade and association agreements with the EU, Moldova is now viewed in Brussels as the success story of the Eastern Partnership. The courage and consistency with which both its politicians and the public implemented painful reforms entitle Moldova to hope that the independence proclaimed 23 years ago will soon be reinforced by the prosperity and the rule of law entailed by the European integration.<\/p>\n<p>&#13;<\/p>\n","protected":false},"excerpt":{"rendered":"<p>On August 27 Moldova celebrates 23 years since it proclaimed its independence from the former USSR.<\/p>\n","protected":false},"author":105,"featured_media":56167,"comment_status":"closed","ping_status":"closed","sticky":false,"template":"","format":"standard","meta":{"_acf_changed":false,"footnotes":""},"categories":[37738],"tags":[29007,116464,36832],"coauthors":[],"class_list":["post-56166","post","type-post","status-publish","format-standard","has-post-thumbnail","hentry","category-today-in-the-news","tag-republic-of-moldova","tag-romania-en","tag-ussr"],"acf":[],"yoast_head":"<!-- This site is optimized with the Yoast SEO plugin v27.3 - https:\/\/yoast.com\/product\/yoast-seo-wordpress\/ -->\n<title>Independence Day in the Republic of Moldova - Radio Romania International<\/title>\n<meta name=\"robots\" content=\"index, follow, max-snippet:-1, max-image-preview:large, max-video-preview:-1\" \/>\n<link rel=\"canonical\" href=\"https:\/\/www.rri.ro\/en\/news-and-current-affairs\/today-in-the-news\/independence-day-in-the-republic-of-moldova-id56166.html\" \/>\n<meta property=\"og:locale\" content=\"en_US\" \/>\n<meta property=\"og:type\" content=\"article\" \/>\n<meta property=\"og:title\" content=\"Independence Day in the Republic of Moldova - Radio Romania International\" \/>\n<meta property=\"og:description\" content=\"On August 27 Moldova celebrates 23 years since it proclaimed its independence from the former USSR.\" \/>\n<meta property=\"og:url\" content=\"https:\/\/www.rri.ro\/en\/news-and-current-affairs\/today-in-the-news\/independence-day-in-the-republic-of-moldova-id56166.html\" \/>\n<meta property=\"og:site_name\" content=\"Radio Romania International\" \/>\n<meta property=\"article:published_time\" content=\"2014-08-27T10:15:00+00:00\" \/>\n<meta property=\"article:modified_time\" content=\"2024-02-15T21:05:32+00:00\" \/>\n<meta property=\"og:image\" content=\"https:\/\/www.rri.ro\/wp-content\/uploads\/2023\/10\/steag-Rep-Moldova-640.png\" \/>\n\t<meta property=\"og:image:width\" content=\"640\" \/>\n\t<meta property=\"og:image:height\" content=\"480\" \/>\n\t<meta property=\"og:image:type\" content=\"image\/png\" \/>\n<meta name=\"author\" content=\"Bogdan Matei\" \/>\n<meta name=\"twitter:card\" content=\"summary_large_image\" \/>\n<meta name=\"twitter:label1\" content=\"Written by\" \/>\n\t<meta name=\"twitter:data1\" content=\"Bogdan Matei\" \/>\n\t<meta name=\"twitter:label2\" content=\"Est. reading time\" \/>\n\t<meta name=\"twitter:data2\" content=\"2 minutes\" \/>\n<script type=\"application\/ld+json\" class=\"yoast-schema-graph\">{\"@context\":\"https:\\\/\\\/schema.org\",\"@graph\":[{\"@type\":\"Article\",\"@id\":\"https:\\\/\\\/www.rri.ro\\\/en\\\/news-and-current-affairs\\\/today-in-the-news\\\/independence-day-in-the-republic-of-moldova-id56166.html#article\",\"isPartOf\":{\"@id\":\"https:\\\/\\\/www.rri.ro\\\/en\\\/news-and-current-affairs\\\/today-in-the-news\\\/independence-day-in-the-republic-of-moldova-id56166.html\"},\"author\":{\"name\":\"Bogdan Matei\",\"@id\":\"https:\\\/\\\/www.rri.ro\\\/#\\\/schema\\\/person\\\/0ed327d40678578e6dbb840527e3ba32\"},\"headline\":\"Independence Day in the Republic of Moldova\",\"datePublished\":\"2014-08-27T10:15:00+00:00\",\"dateModified\":\"2024-02-15T21:05:32+00:00\",\"mainEntityOfPage\":{\"@id\":\"https:\\\/\\\/www.rri.ro\\\/en\\\/news-and-current-affairs\\\/today-in-the-news\\\/independence-day-in-the-republic-of-moldova-id56166.html\"},\"wordCount\":427,\"image\":{\"@id\":\"https:\\\/\\\/www.rri.ro\\\/en\\\/news-and-current-affairs\\\/today-in-the-news\\\/independence-day-in-the-republic-of-moldova-id56166.html#primaryimage\"},\"thumbnailUrl\":\"https:\\\/\\\/www.rri.ro\\\/wp-content\\\/uploads\\\/2023\\\/10\\\/steag-Rep-Moldova-640.png\",\"keywords\":[\"Republic of Moldova\",\"Romania\",\"USSR\"],\"articleSection\":[\"Today in the News\"],\"inLanguage\":\"en-US\"},{\"@type\":\"WebPage\",\"@id\":\"https:\\\/\\\/www.rri.ro\\\/en\\\/news-and-current-affairs\\\/today-in-the-news\\\/independence-day-in-the-republic-of-moldova-id56166.html\",\"url\":\"https:\\\/\\\/www.rri.ro\\\/en\\\/news-and-current-affairs\\\/today-in-the-news\\\/independence-day-in-the-republic-of-moldova-id56166.html\",\"name\":\"Independence Day in the Republic of Moldova - Radio Romania International\",\"isPartOf\":{\"@id\":\"https:\\\/\\\/www.rri.ro\\\/#website\"},\"primaryImageOfPage\":{\"@id\":\"https:\\\/\\\/www.rri.ro\\\/en\\\/news-and-current-affairs\\\/today-in-the-news\\\/independence-day-in-the-republic-of-moldova-id56166.html#primaryimage\"},\"image\":{\"@id\":\"https:\\\/\\\/www.rri.ro\\\/en\\\/news-and-current-affairs\\\/today-in-the-news\\\/independence-day-in-the-republic-of-moldova-id56166.html#primaryimage\"},\"thumbnailUrl\":\"https:\\\/\\\/www.rri.ro\\\/wp-content\\\/uploads\\\/2023\\\/10\\\/steag-Rep-Moldova-640.png\",\"datePublished\":\"2014-08-27T10:15:00+00:00\",\"dateModified\":\"2024-02-15T21:05:32+00:00\",\"author\":{\"@id\":\"https:\\\/\\\/www.rri.ro\\\/#\\\/schema\\\/person\\\/0ed327d40678578e6dbb840527e3ba32\"},\"breadcrumb\":{\"@id\":\"https:\\\/\\\/www.rri.ro\\\/en\\\/news-and-current-affairs\\\/today-in-the-news\\\/independence-day-in-the-republic-of-moldova-id56166.html#breadcrumb\"},\"inLanguage\":\"en-US\",\"potentialAction\":[{\"@type\":\"ReadAction\",\"target\":[\"https:\\\/\\\/www.rri.ro\\\/en\\\/news-and-current-affairs\\\/today-in-the-news\\\/independence-day-in-the-republic-of-moldova-id56166.html\"]}]},{\"@type\":\"ImageObject\",\"inLanguage\":\"en-US\",\"@id\":\"https:\\\/\\\/www.rri.ro\\\/en\\\/news-and-current-affairs\\\/today-in-the-news\\\/independence-day-in-the-republic-of-moldova-id56166.html#primaryimage\",\"url\":\"https:\\\/\\\/www.rri.ro\\\/wp-content\\\/uploads\\\/2023\\\/10\\\/steag-Rep-Moldova-640.png\",\"contentUrl\":\"https:\\\/\\\/www.rri.ro\\\/wp-content\\\/uploads\\\/2023\\\/10\\\/steag-Rep-Moldova-640.png\",\"width\":640,\"height\":480},{\"@type\":\"BreadcrumbList\",\"@id\":\"https:\\\/\\\/www.rri.ro\\\/en\\\/news-and-current-affairs\\\/today-in-the-news\\\/independence-day-in-the-republic-of-moldova-id56166.html#breadcrumb\",\"itemListElement\":[{\"@type\":\"ListItem\",\"position\":1,\"name\":\"Homepage\",\"item\":\"https:\\\/\\\/www.rri.ro\\\/en\"},{\"@type\":\"ListItem\",\"position\":2,\"name\":\"News and Current Affairs\",\"item\":\"https:\\\/\\\/www.rri.ro\\\/en\\\/news-and-current-affairs\"},{\"@type\":\"ListItem\",\"position\":3,\"name\":\"Today in the News\",\"item\":\"https:\\\/\\\/www.rri.ro\\\/en\\\/news-and-current-affairs\\\/today-in-the-news\"},{\"@type\":\"ListItem\",\"position\":4,\"name\":\"Independence Day in the Republic of Moldova\"}]},{\"@type\":\"WebSite\",\"@id\":\"https:\\\/\\\/www.rri.ro\\\/#website\",\"url\":\"https:\\\/\\\/www.rri.ro\\\/\",\"name\":\"Radio Romania International\",\"description\":\"Totul despre Rom\u00e2nia \u015fi rom\u00e2ni, \u00een 13 limbi\\\/dialecte!\",\"inLanguage\":\"en-US\"},{\"@type\":\"Person\",\"@id\":\"https:\\\/\\\/www.rri.ro\\\/#\\\/schema\\\/person\\\/0ed327d40678578e6dbb840527e3ba32\",\"name\":\"Bogdan Matei\",\"url\":\"https:\\\/\\\/www.rri.ro\\\/en\\\/author\\\/bogdan-matei\"}]}<\/script>\n<!-- \/ Yoast SEO plugin. -->","yoast_head_json":{"title":"Independence Day in the Republic of Moldova - Radio Romania International","robots":{"index":"index","follow":"follow","max-snippet":"max-snippet:-1","max-image-preview":"max-image-preview:large","max-video-preview":"max-video-preview:-1"},"canonical":"https:\/\/www.rri.ro\/en\/news-and-current-affairs\/today-in-the-news\/independence-day-in-the-republic-of-moldova-id56166.html","og_locale":"en_US","og_type":"article","og_title":"Independence Day in the Republic of Moldova - Radio Romania International","og_description":"On August 27 Moldova celebrates 23 years since it proclaimed its independence from the former USSR.","og_url":"https:\/\/www.rri.ro\/en\/news-and-current-affairs\/today-in-the-news\/independence-day-in-the-republic-of-moldova-id56166.html","og_site_name":"Radio Romania International","article_published_time":"2014-08-27T10:15:00+00:00","article_modified_time":"2024-02-15T21:05:32+00:00","og_image":[{"width":640,"height":480,"url":"https:\/\/www.rri.ro\/wp-content\/uploads\/2023\/10\/steag-Rep-Moldova-640.png","type":"image\/png"}],"author":"Bogdan Matei","twitter_card":"summary_large_image","twitter_misc":{"Written by":"Bogdan Matei","Est. reading time":"2 minutes"},"schema":{"@context":"https:\/\/schema.org","@graph":[{"@type":"Article","@id":"https:\/\/www.rri.ro\/en\/news-and-current-affairs\/today-in-the-news\/independence-day-in-the-republic-of-moldova-id56166.html#article","isPartOf":{"@id":"https:\/\/www.rri.ro\/en\/news-and-current-affairs\/today-in-the-news\/independence-day-in-the-republic-of-moldova-id56166.html"},"author":{"name":"Bogdan Matei","@id":"https:\/\/www.rri.ro\/#\/schema\/person\/0ed327d40678578e6dbb840527e3ba32"},"headline":"Independence Day in the Republic of Moldova","datePublished":"2014-08-27T10:15:00+00:00","dateModified":"2024-02-15T21:05:32+00:00","mainEntityOfPage":{"@id":"https:\/\/www.rri.ro\/en\/news-and-current-affairs\/today-in-the-news\/independence-day-in-the-republic-of-moldova-id56166.html"},"wordCount":427,"image":{"@id":"https:\/\/www.rri.ro\/en\/news-and-current-affairs\/today-in-the-news\/independence-day-in-the-republic-of-moldova-id56166.html#primaryimage"},"thumbnailUrl":"https:\/\/www.rri.ro\/wp-content\/uploads\/2023\/10\/steag-Rep-Moldova-640.png","keywords":["Republic of Moldova","Romania","USSR"],"articleSection":["Today in the News"],"inLanguage":"en-US"},{"@type":"WebPage","@id":"https:\/\/www.rri.ro\/en\/news-and-current-affairs\/today-in-the-news\/independence-day-in-the-republic-of-moldova-id56166.html","url":"https:\/\/www.rri.ro\/en\/news-and-current-affairs\/today-in-the-news\/independence-day-in-the-republic-of-moldova-id56166.html","name":"Independence Day in the Republic of Moldova - Radio Romania International","isPartOf":{"@id":"https:\/\/www.rri.ro\/#website"},"primaryImageOfPage":{"@id":"https:\/\/www.rri.ro\/en\/news-and-current-affairs\/today-in-the-news\/independence-day-in-the-republic-of-moldova-id56166.html#primaryimage"},"image":{"@id":"https:\/\/www.rri.ro\/en\/news-and-current-affairs\/today-in-the-news\/independence-day-in-the-republic-of-moldova-id56166.html#primaryimage"},"thumbnailUrl":"https:\/\/www.rri.ro\/wp-content\/uploads\/2023\/10\/steag-Rep-Moldova-640.png","datePublished":"2014-08-27T10:15:00+00:00","dateModified":"2024-02-15T21:05:32+00:00","author":{"@id":"https:\/\/www.rri.ro\/#\/schema\/person\/0ed327d40678578e6dbb840527e3ba32"},"breadcrumb":{"@id":"https:\/\/www.rri.ro\/en\/news-and-current-affairs\/today-in-the-news\/independence-day-in-the-republic-of-moldova-id56166.html#breadcrumb"},"inLanguage":"en-US","potentialAction":[{"@type":"ReadAction","target":["https:\/\/www.rri.ro\/en\/news-and-current-affairs\/today-in-the-news\/independence-day-in-the-republic-of-moldova-id56166.html"]}]},{"@type":"ImageObject","inLanguage":"en-US","@id":"https:\/\/www.rri.ro\/en\/news-and-current-affairs\/today-in-the-news\/independence-day-in-the-republic-of-moldova-id56166.html#primaryimage","url":"https:\/\/www.rri.ro\/wp-content\/uploads\/2023\/10\/steag-Rep-Moldova-640.png","contentUrl":"https:\/\/www.rri.ro\/wp-content\/uploads\/2023\/10\/steag-Rep-Moldova-640.png","width":640,"height":480},{"@type":"BreadcrumbList","@id":"https:\/\/www.rri.ro\/en\/news-and-current-affairs\/today-in-the-news\/independence-day-in-the-republic-of-moldova-id56166.html#breadcrumb","itemListElement":[{"@type":"ListItem","position":1,"name":"Homepage","item":"https:\/\/www.rri.ro\/en"},{"@type":"ListItem","position":2,"name":"News and Current Affairs","item":"https:\/\/www.rri.ro\/en\/news-and-current-affairs"},{"@type":"ListItem","position":3,"name":"Today in the News","item":"https:\/\/www.rri.ro\/en\/news-and-current-affairs\/today-in-the-news"},{"@type":"ListItem","position":4,"name":"Independence Day in the Republic of Moldova"}]},{"@type":"WebSite","@id":"https:\/\/www.rri.ro\/#website","url":"https:\/\/www.rri.ro\/","name":"Radio Romania International","description":"Totul despre Rom\u00e2nia \u015fi rom\u00e2ni, \u00een 13 limbi\/dialecte!","inLanguage":"en-US"},{"@type":"Person","@id":"https:\/\/www.rri.ro\/#\/schema\/person\/0ed327d40678578e6dbb840527e3ba32","name":"Bogdan Matei","url":"https:\/\/www.rri.ro\/en\/author\/bogdan-matei"}]}},"_links":{"self":[{"href":"https:\/\/www.rri.ro\/en\/wp-json\/wp\/v2\/posts\/56166","targetHints":{"allow":["GET"]}}],"collection":[{"href":"https:\/\/www.rri.ro\/en\/wp-json\/wp\/v2\/posts"}],"about":[{"href":"https:\/\/www.rri.ro\/en\/wp-json\/wp\/v2\/types\/post"}],"author":[{"embeddable":true,"href":"https:\/\/www.rri.ro\/en\/wp-json\/wp\/v2\/users\/105"}],"replies":[{"embeddable":true,"href":"https:\/\/www.rri.ro\/en\/wp-json\/wp\/v2\/comments?post=56166"}],"version-history":[{"count":0,"href":"https:\/\/www.rri.ro\/en\/wp-json\/wp\/v2\/posts\/56166\/revisions"}],"wp:featuredmedia":[{"embeddable":true,"href":"https:\/\/www.rri.ro\/en\/wp-json\/wp\/v2\/media\/56167"}],"wp:attachment":[{"href":"https:\/\/www.rri.ro\/en\/wp-json\/wp\/v2\/media?parent=56166"}],"wp:term":[{"taxonomy":"category","embeddable":true,"href":"https:\/\/www.rri.ro\/en\/wp-json\/wp\/v2\/categories?post=56166"},{"taxonomy":"post_tag","embeddable":true,"href":"https:\/\/www.rri.ro\/en\/wp-json\/wp\/v2\/tags?post=56166"},{"taxonomy":"author","embeddable":true,"href":"https:\/\/www.rri.ro\/en\/wp-json\/wp\/v2\/coauthors?post=56166"}],"curies":[{"name":"wp","href":"https:\/\/api.w.org\/{rel}","templated":true}]}}