{"id":63800,"date":"2015-05-11T13:24:00","date_gmt":"2015-05-11T10:24:00","guid":{"rendered":"http:\/\/devrri.freshlemon.ro\/news-and-current-affairs\/newsflash\/disputes-and-irregularities-in-forestry-63800.html"},"modified":"2024-02-15T23:41:26","modified_gmt":"2024-02-15T21:41:26","slug":"disputes-and-irregularities-in-forestry","status":"publish","type":"post","link":"https:\/\/www.rri.ro\/en\/news-and-current-affairs\/today-in-the-news\/disputes-and-irregularities-in-forestry-id63800.html","title":{"rendered":"Disputes and irregularities in forestry"},"content":{"rendered":"<p>&#13;<br \/>\n&#13;<\/p>\n<p style=line-height:150%><\/p>\n<p>&#13;<br \/>\n&#13;<\/p>\n<p style=line-height:150%>Rallies to protect forests were organised in Bucharest and other big&#13;<br \/>\ncities across Romania at the weekend. Under the slogan, Together we can stop&#13;<br \/>\nthe massacre of forests, thousands of people alongside representatives of 27&#13;<br \/>\nNGOs from both Romania and abroad took to the street to protest abusive&#13;<br \/>\ndeforestation and to call on the authorities to make Romania&#8217;s forests a&#13;<br \/>\nnational priority. The protest is legitimate, considers Romania&#8217;s president Klaus Iohannis, who has sent the new Forestry Code&#13;<br \/>\nback to Parliament, for-re-discussion. The document will be re-debated by the&#13;<br \/>\nChamber of Deputies this week, with the government hoping that the final vote&#13;<br \/>\nwill be able to prevent, fight and penalise illegal logging and break the&#13;<br \/>\nmonopoly held by any particular company. In his request, the Romanian president&#13;<br \/>\nhas underlined that the document, which has been sent to him for promulgation,&#13;<br \/>\ncontains some provisions that might limit the activity of entrepreneurs and&#13;<br \/>\ncompanies and might also make the sector less competitive. <\/p>\n<p style=line-height:150%><\/p>\n<p style=line-height:150%>In another move, Klaus&#13;<br \/>\nIohannis has announced that illegal logging will be on the agenda of the future&#13;<br \/>\nmeeting of Romania&#8217;s Higher Defence Council. Two weeks ago, the Senate rejected the changes requested by the&#13;<br \/>\npresident and voted the initial version of the law. In turn, Prime Minister Victor Ponta considers that, if the new Forestry Code&#13;<br \/>\nis adopted and promulgated, the relevant authorities will have more powerful&#13;<br \/>\ntools in the fight against those who abuse their market position to encourage&#13;<br \/>\nexcessive deforestation. Actually, the government has notified the National&#13;<br \/>\nAnti-Corruption Directorate on at least 50 possible acts of corruption in the&#13;<br \/>\nforestry field, committed by people who brought a significant prejudice to the&#13;<br \/>\nforest fund and the state institutions. <\/p>\n<p style=line-height:150%><\/p>\n<p style=line-height:150%>The report drawn up by the Prime&#13;<br \/>\nMinister&#8217;s Control Corps has&#13;<br \/>\nbrought to light a series of irregularities made within the National Forest&#13;<br \/>\nAuthority, Romsilva, and by the forest divisions of five counties, between 2009&#13;<br \/>\nand 2012. The document shows, among others, that Romsilva allowed some&#13;<br \/>\ncompanies to take part in tenders without making proof they had either the&#13;<br \/>\nrequired financial and material means or the specialised labour force for&#13;<br \/>\nlogging. According to a survey, Romania&#8217;s wood exports, except for furniture,&#13;<br \/>\ndoubled in the 2008-2013 period, amounting to 1.9 billion Euros. The countries&#13;<br \/>\nwhich imported the largest quantities of wood from Romania include Austria, Egypt, Italy, Germany and Turkey. Overall,&#13;<br \/>\nRomanian forests lost over 357 million cubic meters of wood to logging between 1990&#13;<br \/>\nand 2012, in the context in which the average wood density of 6.4&#13;<br \/>\nmeters\/hectare in Romania is far below the average of other European countries&#13;<br \/>\nwith a similar topography, like Austria &#8211; 36 meters\/hectare or Germany &#8211; 45&#13;<br \/>\nmeters\/hectare<\/p>\n<p>&#13;<br \/>\n&#13;<br \/>\n&#13;<br \/>\n&#13;<br \/><\/p>\n","protected":false},"excerpt":{"rendered":"<p>Rallies were held in Romania at the weekend, in an attempt to bring abusive deforestation to a halt<\/p>\n","protected":false},"author":106,"featured_media":63801,"comment_status":"closed","ping_status":"closed","sticky":false,"template":"","format":"standard","meta":{"_acf_changed":false,"footnotes":""},"categories":[37738],"tags":[35616,116464],"coauthors":[],"class_list":["post-63800","post","type-post","status-publish","format-standard","has-post-thumbnail","hentry","category-today-in-the-news","tag-illegal-logging","tag-romania-en"],"acf":[],"yoast_head":"<!-- This site is optimized with the Yoast SEO plugin v27.3 - https:\/\/yoast.com\/product\/yoast-seo-wordpress\/ -->\n<title>Disputes and irregularities in forestry - Radio Romania International<\/title>\n<meta name=\"robots\" content=\"index, follow, max-snippet:-1, max-image-preview:large, max-video-preview:-1\" \/>\n<link rel=\"canonical\" href=\"https:\/\/www.rri.ro\/en\/news-and-current-affairs\/today-in-the-news\/disputes-and-irregularities-in-forestry-id63800.html\" \/>\n<meta property=\"og:locale\" content=\"en_US\" \/>\n<meta property=\"og:type\" content=\"article\" \/>\n<meta property=\"og:title\" content=\"Disputes and irregularities in forestry - Radio Romania International\" \/>\n<meta property=\"og:description\" content=\"Rallies were held in Romania at the weekend, in an attempt to bring abusive deforestation to a halt\" \/>\n<meta property=\"og:url\" content=\"https:\/\/www.rri.ro\/en\/news-and-current-affairs\/today-in-the-news\/disputes-and-irregularities-in-forestry-id63800.html\" \/>\n<meta property=\"og:site_name\" content=\"Radio Romania International\" \/>\n<meta property=\"article:published_time\" content=\"2015-05-11T10:24:00+00:00\" \/>\n<meta property=\"article:modified_time\" content=\"2024-02-15T21:41:26+00:00\" \/>\n<meta property=\"og:image\" content=\"https:\/\/www.rri.ro\/wp-content\/uploads\/2023\/10\/protest-paduri-bucuresti.png\" \/>\n\t<meta property=\"og:image:width\" content=\"640\" \/>\n\t<meta property=\"og:image:height\" content=\"480\" \/>\n\t<meta property=\"og:image:type\" content=\"image\/png\" \/>\n<meta name=\"author\" content=\"Mihai Pelin\" \/>\n<meta name=\"twitter:card\" content=\"summary_large_image\" \/>\n<meta name=\"twitter:label1\" content=\"Written by\" \/>\n\t<meta name=\"twitter:data1\" content=\"Mihai Pelin\" \/>\n\t<meta name=\"twitter:label2\" content=\"Est. reading time\" \/>\n\t<meta name=\"twitter:data2\" content=\"2 minutes\" \/>\n<script type=\"application\/ld+json\" class=\"yoast-schema-graph\">{\"@context\":\"https:\\\/\\\/schema.org\",\"@graph\":[{\"@type\":\"Article\",\"@id\":\"https:\\\/\\\/www.rri.ro\\\/en\\\/news-and-current-affairs\\\/today-in-the-news\\\/disputes-and-irregularities-in-forestry-id63800.html#article\",\"isPartOf\":{\"@id\":\"https:\\\/\\\/www.rri.ro\\\/en\\\/news-and-current-affairs\\\/today-in-the-news\\\/disputes-and-irregularities-in-forestry-id63800.html\"},\"author\":{\"name\":\"Mihai Pelin\",\"@id\":\"https:\\\/\\\/www.rri.ro\\\/#\\\/schema\\\/person\\\/c6036c822534c855dc3aad41a484f05d\"},\"headline\":\"Disputes and irregularities in forestry\",\"datePublished\":\"2015-05-11T10:24:00+00:00\",\"dateModified\":\"2024-02-15T21:41:26+00:00\",\"mainEntityOfPage\":{\"@id\":\"https:\\\/\\\/www.rri.ro\\\/en\\\/news-and-current-affairs\\\/today-in-the-news\\\/disputes-and-irregularities-in-forestry-id63800.html\"},\"wordCount\":445,\"image\":{\"@id\":\"https:\\\/\\\/www.rri.ro\\\/en\\\/news-and-current-affairs\\\/today-in-the-news\\\/disputes-and-irregularities-in-forestry-id63800.html#primaryimage\"},\"thumbnailUrl\":\"https:\\\/\\\/www.rri.ro\\\/wp-content\\\/uploads\\\/2023\\\/10\\\/protest-paduri-bucuresti.png\",\"keywords\":[\"illegal logging\",\"Romania\"],\"articleSection\":[\"Today in the News\"],\"inLanguage\":\"en-US\"},{\"@type\":\"WebPage\",\"@id\":\"https:\\\/\\\/www.rri.ro\\\/en\\\/news-and-current-affairs\\\/today-in-the-news\\\/disputes-and-irregularities-in-forestry-id63800.html\",\"url\":\"https:\\\/\\\/www.rri.ro\\\/en\\\/news-and-current-affairs\\\/today-in-the-news\\\/disputes-and-irregularities-in-forestry-id63800.html\",\"name\":\"Disputes and irregularities in forestry - Radio Romania International\",\"isPartOf\":{\"@id\":\"https:\\\/\\\/www.rri.ro\\\/#website\"},\"primaryImageOfPage\":{\"@id\":\"https:\\\/\\\/www.rri.ro\\\/en\\\/news-and-current-affairs\\\/today-in-the-news\\\/disputes-and-irregularities-in-forestry-id63800.html#primaryimage\"},\"image\":{\"@id\":\"https:\\\/\\\/www.rri.ro\\\/en\\\/news-and-current-affairs\\\/today-in-the-news\\\/disputes-and-irregularities-in-forestry-id63800.html#primaryimage\"},\"thumbnailUrl\":\"https:\\\/\\\/www.rri.ro\\\/wp-content\\\/uploads\\\/2023\\\/10\\\/protest-paduri-bucuresti.png\",\"datePublished\":\"2015-05-11T10:24:00+00:00\",\"dateModified\":\"2024-02-15T21:41:26+00:00\",\"author\":{\"@id\":\"https:\\\/\\\/www.rri.ro\\\/#\\\/schema\\\/person\\\/c6036c822534c855dc3aad41a484f05d\"},\"breadcrumb\":{\"@id\":\"https:\\\/\\\/www.rri.ro\\\/en\\\/news-and-current-affairs\\\/today-in-the-news\\\/disputes-and-irregularities-in-forestry-id63800.html#breadcrumb\"},\"inLanguage\":\"en-US\",\"potentialAction\":[{\"@type\":\"ReadAction\",\"target\":[\"https:\\\/\\\/www.rri.ro\\\/en\\\/news-and-current-affairs\\\/today-in-the-news\\\/disputes-and-irregularities-in-forestry-id63800.html\"]}]},{\"@type\":\"ImageObject\",\"inLanguage\":\"en-US\",\"@id\":\"https:\\\/\\\/www.rri.ro\\\/en\\\/news-and-current-affairs\\\/today-in-the-news\\\/disputes-and-irregularities-in-forestry-id63800.html#primaryimage\",\"url\":\"https:\\\/\\\/www.rri.ro\\\/wp-content\\\/uploads\\\/2023\\\/10\\\/protest-paduri-bucuresti.png\",\"contentUrl\":\"https:\\\/\\\/www.rri.ro\\\/wp-content\\\/uploads\\\/2023\\\/10\\\/protest-paduri-bucuresti.png\",\"width\":640,\"height\":480},{\"@type\":\"BreadcrumbList\",\"@id\":\"https:\\\/\\\/www.rri.ro\\\/en\\\/news-and-current-affairs\\\/today-in-the-news\\\/disputes-and-irregularities-in-forestry-id63800.html#breadcrumb\",\"itemListElement\":[{\"@type\":\"ListItem\",\"position\":1,\"name\":\"Homepage\",\"item\":\"https:\\\/\\\/www.rri.ro\\\/en\"},{\"@type\":\"ListItem\",\"position\":2,\"name\":\"News and Current Affairs\",\"item\":\"https:\\\/\\\/www.rri.ro\\\/en\\\/news-and-current-affairs\"},{\"@type\":\"ListItem\",\"position\":3,\"name\":\"Today in the News\",\"item\":\"https:\\\/\\\/www.rri.ro\\\/en\\\/news-and-current-affairs\\\/today-in-the-news\"},{\"@type\":\"ListItem\",\"position\":4,\"name\":\"Disputes and irregularities in forestry\"}]},{\"@type\":\"WebSite\",\"@id\":\"https:\\\/\\\/www.rri.ro\\\/#website\",\"url\":\"https:\\\/\\\/www.rri.ro\\\/\",\"name\":\"Radio Romania International\",\"description\":\"Totul despre Rom\u00e2nia \u015fi rom\u00e2ni, \u00een 13 limbi\\\/dialecte!\",\"inLanguage\":\"en-US\"},{\"@type\":\"Person\",\"@id\":\"https:\\\/\\\/www.rri.ro\\\/#\\\/schema\\\/person\\\/c6036c822534c855dc3aad41a484f05d\",\"name\":\"Mihai Pelin\",\"url\":\"https:\\\/\\\/www.rri.ro\\\/en\\\/author\\\/mihai-pelin\"}]}<\/script>\n<!-- \/ Yoast SEO plugin. -->","yoast_head_json":{"title":"Disputes and irregularities in forestry - Radio Romania International","robots":{"index":"index","follow":"follow","max-snippet":"max-snippet:-1","max-image-preview":"max-image-preview:large","max-video-preview":"max-video-preview:-1"},"canonical":"https:\/\/www.rri.ro\/en\/news-and-current-affairs\/today-in-the-news\/disputes-and-irregularities-in-forestry-id63800.html","og_locale":"en_US","og_type":"article","og_title":"Disputes and irregularities in forestry - Radio Romania International","og_description":"Rallies were held in Romania at the weekend, in an attempt to bring abusive deforestation to a halt","og_url":"https:\/\/www.rri.ro\/en\/news-and-current-affairs\/today-in-the-news\/disputes-and-irregularities-in-forestry-id63800.html","og_site_name":"Radio Romania International","article_published_time":"2015-05-11T10:24:00+00:00","article_modified_time":"2024-02-15T21:41:26+00:00","og_image":[{"width":640,"height":480,"url":"https:\/\/www.rri.ro\/wp-content\/uploads\/2023\/10\/protest-paduri-bucuresti.png","type":"image\/png"}],"author":"Mihai Pelin","twitter_card":"summary_large_image","twitter_misc":{"Written by":"Mihai Pelin","Est. reading time":"2 minutes"},"schema":{"@context":"https:\/\/schema.org","@graph":[{"@type":"Article","@id":"https:\/\/www.rri.ro\/en\/news-and-current-affairs\/today-in-the-news\/disputes-and-irregularities-in-forestry-id63800.html#article","isPartOf":{"@id":"https:\/\/www.rri.ro\/en\/news-and-current-affairs\/today-in-the-news\/disputes-and-irregularities-in-forestry-id63800.html"},"author":{"name":"Mihai Pelin","@id":"https:\/\/www.rri.ro\/#\/schema\/person\/c6036c822534c855dc3aad41a484f05d"},"headline":"Disputes and irregularities in forestry","datePublished":"2015-05-11T10:24:00+00:00","dateModified":"2024-02-15T21:41:26+00:00","mainEntityOfPage":{"@id":"https:\/\/www.rri.ro\/en\/news-and-current-affairs\/today-in-the-news\/disputes-and-irregularities-in-forestry-id63800.html"},"wordCount":445,"image":{"@id":"https:\/\/www.rri.ro\/en\/news-and-current-affairs\/today-in-the-news\/disputes-and-irregularities-in-forestry-id63800.html#primaryimage"},"thumbnailUrl":"https:\/\/www.rri.ro\/wp-content\/uploads\/2023\/10\/protest-paduri-bucuresti.png","keywords":["illegal logging","Romania"],"articleSection":["Today in the News"],"inLanguage":"en-US"},{"@type":"WebPage","@id":"https:\/\/www.rri.ro\/en\/news-and-current-affairs\/today-in-the-news\/disputes-and-irregularities-in-forestry-id63800.html","url":"https:\/\/www.rri.ro\/en\/news-and-current-affairs\/today-in-the-news\/disputes-and-irregularities-in-forestry-id63800.html","name":"Disputes and irregularities in forestry - Radio Romania International","isPartOf":{"@id":"https:\/\/www.rri.ro\/#website"},"primaryImageOfPage":{"@id":"https:\/\/www.rri.ro\/en\/news-and-current-affairs\/today-in-the-news\/disputes-and-irregularities-in-forestry-id63800.html#primaryimage"},"image":{"@id":"https:\/\/www.rri.ro\/en\/news-and-current-affairs\/today-in-the-news\/disputes-and-irregularities-in-forestry-id63800.html#primaryimage"},"thumbnailUrl":"https:\/\/www.rri.ro\/wp-content\/uploads\/2023\/10\/protest-paduri-bucuresti.png","datePublished":"2015-05-11T10:24:00+00:00","dateModified":"2024-02-15T21:41:26+00:00","author":{"@id":"https:\/\/www.rri.ro\/#\/schema\/person\/c6036c822534c855dc3aad41a484f05d"},"breadcrumb":{"@id":"https:\/\/www.rri.ro\/en\/news-and-current-affairs\/today-in-the-news\/disputes-and-irregularities-in-forestry-id63800.html#breadcrumb"},"inLanguage":"en-US","potentialAction":[{"@type":"ReadAction","target":["https:\/\/www.rri.ro\/en\/news-and-current-affairs\/today-in-the-news\/disputes-and-irregularities-in-forestry-id63800.html"]}]},{"@type":"ImageObject","inLanguage":"en-US","@id":"https:\/\/www.rri.ro\/en\/news-and-current-affairs\/today-in-the-news\/disputes-and-irregularities-in-forestry-id63800.html#primaryimage","url":"https:\/\/www.rri.ro\/wp-content\/uploads\/2023\/10\/protest-paduri-bucuresti.png","contentUrl":"https:\/\/www.rri.ro\/wp-content\/uploads\/2023\/10\/protest-paduri-bucuresti.png","width":640,"height":480},{"@type":"BreadcrumbList","@id":"https:\/\/www.rri.ro\/en\/news-and-current-affairs\/today-in-the-news\/disputes-and-irregularities-in-forestry-id63800.html#breadcrumb","itemListElement":[{"@type":"ListItem","position":1,"name":"Homepage","item":"https:\/\/www.rri.ro\/en"},{"@type":"ListItem","position":2,"name":"News and Current Affairs","item":"https:\/\/www.rri.ro\/en\/news-and-current-affairs"},{"@type":"ListItem","position":3,"name":"Today in the News","item":"https:\/\/www.rri.ro\/en\/news-and-current-affairs\/today-in-the-news"},{"@type":"ListItem","position":4,"name":"Disputes and irregularities in forestry"}]},{"@type":"WebSite","@id":"https:\/\/www.rri.ro\/#website","url":"https:\/\/www.rri.ro\/","name":"Radio Romania International","description":"Totul despre Rom\u00e2nia \u015fi rom\u00e2ni, \u00een 13 limbi\/dialecte!","inLanguage":"en-US"},{"@type":"Person","@id":"https:\/\/www.rri.ro\/#\/schema\/person\/c6036c822534c855dc3aad41a484f05d","name":"Mihai Pelin","url":"https:\/\/www.rri.ro\/en\/author\/mihai-pelin"}]}},"_links":{"self":[{"href":"https:\/\/www.rri.ro\/en\/wp-json\/wp\/v2\/posts\/63800","targetHints":{"allow":["GET"]}}],"collection":[{"href":"https:\/\/www.rri.ro\/en\/wp-json\/wp\/v2\/posts"}],"about":[{"href":"https:\/\/www.rri.ro\/en\/wp-json\/wp\/v2\/types\/post"}],"author":[{"embeddable":true,"href":"https:\/\/www.rri.ro\/en\/wp-json\/wp\/v2\/users\/106"}],"replies":[{"embeddable":true,"href":"https:\/\/www.rri.ro\/en\/wp-json\/wp\/v2\/comments?post=63800"}],"version-history":[{"count":0,"href":"https:\/\/www.rri.ro\/en\/wp-json\/wp\/v2\/posts\/63800\/revisions"}],"wp:featuredmedia":[{"embeddable":true,"href":"https:\/\/www.rri.ro\/en\/wp-json\/wp\/v2\/media\/63801"}],"wp:attachment":[{"href":"https:\/\/www.rri.ro\/en\/wp-json\/wp\/v2\/media?parent=63800"}],"wp:term":[{"taxonomy":"category","embeddable":true,"href":"https:\/\/www.rri.ro\/en\/wp-json\/wp\/v2\/categories?post=63800"},{"taxonomy":"post_tag","embeddable":true,"href":"https:\/\/www.rri.ro\/en\/wp-json\/wp\/v2\/tags?post=63800"},{"taxonomy":"author","embeddable":true,"href":"https:\/\/www.rri.ro\/en\/wp-json\/wp\/v2\/coauthors?post=63800"}],"curies":[{"name":"wp","href":"https:\/\/api.w.org\/{rel}","templated":true}]}}