{"id":64832,"date":"2015-07-29T13:15:00","date_gmt":"2015-07-29T10:15:00","guid":{"rendered":"http:\/\/devrri.freshlemon.ro\/news-and-current-affairs\/newsflash\/government-makes-positive-budget-adjustment-64832.html"},"modified":"2024-02-16T09:25:56","modified_gmt":"2024-02-16T07:25:56","slug":"government-makes-positive-budget-adjustment","status":"publish","type":"post","link":"https:\/\/www.rri.ro\/en\/news-and-current-affairs\/today-in-the-news\/government-makes-positive-budget-adjustment-id64832.html","title":{"rendered":"Government makes positive budget adjustment"},"content":{"rendered":"<p>The government in Bucharest has approved its first budget adjustment this year to redistribute the additional returns collected in the first half of the year. Most of these funds, which amount to more than 4 billion lei, the equivalent of 0.9 billion euros, will go to the labour ministry. According to the Social Democrat prime minister, Victor Ponta, this is a positive adjustment, while the fundamental constitutional rights are already covered for 2016.   Victor Ponta: \u201cWe have made sure all fundamental constitutional rights are provided for: salaries, pensions, allowances, employment benefits and redundancy payments. For the last three and a half years, this has become a normality, but this wasn\u2019t the case before 31st December 2012, when there wasn\u2019t enough money for pensions and salaries, and even after this date. For 2016, however, there is no problem and no difficulty to ensure the fundamental rights.\u201d<\/p>\n<p>&#13;<br \/>\n&#13;<\/p>\n<p>&#13;<br \/>\n&#13;<\/p>\n<p>The surprise of the year\u2019s first budget adjustment is the significant reduction in the budget of the transport ministry, which oversees major infrastructure investments, while the area of social protection, represented by the labour ministry, receives the largest amount of money to pay for child allowances, which have gone up, pensions and other benefits.<\/p>\n<p>&#13;<br \/>\n&#13;<\/p>\n<p>&#13;<br \/>\n&#13;<\/p>\n<p>More money also went to the finance, interior, defence, education, environment and agriculture ministries and the special services, the Romanian Intelligence Service and the Foreign Intelligence Service. As expected, the opposition has criticised the government\u2019s distribution of funds. The Liberals have accused the government of allocating money based on political considerations to the local administrations run by the Social Democrats.<\/p>\n<p>&#13;<br \/>\n&#13;<\/p>\n<p>&#13;<br \/>\n&#13;<\/p>\n<p>The Liberal first vice-president Eugen Nicolaescu says the prime minister thus tries to secure political support within the Social Democratic Party: \u201cIt is the first time since the early 1990s when the budget adjustment is discussed by a party, in this case the Social Democratic Party, and the government then carries out what the party has decided. At first sight, this may look like a redistribution of funds, in particular to the local public administration, but in fact it\u2019s all about Victor Ponta\u2019s fear of the large party he is part of. Giving some more money to the party\u2019s local big guns buys him some peace and quiet as prime minister.\u201d<\/p>\n<p>&#13;<br \/>\n&#13;<\/p>\n<p>&#13;<br \/>\n&#13;<\/p>\n<p>The draft ordinance on the budget adjustment also provides for the necessary funds to cover a salary increase for higher ranking officials, which will come into effect on August 1st. The Fiscal Council has approved the adjustment and says it will be possible to meet the deficit target while carrying on with the current fiscal and budget policy. This year, the government is considering a 3.3% economic growth rate, compared with the previous 2.5% taken into account when creating the 2015 budget.<\/p>\n<p>&#13;<\/p>\n","protected":false},"excerpt":{"rendered":"<p>The Romanian government has made its first budget adjustment this year to allocate more money to the labour ministry.<\/p>\n","protected":false},"author":106,"featured_media":64759,"comment_status":"closed","ping_status":"closed","sticky":false,"template":"","format":"standard","meta":{"_acf_changed":false,"footnotes":""},"categories":[37738],"tags":[29402,116464],"coauthors":[],"class_list":["post-64832","post","type-post","status-publish","format-standard","has-post-thumbnail","hentry","category-today-in-the-news","tag-budget-adjustment","tag-romania-en"],"acf":[],"yoast_head":"<!-- This site is optimized with the Yoast SEO plugin v27.3 - https:\/\/yoast.com\/product\/yoast-seo-wordpress\/ -->\n<title>Government makes positive budget adjustment - Radio Romania International<\/title>\n<meta name=\"robots\" content=\"index, follow, max-snippet:-1, max-image-preview:large, max-video-preview:-1\" \/>\n<link rel=\"canonical\" href=\"https:\/\/www.rri.ro\/en\/news-and-current-affairs\/today-in-the-news\/government-makes-positive-budget-adjustment-id64832.html\" \/>\n<meta property=\"og:locale\" content=\"en_US\" \/>\n<meta property=\"og:type\" content=\"article\" \/>\n<meta property=\"og:title\" content=\"Government makes positive budget adjustment - Radio Romania International\" \/>\n<meta property=\"og:description\" content=\"The Romanian government has made its first budget adjustment this year to allocate more money to the labour ministry.\" \/>\n<meta property=\"og:url\" content=\"https:\/\/www.rri.ro\/en\/news-and-current-affairs\/today-in-the-news\/government-makes-positive-budget-adjustment-id64832.html\" \/>\n<meta property=\"og:site_name\" content=\"Radio Romania International\" \/>\n<meta property=\"article:published_time\" content=\"2015-07-29T10:15:00+00:00\" \/>\n<meta property=\"article:modified_time\" content=\"2024-02-16T07:25:56+00:00\" \/>\n<meta property=\"og:image\" content=\"https:\/\/www.rri.ro\/wp-content\/uploads\/2023\/10\/taxe-calculator.png\" \/>\n\t<meta property=\"og:image:width\" content=\"640\" \/>\n\t<meta property=\"og:image:height\" content=\"480\" \/>\n\t<meta property=\"og:image:type\" content=\"image\/png\" \/>\n<meta name=\"author\" content=\"Mihai Pelin\" \/>\n<meta name=\"twitter:card\" content=\"summary_large_image\" \/>\n<meta name=\"twitter:label1\" content=\"Written by\" \/>\n\t<meta name=\"twitter:data1\" content=\"Mihai Pelin\" \/>\n\t<meta name=\"twitter:label2\" content=\"Est. reading time\" \/>\n\t<meta name=\"twitter:data2\" content=\"2 minutes\" \/>\n<script type=\"application\/ld+json\" class=\"yoast-schema-graph\">{\"@context\":\"https:\\\/\\\/schema.org\",\"@graph\":[{\"@type\":\"Article\",\"@id\":\"https:\\\/\\\/www.rri.ro\\\/en\\\/news-and-current-affairs\\\/today-in-the-news\\\/government-makes-positive-budget-adjustment-id64832.html#article\",\"isPartOf\":{\"@id\":\"https:\\\/\\\/www.rri.ro\\\/en\\\/news-and-current-affairs\\\/today-in-the-news\\\/government-makes-positive-budget-adjustment-id64832.html\"},\"author\":{\"name\":\"Mihai Pelin\",\"@id\":\"https:\\\/\\\/www.rri.ro\\\/#\\\/schema\\\/person\\\/c6036c822534c855dc3aad41a484f05d\"},\"headline\":\"Government makes positive budget adjustment\",\"datePublished\":\"2015-07-29T10:15:00+00:00\",\"dateModified\":\"2024-02-16T07:25:56+00:00\",\"mainEntityOfPage\":{\"@id\":\"https:\\\/\\\/www.rri.ro\\\/en\\\/news-and-current-affairs\\\/today-in-the-news\\\/government-makes-positive-budget-adjustment-id64832.html\"},\"wordCount\":456,\"image\":{\"@id\":\"https:\\\/\\\/www.rri.ro\\\/en\\\/news-and-current-affairs\\\/today-in-the-news\\\/government-makes-positive-budget-adjustment-id64832.html#primaryimage\"},\"thumbnailUrl\":\"https:\\\/\\\/www.rri.ro\\\/wp-content\\\/uploads\\\/2023\\\/10\\\/taxe-calculator.png\",\"keywords\":[\"budget adjustment\",\"Romania\"],\"articleSection\":[\"Today in the News\"],\"inLanguage\":\"en-US\"},{\"@type\":\"WebPage\",\"@id\":\"https:\\\/\\\/www.rri.ro\\\/en\\\/news-and-current-affairs\\\/today-in-the-news\\\/government-makes-positive-budget-adjustment-id64832.html\",\"url\":\"https:\\\/\\\/www.rri.ro\\\/en\\\/news-and-current-affairs\\\/today-in-the-news\\\/government-makes-positive-budget-adjustment-id64832.html\",\"name\":\"Government makes positive budget adjustment - Radio Romania International\",\"isPartOf\":{\"@id\":\"https:\\\/\\\/www.rri.ro\\\/#website\"},\"primaryImageOfPage\":{\"@id\":\"https:\\\/\\\/www.rri.ro\\\/en\\\/news-and-current-affairs\\\/today-in-the-news\\\/government-makes-positive-budget-adjustment-id64832.html#primaryimage\"},\"image\":{\"@id\":\"https:\\\/\\\/www.rri.ro\\\/en\\\/news-and-current-affairs\\\/today-in-the-news\\\/government-makes-positive-budget-adjustment-id64832.html#primaryimage\"},\"thumbnailUrl\":\"https:\\\/\\\/www.rri.ro\\\/wp-content\\\/uploads\\\/2023\\\/10\\\/taxe-calculator.png\",\"datePublished\":\"2015-07-29T10:15:00+00:00\",\"dateModified\":\"2024-02-16T07:25:56+00:00\",\"author\":{\"@id\":\"https:\\\/\\\/www.rri.ro\\\/#\\\/schema\\\/person\\\/c6036c822534c855dc3aad41a484f05d\"},\"breadcrumb\":{\"@id\":\"https:\\\/\\\/www.rri.ro\\\/en\\\/news-and-current-affairs\\\/today-in-the-news\\\/government-makes-positive-budget-adjustment-id64832.html#breadcrumb\"},\"inLanguage\":\"en-US\",\"potentialAction\":[{\"@type\":\"ReadAction\",\"target\":[\"https:\\\/\\\/www.rri.ro\\\/en\\\/news-and-current-affairs\\\/today-in-the-news\\\/government-makes-positive-budget-adjustment-id64832.html\"]}]},{\"@type\":\"ImageObject\",\"inLanguage\":\"en-US\",\"@id\":\"https:\\\/\\\/www.rri.ro\\\/en\\\/news-and-current-affairs\\\/today-in-the-news\\\/government-makes-positive-budget-adjustment-id64832.html#primaryimage\",\"url\":\"https:\\\/\\\/www.rri.ro\\\/wp-content\\\/uploads\\\/2023\\\/10\\\/taxe-calculator.png\",\"contentUrl\":\"https:\\\/\\\/www.rri.ro\\\/wp-content\\\/uploads\\\/2023\\\/10\\\/taxe-calculator.png\",\"width\":640,\"height\":480},{\"@type\":\"BreadcrumbList\",\"@id\":\"https:\\\/\\\/www.rri.ro\\\/en\\\/news-and-current-affairs\\\/today-in-the-news\\\/government-makes-positive-budget-adjustment-id64832.html#breadcrumb\",\"itemListElement\":[{\"@type\":\"ListItem\",\"position\":1,\"name\":\"Homepage\",\"item\":\"https:\\\/\\\/www.rri.ro\\\/en\"},{\"@type\":\"ListItem\",\"position\":2,\"name\":\"News and Current Affairs\",\"item\":\"https:\\\/\\\/www.rri.ro\\\/en\\\/news-and-current-affairs\"},{\"@type\":\"ListItem\",\"position\":3,\"name\":\"Today in the News\",\"item\":\"https:\\\/\\\/www.rri.ro\\\/en\\\/news-and-current-affairs\\\/today-in-the-news\"},{\"@type\":\"ListItem\",\"position\":4,\"name\":\"Government makes positive budget adjustment\"}]},{\"@type\":\"WebSite\",\"@id\":\"https:\\\/\\\/www.rri.ro\\\/#website\",\"url\":\"https:\\\/\\\/www.rri.ro\\\/\",\"name\":\"Radio Romania International\",\"description\":\"Totul despre Rom\u00e2nia \u015fi rom\u00e2ni, \u00een 13 limbi\\\/dialecte!\",\"inLanguage\":\"en-US\"},{\"@type\":\"Person\",\"@id\":\"https:\\\/\\\/www.rri.ro\\\/#\\\/schema\\\/person\\\/c6036c822534c855dc3aad41a484f05d\",\"name\":\"Mihai Pelin\",\"url\":\"https:\\\/\\\/www.rri.ro\\\/en\\\/author\\\/mihai-pelin\"}]}<\/script>\n<!-- \/ Yoast SEO plugin. -->","yoast_head_json":{"title":"Government makes positive budget adjustment - Radio Romania International","robots":{"index":"index","follow":"follow","max-snippet":"max-snippet:-1","max-image-preview":"max-image-preview:large","max-video-preview":"max-video-preview:-1"},"canonical":"https:\/\/www.rri.ro\/en\/news-and-current-affairs\/today-in-the-news\/government-makes-positive-budget-adjustment-id64832.html","og_locale":"en_US","og_type":"article","og_title":"Government makes positive budget adjustment - Radio Romania International","og_description":"The Romanian government has made its first budget adjustment this year to allocate more money to the labour ministry.","og_url":"https:\/\/www.rri.ro\/en\/news-and-current-affairs\/today-in-the-news\/government-makes-positive-budget-adjustment-id64832.html","og_site_name":"Radio Romania International","article_published_time":"2015-07-29T10:15:00+00:00","article_modified_time":"2024-02-16T07:25:56+00:00","og_image":[{"width":640,"height":480,"url":"https:\/\/www.rri.ro\/wp-content\/uploads\/2023\/10\/taxe-calculator.png","type":"image\/png"}],"author":"Mihai Pelin","twitter_card":"summary_large_image","twitter_misc":{"Written by":"Mihai Pelin","Est. reading time":"2 minutes"},"schema":{"@context":"https:\/\/schema.org","@graph":[{"@type":"Article","@id":"https:\/\/www.rri.ro\/en\/news-and-current-affairs\/today-in-the-news\/government-makes-positive-budget-adjustment-id64832.html#article","isPartOf":{"@id":"https:\/\/www.rri.ro\/en\/news-and-current-affairs\/today-in-the-news\/government-makes-positive-budget-adjustment-id64832.html"},"author":{"name":"Mihai Pelin","@id":"https:\/\/www.rri.ro\/#\/schema\/person\/c6036c822534c855dc3aad41a484f05d"},"headline":"Government makes positive budget adjustment","datePublished":"2015-07-29T10:15:00+00:00","dateModified":"2024-02-16T07:25:56+00:00","mainEntityOfPage":{"@id":"https:\/\/www.rri.ro\/en\/news-and-current-affairs\/today-in-the-news\/government-makes-positive-budget-adjustment-id64832.html"},"wordCount":456,"image":{"@id":"https:\/\/www.rri.ro\/en\/news-and-current-affairs\/today-in-the-news\/government-makes-positive-budget-adjustment-id64832.html#primaryimage"},"thumbnailUrl":"https:\/\/www.rri.ro\/wp-content\/uploads\/2023\/10\/taxe-calculator.png","keywords":["budget adjustment","Romania"],"articleSection":["Today in the News"],"inLanguage":"en-US"},{"@type":"WebPage","@id":"https:\/\/www.rri.ro\/en\/news-and-current-affairs\/today-in-the-news\/government-makes-positive-budget-adjustment-id64832.html","url":"https:\/\/www.rri.ro\/en\/news-and-current-affairs\/today-in-the-news\/government-makes-positive-budget-adjustment-id64832.html","name":"Government makes positive budget adjustment - Radio Romania International","isPartOf":{"@id":"https:\/\/www.rri.ro\/#website"},"primaryImageOfPage":{"@id":"https:\/\/www.rri.ro\/en\/news-and-current-affairs\/today-in-the-news\/government-makes-positive-budget-adjustment-id64832.html#primaryimage"},"image":{"@id":"https:\/\/www.rri.ro\/en\/news-and-current-affairs\/today-in-the-news\/government-makes-positive-budget-adjustment-id64832.html#primaryimage"},"thumbnailUrl":"https:\/\/www.rri.ro\/wp-content\/uploads\/2023\/10\/taxe-calculator.png","datePublished":"2015-07-29T10:15:00+00:00","dateModified":"2024-02-16T07:25:56+00:00","author":{"@id":"https:\/\/www.rri.ro\/#\/schema\/person\/c6036c822534c855dc3aad41a484f05d"},"breadcrumb":{"@id":"https:\/\/www.rri.ro\/en\/news-and-current-affairs\/today-in-the-news\/government-makes-positive-budget-adjustment-id64832.html#breadcrumb"},"inLanguage":"en-US","potentialAction":[{"@type":"ReadAction","target":["https:\/\/www.rri.ro\/en\/news-and-current-affairs\/today-in-the-news\/government-makes-positive-budget-adjustment-id64832.html"]}]},{"@type":"ImageObject","inLanguage":"en-US","@id":"https:\/\/www.rri.ro\/en\/news-and-current-affairs\/today-in-the-news\/government-makes-positive-budget-adjustment-id64832.html#primaryimage","url":"https:\/\/www.rri.ro\/wp-content\/uploads\/2023\/10\/taxe-calculator.png","contentUrl":"https:\/\/www.rri.ro\/wp-content\/uploads\/2023\/10\/taxe-calculator.png","width":640,"height":480},{"@type":"BreadcrumbList","@id":"https:\/\/www.rri.ro\/en\/news-and-current-affairs\/today-in-the-news\/government-makes-positive-budget-adjustment-id64832.html#breadcrumb","itemListElement":[{"@type":"ListItem","position":1,"name":"Homepage","item":"https:\/\/www.rri.ro\/en"},{"@type":"ListItem","position":2,"name":"News and Current Affairs","item":"https:\/\/www.rri.ro\/en\/news-and-current-affairs"},{"@type":"ListItem","position":3,"name":"Today in the News","item":"https:\/\/www.rri.ro\/en\/news-and-current-affairs\/today-in-the-news"},{"@type":"ListItem","position":4,"name":"Government makes positive budget adjustment"}]},{"@type":"WebSite","@id":"https:\/\/www.rri.ro\/#website","url":"https:\/\/www.rri.ro\/","name":"Radio Romania International","description":"Totul despre Rom\u00e2nia \u015fi rom\u00e2ni, \u00een 13 limbi\/dialecte!","inLanguage":"en-US"},{"@type":"Person","@id":"https:\/\/www.rri.ro\/#\/schema\/person\/c6036c822534c855dc3aad41a484f05d","name":"Mihai Pelin","url":"https:\/\/www.rri.ro\/en\/author\/mihai-pelin"}]}},"_links":{"self":[{"href":"https:\/\/www.rri.ro\/en\/wp-json\/wp\/v2\/posts\/64832","targetHints":{"allow":["GET"]}}],"collection":[{"href":"https:\/\/www.rri.ro\/en\/wp-json\/wp\/v2\/posts"}],"about":[{"href":"https:\/\/www.rri.ro\/en\/wp-json\/wp\/v2\/types\/post"}],"author":[{"embeddable":true,"href":"https:\/\/www.rri.ro\/en\/wp-json\/wp\/v2\/users\/106"}],"replies":[{"embeddable":true,"href":"https:\/\/www.rri.ro\/en\/wp-json\/wp\/v2\/comments?post=64832"}],"version-history":[{"count":0,"href":"https:\/\/www.rri.ro\/en\/wp-json\/wp\/v2\/posts\/64832\/revisions"}],"wp:featuredmedia":[{"embeddable":true,"href":"https:\/\/www.rri.ro\/en\/wp-json\/wp\/v2\/media\/64759"}],"wp:attachment":[{"href":"https:\/\/www.rri.ro\/en\/wp-json\/wp\/v2\/media?parent=64832"}],"wp:term":[{"taxonomy":"category","embeddable":true,"href":"https:\/\/www.rri.ro\/en\/wp-json\/wp\/v2\/categories?post=64832"},{"taxonomy":"post_tag","embeddable":true,"href":"https:\/\/www.rri.ro\/en\/wp-json\/wp\/v2\/tags?post=64832"},{"taxonomy":"author","embeddable":true,"href":"https:\/\/www.rri.ro\/en\/wp-json\/wp\/v2\/coauthors?post=64832"}],"curies":[{"name":"wp","href":"https:\/\/api.w.org\/{rel}","templated":true}]}}