{"id":65404,"date":"2015-09-30T13:46:00","date_gmt":"2015-09-30T10:46:00","guid":{"rendered":"http:\/\/devrri.freshlemon.ro\/news-and-current-affairs\/newsflash\/the-bucharest-government-continues-its-mandate-65404.html"},"modified":"2024-02-16T09:27:06","modified_gmt":"2024-02-16T07:27:06","slug":"the-bucharest-government-continues-its-mandate","status":"publish","type":"post","link":"https:\/\/www.rri.ro\/en\/news-and-current-affairs\/today-in-the-news\/the-bucharest-government-continues-its-mandate-id65404.html","title":{"rendered":"The Bucharest Government Continues its Mandate"},"content":{"rendered":"<\/p>\n<p>&#13;<br \/>\n&#13;<\/p>\n<p>The Social Democrat Victor Ponta, who has been the head of Romania\u2019s Government since the spring of 2012, faced another no-confidence motion on Tuesday, the fourth so far. This time, however, the motion was rather atypical, as the argument put forth by the Opposition had to do more with the prime ministers legal problems rather than with the government\u2019s technical errors.<\/p>\n<p>&#13;<br \/>\n&#13;<\/p>\n<p>&#13;<br \/>\n&#13;<\/p>\n<p>The Liberals, who initiated the no-confidence motion, argued that Victor Ponta can no longer be head of the government because he lost his credibility after being sent to court by the National Anti-Corruption Directorate for forgery of private documents, accessory to tax evasion and money laundering.<\/p>\n<p>&#13;<br \/>\n&#13;<\/p>\n<p>&#13;<br \/>\n&#13;<\/p>\n<p>Alongside the former Social Democratic senator Dan Sova, Ponta is accused of involvement, while a lawyer, in a case of legal assistance contracts signed by the Turceni and Rovinari power companies that damaged the state budget with 16 million euros. Nevertheless, as of June 5, when the anti-corruption prosecutors made public the charges brought against the Prime Minister, Victor Ponta has repeatedly dismissed them and has turned down President Klaus Iohannis\u2019s calls for his resignation.<\/p>\n<p>&#13;<br \/>\n&#13;<\/p>\n<p>&#13;<br \/>\n&#13;<\/p>\n<p>Predicted and anticipated by almost all commentators, the failure of the motion dubbed \u201cYou must choose between Romania and its compromised Premier, Victor Ponta. Sack Victor Ponta!\u201d gives him the perfect chance to continue his mandate. That is because the Opposition is allowed to file a similar motion only next spring.<\/p>\n<p>&#13;<br \/>\n&#13;<\/p>\n<p>&#13;<br \/>\n&#13;<\/p>\n<p>In order to pass, the motion needed to be supported by at least 276 senators and deputies, that is half plus one of the total voters. It only got 207 votes in its favour and 8 against it, as &#8211; after having publicly expressed their support for the Cabinet &#8211; the MPs in power, that is the Social Democratic Party, the National Union for the Progress of Romania and the Alliance of Liberals and Democrats, refused to cast their vote.<\/p>\n<p>&#13;<br \/>\n&#13;<\/p>\n<p>&#13;<br \/>\n&#13;<\/p>\n<p>Once the Government\u2019s position reconfirmed, the Finance Minister, Eugen Teodorvici announced that Romania would officially ask the IMF to sign another loan agreement with Romania. Negotiations, he said, would focus on structural reforms and not on maintaining the budget deficit. He last precautionary agreement that Romania signed with the IMF in 2013, worth 2 billion euros, expired on Saturday. Its purpose was to protect the Romanian economy from possible shocks from foreign markets.<\/p>\n<p>&#13;<br \/>\n&#13;<\/p>\n<p>&#13;<br \/>\n&#13;<\/p>\n<p>Since the start of the economic crisis, in 2009 and up to present, Romania has forged three consecutive loan agreements with the IMF and the EU, which supported the government policies in the budgetary field, the privatisation of state-owned companies and macroeconomic stability. However, in the first half of this year, the Romanian authorities have passed a comprehensive tax cut package under the new Fiscal Code, which the Romanian Central Bank, the Romanian Fiscal Council and also the international financial institutions have criticised, souring the relationship between the Government and the IMF.<\/p>\n<p>&#13;<br \/>\n&#13;<\/p>\n<p>&#13;<\/p>\n","protected":false},"excerpt":{"rendered":"<p>After having survived Tuesdays no confidence vote in Parliament, the Bucharest Government announced that one of its priorities is to forge another agreement with the International Monetary Fund.<\/p>\n","protected":false},"author":105,"featured_media":65405,"comment_status":"closed","ping_status":"closed","sticky":false,"template":"","format":"standard","meta":{"_acf_changed":false,"footnotes":""},"categories":[37738],"tags":[30064,28903,38157,29184],"coauthors":[],"class_list":["post-65404","post","type-post","status-publish","format-standard","has-post-thumbnail","hentry","category-today-in-the-news","tag-dna","tag-imf","tag-tax-evasion","tag-victor-ponta"],"acf":[],"yoast_head":"<!-- This site is optimized with the Yoast SEO plugin v27.3 - https:\/\/yoast.com\/product\/yoast-seo-wordpress\/ -->\n<title>The Bucharest Government Continues its Mandate - Radio Romania International<\/title>\n<meta name=\"robots\" content=\"index, follow, max-snippet:-1, max-image-preview:large, max-video-preview:-1\" \/>\n<link rel=\"canonical\" href=\"https:\/\/www.rri.ro\/en\/news-and-current-affairs\/today-in-the-news\/the-bucharest-government-continues-its-mandate-id65404.html\" \/>\n<meta property=\"og:locale\" content=\"en_US\" \/>\n<meta property=\"og:type\" content=\"article\" \/>\n<meta property=\"og:title\" content=\"The Bucharest Government Continues its Mandate - Radio Romania International\" \/>\n<meta property=\"og:description\" content=\"After having survived Tuesdays no confidence vote in Parliament, the Bucharest Government announced that one of its priorities is to forge another agreement with the International Monetary Fund.\" \/>\n<meta property=\"og:url\" content=\"https:\/\/www.rri.ro\/en\/news-and-current-affairs\/today-in-the-news\/the-bucharest-government-continues-its-mandate-id65404.html\" \/>\n<meta property=\"og:site_name\" content=\"Radio Romania International\" \/>\n<meta property=\"article:published_time\" content=\"2015-09-30T10:46:00+00:00\" \/>\n<meta property=\"article:modified_time\" content=\"2024-02-16T07:27:06+00:00\" \/>\n<meta property=\"og:image\" content=\"https:\/\/www.rri.ro\/wp-content\/uploads\/2023\/10\/ponta-plen-parlament.png\" \/>\n\t<meta property=\"og:image:width\" content=\"640\" \/>\n\t<meta property=\"og:image:height\" content=\"480\" \/>\n\t<meta property=\"og:image:type\" content=\"image\/png\" \/>\n<meta name=\"author\" content=\"Bogdan Matei\" \/>\n<meta name=\"twitter:card\" content=\"summary_large_image\" \/>\n<meta name=\"twitter:label1\" content=\"Written by\" \/>\n\t<meta name=\"twitter:data1\" content=\"Bogdan Matei\" \/>\n\t<meta name=\"twitter:label2\" content=\"Est. reading time\" \/>\n\t<meta name=\"twitter:data2\" content=\"2 minutes\" \/>\n<script type=\"application\/ld+json\" class=\"yoast-schema-graph\">{\"@context\":\"https:\\\/\\\/schema.org\",\"@graph\":[{\"@type\":\"Article\",\"@id\":\"https:\\\/\\\/www.rri.ro\\\/en\\\/news-and-current-affairs\\\/today-in-the-news\\\/the-bucharest-government-continues-its-mandate-id65404.html#article\",\"isPartOf\":{\"@id\":\"https:\\\/\\\/www.rri.ro\\\/en\\\/news-and-current-affairs\\\/today-in-the-news\\\/the-bucharest-government-continues-its-mandate-id65404.html\"},\"author\":{\"name\":\"Bogdan Matei\",\"@id\":\"https:\\\/\\\/www.rri.ro\\\/#\\\/schema\\\/person\\\/0ed327d40678578e6dbb840527e3ba32\"},\"headline\":\"The Bucharest Government Continues its Mandate\",\"datePublished\":\"2015-09-30T10:46:00+00:00\",\"dateModified\":\"2024-02-16T07:27:06+00:00\",\"mainEntityOfPage\":{\"@id\":\"https:\\\/\\\/www.rri.ro\\\/en\\\/news-and-current-affairs\\\/today-in-the-news\\\/the-bucharest-government-continues-its-mandate-id65404.html\"},\"wordCount\":479,\"image\":{\"@id\":\"https:\\\/\\\/www.rri.ro\\\/en\\\/news-and-current-affairs\\\/today-in-the-news\\\/the-bucharest-government-continues-its-mandate-id65404.html#primaryimage\"},\"thumbnailUrl\":\"https:\\\/\\\/www.rri.ro\\\/wp-content\\\/uploads\\\/2023\\\/10\\\/ponta-plen-parlament.png\",\"keywords\":[\"DNA\",\"IMF\",\"tax evasion\",\"Victor Ponta\"],\"articleSection\":[\"Today in the News\"],\"inLanguage\":\"en-US\"},{\"@type\":\"WebPage\",\"@id\":\"https:\\\/\\\/www.rri.ro\\\/en\\\/news-and-current-affairs\\\/today-in-the-news\\\/the-bucharest-government-continues-its-mandate-id65404.html\",\"url\":\"https:\\\/\\\/www.rri.ro\\\/en\\\/news-and-current-affairs\\\/today-in-the-news\\\/the-bucharest-government-continues-its-mandate-id65404.html\",\"name\":\"The Bucharest Government Continues its Mandate - Radio Romania International\",\"isPartOf\":{\"@id\":\"https:\\\/\\\/www.rri.ro\\\/#website\"},\"primaryImageOfPage\":{\"@id\":\"https:\\\/\\\/www.rri.ro\\\/en\\\/news-and-current-affairs\\\/today-in-the-news\\\/the-bucharest-government-continues-its-mandate-id65404.html#primaryimage\"},\"image\":{\"@id\":\"https:\\\/\\\/www.rri.ro\\\/en\\\/news-and-current-affairs\\\/today-in-the-news\\\/the-bucharest-government-continues-its-mandate-id65404.html#primaryimage\"},\"thumbnailUrl\":\"https:\\\/\\\/www.rri.ro\\\/wp-content\\\/uploads\\\/2023\\\/10\\\/ponta-plen-parlament.png\",\"datePublished\":\"2015-09-30T10:46:00+00:00\",\"dateModified\":\"2024-02-16T07:27:06+00:00\",\"author\":{\"@id\":\"https:\\\/\\\/www.rri.ro\\\/#\\\/schema\\\/person\\\/0ed327d40678578e6dbb840527e3ba32\"},\"breadcrumb\":{\"@id\":\"https:\\\/\\\/www.rri.ro\\\/en\\\/news-and-current-affairs\\\/today-in-the-news\\\/the-bucharest-government-continues-its-mandate-id65404.html#breadcrumb\"},\"inLanguage\":\"en-US\",\"potentialAction\":[{\"@type\":\"ReadAction\",\"target\":[\"https:\\\/\\\/www.rri.ro\\\/en\\\/news-and-current-affairs\\\/today-in-the-news\\\/the-bucharest-government-continues-its-mandate-id65404.html\"]}]},{\"@type\":\"ImageObject\",\"inLanguage\":\"en-US\",\"@id\":\"https:\\\/\\\/www.rri.ro\\\/en\\\/news-and-current-affairs\\\/today-in-the-news\\\/the-bucharest-government-continues-its-mandate-id65404.html#primaryimage\",\"url\":\"https:\\\/\\\/www.rri.ro\\\/wp-content\\\/uploads\\\/2023\\\/10\\\/ponta-plen-parlament.png\",\"contentUrl\":\"https:\\\/\\\/www.rri.ro\\\/wp-content\\\/uploads\\\/2023\\\/10\\\/ponta-plen-parlament.png\",\"width\":640,\"height\":480},{\"@type\":\"BreadcrumbList\",\"@id\":\"https:\\\/\\\/www.rri.ro\\\/en\\\/news-and-current-affairs\\\/today-in-the-news\\\/the-bucharest-government-continues-its-mandate-id65404.html#breadcrumb\",\"itemListElement\":[{\"@type\":\"ListItem\",\"position\":1,\"name\":\"Homepage\",\"item\":\"https:\\\/\\\/www.rri.ro\\\/en\"},{\"@type\":\"ListItem\",\"position\":2,\"name\":\"News and Current Affairs\",\"item\":\"https:\\\/\\\/www.rri.ro\\\/en\\\/news-and-current-affairs\"},{\"@type\":\"ListItem\",\"position\":3,\"name\":\"Today in the News\",\"item\":\"https:\\\/\\\/www.rri.ro\\\/en\\\/news-and-current-affairs\\\/today-in-the-news\"},{\"@type\":\"ListItem\",\"position\":4,\"name\":\"The Bucharest Government Continues its Mandate\"}]},{\"@type\":\"WebSite\",\"@id\":\"https:\\\/\\\/www.rri.ro\\\/#website\",\"url\":\"https:\\\/\\\/www.rri.ro\\\/\",\"name\":\"Radio Romania International\",\"description\":\"Totul despre Rom\u00e2nia \u015fi rom\u00e2ni, \u00een 13 limbi\\\/dialecte!\",\"inLanguage\":\"en-US\"},{\"@type\":\"Person\",\"@id\":\"https:\\\/\\\/www.rri.ro\\\/#\\\/schema\\\/person\\\/0ed327d40678578e6dbb840527e3ba32\",\"name\":\"Bogdan Matei\",\"url\":\"https:\\\/\\\/www.rri.ro\\\/en\\\/author\\\/bogdan-matei\"}]}<\/script>\n<!-- \/ Yoast SEO plugin. -->","yoast_head_json":{"title":"The Bucharest Government Continues its Mandate - Radio Romania International","robots":{"index":"index","follow":"follow","max-snippet":"max-snippet:-1","max-image-preview":"max-image-preview:large","max-video-preview":"max-video-preview:-1"},"canonical":"https:\/\/www.rri.ro\/en\/news-and-current-affairs\/today-in-the-news\/the-bucharest-government-continues-its-mandate-id65404.html","og_locale":"en_US","og_type":"article","og_title":"The Bucharest Government Continues its Mandate - Radio Romania International","og_description":"After having survived Tuesdays no confidence vote in Parliament, the Bucharest Government announced that one of its priorities is to forge another agreement with the International Monetary Fund.","og_url":"https:\/\/www.rri.ro\/en\/news-and-current-affairs\/today-in-the-news\/the-bucharest-government-continues-its-mandate-id65404.html","og_site_name":"Radio Romania International","article_published_time":"2015-09-30T10:46:00+00:00","article_modified_time":"2024-02-16T07:27:06+00:00","og_image":[{"width":640,"height":480,"url":"https:\/\/www.rri.ro\/wp-content\/uploads\/2023\/10\/ponta-plen-parlament.png","type":"image\/png"}],"author":"Bogdan Matei","twitter_card":"summary_large_image","twitter_misc":{"Written by":"Bogdan Matei","Est. reading time":"2 minutes"},"schema":{"@context":"https:\/\/schema.org","@graph":[{"@type":"Article","@id":"https:\/\/www.rri.ro\/en\/news-and-current-affairs\/today-in-the-news\/the-bucharest-government-continues-its-mandate-id65404.html#article","isPartOf":{"@id":"https:\/\/www.rri.ro\/en\/news-and-current-affairs\/today-in-the-news\/the-bucharest-government-continues-its-mandate-id65404.html"},"author":{"name":"Bogdan Matei","@id":"https:\/\/www.rri.ro\/#\/schema\/person\/0ed327d40678578e6dbb840527e3ba32"},"headline":"The Bucharest Government Continues its Mandate","datePublished":"2015-09-30T10:46:00+00:00","dateModified":"2024-02-16T07:27:06+00:00","mainEntityOfPage":{"@id":"https:\/\/www.rri.ro\/en\/news-and-current-affairs\/today-in-the-news\/the-bucharest-government-continues-its-mandate-id65404.html"},"wordCount":479,"image":{"@id":"https:\/\/www.rri.ro\/en\/news-and-current-affairs\/today-in-the-news\/the-bucharest-government-continues-its-mandate-id65404.html#primaryimage"},"thumbnailUrl":"https:\/\/www.rri.ro\/wp-content\/uploads\/2023\/10\/ponta-plen-parlament.png","keywords":["DNA","IMF","tax evasion","Victor Ponta"],"articleSection":["Today in the News"],"inLanguage":"en-US"},{"@type":"WebPage","@id":"https:\/\/www.rri.ro\/en\/news-and-current-affairs\/today-in-the-news\/the-bucharest-government-continues-its-mandate-id65404.html","url":"https:\/\/www.rri.ro\/en\/news-and-current-affairs\/today-in-the-news\/the-bucharest-government-continues-its-mandate-id65404.html","name":"The Bucharest Government Continues its Mandate - Radio Romania International","isPartOf":{"@id":"https:\/\/www.rri.ro\/#website"},"primaryImageOfPage":{"@id":"https:\/\/www.rri.ro\/en\/news-and-current-affairs\/today-in-the-news\/the-bucharest-government-continues-its-mandate-id65404.html#primaryimage"},"image":{"@id":"https:\/\/www.rri.ro\/en\/news-and-current-affairs\/today-in-the-news\/the-bucharest-government-continues-its-mandate-id65404.html#primaryimage"},"thumbnailUrl":"https:\/\/www.rri.ro\/wp-content\/uploads\/2023\/10\/ponta-plen-parlament.png","datePublished":"2015-09-30T10:46:00+00:00","dateModified":"2024-02-16T07:27:06+00:00","author":{"@id":"https:\/\/www.rri.ro\/#\/schema\/person\/0ed327d40678578e6dbb840527e3ba32"},"breadcrumb":{"@id":"https:\/\/www.rri.ro\/en\/news-and-current-affairs\/today-in-the-news\/the-bucharest-government-continues-its-mandate-id65404.html#breadcrumb"},"inLanguage":"en-US","potentialAction":[{"@type":"ReadAction","target":["https:\/\/www.rri.ro\/en\/news-and-current-affairs\/today-in-the-news\/the-bucharest-government-continues-its-mandate-id65404.html"]}]},{"@type":"ImageObject","inLanguage":"en-US","@id":"https:\/\/www.rri.ro\/en\/news-and-current-affairs\/today-in-the-news\/the-bucharest-government-continues-its-mandate-id65404.html#primaryimage","url":"https:\/\/www.rri.ro\/wp-content\/uploads\/2023\/10\/ponta-plen-parlament.png","contentUrl":"https:\/\/www.rri.ro\/wp-content\/uploads\/2023\/10\/ponta-plen-parlament.png","width":640,"height":480},{"@type":"BreadcrumbList","@id":"https:\/\/www.rri.ro\/en\/news-and-current-affairs\/today-in-the-news\/the-bucharest-government-continues-its-mandate-id65404.html#breadcrumb","itemListElement":[{"@type":"ListItem","position":1,"name":"Homepage","item":"https:\/\/www.rri.ro\/en"},{"@type":"ListItem","position":2,"name":"News and Current Affairs","item":"https:\/\/www.rri.ro\/en\/news-and-current-affairs"},{"@type":"ListItem","position":3,"name":"Today in the News","item":"https:\/\/www.rri.ro\/en\/news-and-current-affairs\/today-in-the-news"},{"@type":"ListItem","position":4,"name":"The Bucharest Government Continues its Mandate"}]},{"@type":"WebSite","@id":"https:\/\/www.rri.ro\/#website","url":"https:\/\/www.rri.ro\/","name":"Radio Romania International","description":"Totul despre Rom\u00e2nia \u015fi rom\u00e2ni, \u00een 13 limbi\/dialecte!","inLanguage":"en-US"},{"@type":"Person","@id":"https:\/\/www.rri.ro\/#\/schema\/person\/0ed327d40678578e6dbb840527e3ba32","name":"Bogdan Matei","url":"https:\/\/www.rri.ro\/en\/author\/bogdan-matei"}]}},"_links":{"self":[{"href":"https:\/\/www.rri.ro\/en\/wp-json\/wp\/v2\/posts\/65404","targetHints":{"allow":["GET"]}}],"collection":[{"href":"https:\/\/www.rri.ro\/en\/wp-json\/wp\/v2\/posts"}],"about":[{"href":"https:\/\/www.rri.ro\/en\/wp-json\/wp\/v2\/types\/post"}],"author":[{"embeddable":true,"href":"https:\/\/www.rri.ro\/en\/wp-json\/wp\/v2\/users\/105"}],"replies":[{"embeddable":true,"href":"https:\/\/www.rri.ro\/en\/wp-json\/wp\/v2\/comments?post=65404"}],"version-history":[{"count":0,"href":"https:\/\/www.rri.ro\/en\/wp-json\/wp\/v2\/posts\/65404\/revisions"}],"wp:featuredmedia":[{"embeddable":true,"href":"https:\/\/www.rri.ro\/en\/wp-json\/wp\/v2\/media\/65405"}],"wp:attachment":[{"href":"https:\/\/www.rri.ro\/en\/wp-json\/wp\/v2\/media?parent=65404"}],"wp:term":[{"taxonomy":"category","embeddable":true,"href":"https:\/\/www.rri.ro\/en\/wp-json\/wp\/v2\/categories?post=65404"},{"taxonomy":"post_tag","embeddable":true,"href":"https:\/\/www.rri.ro\/en\/wp-json\/wp\/v2\/tags?post=65404"},{"taxonomy":"author","embeddable":true,"href":"https:\/\/www.rri.ro\/en\/wp-json\/wp\/v2\/coauthors?post=65404"}],"curies":[{"name":"wp","href":"https:\/\/api.w.org\/{rel}","templated":true}]}}