{"id":67815,"date":"2016-03-11T23:27:00","date_gmt":"2016-03-11T21:27:00","guid":{"rendered":"http:\/\/devrri.freshlemon.ro\/news-and-current-affairs\/newsflash\/aej-concerned-about-the-fate-of-romanias-public-broadcasting-services-67815.html"},"modified":"2024-02-16T09:31:05","modified_gmt":"2024-02-16T07:31:05","slug":"aej-concerned-about-the-fate-of-romanias-public-broadcasting-services","status":"publish","type":"post","link":"https:\/\/www.rri.ro\/en\/news-and-current-affairs\/today-in-the-news\/aej-concerned-about-the-fate-of-romanias-public-broadcasting-services-id67815.html","title":{"rendered":"AEJ concerned about the fate of Romania\u2019s public broadcasting services"},"content":{"rendered":"<p style=margin: 0px 0px 10px; line-height: 15px; color: rgb(80, 80, 80); font-family: Tahoma, Arial, sans-serif; font-size: 12px;>The Association of European Journalists (AEJ) is watching with concern the fast pace of moves by the government in Romania that may put the future of Romanian public TV and radio at risk. TVR, Romanian public TV, has crippling debts and has failed over a period of years to rectify its finances or win public confidence in its editorial independence and standards of management, the AEJ writes in a press release issued on 10 March.<\/p>\n<p>&#13;<br \/>\n&#13;<\/p>\n<p style=margin: 0px 0px 10px; line-height: 15px; color: rgb(80, 80, 80); font-family: Tahoma, Arial, sans-serif; font-size: 12px;>\n<p>&#13;<br \/>\n&#13;<\/p>\n<p style=margin: 0px 0px 10px; line-height: 15px; color: rgb(80, 80, 80); font-family: Tahoma, Arial, sans-serif; font-size: 12px;>Currently, the Social Democrat Party is using an emergency procedure to rush through parliament an amendment to the PSB law 41\/1994. Critics of the changes, including the National Liberal Party, claim this is unconstitutional, stated the AEJ. The manner in which a drastic set of reforms are apparently being imposed poses existential risks for TVR, which possesses high-value assets including buildings and equipment, considers the AEJ.<\/p>\n<p>&#13;<br \/>\n&#13;<\/p>\n<p style=margin: 0px 0px 10px; line-height: 15px; color: rgb(80, 80, 80); font-family: Tahoma, Arial, sans-serif; font-size: 12px;>\n<p>&#13;<br \/>\n&#13;<\/p>\n<p style=margin: 0px 0px 10px; line-height: 15px; color: rgb(80, 80, 80); font-family: Tahoma, Arial, sans-serif; font-size: 12px;>It is also important that any changes in the law or public service governance arrangement do not seriously damage the financial stability of Romanian public radio, or its capacity to provide a good quality of public information services through its programmes, which maintain a relatively high degree of public support. The European Broadcasting Union, of which Romanian public TV and radio are members, has reportedly written a letter to the Romanian prime minister requesting his \u2018urgent intervention because TVR faces the prospect of financial collapse. The EBU letter is also quoted as calling for an \u2018all-encompassing reform that addresses the need in future for sustainable funding and proper governance.<\/p>\n<p>&#13;<br \/>\n&#13;<\/p>\n<p style=margin: 0px 0px 10px; line-height: 15px; color: rgb(80, 80, 80); font-family: Tahoma, Arial, sans-serif; font-size: 12px;>\n<p>&#13;<br \/>\n&#13;<\/p>\n<p style=margin: 0px 0px 10px; line-height: 15px; color: rgb(80, 80, 80); font-family: Tahoma, Arial, sans-serif; font-size: 12px;>The extent of the deep-seated debt and other problems at TVR is widely recognised. But the AEJ urges the Romanian government to act in ways that show it understands its obligation to preserve the viability and proper management of Romania&#8217;s public broadcasting system in the interest of the public as a whole.<\/p>\n<p>&#13;<br \/>\n&#13;<\/p>\n<p style=margin: 0px 0px 10px; line-height: 15px; color: rgb(80, 80, 80); font-family: Tahoma, Arial, sans-serif; font-size: 12px;>\n<p>&#13;<br \/>\n&#13;<\/p>\n<p style=margin: 0px 0px 10px; line-height: 15px; color: rgb(80, 80, 80); font-family: Tahoma, Arial, sans-serif; font-size: 12px;>The government&#8217;s actions are open to criticism for failing to provide for an open and full public debate before seeking to enact its proposals, especially with local and national elections due to be held later in the year. Public service broadcasting has particular responsibilities at times of elections and political uncertainty to provide fair and balanced news and information to the population, the AEJ stated in the press release. <\/p>\n<p>&#13;<\/p>\n","protected":false},"excerpt":{"rendered":"<p>The Association of European Journalists  is watching with concern the fast pace of moves by the government in Romania that may put the future of Romanian public TV and radio at risk.<\/p>\n","protected":false},"author":2,"featured_media":67611,"comment_status":"closed","ping_status":"closed","sticky":false,"template":"","format":"standard","meta":{"_acf_changed":false,"footnotes":""},"categories":[37738],"tags":[30047,31084,38400],"coauthors":[],"class_list":["post-67815","post","type-post","status-publish","format-standard","has-post-thumbnail","hentry","category-today-in-the-news","tag-association-of-european-journalists","tag-european-broadcasting-union","tag-romanias-public-broadcasting-services"],"acf":[],"yoast_head":"<!-- This site is optimized with the Yoast SEO plugin v27.3 - https:\/\/yoast.com\/product\/yoast-seo-wordpress\/ -->\n<title>AEJ concerned about the fate of Romania\u2019s public broadcasting services - Radio Romania International<\/title>\n<meta name=\"robots\" content=\"index, follow, max-snippet:-1, max-image-preview:large, max-video-preview:-1\" \/>\n<link rel=\"canonical\" href=\"https:\/\/www.rri.ro\/en\/news-and-current-affairs\/today-in-the-news\/aej-concerned-about-the-fate-of-romanias-public-broadcasting-services-id67815.html\" \/>\n<meta property=\"og:locale\" content=\"en_US\" \/>\n<meta property=\"og:type\" content=\"article\" \/>\n<meta property=\"og:title\" content=\"AEJ concerned about the fate of Romania\u2019s public broadcasting services - Radio Romania International\" \/>\n<meta property=\"og:description\" content=\"The Association of European Journalists is watching with concern the fast pace of moves by the government in Romania that may put the future of Romanian public TV and radio at risk.\" \/>\n<meta property=\"og:url\" content=\"https:\/\/www.rri.ro\/en\/news-and-current-affairs\/today-in-the-news\/aej-concerned-about-the-fate-of-romanias-public-broadcasting-services-id67815.html\" \/>\n<meta property=\"og:site_name\" content=\"Radio Romania International\" \/>\n<meta property=\"article:published_time\" content=\"2016-03-11T21:27:00+00:00\" \/>\n<meta property=\"article:modified_time\" content=\"2024-02-16T07:31:05+00:00\" \/>\n<meta property=\"og:image\" content=\"https:\/\/www.rri.ro\/wp-content\/uploads\/2023\/10\/LOGOANIVERSAR-VARIANTA2-RADIOROMANIADIN1928.png\" \/>\n\t<meta property=\"og:image:width\" content=\"640\" \/>\n\t<meta property=\"og:image:height\" content=\"479\" \/>\n\t<meta property=\"og:image:type\" content=\"image\/png\" \/>\n<meta name=\"author\" content=\"Rom\u00e2nia Interna\u021bional\" \/>\n<meta name=\"twitter:card\" content=\"summary_large_image\" \/>\n<meta name=\"twitter:label1\" content=\"Written by\" \/>\n\t<meta name=\"twitter:data1\" content=\"Rom\u00e2nia Interna\u021bional\" \/>\n\t<meta name=\"twitter:label2\" content=\"Est. reading time\" \/>\n\t<meta name=\"twitter:data2\" content=\"2 minutes\" \/>\n<script type=\"application\/ld+json\" class=\"yoast-schema-graph\">{\"@context\":\"https:\\\/\\\/schema.org\",\"@graph\":[{\"@type\":\"Article\",\"@id\":\"https:\\\/\\\/www.rri.ro\\\/en\\\/news-and-current-affairs\\\/today-in-the-news\\\/aej-concerned-about-the-fate-of-romanias-public-broadcasting-services-id67815.html#article\",\"isPartOf\":{\"@id\":\"https:\\\/\\\/www.rri.ro\\\/en\\\/news-and-current-affairs\\\/today-in-the-news\\\/aej-concerned-about-the-fate-of-romanias-public-broadcasting-services-id67815.html\"},\"author\":{\"name\":\"Rom\u00e2nia Interna\u021bional\",\"@id\":\"https:\\\/\\\/www.rri.ro\\\/#\\\/schema\\\/person\\\/18fac491bccbfe149b92aea77ad60abd\"},\"headline\":\"AEJ concerned about the fate of Romania\u2019s public broadcasting services\",\"datePublished\":\"2016-03-11T21:27:00+00:00\",\"dateModified\":\"2024-02-16T07:31:05+00:00\",\"mainEntityOfPage\":{\"@id\":\"https:\\\/\\\/www.rri.ro\\\/en\\\/news-and-current-affairs\\\/today-in-the-news\\\/aej-concerned-about-the-fate-of-romanias-public-broadcasting-services-id67815.html\"},\"wordCount\":382,\"image\":{\"@id\":\"https:\\\/\\\/www.rri.ro\\\/en\\\/news-and-current-affairs\\\/today-in-the-news\\\/aej-concerned-about-the-fate-of-romanias-public-broadcasting-services-id67815.html#primaryimage\"},\"thumbnailUrl\":\"https:\\\/\\\/www.rri.ro\\\/wp-content\\\/uploads\\\/2023\\\/10\\\/LOGOANIVERSAR-VARIANTA2-RADIOROMANIADIN1928.png\",\"keywords\":[\"Association of European Journalists\",\"European Broadcasting Union\",\"Romanias public broadcasting services\"],\"articleSection\":[\"Today in the News\"],\"inLanguage\":\"en-US\"},{\"@type\":\"WebPage\",\"@id\":\"https:\\\/\\\/www.rri.ro\\\/en\\\/news-and-current-affairs\\\/today-in-the-news\\\/aej-concerned-about-the-fate-of-romanias-public-broadcasting-services-id67815.html\",\"url\":\"https:\\\/\\\/www.rri.ro\\\/en\\\/news-and-current-affairs\\\/today-in-the-news\\\/aej-concerned-about-the-fate-of-romanias-public-broadcasting-services-id67815.html\",\"name\":\"AEJ concerned about the fate of Romania\u2019s public broadcasting services - Radio Romania International\",\"isPartOf\":{\"@id\":\"https:\\\/\\\/www.rri.ro\\\/#website\"},\"primaryImageOfPage\":{\"@id\":\"https:\\\/\\\/www.rri.ro\\\/en\\\/news-and-current-affairs\\\/today-in-the-news\\\/aej-concerned-about-the-fate-of-romanias-public-broadcasting-services-id67815.html#primaryimage\"},\"image\":{\"@id\":\"https:\\\/\\\/www.rri.ro\\\/en\\\/news-and-current-affairs\\\/today-in-the-news\\\/aej-concerned-about-the-fate-of-romanias-public-broadcasting-services-id67815.html#primaryimage\"},\"thumbnailUrl\":\"https:\\\/\\\/www.rri.ro\\\/wp-content\\\/uploads\\\/2023\\\/10\\\/LOGOANIVERSAR-VARIANTA2-RADIOROMANIADIN1928.png\",\"datePublished\":\"2016-03-11T21:27:00+00:00\",\"dateModified\":\"2024-02-16T07:31:05+00:00\",\"author\":{\"@id\":\"https:\\\/\\\/www.rri.ro\\\/#\\\/schema\\\/person\\\/18fac491bccbfe149b92aea77ad60abd\"},\"breadcrumb\":{\"@id\":\"https:\\\/\\\/www.rri.ro\\\/en\\\/news-and-current-affairs\\\/today-in-the-news\\\/aej-concerned-about-the-fate-of-romanias-public-broadcasting-services-id67815.html#breadcrumb\"},\"inLanguage\":\"en-US\",\"potentialAction\":[{\"@type\":\"ReadAction\",\"target\":[\"https:\\\/\\\/www.rri.ro\\\/en\\\/news-and-current-affairs\\\/today-in-the-news\\\/aej-concerned-about-the-fate-of-romanias-public-broadcasting-services-id67815.html\"]}]},{\"@type\":\"ImageObject\",\"inLanguage\":\"en-US\",\"@id\":\"https:\\\/\\\/www.rri.ro\\\/en\\\/news-and-current-affairs\\\/today-in-the-news\\\/aej-concerned-about-the-fate-of-romanias-public-broadcasting-services-id67815.html#primaryimage\",\"url\":\"https:\\\/\\\/www.rri.ro\\\/wp-content\\\/uploads\\\/2023\\\/10\\\/LOGOANIVERSAR-VARIANTA2-RADIOROMANIADIN1928.png\",\"contentUrl\":\"https:\\\/\\\/www.rri.ro\\\/wp-content\\\/uploads\\\/2023\\\/10\\\/LOGOANIVERSAR-VARIANTA2-RADIOROMANIADIN1928.png\",\"width\":640,\"height\":479},{\"@type\":\"BreadcrumbList\",\"@id\":\"https:\\\/\\\/www.rri.ro\\\/en\\\/news-and-current-affairs\\\/today-in-the-news\\\/aej-concerned-about-the-fate-of-romanias-public-broadcasting-services-id67815.html#breadcrumb\",\"itemListElement\":[{\"@type\":\"ListItem\",\"position\":1,\"name\":\"Homepage\",\"item\":\"https:\\\/\\\/www.rri.ro\\\/en\"},{\"@type\":\"ListItem\",\"position\":2,\"name\":\"News and Current Affairs\",\"item\":\"https:\\\/\\\/www.rri.ro\\\/en\\\/news-and-current-affairs\"},{\"@type\":\"ListItem\",\"position\":3,\"name\":\"Today in the News\",\"item\":\"https:\\\/\\\/www.rri.ro\\\/en\\\/news-and-current-affairs\\\/today-in-the-news\"},{\"@type\":\"ListItem\",\"position\":4,\"name\":\"AEJ concerned about the fate of Romania\u2019s public broadcasting services\"}]},{\"@type\":\"WebSite\",\"@id\":\"https:\\\/\\\/www.rri.ro\\\/#website\",\"url\":\"https:\\\/\\\/www.rri.ro\\\/\",\"name\":\"Radio Romania International\",\"description\":\"Totul despre Rom\u00e2nia \u015fi rom\u00e2ni, \u00een 13 limbi\\\/dialecte!\",\"inLanguage\":\"en-US\"},{\"@type\":\"Person\",\"@id\":\"https:\\\/\\\/www.rri.ro\\\/#\\\/schema\\\/person\\\/18fac491bccbfe149b92aea77ad60abd\",\"name\":\"Rom\u00e2nia Interna\u021bional\",\"url\":\"https:\\\/\\\/www.rri.ro\\\/en\\\/author\\\/redactia\"}]}<\/script>\n<!-- \/ Yoast SEO plugin. -->","yoast_head_json":{"title":"AEJ concerned about the fate of Romania\u2019s public broadcasting services - Radio Romania International","robots":{"index":"index","follow":"follow","max-snippet":"max-snippet:-1","max-image-preview":"max-image-preview:large","max-video-preview":"max-video-preview:-1"},"canonical":"https:\/\/www.rri.ro\/en\/news-and-current-affairs\/today-in-the-news\/aej-concerned-about-the-fate-of-romanias-public-broadcasting-services-id67815.html","og_locale":"en_US","og_type":"article","og_title":"AEJ concerned about the fate of Romania\u2019s public broadcasting services - Radio Romania International","og_description":"The Association of European Journalists is watching with concern the fast pace of moves by the government in Romania that may put the future of Romanian public TV and radio at risk.","og_url":"https:\/\/www.rri.ro\/en\/news-and-current-affairs\/today-in-the-news\/aej-concerned-about-the-fate-of-romanias-public-broadcasting-services-id67815.html","og_site_name":"Radio Romania International","article_published_time":"2016-03-11T21:27:00+00:00","article_modified_time":"2024-02-16T07:31:05+00:00","og_image":[{"width":640,"height":479,"url":"https:\/\/www.rri.ro\/wp-content\/uploads\/2023\/10\/LOGOANIVERSAR-VARIANTA2-RADIOROMANIADIN1928.png","type":"image\/png"}],"author":"Rom\u00e2nia Interna\u021bional","twitter_card":"summary_large_image","twitter_misc":{"Written by":"Rom\u00e2nia Interna\u021bional","Est. reading time":"2 minutes"},"schema":{"@context":"https:\/\/schema.org","@graph":[{"@type":"Article","@id":"https:\/\/www.rri.ro\/en\/news-and-current-affairs\/today-in-the-news\/aej-concerned-about-the-fate-of-romanias-public-broadcasting-services-id67815.html#article","isPartOf":{"@id":"https:\/\/www.rri.ro\/en\/news-and-current-affairs\/today-in-the-news\/aej-concerned-about-the-fate-of-romanias-public-broadcasting-services-id67815.html"},"author":{"name":"Rom\u00e2nia Interna\u021bional","@id":"https:\/\/www.rri.ro\/#\/schema\/person\/18fac491bccbfe149b92aea77ad60abd"},"headline":"AEJ concerned about the fate of Romania\u2019s public broadcasting services","datePublished":"2016-03-11T21:27:00+00:00","dateModified":"2024-02-16T07:31:05+00:00","mainEntityOfPage":{"@id":"https:\/\/www.rri.ro\/en\/news-and-current-affairs\/today-in-the-news\/aej-concerned-about-the-fate-of-romanias-public-broadcasting-services-id67815.html"},"wordCount":382,"image":{"@id":"https:\/\/www.rri.ro\/en\/news-and-current-affairs\/today-in-the-news\/aej-concerned-about-the-fate-of-romanias-public-broadcasting-services-id67815.html#primaryimage"},"thumbnailUrl":"https:\/\/www.rri.ro\/wp-content\/uploads\/2023\/10\/LOGOANIVERSAR-VARIANTA2-RADIOROMANIADIN1928.png","keywords":["Association of European Journalists","European Broadcasting Union","Romanias public broadcasting services"],"articleSection":["Today in the News"],"inLanguage":"en-US"},{"@type":"WebPage","@id":"https:\/\/www.rri.ro\/en\/news-and-current-affairs\/today-in-the-news\/aej-concerned-about-the-fate-of-romanias-public-broadcasting-services-id67815.html","url":"https:\/\/www.rri.ro\/en\/news-and-current-affairs\/today-in-the-news\/aej-concerned-about-the-fate-of-romanias-public-broadcasting-services-id67815.html","name":"AEJ concerned about the fate of Romania\u2019s public broadcasting services - Radio Romania International","isPartOf":{"@id":"https:\/\/www.rri.ro\/#website"},"primaryImageOfPage":{"@id":"https:\/\/www.rri.ro\/en\/news-and-current-affairs\/today-in-the-news\/aej-concerned-about-the-fate-of-romanias-public-broadcasting-services-id67815.html#primaryimage"},"image":{"@id":"https:\/\/www.rri.ro\/en\/news-and-current-affairs\/today-in-the-news\/aej-concerned-about-the-fate-of-romanias-public-broadcasting-services-id67815.html#primaryimage"},"thumbnailUrl":"https:\/\/www.rri.ro\/wp-content\/uploads\/2023\/10\/LOGOANIVERSAR-VARIANTA2-RADIOROMANIADIN1928.png","datePublished":"2016-03-11T21:27:00+00:00","dateModified":"2024-02-16T07:31:05+00:00","author":{"@id":"https:\/\/www.rri.ro\/#\/schema\/person\/18fac491bccbfe149b92aea77ad60abd"},"breadcrumb":{"@id":"https:\/\/www.rri.ro\/en\/news-and-current-affairs\/today-in-the-news\/aej-concerned-about-the-fate-of-romanias-public-broadcasting-services-id67815.html#breadcrumb"},"inLanguage":"en-US","potentialAction":[{"@type":"ReadAction","target":["https:\/\/www.rri.ro\/en\/news-and-current-affairs\/today-in-the-news\/aej-concerned-about-the-fate-of-romanias-public-broadcasting-services-id67815.html"]}]},{"@type":"ImageObject","inLanguage":"en-US","@id":"https:\/\/www.rri.ro\/en\/news-and-current-affairs\/today-in-the-news\/aej-concerned-about-the-fate-of-romanias-public-broadcasting-services-id67815.html#primaryimage","url":"https:\/\/www.rri.ro\/wp-content\/uploads\/2023\/10\/LOGOANIVERSAR-VARIANTA2-RADIOROMANIADIN1928.png","contentUrl":"https:\/\/www.rri.ro\/wp-content\/uploads\/2023\/10\/LOGOANIVERSAR-VARIANTA2-RADIOROMANIADIN1928.png","width":640,"height":479},{"@type":"BreadcrumbList","@id":"https:\/\/www.rri.ro\/en\/news-and-current-affairs\/today-in-the-news\/aej-concerned-about-the-fate-of-romanias-public-broadcasting-services-id67815.html#breadcrumb","itemListElement":[{"@type":"ListItem","position":1,"name":"Homepage","item":"https:\/\/www.rri.ro\/en"},{"@type":"ListItem","position":2,"name":"News and Current Affairs","item":"https:\/\/www.rri.ro\/en\/news-and-current-affairs"},{"@type":"ListItem","position":3,"name":"Today in the News","item":"https:\/\/www.rri.ro\/en\/news-and-current-affairs\/today-in-the-news"},{"@type":"ListItem","position":4,"name":"AEJ concerned about the fate of Romania\u2019s public broadcasting services"}]},{"@type":"WebSite","@id":"https:\/\/www.rri.ro\/#website","url":"https:\/\/www.rri.ro\/","name":"Radio Romania International","description":"Totul despre Rom\u00e2nia \u015fi rom\u00e2ni, \u00een 13 limbi\/dialecte!","inLanguage":"en-US"},{"@type":"Person","@id":"https:\/\/www.rri.ro\/#\/schema\/person\/18fac491bccbfe149b92aea77ad60abd","name":"Rom\u00e2nia Interna\u021bional","url":"https:\/\/www.rri.ro\/en\/author\/redactia"}]}},"_links":{"self":[{"href":"https:\/\/www.rri.ro\/en\/wp-json\/wp\/v2\/posts\/67815","targetHints":{"allow":["GET"]}}],"collection":[{"href":"https:\/\/www.rri.ro\/en\/wp-json\/wp\/v2\/posts"}],"about":[{"href":"https:\/\/www.rri.ro\/en\/wp-json\/wp\/v2\/types\/post"}],"author":[{"embeddable":true,"href":"https:\/\/www.rri.ro\/en\/wp-json\/wp\/v2\/users\/2"}],"replies":[{"embeddable":true,"href":"https:\/\/www.rri.ro\/en\/wp-json\/wp\/v2\/comments?post=67815"}],"version-history":[{"count":0,"href":"https:\/\/www.rri.ro\/en\/wp-json\/wp\/v2\/posts\/67815\/revisions"}],"wp:featuredmedia":[{"embeddable":true,"href":"https:\/\/www.rri.ro\/en\/wp-json\/wp\/v2\/media\/67611"}],"wp:attachment":[{"href":"https:\/\/www.rri.ro\/en\/wp-json\/wp\/v2\/media?parent=67815"}],"wp:term":[{"taxonomy":"category","embeddable":true,"href":"https:\/\/www.rri.ro\/en\/wp-json\/wp\/v2\/categories?post=67815"},{"taxonomy":"post_tag","embeddable":true,"href":"https:\/\/www.rri.ro\/en\/wp-json\/wp\/v2\/tags?post=67815"},{"taxonomy":"author","embeddable":true,"href":"https:\/\/www.rri.ro\/en\/wp-json\/wp\/v2\/coauthors?post=67815"}],"curies":[{"name":"wp","href":"https:\/\/api.w.org\/{rel}","templated":true}]}}