{"id":68008,"date":"2016-03-29T13:37:00","date_gmt":"2016-03-29T10:37:00","guid":{"rendered":"http:\/\/devrri.freshlemon.ro\/news-and-current-affairs\/newsflash\/reactions-and-measures-against-terrorism-68008.html"},"modified":"2024-02-16T09:31:30","modified_gmt":"2024-02-16T07:31:30","slug":"reactions-and-measures-against-terrorism","status":"publish","type":"post","link":"https:\/\/www.rri.ro\/en\/news-and-current-affairs\/today-in-the-news\/reactions-and-measures-against-terrorism-id68008.html","title":{"rendered":"Reactions and Measures against Terrorism"},"content":{"rendered":"<p>Experts had warned that the Catholic Easter, celebrated on Sunday, only five days after the carnage in Brussels, was for Jihadists a good opportunity to strike again. What was unexpected was the target. This time it was not Europe, already at risk due to its Christian majority, but Pakistan that fell victim, a country where Christians account for a very small minority. More than 70 people were killed and several hundreds wounded in the city of Lahore, in a park where Catholic believers were celebrating Jesus\u2019 Resurrection. A faction of the Pakistani Taliban movement has claimed the attack.<\/p>\n<p>&#13;<br \/>\n&#13;<\/p>\n<p>&#13;<br \/>\n&#13;<\/p>\n<p>Just like most of the other political leaders, President Klaus Iohannis has conveyed Romanians\u2019 condolences and sympathy to the Pakistani people and the victims\u2019 families. Both the Romanian presidency and Foreign Ministry have once again stressed that Romania firmly condemns such attacks and stays committed to the international fight against terrorism. Prime Minister Dacian Ciolos has stated that in Romania terrorist threats exist, but they are properly contained. In an interview to a private TV station, Ciolos said that domestic intelligence services need to be provided with the necessary tools for them to be able to properly monitor threats, without affecting transparency and citizens\u2019 rights.<\/p>\n<p>&#13;<br \/>\n&#13;<\/p>\n<p>&#13;<br \/>\n&#13;<\/p>\n<p>The Prime Minister pleaded for a more rigorous control of PrePay phone cards, which in Romania can be purchased without having to provide any ID, and also said that the issue was being examined by the Justice and Interior Ministers. Prime Minister Ciolos has said he\u2019s been informed about the fact that PrePay cards purchased in Romania were used in preparing attacks in other EU member countries. The Romanian Intelligence Service has stated it can provide no information regarding terrorists who may have used such cards to prepare terrorist attacks.<\/p>\n<p>&#13;<br \/>\n&#13;<\/p>\n<p>&#13;<br \/>\n&#13;<\/p>\n<p>However, the Service has mentioned the fact that the use of such non-nominal phone cards issued by Romanian phone operators in conflict areas, including Syria and Iraq, is a well-known fact. Since the identity of the people using them cannot be established, such cards may be used by both Romanian citizens residing in those conflict areas, but also by people connected to terrorist entities, the Service has also stated, in a communiqu\u00e9 issued at the media\u2019s request.<\/p>\n<p>&#13;<br \/>\n&#13;<\/p>\n<p>&#13;<br \/>\n&#13;<\/p>\n<p>What is clear is that in Bucharest, voices pleading for a regulation of the way in which such phone cards are purchased have grown in number, just like those warning that, in the name of the fight against terror, special services may be tempted to intrude into peaceful citizen\u2019s private lives.<\/p>\n<p>&#13;<br \/>\n&#13;<\/p>\n<p>(Translated by M. Ignatescu)<\/p>\n<p>&#13;<br \/>\n&#13;<\/p>\n<p>&#13;<\/p>\n","protected":false},"excerpt":{"rendered":"<p>The bloody attacks in Brussels and Lahore, which have claimed more than one hundred lives in less than a week, have fueled debates in Romania regarding anti-terror measures.<\/p>\n","protected":false},"author":2,"featured_media":68009,"comment_status":"closed","ping_status":"closed","sticky":false,"template":"","format":"standard","meta":{"_acf_changed":false,"footnotes":""},"categories":[37738],"tags":[29552,38422,28972],"coauthors":[],"class_list":["post-68008","post","type-post","status-publish","format-standard","has-post-thumbnail","hentry","category-today-in-the-news","tag-pm-dacian-ciolos","tag-romania-and-terrorism","tag-romanian-intelligence-service"],"acf":[],"yoast_head":"<!-- This site is optimized with the Yoast SEO plugin v27.3 - https:\/\/yoast.com\/product\/yoast-seo-wordpress\/ -->\n<title>Reactions and Measures against Terrorism - Radio Romania International<\/title>\n<meta name=\"robots\" content=\"index, follow, max-snippet:-1, max-image-preview:large, max-video-preview:-1\" \/>\n<link rel=\"canonical\" href=\"https:\/\/www.rri.ro\/en\/news-and-current-affairs\/today-in-the-news\/reactions-and-measures-against-terrorism-id68008.html\" \/>\n<meta property=\"og:locale\" content=\"en_US\" \/>\n<meta property=\"og:type\" content=\"article\" \/>\n<meta property=\"og:title\" content=\"Reactions and Measures against Terrorism - Radio Romania International\" \/>\n<meta property=\"og:description\" content=\"The bloody attacks in Brussels and Lahore, which have claimed more than one hundred lives in less than a week, have fueled debates in Romania regarding anti-terror measures.\" \/>\n<meta property=\"og:url\" content=\"https:\/\/www.rri.ro\/en\/news-and-current-affairs\/today-in-the-news\/reactions-and-measures-against-terrorism-id68008.html\" \/>\n<meta property=\"og:site_name\" content=\"Radio Romania International\" \/>\n<meta property=\"article:published_time\" content=\"2016-03-29T10:37:00+00:00\" \/>\n<meta property=\"article:modified_time\" content=\"2024-02-16T07:31:30+00:00\" \/>\n<meta property=\"og:image\" content=\"https:\/\/www.rri.ro\/wp-content\/uploads\/2023\/10\/cartele-prepay-sim-telefon.png\" \/>\n\t<meta property=\"og:image:width\" content=\"640\" \/>\n\t<meta property=\"og:image:height\" content=\"480\" \/>\n\t<meta property=\"og:image:type\" content=\"image\/png\" \/>\n<meta name=\"author\" content=\"Rom\u00e2nia Interna\u021bional\" \/>\n<meta name=\"twitter:card\" content=\"summary_large_image\" \/>\n<meta name=\"twitter:label1\" content=\"Written by\" \/>\n\t<meta name=\"twitter:data1\" content=\"Rom\u00e2nia Interna\u021bional\" \/>\n\t<meta name=\"twitter:label2\" content=\"Est. reading time\" \/>\n\t<meta name=\"twitter:data2\" content=\"2 minutes\" \/>\n<script type=\"application\/ld+json\" class=\"yoast-schema-graph\">{\"@context\":\"https:\\\/\\\/schema.org\",\"@graph\":[{\"@type\":\"Article\",\"@id\":\"https:\\\/\\\/www.rri.ro\\\/en\\\/news-and-current-affairs\\\/today-in-the-news\\\/reactions-and-measures-against-terrorism-id68008.html#article\",\"isPartOf\":{\"@id\":\"https:\\\/\\\/www.rri.ro\\\/en\\\/news-and-current-affairs\\\/today-in-the-news\\\/reactions-and-measures-against-terrorism-id68008.html\"},\"author\":{\"name\":\"Rom\u00e2nia Interna\u021bional\",\"@id\":\"https:\\\/\\\/www.rri.ro\\\/#\\\/schema\\\/person\\\/18fac491bccbfe149b92aea77ad60abd\"},\"headline\":\"Reactions and Measures against Terrorism\",\"datePublished\":\"2016-03-29T10:37:00+00:00\",\"dateModified\":\"2024-02-16T07:31:30+00:00\",\"mainEntityOfPage\":{\"@id\":\"https:\\\/\\\/www.rri.ro\\\/en\\\/news-and-current-affairs\\\/today-in-the-news\\\/reactions-and-measures-against-terrorism-id68008.html\"},\"wordCount\":432,\"image\":{\"@id\":\"https:\\\/\\\/www.rri.ro\\\/en\\\/news-and-current-affairs\\\/today-in-the-news\\\/reactions-and-measures-against-terrorism-id68008.html#primaryimage\"},\"thumbnailUrl\":\"https:\\\/\\\/www.rri.ro\\\/wp-content\\\/uploads\\\/2023\\\/10\\\/cartele-prepay-sim-telefon.png\",\"keywords\":[\"PM Dacian Ciolos\",\"Romania and terrorism\",\"Romanian Intelligence Service\"],\"articleSection\":[\"Today in the News\"],\"inLanguage\":\"en-US\"},{\"@type\":\"WebPage\",\"@id\":\"https:\\\/\\\/www.rri.ro\\\/en\\\/news-and-current-affairs\\\/today-in-the-news\\\/reactions-and-measures-against-terrorism-id68008.html\",\"url\":\"https:\\\/\\\/www.rri.ro\\\/en\\\/news-and-current-affairs\\\/today-in-the-news\\\/reactions-and-measures-against-terrorism-id68008.html\",\"name\":\"Reactions and Measures against Terrorism - Radio Romania International\",\"isPartOf\":{\"@id\":\"https:\\\/\\\/www.rri.ro\\\/#website\"},\"primaryImageOfPage\":{\"@id\":\"https:\\\/\\\/www.rri.ro\\\/en\\\/news-and-current-affairs\\\/today-in-the-news\\\/reactions-and-measures-against-terrorism-id68008.html#primaryimage\"},\"image\":{\"@id\":\"https:\\\/\\\/www.rri.ro\\\/en\\\/news-and-current-affairs\\\/today-in-the-news\\\/reactions-and-measures-against-terrorism-id68008.html#primaryimage\"},\"thumbnailUrl\":\"https:\\\/\\\/www.rri.ro\\\/wp-content\\\/uploads\\\/2023\\\/10\\\/cartele-prepay-sim-telefon.png\",\"datePublished\":\"2016-03-29T10:37:00+00:00\",\"dateModified\":\"2024-02-16T07:31:30+00:00\",\"author\":{\"@id\":\"https:\\\/\\\/www.rri.ro\\\/#\\\/schema\\\/person\\\/18fac491bccbfe149b92aea77ad60abd\"},\"breadcrumb\":{\"@id\":\"https:\\\/\\\/www.rri.ro\\\/en\\\/news-and-current-affairs\\\/today-in-the-news\\\/reactions-and-measures-against-terrorism-id68008.html#breadcrumb\"},\"inLanguage\":\"en-US\",\"potentialAction\":[{\"@type\":\"ReadAction\",\"target\":[\"https:\\\/\\\/www.rri.ro\\\/en\\\/news-and-current-affairs\\\/today-in-the-news\\\/reactions-and-measures-against-terrorism-id68008.html\"]}]},{\"@type\":\"ImageObject\",\"inLanguage\":\"en-US\",\"@id\":\"https:\\\/\\\/www.rri.ro\\\/en\\\/news-and-current-affairs\\\/today-in-the-news\\\/reactions-and-measures-against-terrorism-id68008.html#primaryimage\",\"url\":\"https:\\\/\\\/www.rri.ro\\\/wp-content\\\/uploads\\\/2023\\\/10\\\/cartele-prepay-sim-telefon.png\",\"contentUrl\":\"https:\\\/\\\/www.rri.ro\\\/wp-content\\\/uploads\\\/2023\\\/10\\\/cartele-prepay-sim-telefon.png\",\"width\":640,\"height\":480},{\"@type\":\"BreadcrumbList\",\"@id\":\"https:\\\/\\\/www.rri.ro\\\/en\\\/news-and-current-affairs\\\/today-in-the-news\\\/reactions-and-measures-against-terrorism-id68008.html#breadcrumb\",\"itemListElement\":[{\"@type\":\"ListItem\",\"position\":1,\"name\":\"Homepage\",\"item\":\"https:\\\/\\\/www.rri.ro\\\/en\"},{\"@type\":\"ListItem\",\"position\":2,\"name\":\"News and Current Affairs\",\"item\":\"https:\\\/\\\/www.rri.ro\\\/en\\\/news-and-current-affairs\"},{\"@type\":\"ListItem\",\"position\":3,\"name\":\"Today in the News\",\"item\":\"https:\\\/\\\/www.rri.ro\\\/en\\\/news-and-current-affairs\\\/today-in-the-news\"},{\"@type\":\"ListItem\",\"position\":4,\"name\":\"Reactions and Measures against Terrorism\"}]},{\"@type\":\"WebSite\",\"@id\":\"https:\\\/\\\/www.rri.ro\\\/#website\",\"url\":\"https:\\\/\\\/www.rri.ro\\\/\",\"name\":\"Radio Romania International\",\"description\":\"Totul despre Rom\u00e2nia \u015fi rom\u00e2ni, \u00een 13 limbi\\\/dialecte!\",\"inLanguage\":\"en-US\"},{\"@type\":\"Person\",\"@id\":\"https:\\\/\\\/www.rri.ro\\\/#\\\/schema\\\/person\\\/18fac491bccbfe149b92aea77ad60abd\",\"name\":\"Rom\u00e2nia Interna\u021bional\",\"url\":\"https:\\\/\\\/www.rri.ro\\\/en\\\/author\\\/redactia\"}]}<\/script>\n<!-- \/ Yoast SEO plugin. -->","yoast_head_json":{"title":"Reactions and Measures against Terrorism - Radio Romania International","robots":{"index":"index","follow":"follow","max-snippet":"max-snippet:-1","max-image-preview":"max-image-preview:large","max-video-preview":"max-video-preview:-1"},"canonical":"https:\/\/www.rri.ro\/en\/news-and-current-affairs\/today-in-the-news\/reactions-and-measures-against-terrorism-id68008.html","og_locale":"en_US","og_type":"article","og_title":"Reactions and Measures against Terrorism - Radio Romania International","og_description":"The bloody attacks in Brussels and Lahore, which have claimed more than one hundred lives in less than a week, have fueled debates in Romania regarding anti-terror measures.","og_url":"https:\/\/www.rri.ro\/en\/news-and-current-affairs\/today-in-the-news\/reactions-and-measures-against-terrorism-id68008.html","og_site_name":"Radio Romania International","article_published_time":"2016-03-29T10:37:00+00:00","article_modified_time":"2024-02-16T07:31:30+00:00","og_image":[{"width":640,"height":480,"url":"https:\/\/www.rri.ro\/wp-content\/uploads\/2023\/10\/cartele-prepay-sim-telefon.png","type":"image\/png"}],"author":"Rom\u00e2nia Interna\u021bional","twitter_card":"summary_large_image","twitter_misc":{"Written by":"Rom\u00e2nia Interna\u021bional","Est. reading time":"2 minutes"},"schema":{"@context":"https:\/\/schema.org","@graph":[{"@type":"Article","@id":"https:\/\/www.rri.ro\/en\/news-and-current-affairs\/today-in-the-news\/reactions-and-measures-against-terrorism-id68008.html#article","isPartOf":{"@id":"https:\/\/www.rri.ro\/en\/news-and-current-affairs\/today-in-the-news\/reactions-and-measures-against-terrorism-id68008.html"},"author":{"name":"Rom\u00e2nia Interna\u021bional","@id":"https:\/\/www.rri.ro\/#\/schema\/person\/18fac491bccbfe149b92aea77ad60abd"},"headline":"Reactions and Measures against Terrorism","datePublished":"2016-03-29T10:37:00+00:00","dateModified":"2024-02-16T07:31:30+00:00","mainEntityOfPage":{"@id":"https:\/\/www.rri.ro\/en\/news-and-current-affairs\/today-in-the-news\/reactions-and-measures-against-terrorism-id68008.html"},"wordCount":432,"image":{"@id":"https:\/\/www.rri.ro\/en\/news-and-current-affairs\/today-in-the-news\/reactions-and-measures-against-terrorism-id68008.html#primaryimage"},"thumbnailUrl":"https:\/\/www.rri.ro\/wp-content\/uploads\/2023\/10\/cartele-prepay-sim-telefon.png","keywords":["PM Dacian Ciolos","Romania and terrorism","Romanian Intelligence Service"],"articleSection":["Today in the News"],"inLanguage":"en-US"},{"@type":"WebPage","@id":"https:\/\/www.rri.ro\/en\/news-and-current-affairs\/today-in-the-news\/reactions-and-measures-against-terrorism-id68008.html","url":"https:\/\/www.rri.ro\/en\/news-and-current-affairs\/today-in-the-news\/reactions-and-measures-against-terrorism-id68008.html","name":"Reactions and Measures against Terrorism - Radio Romania International","isPartOf":{"@id":"https:\/\/www.rri.ro\/#website"},"primaryImageOfPage":{"@id":"https:\/\/www.rri.ro\/en\/news-and-current-affairs\/today-in-the-news\/reactions-and-measures-against-terrorism-id68008.html#primaryimage"},"image":{"@id":"https:\/\/www.rri.ro\/en\/news-and-current-affairs\/today-in-the-news\/reactions-and-measures-against-terrorism-id68008.html#primaryimage"},"thumbnailUrl":"https:\/\/www.rri.ro\/wp-content\/uploads\/2023\/10\/cartele-prepay-sim-telefon.png","datePublished":"2016-03-29T10:37:00+00:00","dateModified":"2024-02-16T07:31:30+00:00","author":{"@id":"https:\/\/www.rri.ro\/#\/schema\/person\/18fac491bccbfe149b92aea77ad60abd"},"breadcrumb":{"@id":"https:\/\/www.rri.ro\/en\/news-and-current-affairs\/today-in-the-news\/reactions-and-measures-against-terrorism-id68008.html#breadcrumb"},"inLanguage":"en-US","potentialAction":[{"@type":"ReadAction","target":["https:\/\/www.rri.ro\/en\/news-and-current-affairs\/today-in-the-news\/reactions-and-measures-against-terrorism-id68008.html"]}]},{"@type":"ImageObject","inLanguage":"en-US","@id":"https:\/\/www.rri.ro\/en\/news-and-current-affairs\/today-in-the-news\/reactions-and-measures-against-terrorism-id68008.html#primaryimage","url":"https:\/\/www.rri.ro\/wp-content\/uploads\/2023\/10\/cartele-prepay-sim-telefon.png","contentUrl":"https:\/\/www.rri.ro\/wp-content\/uploads\/2023\/10\/cartele-prepay-sim-telefon.png","width":640,"height":480},{"@type":"BreadcrumbList","@id":"https:\/\/www.rri.ro\/en\/news-and-current-affairs\/today-in-the-news\/reactions-and-measures-against-terrorism-id68008.html#breadcrumb","itemListElement":[{"@type":"ListItem","position":1,"name":"Homepage","item":"https:\/\/www.rri.ro\/en"},{"@type":"ListItem","position":2,"name":"News and Current Affairs","item":"https:\/\/www.rri.ro\/en\/news-and-current-affairs"},{"@type":"ListItem","position":3,"name":"Today in the News","item":"https:\/\/www.rri.ro\/en\/news-and-current-affairs\/today-in-the-news"},{"@type":"ListItem","position":4,"name":"Reactions and Measures against Terrorism"}]},{"@type":"WebSite","@id":"https:\/\/www.rri.ro\/#website","url":"https:\/\/www.rri.ro\/","name":"Radio Romania International","description":"Totul despre Rom\u00e2nia \u015fi rom\u00e2ni, \u00een 13 limbi\/dialecte!","inLanguage":"en-US"},{"@type":"Person","@id":"https:\/\/www.rri.ro\/#\/schema\/person\/18fac491bccbfe149b92aea77ad60abd","name":"Rom\u00e2nia Interna\u021bional","url":"https:\/\/www.rri.ro\/en\/author\/redactia"}]}},"_links":{"self":[{"href":"https:\/\/www.rri.ro\/en\/wp-json\/wp\/v2\/posts\/68008","targetHints":{"allow":["GET"]}}],"collection":[{"href":"https:\/\/www.rri.ro\/en\/wp-json\/wp\/v2\/posts"}],"about":[{"href":"https:\/\/www.rri.ro\/en\/wp-json\/wp\/v2\/types\/post"}],"author":[{"embeddable":true,"href":"https:\/\/www.rri.ro\/en\/wp-json\/wp\/v2\/users\/2"}],"replies":[{"embeddable":true,"href":"https:\/\/www.rri.ro\/en\/wp-json\/wp\/v2\/comments?post=68008"}],"version-history":[{"count":0,"href":"https:\/\/www.rri.ro\/en\/wp-json\/wp\/v2\/posts\/68008\/revisions"}],"wp:featuredmedia":[{"embeddable":true,"href":"https:\/\/www.rri.ro\/en\/wp-json\/wp\/v2\/media\/68009"}],"wp:attachment":[{"href":"https:\/\/www.rri.ro\/en\/wp-json\/wp\/v2\/media?parent=68008"}],"wp:term":[{"taxonomy":"category","embeddable":true,"href":"https:\/\/www.rri.ro\/en\/wp-json\/wp\/v2\/categories?post=68008"},{"taxonomy":"post_tag","embeddable":true,"href":"https:\/\/www.rri.ro\/en\/wp-json\/wp\/v2\/tags?post=68008"},{"taxonomy":"author","embeddable":true,"href":"https:\/\/www.rri.ro\/en\/wp-json\/wp\/v2\/coauthors?post=68008"}],"curies":[{"name":"wp","href":"https:\/\/api.w.org\/{rel}","templated":true}]}}