{"id":68039,"date":"2016-04-01T13:31:00","date_gmt":"2016-04-01T10:31:00","guid":{"rendered":"http:\/\/devrri.freshlemon.ro\/news-and-current-affairs\/newsflash\/brancusi-sculpture-to-be-bought-by-public-subscription-68039.html"},"modified":"2024-02-16T09:31:35","modified_gmt":"2024-02-16T07:31:35","slug":"brancusi-sculpture-to-be-bought-by-public-subscription","status":"publish","type":"post","link":"https:\/\/www.rri.ro\/en\/news-and-current-affairs\/today-in-the-news\/brancusi-sculpture-to-be-bought-by-public-subscription-id68039.html","title":{"rendered":"Brancusi sculpture to be bought by public subscription"},"content":{"rendered":"<p>The Romanian Athenaeum, which is one of Bucharest\u2019s most iconic venues, was built thanks to the small donations made by 500,000 inhabitants of the city in 1886. 128 years later, a similar campaign has been initiated to raise money for the purchase of Constantin Brancusi\u2019s masterpiece \u201cThe Wisdom of the Earth\u201d. The work could become the property of the Romanian state provided that 6 million euro is raised by the end of September. The sculpture costs 11 million euro, but the state is able to provide 5 million. The Romanian prime minister Dacian Ciolos said on television that the public subscription to purchase the Brancusi sculpture is a form of partnership between the state and society.<\/p>\n<p>&#13;<br \/>\n&#13;<\/p>\n<p>&#13;<br \/>\n&#13;<\/p>\n<p>Dacian Ciolos: \u201cWe are launching this public subscription as a way of working together, the state and society. If we can\u2019t raise the money in time, it means we have decided to give up. A public document will be available detailing the history of the work, including its legal situation, so as to make everything transparent and eliminate any suspicion over possible hidden interests.\u201d<\/p>\n<p>&#13;<br \/>\n&#13;<\/p>\n<p>&#13;<br \/>\n&#13;<\/p>\n<p>To be able to purchase the Brancusi sculpture, the Romanian state will invoke its right of pre-emption. Culture minister Vlad Alexandrescu explains in an interview on Radio Romania: \u201cNo private company will make any profit from this operation, which has to be perfectly transparent, and which comes to an end on 30th September. So people who wish to contribute to this purchase may do so by this date. Everybody can donate as much as they want and only if they want to, there is no obligation to contribute. This is not a form of taxation, but a donation, which people are free to make or not, depending on whether they believe in this initiative. The Romanian people now have the opportunity to demonstrate whether they believe this work deserves to remain in the public circuit\u201d.<\/p>\n<p>&#13;<br \/>\n&#13;<\/p>\n<p>&#13;<br \/>\n&#13;<\/p>\n<p>Minister Alexandrescu also said that Brancusi\u2019s sculpture \u201cThe Wisdom of the Earth\u201d is exceptional because it illustrates a decisive stage in the artist\u2019s development and style and, in particular, because it is unique, unlike \u201cThe Kiss\u201d, for example, which has six different versions.<\/p>\n<p>&#13;<br \/>\n&#13;<\/p>\n<p>&#13;<\/p>\n","protected":false},"excerpt":{"rendered":"<p>Opinions are divided in Romania over the governments call for a public subscription to purchase a work by sculptor Constantin Brancusi. Some say the state should cover the entire cost, others support the idea of a public subscription. Everybody agrees, h<\/p>\n","protected":false},"author":108,"featured_media":67863,"comment_status":"closed","ping_status":"closed","sticky":false,"template":"","format":"standard","meta":{"_acf_changed":false,"footnotes":""},"categories":[37738],"tags":[30160,29483,30976,29987],"coauthors":[],"class_list":["post-68039","post","type-post","status-publish","format-standard","has-post-thumbnail","hentry","category-today-in-the-news","tag-brancusi","tag-dacian-ciolos","tag-the-wisdom-of-the-earth","tag-vlad-alexandrescu"],"acf":[],"yoast_head":"<!-- This site is optimized with the Yoast SEO plugin v27.5 - https:\/\/yoast.com\/product\/yoast-seo-wordpress\/ -->\n<title>Brancusi sculpture to be bought by public subscription - Radio Romania International<\/title>\n<meta name=\"robots\" content=\"index, follow, max-snippet:-1, max-image-preview:large, max-video-preview:-1\" \/>\n<link rel=\"canonical\" href=\"https:\/\/www.rri.ro\/en\/news-and-current-affairs\/today-in-the-news\/brancusi-sculpture-to-be-bought-by-public-subscription-id68039.html\" \/>\n<meta property=\"og:locale\" content=\"en_US\" \/>\n<meta property=\"og:type\" content=\"article\" \/>\n<meta property=\"og:title\" content=\"Brancusi sculpture to be bought by public subscription - Radio Romania International\" \/>\n<meta property=\"og:description\" content=\"Opinions are divided in Romania over the governments call for a public subscription to purchase a work by sculptor Constantin Brancusi. Some say the state should cover the entire cost, others support the idea of a public subscription. Everybody agrees, h\" \/>\n<meta property=\"og:url\" content=\"https:\/\/www.rri.ro\/en\/news-and-current-affairs\/today-in-the-news\/brancusi-sculpture-to-be-bought-by-public-subscription-id68039.html\" \/>\n<meta property=\"og:site_name\" content=\"Radio Romania International\" \/>\n<meta property=\"article:published_time\" content=\"2016-04-01T10:31:00+00:00\" \/>\n<meta property=\"article:modified_time\" content=\"2024-02-16T07:31:35+00:00\" \/>\n<meta property=\"og:image\" content=\"https:\/\/www.rri.ro\/wp-content\/uploads\/2023\/10\/cumintenia-pamantului-brancusi-facebook-alexandrescu.png\" \/>\n\t<meta property=\"og:image:width\" content=\"640\" \/>\n\t<meta property=\"og:image:height\" content=\"426\" \/>\n\t<meta property=\"og:image:type\" content=\"image\/png\" \/>\n<meta name=\"author\" content=\"Corina Cristea\" \/>\n<meta name=\"twitter:card\" content=\"summary_large_image\" \/>\n<meta name=\"twitter:label1\" content=\"Written by\" \/>\n\t<meta name=\"twitter:data1\" content=\"Corina Cristea\" \/>\n\t<meta name=\"twitter:label2\" content=\"Est. reading time\" \/>\n\t<meta name=\"twitter:data2\" content=\"2 minutes\" \/>\n<script type=\"application\/ld+json\" class=\"yoast-schema-graph\">{\"@context\":\"https:\\\/\\\/schema.org\",\"@graph\":[{\"@type\":\"Article\",\"@id\":\"https:\\\/\\\/www.rri.ro\\\/en\\\/news-and-current-affairs\\\/today-in-the-news\\\/brancusi-sculpture-to-be-bought-by-public-subscription-id68039.html#article\",\"isPartOf\":{\"@id\":\"https:\\\/\\\/www.rri.ro\\\/en\\\/news-and-current-affairs\\\/today-in-the-news\\\/brancusi-sculpture-to-be-bought-by-public-subscription-id68039.html\"},\"author\":{\"name\":\"Corina Cristea\",\"@id\":\"https:\\\/\\\/www.rri.ro\\\/#\\\/schema\\\/person\\\/f9ab1cb3569dee1b2c033a814bb7f0fc\"},\"headline\":\"Brancusi sculpture to be bought by public subscription\",\"datePublished\":\"2016-04-01T10:31:00+00:00\",\"dateModified\":\"2024-02-16T07:31:35+00:00\",\"mainEntityOfPage\":{\"@id\":\"https:\\\/\\\/www.rri.ro\\\/en\\\/news-and-current-affairs\\\/today-in-the-news\\\/brancusi-sculpture-to-be-bought-by-public-subscription-id68039.html\"},\"wordCount\":365,\"image\":{\"@id\":\"https:\\\/\\\/www.rri.ro\\\/en\\\/news-and-current-affairs\\\/today-in-the-news\\\/brancusi-sculpture-to-be-bought-by-public-subscription-id68039.html#primaryimage\"},\"thumbnailUrl\":\"https:\\\/\\\/www.rri.ro\\\/wp-content\\\/uploads\\\/2023\\\/10\\\/cumintenia-pamantului-brancusi-facebook-alexandrescu.png\",\"keywords\":[\"Brancusi\",\"Dacian Ciolos\",\"The Wisdom of the Earth\",\"Vlad Alexandrescu\"],\"articleSection\":[\"Today in the News\"],\"inLanguage\":\"en-US\"},{\"@type\":\"WebPage\",\"@id\":\"https:\\\/\\\/www.rri.ro\\\/en\\\/news-and-current-affairs\\\/today-in-the-news\\\/brancusi-sculpture-to-be-bought-by-public-subscription-id68039.html\",\"url\":\"https:\\\/\\\/www.rri.ro\\\/en\\\/news-and-current-affairs\\\/today-in-the-news\\\/brancusi-sculpture-to-be-bought-by-public-subscription-id68039.html\",\"name\":\"Brancusi sculpture to be bought by public subscription - Radio Romania International\",\"isPartOf\":{\"@id\":\"https:\\\/\\\/www.rri.ro\\\/#website\"},\"primaryImageOfPage\":{\"@id\":\"https:\\\/\\\/www.rri.ro\\\/en\\\/news-and-current-affairs\\\/today-in-the-news\\\/brancusi-sculpture-to-be-bought-by-public-subscription-id68039.html#primaryimage\"},\"image\":{\"@id\":\"https:\\\/\\\/www.rri.ro\\\/en\\\/news-and-current-affairs\\\/today-in-the-news\\\/brancusi-sculpture-to-be-bought-by-public-subscription-id68039.html#primaryimage\"},\"thumbnailUrl\":\"https:\\\/\\\/www.rri.ro\\\/wp-content\\\/uploads\\\/2023\\\/10\\\/cumintenia-pamantului-brancusi-facebook-alexandrescu.png\",\"datePublished\":\"2016-04-01T10:31:00+00:00\",\"dateModified\":\"2024-02-16T07:31:35+00:00\",\"author\":{\"@id\":\"https:\\\/\\\/www.rri.ro\\\/#\\\/schema\\\/person\\\/f9ab1cb3569dee1b2c033a814bb7f0fc\"},\"breadcrumb\":{\"@id\":\"https:\\\/\\\/www.rri.ro\\\/en\\\/news-and-current-affairs\\\/today-in-the-news\\\/brancusi-sculpture-to-be-bought-by-public-subscription-id68039.html#breadcrumb\"},\"inLanguage\":\"en-US\",\"potentialAction\":[{\"@type\":\"ReadAction\",\"target\":[\"https:\\\/\\\/www.rri.ro\\\/en\\\/news-and-current-affairs\\\/today-in-the-news\\\/brancusi-sculpture-to-be-bought-by-public-subscription-id68039.html\"]}]},{\"@type\":\"ImageObject\",\"inLanguage\":\"en-US\",\"@id\":\"https:\\\/\\\/www.rri.ro\\\/en\\\/news-and-current-affairs\\\/today-in-the-news\\\/brancusi-sculpture-to-be-bought-by-public-subscription-id68039.html#primaryimage\",\"url\":\"https:\\\/\\\/www.rri.ro\\\/wp-content\\\/uploads\\\/2023\\\/10\\\/cumintenia-pamantului-brancusi-facebook-alexandrescu.png\",\"contentUrl\":\"https:\\\/\\\/www.rri.ro\\\/wp-content\\\/uploads\\\/2023\\\/10\\\/cumintenia-pamantului-brancusi-facebook-alexandrescu.png\",\"width\":640,\"height\":426},{\"@type\":\"BreadcrumbList\",\"@id\":\"https:\\\/\\\/www.rri.ro\\\/en\\\/news-and-current-affairs\\\/today-in-the-news\\\/brancusi-sculpture-to-be-bought-by-public-subscription-id68039.html#breadcrumb\",\"itemListElement\":[{\"@type\":\"ListItem\",\"position\":1,\"name\":\"Homepage\",\"item\":\"https:\\\/\\\/www.rri.ro\\\/en\"},{\"@type\":\"ListItem\",\"position\":2,\"name\":\"News and Current Affairs\",\"item\":\"https:\\\/\\\/www.rri.ro\\\/en\\\/news-and-current-affairs\"},{\"@type\":\"ListItem\",\"position\":3,\"name\":\"Today in the News\",\"item\":\"https:\\\/\\\/www.rri.ro\\\/en\\\/news-and-current-affairs\\\/today-in-the-news\"},{\"@type\":\"ListItem\",\"position\":4,\"name\":\"Brancusi sculpture to be bought by public subscription\"}]},{\"@type\":\"WebSite\",\"@id\":\"https:\\\/\\\/www.rri.ro\\\/#website\",\"url\":\"https:\\\/\\\/www.rri.ro\\\/\",\"name\":\"Radio Romania International\",\"description\":\"Totul despre Rom\u00e2nia \u015fi rom\u00e2ni, \u00een 13 limbi\\\/dialecte!\",\"inLanguage\":\"en-US\"},{\"@type\":\"Person\",\"@id\":\"https:\\\/\\\/www.rri.ro\\\/#\\\/schema\\\/person\\\/f9ab1cb3569dee1b2c033a814bb7f0fc\",\"name\":\"Corina Cristea\",\"url\":\"https:\\\/\\\/www.rri.ro\\\/en\\\/author\\\/corina-cristea\"}]}<\/script>\n<!-- \/ Yoast SEO plugin. -->","yoast_head_json":{"title":"Brancusi sculpture to be bought by public subscription - Radio Romania International","robots":{"index":"index","follow":"follow","max-snippet":"max-snippet:-1","max-image-preview":"max-image-preview:large","max-video-preview":"max-video-preview:-1"},"canonical":"https:\/\/www.rri.ro\/en\/news-and-current-affairs\/today-in-the-news\/brancusi-sculpture-to-be-bought-by-public-subscription-id68039.html","og_locale":"en_US","og_type":"article","og_title":"Brancusi sculpture to be bought by public subscription - Radio Romania International","og_description":"Opinions are divided in Romania over the governments call for a public subscription to purchase a work by sculptor Constantin Brancusi. Some say the state should cover the entire cost, others support the idea of a public subscription. Everybody agrees, h","og_url":"https:\/\/www.rri.ro\/en\/news-and-current-affairs\/today-in-the-news\/brancusi-sculpture-to-be-bought-by-public-subscription-id68039.html","og_site_name":"Radio Romania International","article_published_time":"2016-04-01T10:31:00+00:00","article_modified_time":"2024-02-16T07:31:35+00:00","og_image":[{"width":640,"height":426,"url":"https:\/\/www.rri.ro\/wp-content\/uploads\/2023\/10\/cumintenia-pamantului-brancusi-facebook-alexandrescu.png","type":"image\/png"}],"author":"Corina Cristea","twitter_card":"summary_large_image","twitter_misc":{"Written by":"Corina Cristea","Est. reading time":"2 minutes"},"schema":{"@context":"https:\/\/schema.org","@graph":[{"@type":"Article","@id":"https:\/\/www.rri.ro\/en\/news-and-current-affairs\/today-in-the-news\/brancusi-sculpture-to-be-bought-by-public-subscription-id68039.html#article","isPartOf":{"@id":"https:\/\/www.rri.ro\/en\/news-and-current-affairs\/today-in-the-news\/brancusi-sculpture-to-be-bought-by-public-subscription-id68039.html"},"author":{"name":"Corina Cristea","@id":"https:\/\/www.rri.ro\/#\/schema\/person\/f9ab1cb3569dee1b2c033a814bb7f0fc"},"headline":"Brancusi sculpture to be bought by public subscription","datePublished":"2016-04-01T10:31:00+00:00","dateModified":"2024-02-16T07:31:35+00:00","mainEntityOfPage":{"@id":"https:\/\/www.rri.ro\/en\/news-and-current-affairs\/today-in-the-news\/brancusi-sculpture-to-be-bought-by-public-subscription-id68039.html"},"wordCount":365,"image":{"@id":"https:\/\/www.rri.ro\/en\/news-and-current-affairs\/today-in-the-news\/brancusi-sculpture-to-be-bought-by-public-subscription-id68039.html#primaryimage"},"thumbnailUrl":"https:\/\/www.rri.ro\/wp-content\/uploads\/2023\/10\/cumintenia-pamantului-brancusi-facebook-alexandrescu.png","keywords":["Brancusi","Dacian Ciolos","The Wisdom of the Earth","Vlad Alexandrescu"],"articleSection":["Today in the News"],"inLanguage":"en-US"},{"@type":"WebPage","@id":"https:\/\/www.rri.ro\/en\/news-and-current-affairs\/today-in-the-news\/brancusi-sculpture-to-be-bought-by-public-subscription-id68039.html","url":"https:\/\/www.rri.ro\/en\/news-and-current-affairs\/today-in-the-news\/brancusi-sculpture-to-be-bought-by-public-subscription-id68039.html","name":"Brancusi sculpture to be bought by public subscription - Radio Romania International","isPartOf":{"@id":"https:\/\/www.rri.ro\/#website"},"primaryImageOfPage":{"@id":"https:\/\/www.rri.ro\/en\/news-and-current-affairs\/today-in-the-news\/brancusi-sculpture-to-be-bought-by-public-subscription-id68039.html#primaryimage"},"image":{"@id":"https:\/\/www.rri.ro\/en\/news-and-current-affairs\/today-in-the-news\/brancusi-sculpture-to-be-bought-by-public-subscription-id68039.html#primaryimage"},"thumbnailUrl":"https:\/\/www.rri.ro\/wp-content\/uploads\/2023\/10\/cumintenia-pamantului-brancusi-facebook-alexandrescu.png","datePublished":"2016-04-01T10:31:00+00:00","dateModified":"2024-02-16T07:31:35+00:00","author":{"@id":"https:\/\/www.rri.ro\/#\/schema\/person\/f9ab1cb3569dee1b2c033a814bb7f0fc"},"breadcrumb":{"@id":"https:\/\/www.rri.ro\/en\/news-and-current-affairs\/today-in-the-news\/brancusi-sculpture-to-be-bought-by-public-subscription-id68039.html#breadcrumb"},"inLanguage":"en-US","potentialAction":[{"@type":"ReadAction","target":["https:\/\/www.rri.ro\/en\/news-and-current-affairs\/today-in-the-news\/brancusi-sculpture-to-be-bought-by-public-subscription-id68039.html"]}]},{"@type":"ImageObject","inLanguage":"en-US","@id":"https:\/\/www.rri.ro\/en\/news-and-current-affairs\/today-in-the-news\/brancusi-sculpture-to-be-bought-by-public-subscription-id68039.html#primaryimage","url":"https:\/\/www.rri.ro\/wp-content\/uploads\/2023\/10\/cumintenia-pamantului-brancusi-facebook-alexandrescu.png","contentUrl":"https:\/\/www.rri.ro\/wp-content\/uploads\/2023\/10\/cumintenia-pamantului-brancusi-facebook-alexandrescu.png","width":640,"height":426},{"@type":"BreadcrumbList","@id":"https:\/\/www.rri.ro\/en\/news-and-current-affairs\/today-in-the-news\/brancusi-sculpture-to-be-bought-by-public-subscription-id68039.html#breadcrumb","itemListElement":[{"@type":"ListItem","position":1,"name":"Homepage","item":"https:\/\/www.rri.ro\/en"},{"@type":"ListItem","position":2,"name":"News and Current Affairs","item":"https:\/\/www.rri.ro\/en\/news-and-current-affairs"},{"@type":"ListItem","position":3,"name":"Today in the News","item":"https:\/\/www.rri.ro\/en\/news-and-current-affairs\/today-in-the-news"},{"@type":"ListItem","position":4,"name":"Brancusi sculpture to be bought by public subscription"}]},{"@type":"WebSite","@id":"https:\/\/www.rri.ro\/#website","url":"https:\/\/www.rri.ro\/","name":"Radio Romania International","description":"Totul despre Rom\u00e2nia \u015fi rom\u00e2ni, \u00een 13 limbi\/dialecte!","inLanguage":"en-US"},{"@type":"Person","@id":"https:\/\/www.rri.ro\/#\/schema\/person\/f9ab1cb3569dee1b2c033a814bb7f0fc","name":"Corina Cristea","url":"https:\/\/www.rri.ro\/en\/author\/corina-cristea"}]}},"_links":{"self":[{"href":"https:\/\/www.rri.ro\/en\/wp-json\/wp\/v2\/posts\/68039","targetHints":{"allow":["GET"]}}],"collection":[{"href":"https:\/\/www.rri.ro\/en\/wp-json\/wp\/v2\/posts"}],"about":[{"href":"https:\/\/www.rri.ro\/en\/wp-json\/wp\/v2\/types\/post"}],"author":[{"embeddable":true,"href":"https:\/\/www.rri.ro\/en\/wp-json\/wp\/v2\/users\/108"}],"replies":[{"embeddable":true,"href":"https:\/\/www.rri.ro\/en\/wp-json\/wp\/v2\/comments?post=68039"}],"version-history":[{"count":0,"href":"https:\/\/www.rri.ro\/en\/wp-json\/wp\/v2\/posts\/68039\/revisions"}],"wp:featuredmedia":[{"embeddable":true,"href":"https:\/\/www.rri.ro\/en\/wp-json\/wp\/v2\/media\/67863"}],"wp:attachment":[{"href":"https:\/\/www.rri.ro\/en\/wp-json\/wp\/v2\/media?parent=68039"}],"wp:term":[{"taxonomy":"category","embeddable":true,"href":"https:\/\/www.rri.ro\/en\/wp-json\/wp\/v2\/categories?post=68039"},{"taxonomy":"post_tag","embeddable":true,"href":"https:\/\/www.rri.ro\/en\/wp-json\/wp\/v2\/tags?post=68039"},{"taxonomy":"author","embeddable":true,"href":"https:\/\/www.rri.ro\/en\/wp-json\/wp\/v2\/coauthors?post=68039"}],"curies":[{"name":"wp","href":"https:\/\/api.w.org\/{rel}","templated":true}]}}