{"id":721995,"date":"2023-12-31T13:11:00","date_gmt":"2023-12-31T11:11:00","guid":{"rendered":"http:\/\/devrri.freshlemon.ro\/news-and-current-affairs\/newsflash\/new-years-eve-on-radio-romania-international-id721995.html"},"modified":"2023-12-31T13:11:00","modified_gmt":"2023-12-31T11:11:00","slug":"new-years-eve-on-radio-romania-international","status":"publish","type":"post","link":"https:\/\/www.rri.ro\/en\/our-shows\/sunday-show\/new-years-eve-on-radio-romania-international-id721995.html","title":{"rendered":"New Year&#8217;s Eve on Radio Romania International"},"content":{"rendered":"<p>Since this is the last Sunday Show of the&#13;<br \/>\nyear, instead of bringing you excerpts from the best&#13;<br \/>\nprogrammes produced by the English Service over the past week, as we usually do in this segment, we thought it would be nicer to talk to a handful of wonderful people from Romania&#8217;s cultural scene, and to ask them how 2023 treated them and what&#8217;s on their&#13;<br \/>\nwish lists for 2024. <\/p>\n<p><\/p>\n<p>From musicians to writers, from film directors to booking agents and more, it seems all of them share not only the wish for a more peaceful, friendlier and more beautiful world, but also the willingness to do their best to make it so.<\/p>\n<p><\/p>\n<p>From all of us here at the English Service of Radio Romania International, and from all of our guests, contributors and friends, here&#8217;s to a new, amazing chapter in our lives! Have an awesome 2024 everybody, and listen to RRI, wherever you are!<\/p>\n<p><\/p>\n<p><iframe width=100% height=300 scrolling=no frameborder=no allow=autoplay src=https:\/\/w.soundcloud.com\/player\/?url=https%3A\/\/api.soundcloud.com\/tracks\/1704462084&#038;color=%23ff5500&#038;auto_play=false&#038;hide_related=false&#038;show_comments=true&#038;show_user=true&#038;show_reposts=false&#038;show_teaser=true&#038;visual=true><\/iframe><\/p>\n<div style=font-size: 10px; color: #cccccc;line-break: anywhere;word-break: normal;overflow: hidden;white-space: nowrap;text-overflow: ellipsis; font-family: Interstate,Lucida Grande,Lucida Sans Unicode,Lucida Sans,Garuda,Verdana,Tahoma,sans-serif;font-weight: 100;><a href=\"https:\/\/soundcloud.com\/radioromaniainternational\" title=\"RadioRomaniaInternational\" target=\"_blank\" style=\"color:\" text-decoration: rel=\"noopener\">RadioRomaniaInternational<\/a> \u00b7 <a href=https:\/\/soundcloud.com\/radioromaniainternational\/new-years-eve-on-rri title=New Year's Eve on RRI target=_blank style=color: #cccccc; text-decoration: none;>New Year&#8217;s Eve on RRI<\/a><\/div>\n<p><\/p>\n","protected":false},"excerpt":{"rendered":"<p>An opportunity to look back at 2023 and maybe make our New Years resolutions together<\/p>\n","protected":false},"author":43,"featured_media":360861,"comment_status":"closed","ping_status":"closed","sticky":false,"template":"","format":"standard","meta":{"_acf_changed":false,"footnotes":""},"categories":[46216],"tags":[34329,35348],"coauthors":[],"class_list":["post-721995","post","type-post","status-publish","format-standard","has-post-thumbnail","hentry","category-sunday-show","tag-new-years","tag-special"],"acf":[],"yoast_head":"<!-- This site is optimized with the Yoast SEO plugin v27.3 - https:\/\/yoast.com\/product\/yoast-seo-wordpress\/ -->\n<title>New Year&#039;s Eve on Radio Romania International - Radio Romania International<\/title>\n<meta name=\"robots\" content=\"index, follow, max-snippet:-1, max-image-preview:large, max-video-preview:-1\" \/>\n<link rel=\"canonical\" href=\"https:\/\/www.rri.ro\/en\/our-shows\/sunday-show\/new-years-eve-on-radio-romania-international-id721995.html\" \/>\n<meta property=\"og:locale\" content=\"en_US\" \/>\n<meta property=\"og:type\" content=\"article\" \/>\n<meta property=\"og:title\" content=\"New Year&#039;s Eve on Radio Romania International - Radio Romania International\" \/>\n<meta property=\"og:description\" content=\"An opportunity to look back at 2023 and maybe make our New Years resolutions together\" \/>\n<meta property=\"og:url\" content=\"https:\/\/www.rri.ro\/en\/our-shows\/sunday-show\/new-years-eve-on-radio-romania-international-id721995.html\" \/>\n<meta property=\"og:site_name\" content=\"Radio Romania International\" \/>\n<meta property=\"article:published_time\" content=\"2023-12-31T11:11:00+00:00\" \/>\n<meta property=\"og:image\" content=\"https:\/\/www.rri.ro\/wp-content\/uploads\/2023\/10\/revelion-sampanie-artificii-noname-13-pixabay-com.jpg\" \/>\n\t<meta property=\"og:image:width\" content=\"640\" \/>\n\t<meta property=\"og:image:height\" content=\"425\" \/>\n\t<meta property=\"og:image:type\" content=\"image\/jpeg\" \/>\n<meta name=\"author\" content=\"Ana-Maria Popescu\" \/>\n<meta name=\"twitter:card\" content=\"summary_large_image\" \/>\n<meta name=\"twitter:label1\" content=\"Written by\" \/>\n\t<meta name=\"twitter:data1\" content=\"Ana-Maria Popescu\" \/>\n\t<meta name=\"twitter:label2\" content=\"Est. reading time\" \/>\n\t<meta name=\"twitter:data2\" content=\"1 minute\" \/>\n<script type=\"application\/ld+json\" class=\"yoast-schema-graph\">{\"@context\":\"https:\\\/\\\/schema.org\",\"@graph\":[{\"@type\":\"Article\",\"@id\":\"https:\\\/\\\/www.rri.ro\\\/en\\\/our-shows\\\/sunday-show\\\/new-years-eve-on-radio-romania-international-id721995.html#article\",\"isPartOf\":{\"@id\":\"https:\\\/\\\/www.rri.ro\\\/en\\\/our-shows\\\/sunday-show\\\/new-years-eve-on-radio-romania-international-id721995.html\"},\"author\":{\"name\":\"Ana-Maria Popescu\",\"@id\":\"https:\\\/\\\/www.rri.ro\\\/#\\\/schema\\\/person\\\/31e0a174e72c0fc667cc5057012ce5fc\"},\"headline\":\"New Year&#8217;s Eve on Radio Romania International\",\"datePublished\":\"2023-12-31T11:11:00+00:00\",\"mainEntityOfPage\":{\"@id\":\"https:\\\/\\\/www.rri.ro\\\/en\\\/our-shows\\\/sunday-show\\\/new-years-eve-on-radio-romania-international-id721995.html\"},\"wordCount\":164,\"image\":{\"@id\":\"https:\\\/\\\/www.rri.ro\\\/en\\\/our-shows\\\/sunday-show\\\/new-years-eve-on-radio-romania-international-id721995.html#primaryimage\"},\"thumbnailUrl\":\"https:\\\/\\\/www.rri.ro\\\/wp-content\\\/uploads\\\/2023\\\/10\\\/revelion-sampanie-artificii-noname-13-pixabay-com.jpg\",\"keywords\":[\"New Year's\",\"special\"],\"articleSection\":[\"Sunday Show\"],\"inLanguage\":\"en-US\"},{\"@type\":\"WebPage\",\"@id\":\"https:\\\/\\\/www.rri.ro\\\/en\\\/our-shows\\\/sunday-show\\\/new-years-eve-on-radio-romania-international-id721995.html\",\"url\":\"https:\\\/\\\/www.rri.ro\\\/en\\\/our-shows\\\/sunday-show\\\/new-years-eve-on-radio-romania-international-id721995.html\",\"name\":\"New Year's Eve on Radio Romania International - Radio Romania International\",\"isPartOf\":{\"@id\":\"https:\\\/\\\/www.rri.ro\\\/#website\"},\"primaryImageOfPage\":{\"@id\":\"https:\\\/\\\/www.rri.ro\\\/en\\\/our-shows\\\/sunday-show\\\/new-years-eve-on-radio-romania-international-id721995.html#primaryimage\"},\"image\":{\"@id\":\"https:\\\/\\\/www.rri.ro\\\/en\\\/our-shows\\\/sunday-show\\\/new-years-eve-on-radio-romania-international-id721995.html#primaryimage\"},\"thumbnailUrl\":\"https:\\\/\\\/www.rri.ro\\\/wp-content\\\/uploads\\\/2023\\\/10\\\/revelion-sampanie-artificii-noname-13-pixabay-com.jpg\",\"datePublished\":\"2023-12-31T11:11:00+00:00\",\"author\":{\"@id\":\"https:\\\/\\\/www.rri.ro\\\/#\\\/schema\\\/person\\\/31e0a174e72c0fc667cc5057012ce5fc\"},\"breadcrumb\":{\"@id\":\"https:\\\/\\\/www.rri.ro\\\/en\\\/our-shows\\\/sunday-show\\\/new-years-eve-on-radio-romania-international-id721995.html#breadcrumb\"},\"inLanguage\":\"en-US\",\"potentialAction\":[{\"@type\":\"ReadAction\",\"target\":[\"https:\\\/\\\/www.rri.ro\\\/en\\\/our-shows\\\/sunday-show\\\/new-years-eve-on-radio-romania-international-id721995.html\"]}]},{\"@type\":\"ImageObject\",\"inLanguage\":\"en-US\",\"@id\":\"https:\\\/\\\/www.rri.ro\\\/en\\\/our-shows\\\/sunday-show\\\/new-years-eve-on-radio-romania-international-id721995.html#primaryimage\",\"url\":\"https:\\\/\\\/www.rri.ro\\\/wp-content\\\/uploads\\\/2023\\\/10\\\/revelion-sampanie-artificii-noname-13-pixabay-com.jpg\",\"contentUrl\":\"https:\\\/\\\/www.rri.ro\\\/wp-content\\\/uploads\\\/2023\\\/10\\\/revelion-sampanie-artificii-noname-13-pixabay-com.jpg\",\"width\":640,\"height\":425},{\"@type\":\"BreadcrumbList\",\"@id\":\"https:\\\/\\\/www.rri.ro\\\/en\\\/our-shows\\\/sunday-show\\\/new-years-eve-on-radio-romania-international-id721995.html#breadcrumb\",\"itemListElement\":[{\"@type\":\"ListItem\",\"position\":1,\"name\":\"Homepage\",\"item\":\"https:\\\/\\\/www.rri.ro\\\/en\"},{\"@type\":\"ListItem\",\"position\":2,\"name\":\"Our Shows\",\"item\":\"https:\\\/\\\/www.rri.ro\\\/en\\\/our-shows\"},{\"@type\":\"ListItem\",\"position\":3,\"name\":\"Sunday Show\",\"item\":\"https:\\\/\\\/www.rri.ro\\\/en\\\/our-shows\\\/sunday-show\"},{\"@type\":\"ListItem\",\"position\":4,\"name\":\"New Year&#8217;s Eve on Radio Romania International\"}]},{\"@type\":\"WebSite\",\"@id\":\"https:\\\/\\\/www.rri.ro\\\/#website\",\"url\":\"https:\\\/\\\/www.rri.ro\\\/\",\"name\":\"Radio Romania International\",\"description\":\"Totul despre Rom\u00e2nia \u015fi rom\u00e2ni, \u00een 13 limbi\\\/dialecte!\",\"inLanguage\":\"en-US\"},{\"@type\":\"Person\",\"@id\":\"https:\\\/\\\/www.rri.ro\\\/#\\\/schema\\\/person\\\/31e0a174e72c0fc667cc5057012ce5fc\",\"name\":\"Ana-Maria Popescu\",\"url\":\"https:\\\/\\\/www.rri.ro\\\/en\\\/author\\\/anamaria-popescu\"}]}<\/script>\n<!-- \/ Yoast SEO plugin. -->","yoast_head_json":{"title":"New Year's Eve on Radio Romania International - Radio Romania International","robots":{"index":"index","follow":"follow","max-snippet":"max-snippet:-1","max-image-preview":"max-image-preview:large","max-video-preview":"max-video-preview:-1"},"canonical":"https:\/\/www.rri.ro\/en\/our-shows\/sunday-show\/new-years-eve-on-radio-romania-international-id721995.html","og_locale":"en_US","og_type":"article","og_title":"New Year's Eve on Radio Romania International - Radio Romania International","og_description":"An opportunity to look back at 2023 and maybe make our New Years resolutions together","og_url":"https:\/\/www.rri.ro\/en\/our-shows\/sunday-show\/new-years-eve-on-radio-romania-international-id721995.html","og_site_name":"Radio Romania International","article_published_time":"2023-12-31T11:11:00+00:00","og_image":[{"width":640,"height":425,"url":"https:\/\/www.rri.ro\/wp-content\/uploads\/2023\/10\/revelion-sampanie-artificii-noname-13-pixabay-com.jpg","type":"image\/jpeg"}],"author":"Ana-Maria Popescu","twitter_card":"summary_large_image","twitter_misc":{"Written by":"Ana-Maria Popescu","Est. reading time":"1 minute"},"schema":{"@context":"https:\/\/schema.org","@graph":[{"@type":"Article","@id":"https:\/\/www.rri.ro\/en\/our-shows\/sunday-show\/new-years-eve-on-radio-romania-international-id721995.html#article","isPartOf":{"@id":"https:\/\/www.rri.ro\/en\/our-shows\/sunday-show\/new-years-eve-on-radio-romania-international-id721995.html"},"author":{"name":"Ana-Maria Popescu","@id":"https:\/\/www.rri.ro\/#\/schema\/person\/31e0a174e72c0fc667cc5057012ce5fc"},"headline":"New Year&#8217;s Eve on Radio Romania International","datePublished":"2023-12-31T11:11:00+00:00","mainEntityOfPage":{"@id":"https:\/\/www.rri.ro\/en\/our-shows\/sunday-show\/new-years-eve-on-radio-romania-international-id721995.html"},"wordCount":164,"image":{"@id":"https:\/\/www.rri.ro\/en\/our-shows\/sunday-show\/new-years-eve-on-radio-romania-international-id721995.html#primaryimage"},"thumbnailUrl":"https:\/\/www.rri.ro\/wp-content\/uploads\/2023\/10\/revelion-sampanie-artificii-noname-13-pixabay-com.jpg","keywords":["New Year's","special"],"articleSection":["Sunday Show"],"inLanguage":"en-US"},{"@type":"WebPage","@id":"https:\/\/www.rri.ro\/en\/our-shows\/sunday-show\/new-years-eve-on-radio-romania-international-id721995.html","url":"https:\/\/www.rri.ro\/en\/our-shows\/sunday-show\/new-years-eve-on-radio-romania-international-id721995.html","name":"New Year's Eve on Radio Romania International - Radio Romania International","isPartOf":{"@id":"https:\/\/www.rri.ro\/#website"},"primaryImageOfPage":{"@id":"https:\/\/www.rri.ro\/en\/our-shows\/sunday-show\/new-years-eve-on-radio-romania-international-id721995.html#primaryimage"},"image":{"@id":"https:\/\/www.rri.ro\/en\/our-shows\/sunday-show\/new-years-eve-on-radio-romania-international-id721995.html#primaryimage"},"thumbnailUrl":"https:\/\/www.rri.ro\/wp-content\/uploads\/2023\/10\/revelion-sampanie-artificii-noname-13-pixabay-com.jpg","datePublished":"2023-12-31T11:11:00+00:00","author":{"@id":"https:\/\/www.rri.ro\/#\/schema\/person\/31e0a174e72c0fc667cc5057012ce5fc"},"breadcrumb":{"@id":"https:\/\/www.rri.ro\/en\/our-shows\/sunday-show\/new-years-eve-on-radio-romania-international-id721995.html#breadcrumb"},"inLanguage":"en-US","potentialAction":[{"@type":"ReadAction","target":["https:\/\/www.rri.ro\/en\/our-shows\/sunday-show\/new-years-eve-on-radio-romania-international-id721995.html"]}]},{"@type":"ImageObject","inLanguage":"en-US","@id":"https:\/\/www.rri.ro\/en\/our-shows\/sunday-show\/new-years-eve-on-radio-romania-international-id721995.html#primaryimage","url":"https:\/\/www.rri.ro\/wp-content\/uploads\/2023\/10\/revelion-sampanie-artificii-noname-13-pixabay-com.jpg","contentUrl":"https:\/\/www.rri.ro\/wp-content\/uploads\/2023\/10\/revelion-sampanie-artificii-noname-13-pixabay-com.jpg","width":640,"height":425},{"@type":"BreadcrumbList","@id":"https:\/\/www.rri.ro\/en\/our-shows\/sunday-show\/new-years-eve-on-radio-romania-international-id721995.html#breadcrumb","itemListElement":[{"@type":"ListItem","position":1,"name":"Homepage","item":"https:\/\/www.rri.ro\/en"},{"@type":"ListItem","position":2,"name":"Our Shows","item":"https:\/\/www.rri.ro\/en\/our-shows"},{"@type":"ListItem","position":3,"name":"Sunday Show","item":"https:\/\/www.rri.ro\/en\/our-shows\/sunday-show"},{"@type":"ListItem","position":4,"name":"New Year&#8217;s Eve on Radio Romania International"}]},{"@type":"WebSite","@id":"https:\/\/www.rri.ro\/#website","url":"https:\/\/www.rri.ro\/","name":"Radio Romania International","description":"Totul despre Rom\u00e2nia \u015fi rom\u00e2ni, \u00een 13 limbi\/dialecte!","inLanguage":"en-US"},{"@type":"Person","@id":"https:\/\/www.rri.ro\/#\/schema\/person\/31e0a174e72c0fc667cc5057012ce5fc","name":"Ana-Maria Popescu","url":"https:\/\/www.rri.ro\/en\/author\/anamaria-popescu"}]}},"_links":{"self":[{"href":"https:\/\/www.rri.ro\/en\/wp-json\/wp\/v2\/posts\/721995","targetHints":{"allow":["GET"]}}],"collection":[{"href":"https:\/\/www.rri.ro\/en\/wp-json\/wp\/v2\/posts"}],"about":[{"href":"https:\/\/www.rri.ro\/en\/wp-json\/wp\/v2\/types\/post"}],"author":[{"embeddable":true,"href":"https:\/\/www.rri.ro\/en\/wp-json\/wp\/v2\/users\/43"}],"replies":[{"embeddable":true,"href":"https:\/\/www.rri.ro\/en\/wp-json\/wp\/v2\/comments?post=721995"}],"version-history":[{"count":0,"href":"https:\/\/www.rri.ro\/en\/wp-json\/wp\/v2\/posts\/721995\/revisions"}],"wp:featuredmedia":[{"embeddable":true,"href":"https:\/\/www.rri.ro\/en\/wp-json\/wp\/v2\/media\/360861"}],"wp:attachment":[{"href":"https:\/\/www.rri.ro\/en\/wp-json\/wp\/v2\/media?parent=721995"}],"wp:term":[{"taxonomy":"category","embeddable":true,"href":"https:\/\/www.rri.ro\/en\/wp-json\/wp\/v2\/categories?post=721995"},{"taxonomy":"post_tag","embeddable":true,"href":"https:\/\/www.rri.ro\/en\/wp-json\/wp\/v2\/tags?post=721995"},{"taxonomy":"author","embeddable":true,"href":"https:\/\/www.rri.ro\/en\/wp-json\/wp\/v2\/coauthors?post=721995"}],"curies":[{"name":"wp","href":"https:\/\/api.w.org\/{rel}","templated":true}]}}