{"id":72479,"date":"2017-03-08T14:29:00","date_gmt":"2017-03-08T12:29:00","guid":{"rendered":"http:\/\/devrri.freshlemon.ro\/news-and-current-affairs\/newsflash\/romania-from-violence-to-justice-72479.html"},"modified":"2024-02-16T09:44:53","modified_gmt":"2024-02-16T07:44:53","slug":"romania-from-violence-to-justice","status":"publish","type":"post","link":"https:\/\/www.rri.ro\/en\/news-and-current-affairs\/today-in-the-news\/romania-from-violence-to-justice-id72479.html","title":{"rendered":"Romania, from violence to justice"},"content":{"rendered":"<p><p>The level of violence in Romanian&#13;<br \/>\nsociety has increased alarmingly over the past decade, shows the latest&#13;<br \/>\nactivity report issued by the General Prosecutor&#8217;s Office. The number of&#13;<br \/>\nRomanians sent to trial for having aggressed or killed a member of their family&#13;<br \/>\nrose by more than 300%. Last year, 34 children were killed by their parents,&#13;<br \/>\nand 22 parents were killed by their own children. In the last ten years, the&#13;<br \/>\nnumber of people standing trial on corruption charges has tripled. <\/p>\n<p><\/p>\n<p>&#13;<br \/>\n&#13;<br \/>\n&#13;<br \/>\n&#13;<\/p>\n<p>Romania&#8217;s General Prosecutor&#13;<br \/>\nAugustin Laz\u0103r says that prosecution in the big cases has been resumed and&#13;<br \/>\ntaken one step further. According to the activity report, the amount,&#13;<br \/>\nefficiency and quality of legal activities have increased despite the&#13;<br \/>\nlegislative instability caused by certain decisions issued by the&#13;<br \/>\nConstitutional Court that required permanent readjustments of the criminal law&#13;<br \/>\nand criminal procedure legislation. Augustin Laz\u0103r: <\/p>\n<p><\/p>\n<p>&#13;<br \/>\n&#13;<br \/>\n&#13;<br \/>\n&#13;<\/p>\n<p>In 2016, 63,722 individuals were&#13;<br \/>\nsent to trial, 8.2% more than in 2015.<\/p>\n<p><\/p>\n<p>&#13;<br \/>\n&#13;<br \/>\n&#13;<br \/>\n&#13;<\/p>\n<p>The General Prosecutor has also&#13;<br \/>\npointed out that the percentage of instances of waiver of prosecution out of&#13;<br \/>\nthe total number of cases solved other than by sending to trial has dropped by&#13;<br \/>\nalmost 5% compared with 2016. However, in the period 2007-2016, the average&#13;<br \/>\nnumber of defendants (natural persons) sent to trial per 100,000 inhabitants&#13;<br \/>\nreported continual growth, except for a sudden drop in 2014. <\/p>\n<p><\/p>\n<p>&#13;<br \/>\n&#13;<br \/>\n&#13;<br \/>\n&#13;<\/p>\n<p>As regards the number of people&#13;<br \/>\nwho received final acquittal verdicts in 2016, Augustin Laz\u0103r says it dropped&#13;<br \/>\nsignificantly as compared to 2015 and even compared to 2013, only 809 such&#13;<br \/>\ncases being reported. The General Prosecutor also added that in 2016 the&#13;<br \/>\nGeneral Prosecutor&#8217;s Office solved over 300 cases of conflict of interest. <\/p>\n<p><\/p>\n<p>&#13;<br \/>\n&#13;<br \/>\n&#13;<br \/>\n&#13;<\/p>\n<p>The General Prosecutor&#8217;s&#13;<br \/>\npresentation of the activity report was also attended by President Klaus&#13;<br \/>\nIohannis, who said that the latest reports under the Mechanism of Cooperation&#13;<br \/>\nand Verification constantly pointed to Romania&#8217;s progress in the judicial field&#13;<br \/>\nbut also required sustainability. President Iohannis has underlined that the&#13;<br \/>\nattempts to question the authority of court rulings or the independence of&#13;<br \/>\nmagistrates are doing nothing but slowing down this progress and affecting&#13;<br \/>\nRomania directly. Klaus Iohannis:<\/p>\n<p><\/p>\n<p>&#13;<br \/>\n&#13;<br \/>\n&#13;<br \/>\n&#13;<\/p>\n<p>Consolidated democracy and&#13;<br \/>\ngenuine rule of law cannot be conceived of in the absence of an independent&#13;<br \/>\njudicial system, immune to any political pressure.<\/p>\n<p><\/p>\n<p>&#13;<br \/>\n&#13;<br \/>\n&#13;<br \/>\n&#13;<\/p>\n<p>Romanians want to live in a&#13;<br \/>\ncountry free of corruption and which promotes laws and not abuse, Klaus&#13;<br \/>\nIohannis highlighted, adding that he was looking forward to the finalisation of&#13;<br \/>\ninvestigations into the 1989 revolution and the 1990 miners&#8217; riots.<\/p>\n<p><\/p>\n","protected":false},"excerpt":{"rendered":"<p>Notable results were reported in the field of the judiciary in 2016 despite legislative instability, says Romanias General Prosecutor Augustin Laz\u0103r.<\/p>\n","protected":false},"author":106,"featured_media":72480,"comment_status":"closed","ping_status":"closed","sticky":false,"template":"","format":"standard","meta":{"_acf_changed":false,"footnotes":""},"categories":[37738],"tags":[38863],"coauthors":[],"class_list":["post-72479","post","type-post","status-publish","format-standard","has-post-thumbnail","hentry","category-today-in-the-news","tag-general-prosecutors-office-activity-report"],"acf":[],"yoast_head":"<!-- This site is optimized with the Yoast SEO plugin v27.5 - https:\/\/yoast.com\/product\/yoast-seo-wordpress\/ -->\n<title>Romania, from violence to justice - Radio Romania International<\/title>\n<meta name=\"robots\" content=\"index, follow, max-snippet:-1, max-image-preview:large, max-video-preview:-1\" \/>\n<link rel=\"canonical\" href=\"https:\/\/www.rri.ro\/en\/news-and-current-affairs\/today-in-the-news\/romania-from-violence-to-justice-id72479.html\" \/>\n<meta property=\"og:locale\" content=\"en_US\" \/>\n<meta property=\"og:type\" content=\"article\" \/>\n<meta property=\"og:title\" content=\"Romania, from violence to justice - Radio Romania International\" \/>\n<meta property=\"og:description\" content=\"Notable results were reported in the field of the judiciary in 2016 despite legislative instability, says Romanias General Prosecutor Augustin Laz\u0103r.\" \/>\n<meta property=\"og:url\" content=\"https:\/\/www.rri.ro\/en\/news-and-current-affairs\/today-in-the-news\/romania-from-violence-to-justice-id72479.html\" \/>\n<meta property=\"og:site_name\" content=\"Radio Romania International\" \/>\n<meta property=\"article:published_time\" content=\"2017-03-08T12:29:00+00:00\" \/>\n<meta property=\"article:modified_time\" content=\"2024-02-16T07:44:53+00:00\" \/>\n<meta property=\"og:image\" content=\"https:\/\/www.rri.ro\/wp-content\/uploads\/2023\/10\/raport-parchetul-general-01.jpg\" \/>\n\t<meta property=\"og:image:width\" content=\"640\" \/>\n\t<meta property=\"og:image:height\" content=\"480\" \/>\n\t<meta property=\"og:image:type\" content=\"image\/png\" \/>\n<meta name=\"author\" content=\"Mihai Pelin\" \/>\n<meta name=\"twitter:card\" content=\"summary_large_image\" \/>\n<meta name=\"twitter:label1\" content=\"Written by\" \/>\n\t<meta name=\"twitter:data1\" content=\"Mihai Pelin\" \/>\n\t<meta name=\"twitter:label2\" content=\"Est. reading time\" \/>\n\t<meta name=\"twitter:data2\" content=\"2 minutes\" \/>\n<script type=\"application\/ld+json\" class=\"yoast-schema-graph\">{\"@context\":\"https:\\\/\\\/schema.org\",\"@graph\":[{\"@type\":\"Article\",\"@id\":\"https:\\\/\\\/www.rri.ro\\\/en\\\/news-and-current-affairs\\\/today-in-the-news\\\/romania-from-violence-to-justice-id72479.html#article\",\"isPartOf\":{\"@id\":\"https:\\\/\\\/www.rri.ro\\\/en\\\/news-and-current-affairs\\\/today-in-the-news\\\/romania-from-violence-to-justice-id72479.html\"},\"author\":{\"name\":\"Mihai Pelin\",\"@id\":\"https:\\\/\\\/www.rri.ro\\\/#\\\/schema\\\/person\\\/c6036c822534c855dc3aad41a484f05d\"},\"headline\":\"Romania, from violence to justice\",\"datePublished\":\"2017-03-08T12:29:00+00:00\",\"dateModified\":\"2024-02-16T07:44:53+00:00\",\"mainEntityOfPage\":{\"@id\":\"https:\\\/\\\/www.rri.ro\\\/en\\\/news-and-current-affairs\\\/today-in-the-news\\\/romania-from-violence-to-justice-id72479.html\"},\"wordCount\":408,\"image\":{\"@id\":\"https:\\\/\\\/www.rri.ro\\\/en\\\/news-and-current-affairs\\\/today-in-the-news\\\/romania-from-violence-to-justice-id72479.html#primaryimage\"},\"thumbnailUrl\":\"https:\\\/\\\/www.rri.ro\\\/wp-content\\\/uploads\\\/2023\\\/10\\\/raport-parchetul-general-01.jpg\",\"keywords\":[\"general prosecutor's office activity report\"],\"articleSection\":[\"Today in the News\"],\"inLanguage\":\"en-US\"},{\"@type\":\"WebPage\",\"@id\":\"https:\\\/\\\/www.rri.ro\\\/en\\\/news-and-current-affairs\\\/today-in-the-news\\\/romania-from-violence-to-justice-id72479.html\",\"url\":\"https:\\\/\\\/www.rri.ro\\\/en\\\/news-and-current-affairs\\\/today-in-the-news\\\/romania-from-violence-to-justice-id72479.html\",\"name\":\"Romania, from violence to justice - Radio Romania International\",\"isPartOf\":{\"@id\":\"https:\\\/\\\/www.rri.ro\\\/#website\"},\"primaryImageOfPage\":{\"@id\":\"https:\\\/\\\/www.rri.ro\\\/en\\\/news-and-current-affairs\\\/today-in-the-news\\\/romania-from-violence-to-justice-id72479.html#primaryimage\"},\"image\":{\"@id\":\"https:\\\/\\\/www.rri.ro\\\/en\\\/news-and-current-affairs\\\/today-in-the-news\\\/romania-from-violence-to-justice-id72479.html#primaryimage\"},\"thumbnailUrl\":\"https:\\\/\\\/www.rri.ro\\\/wp-content\\\/uploads\\\/2023\\\/10\\\/raport-parchetul-general-01.jpg\",\"datePublished\":\"2017-03-08T12:29:00+00:00\",\"dateModified\":\"2024-02-16T07:44:53+00:00\",\"author\":{\"@id\":\"https:\\\/\\\/www.rri.ro\\\/#\\\/schema\\\/person\\\/c6036c822534c855dc3aad41a484f05d\"},\"breadcrumb\":{\"@id\":\"https:\\\/\\\/www.rri.ro\\\/en\\\/news-and-current-affairs\\\/today-in-the-news\\\/romania-from-violence-to-justice-id72479.html#breadcrumb\"},\"inLanguage\":\"en-US\",\"potentialAction\":[{\"@type\":\"ReadAction\",\"target\":[\"https:\\\/\\\/www.rri.ro\\\/en\\\/news-and-current-affairs\\\/today-in-the-news\\\/romania-from-violence-to-justice-id72479.html\"]}]},{\"@type\":\"ImageObject\",\"inLanguage\":\"en-US\",\"@id\":\"https:\\\/\\\/www.rri.ro\\\/en\\\/news-and-current-affairs\\\/today-in-the-news\\\/romania-from-violence-to-justice-id72479.html#primaryimage\",\"url\":\"https:\\\/\\\/www.rri.ro\\\/wp-content\\\/uploads\\\/2023\\\/10\\\/raport-parchetul-general-01.jpg\",\"contentUrl\":\"https:\\\/\\\/www.rri.ro\\\/wp-content\\\/uploads\\\/2023\\\/10\\\/raport-parchetul-general-01.jpg\",\"width\":640,\"height\":480},{\"@type\":\"BreadcrumbList\",\"@id\":\"https:\\\/\\\/www.rri.ro\\\/en\\\/news-and-current-affairs\\\/today-in-the-news\\\/romania-from-violence-to-justice-id72479.html#breadcrumb\",\"itemListElement\":[{\"@type\":\"ListItem\",\"position\":1,\"name\":\"Homepage\",\"item\":\"https:\\\/\\\/www.rri.ro\\\/en\"},{\"@type\":\"ListItem\",\"position\":2,\"name\":\"News and Current Affairs\",\"item\":\"https:\\\/\\\/www.rri.ro\\\/en\\\/news-and-current-affairs\"},{\"@type\":\"ListItem\",\"position\":3,\"name\":\"Today in the News\",\"item\":\"https:\\\/\\\/www.rri.ro\\\/en\\\/news-and-current-affairs\\\/today-in-the-news\"},{\"@type\":\"ListItem\",\"position\":4,\"name\":\"Romania, from violence to justice\"}]},{\"@type\":\"WebSite\",\"@id\":\"https:\\\/\\\/www.rri.ro\\\/#website\",\"url\":\"https:\\\/\\\/www.rri.ro\\\/\",\"name\":\"Radio Romania International\",\"description\":\"Totul despre Rom\u00e2nia \u015fi rom\u00e2ni, \u00een 13 limbi\\\/dialecte!\",\"inLanguage\":\"en-US\"},{\"@type\":\"Person\",\"@id\":\"https:\\\/\\\/www.rri.ro\\\/#\\\/schema\\\/person\\\/c6036c822534c855dc3aad41a484f05d\",\"name\":\"Mihai Pelin\",\"url\":\"https:\\\/\\\/www.rri.ro\\\/en\\\/author\\\/mihai-pelin\"}]}<\/script>\n<!-- \/ Yoast SEO plugin. -->","yoast_head_json":{"title":"Romania, from violence to justice - Radio Romania International","robots":{"index":"index","follow":"follow","max-snippet":"max-snippet:-1","max-image-preview":"max-image-preview:large","max-video-preview":"max-video-preview:-1"},"canonical":"https:\/\/www.rri.ro\/en\/news-and-current-affairs\/today-in-the-news\/romania-from-violence-to-justice-id72479.html","og_locale":"en_US","og_type":"article","og_title":"Romania, from violence to justice - Radio Romania International","og_description":"Notable results were reported in the field of the judiciary in 2016 despite legislative instability, says Romanias General Prosecutor Augustin Laz\u0103r.","og_url":"https:\/\/www.rri.ro\/en\/news-and-current-affairs\/today-in-the-news\/romania-from-violence-to-justice-id72479.html","og_site_name":"Radio Romania International","article_published_time":"2017-03-08T12:29:00+00:00","article_modified_time":"2024-02-16T07:44:53+00:00","og_image":[{"width":640,"height":480,"url":"https:\/\/www.rri.ro\/wp-content\/uploads\/2023\/10\/raport-parchetul-general-01.jpg","type":"image\/png"}],"author":"Mihai Pelin","twitter_card":"summary_large_image","twitter_misc":{"Written by":"Mihai Pelin","Est. reading time":"2 minutes"},"schema":{"@context":"https:\/\/schema.org","@graph":[{"@type":"Article","@id":"https:\/\/www.rri.ro\/en\/news-and-current-affairs\/today-in-the-news\/romania-from-violence-to-justice-id72479.html#article","isPartOf":{"@id":"https:\/\/www.rri.ro\/en\/news-and-current-affairs\/today-in-the-news\/romania-from-violence-to-justice-id72479.html"},"author":{"name":"Mihai Pelin","@id":"https:\/\/www.rri.ro\/#\/schema\/person\/c6036c822534c855dc3aad41a484f05d"},"headline":"Romania, from violence to justice","datePublished":"2017-03-08T12:29:00+00:00","dateModified":"2024-02-16T07:44:53+00:00","mainEntityOfPage":{"@id":"https:\/\/www.rri.ro\/en\/news-and-current-affairs\/today-in-the-news\/romania-from-violence-to-justice-id72479.html"},"wordCount":408,"image":{"@id":"https:\/\/www.rri.ro\/en\/news-and-current-affairs\/today-in-the-news\/romania-from-violence-to-justice-id72479.html#primaryimage"},"thumbnailUrl":"https:\/\/www.rri.ro\/wp-content\/uploads\/2023\/10\/raport-parchetul-general-01.jpg","keywords":["general prosecutor's office activity report"],"articleSection":["Today in the News"],"inLanguage":"en-US"},{"@type":"WebPage","@id":"https:\/\/www.rri.ro\/en\/news-and-current-affairs\/today-in-the-news\/romania-from-violence-to-justice-id72479.html","url":"https:\/\/www.rri.ro\/en\/news-and-current-affairs\/today-in-the-news\/romania-from-violence-to-justice-id72479.html","name":"Romania, from violence to justice - Radio Romania International","isPartOf":{"@id":"https:\/\/www.rri.ro\/#website"},"primaryImageOfPage":{"@id":"https:\/\/www.rri.ro\/en\/news-and-current-affairs\/today-in-the-news\/romania-from-violence-to-justice-id72479.html#primaryimage"},"image":{"@id":"https:\/\/www.rri.ro\/en\/news-and-current-affairs\/today-in-the-news\/romania-from-violence-to-justice-id72479.html#primaryimage"},"thumbnailUrl":"https:\/\/www.rri.ro\/wp-content\/uploads\/2023\/10\/raport-parchetul-general-01.jpg","datePublished":"2017-03-08T12:29:00+00:00","dateModified":"2024-02-16T07:44:53+00:00","author":{"@id":"https:\/\/www.rri.ro\/#\/schema\/person\/c6036c822534c855dc3aad41a484f05d"},"breadcrumb":{"@id":"https:\/\/www.rri.ro\/en\/news-and-current-affairs\/today-in-the-news\/romania-from-violence-to-justice-id72479.html#breadcrumb"},"inLanguage":"en-US","potentialAction":[{"@type":"ReadAction","target":["https:\/\/www.rri.ro\/en\/news-and-current-affairs\/today-in-the-news\/romania-from-violence-to-justice-id72479.html"]}]},{"@type":"ImageObject","inLanguage":"en-US","@id":"https:\/\/www.rri.ro\/en\/news-and-current-affairs\/today-in-the-news\/romania-from-violence-to-justice-id72479.html#primaryimage","url":"https:\/\/www.rri.ro\/wp-content\/uploads\/2023\/10\/raport-parchetul-general-01.jpg","contentUrl":"https:\/\/www.rri.ro\/wp-content\/uploads\/2023\/10\/raport-parchetul-general-01.jpg","width":640,"height":480},{"@type":"BreadcrumbList","@id":"https:\/\/www.rri.ro\/en\/news-and-current-affairs\/today-in-the-news\/romania-from-violence-to-justice-id72479.html#breadcrumb","itemListElement":[{"@type":"ListItem","position":1,"name":"Homepage","item":"https:\/\/www.rri.ro\/en"},{"@type":"ListItem","position":2,"name":"News and Current Affairs","item":"https:\/\/www.rri.ro\/en\/news-and-current-affairs"},{"@type":"ListItem","position":3,"name":"Today in the News","item":"https:\/\/www.rri.ro\/en\/news-and-current-affairs\/today-in-the-news"},{"@type":"ListItem","position":4,"name":"Romania, from violence to justice"}]},{"@type":"WebSite","@id":"https:\/\/www.rri.ro\/#website","url":"https:\/\/www.rri.ro\/","name":"Radio Romania International","description":"Totul despre Rom\u00e2nia \u015fi rom\u00e2ni, \u00een 13 limbi\/dialecte!","inLanguage":"en-US"},{"@type":"Person","@id":"https:\/\/www.rri.ro\/#\/schema\/person\/c6036c822534c855dc3aad41a484f05d","name":"Mihai Pelin","url":"https:\/\/www.rri.ro\/en\/author\/mihai-pelin"}]}},"_links":{"self":[{"href":"https:\/\/www.rri.ro\/en\/wp-json\/wp\/v2\/posts\/72479","targetHints":{"allow":["GET"]}}],"collection":[{"href":"https:\/\/www.rri.ro\/en\/wp-json\/wp\/v2\/posts"}],"about":[{"href":"https:\/\/www.rri.ro\/en\/wp-json\/wp\/v2\/types\/post"}],"author":[{"embeddable":true,"href":"https:\/\/www.rri.ro\/en\/wp-json\/wp\/v2\/users\/106"}],"replies":[{"embeddable":true,"href":"https:\/\/www.rri.ro\/en\/wp-json\/wp\/v2\/comments?post=72479"}],"version-history":[{"count":0,"href":"https:\/\/www.rri.ro\/en\/wp-json\/wp\/v2\/posts\/72479\/revisions"}],"wp:featuredmedia":[{"embeddable":true,"href":"https:\/\/www.rri.ro\/en\/wp-json\/wp\/v2\/media\/72480"}],"wp:attachment":[{"href":"https:\/\/www.rri.ro\/en\/wp-json\/wp\/v2\/media?parent=72479"}],"wp:term":[{"taxonomy":"category","embeddable":true,"href":"https:\/\/www.rri.ro\/en\/wp-json\/wp\/v2\/categories?post=72479"},{"taxonomy":"post_tag","embeddable":true,"href":"https:\/\/www.rri.ro\/en\/wp-json\/wp\/v2\/tags?post=72479"},{"taxonomy":"author","embeddable":true,"href":"https:\/\/www.rri.ro\/en\/wp-json\/wp\/v2\/coauthors?post=72479"}],"curies":[{"name":"wp","href":"https:\/\/api.w.org\/{rel}","templated":true}]}}