{"id":72649,"date":"2017-03-17T13:02:00","date_gmt":"2017-03-17T11:02:00","guid":{"rendered":"http:\/\/devrri.freshlemon.ro\/news-and-current-affairs\/newsflash\/the-romanian-army-to-receive-new-equipment-72649.html"},"modified":"2024-02-16T09:45:06","modified_gmt":"2024-02-16T07:45:06","slug":"the-romanian-army-to-receive-new-equipment","status":"publish","type":"post","link":"https:\/\/www.rri.ro\/en\/news-and-current-affairs\/today-in-the-news\/the-romanian-army-to-receive-new-equipment-id72649.html","title":{"rendered":"The Romanian army to receive new equipment"},"content":{"rendered":"<\/p>\n<p>Following this&#13;<br \/>\nyear&#8217;s increase in defence spending to 2% of the GDP, the Romanian government&#13;<br \/>\nunveiled a project providing for the manufacturing of corvettes in Romania as&#13;<br \/>\npart of its ongoing army equipping programme. <\/p>\n<p><\/p>\n<p>&#13;<br \/>\n&#13;<br \/>\n&#13;<br \/>\n&#13;<\/p>\n<p>The government&#13;<br \/>\nrepealed an order by the previous government led by Dacian Ciolos that provided&#13;<br \/>\nfor the purchase of military vessels from abroad and decided instead to build&#13;<br \/>\nthem at a local naval shipyard, said the defence minister Gabriel Les. He said&#13;<br \/>\nthe previous order was not in keeping with the law, which requires Parliament&#8217;s&#13;<br \/>\napproval for investments in excess of 100 million euros. The minister went on&#13;<br \/>\nto say that the army equipping programme will be resumed, this time in keeping&#13;<br \/>\nwith the law, and that a memorandum will be sent to Parliament on plans to have&#13;<br \/>\nthe corvettes manufactured entirely in Romania. The defence minister Gabriel&#13;<br \/>\nLes:<\/p>\n<p><\/p>\n<p>&#13;<br \/>\n&#13;<br \/>\n&#13;<br \/>\n&#13;<\/p>\n<p>The integration&#13;<br \/>\nof these products will be made in Romania at a local shipyard. I hope we will&#13;<br \/>\nhave a contract in this respect signed in 6 or 7 months&#8217; time.<\/p>\n<p><\/p>\n<p>&#13;<br \/>\n&#13;<br \/>\n&#13;<br \/>\n&#13;<\/p>\n<p>The defence&#13;<br \/>\nminister says Romania also plans to purchase at least 20 F16 multirole planes&#13;<br \/>\nto add to the Air Force&#8217;s squadron:<\/p>\n<p><\/p>\n<p>&#13;<br \/>\n&#13;<br \/>\n&#13;<br \/>\n&#13;<\/p>\n<p>We want to&#13;<br \/>\npurchase at least 20 F16 planes which we plan to revitalise. We will work with&#13;<br \/>\nParliament in respect of multiannual funding and multiannual contracts, which&#13;<br \/>\nwe would very much like to achieve, given that we have committed politically to&#13;<br \/>\nallocate 2% of the GDP to defence spending. We would like the Romanian industry&#13;<br \/>\nto be involved as much as possible, both the private and state sector.<\/p>\n<p><\/p>\n<p>&#13;<br \/>\n&#13;<br \/>\n&#13;<br \/>\n&#13;<\/p>\n<p>The first&#13;<br \/>\nsquadron of F16 planes has been almost entirely delivered, with the remaining&#13;<br \/>\nthree planes due to arrive soon. In 2013, Romania decided to purchase 12 used&#13;<br \/>\nF16 planes from Portugal for 628 million euros. Although this type of aircraft&#13;<br \/>\nwas first launched 40 years ago, the planes themselves have since been&#13;<br \/>\nmodernised and equipped with the latest technology and software specifications.&#13;<br \/>\nThe planes bought by Romania are thus able to interact with those used by the&#13;<br \/>\nother NATO states. The planes are currently stationed at the air bases in&#13;<br \/>\nFetesti, in the south-east, and Campia Turzii, in the centre, which have&#13;<br \/>\nthemselves been modernised to accommodate this type of aircraft. In the&#13;<br \/>\nexperts&#8217; opinion, Romania needs 48 multirole planes, that is at least 4&#13;<br \/>\nsquadrons. <\/p>\n<p>&#13;<br \/>\n&#13;<br \/><\/p>\n","protected":false},"excerpt":{"rendered":"<p>The defence ministry is to purchase corvettes manufactured in Romania, as well as 20 F16 airplanes.<\/p>\n","protected":false},"author":106,"featured_media":72650,"comment_status":"closed","ping_status":"closed","sticky":false,"template":"","format":"standard","meta":{"_acf_changed":false,"footnotes":""},"categories":[37738],"tags":[38881,116464],"coauthors":[],"class_list":["post-72649","post","type-post","status-publish","format-standard","has-post-thumbnail","hentry","category-today-in-the-news","tag-army-equipping","tag-romania-en"],"acf":[],"yoast_head":"<!-- This site is optimized with the Yoast SEO plugin v27.5 - https:\/\/yoast.com\/product\/yoast-seo-wordpress\/ -->\n<title>The Romanian army to receive new equipment - Radio Romania International<\/title>\n<meta name=\"robots\" content=\"index, follow, max-snippet:-1, max-image-preview:large, max-video-preview:-1\" \/>\n<link rel=\"canonical\" href=\"https:\/\/www.rri.ro\/en\/news-and-current-affairs\/today-in-the-news\/the-romanian-army-to-receive-new-equipment-id72649.html\" \/>\n<meta property=\"og:locale\" content=\"en_US\" \/>\n<meta property=\"og:type\" content=\"article\" \/>\n<meta property=\"og:title\" content=\"The Romanian army to receive new equipment - Radio Romania International\" \/>\n<meta property=\"og:description\" content=\"The defence ministry is to purchase corvettes manufactured in Romania, as well as 20 F16 airplanes.\" \/>\n<meta property=\"og:url\" content=\"https:\/\/www.rri.ro\/en\/news-and-current-affairs\/today-in-the-news\/the-romanian-army-to-receive-new-equipment-id72649.html\" \/>\n<meta property=\"og:site_name\" content=\"Radio Romania International\" \/>\n<meta property=\"article:published_time\" content=\"2017-03-17T11:02:00+00:00\" \/>\n<meta property=\"article:modified_time\" content=\"2024-02-16T07:45:06+00:00\" \/>\n<meta property=\"og:image\" content=\"https:\/\/www.rri.ro\/wp-content\/uploads\/2023\/10\/avioane-f16-romania.jpg\" \/>\n\t<meta property=\"og:image:width\" content=\"640\" \/>\n\t<meta property=\"og:image:height\" content=\"427\" \/>\n\t<meta property=\"og:image:type\" content=\"image\/jpeg\" \/>\n<meta name=\"author\" content=\"Mihai Pelin\" \/>\n<meta name=\"twitter:card\" content=\"summary_large_image\" \/>\n<meta name=\"twitter:label1\" content=\"Written by\" \/>\n\t<meta name=\"twitter:data1\" content=\"Mihai Pelin\" \/>\n\t<meta name=\"twitter:label2\" content=\"Est. reading time\" \/>\n\t<meta name=\"twitter:data2\" content=\"2 minutes\" \/>\n<script type=\"application\/ld+json\" class=\"yoast-schema-graph\">{\"@context\":\"https:\\\/\\\/schema.org\",\"@graph\":[{\"@type\":\"Article\",\"@id\":\"https:\\\/\\\/www.rri.ro\\\/en\\\/news-and-current-affairs\\\/today-in-the-news\\\/the-romanian-army-to-receive-new-equipment-id72649.html#article\",\"isPartOf\":{\"@id\":\"https:\\\/\\\/www.rri.ro\\\/en\\\/news-and-current-affairs\\\/today-in-the-news\\\/the-romanian-army-to-receive-new-equipment-id72649.html\"},\"author\":{\"name\":\"Mihai Pelin\",\"@id\":\"https:\\\/\\\/www.rri.ro\\\/#\\\/schema\\\/person\\\/c6036c822534c855dc3aad41a484f05d\"},\"headline\":\"The Romanian army to receive new equipment\",\"datePublished\":\"2017-03-17T11:02:00+00:00\",\"dateModified\":\"2024-02-16T07:45:06+00:00\",\"mainEntityOfPage\":{\"@id\":\"https:\\\/\\\/www.rri.ro\\\/en\\\/news-and-current-affairs\\\/today-in-the-news\\\/the-romanian-army-to-receive-new-equipment-id72649.html\"},\"wordCount\":389,\"image\":{\"@id\":\"https:\\\/\\\/www.rri.ro\\\/en\\\/news-and-current-affairs\\\/today-in-the-news\\\/the-romanian-army-to-receive-new-equipment-id72649.html#primaryimage\"},\"thumbnailUrl\":\"https:\\\/\\\/www.rri.ro\\\/wp-content\\\/uploads\\\/2023\\\/10\\\/avioane-f16-romania.jpg\",\"keywords\":[\"army equipping\",\"Romania\"],\"articleSection\":[\"Today in the News\"],\"inLanguage\":\"en-US\"},{\"@type\":\"WebPage\",\"@id\":\"https:\\\/\\\/www.rri.ro\\\/en\\\/news-and-current-affairs\\\/today-in-the-news\\\/the-romanian-army-to-receive-new-equipment-id72649.html\",\"url\":\"https:\\\/\\\/www.rri.ro\\\/en\\\/news-and-current-affairs\\\/today-in-the-news\\\/the-romanian-army-to-receive-new-equipment-id72649.html\",\"name\":\"The Romanian army to receive new equipment - Radio Romania International\",\"isPartOf\":{\"@id\":\"https:\\\/\\\/www.rri.ro\\\/#website\"},\"primaryImageOfPage\":{\"@id\":\"https:\\\/\\\/www.rri.ro\\\/en\\\/news-and-current-affairs\\\/today-in-the-news\\\/the-romanian-army-to-receive-new-equipment-id72649.html#primaryimage\"},\"image\":{\"@id\":\"https:\\\/\\\/www.rri.ro\\\/en\\\/news-and-current-affairs\\\/today-in-the-news\\\/the-romanian-army-to-receive-new-equipment-id72649.html#primaryimage\"},\"thumbnailUrl\":\"https:\\\/\\\/www.rri.ro\\\/wp-content\\\/uploads\\\/2023\\\/10\\\/avioane-f16-romania.jpg\",\"datePublished\":\"2017-03-17T11:02:00+00:00\",\"dateModified\":\"2024-02-16T07:45:06+00:00\",\"author\":{\"@id\":\"https:\\\/\\\/www.rri.ro\\\/#\\\/schema\\\/person\\\/c6036c822534c855dc3aad41a484f05d\"},\"breadcrumb\":{\"@id\":\"https:\\\/\\\/www.rri.ro\\\/en\\\/news-and-current-affairs\\\/today-in-the-news\\\/the-romanian-army-to-receive-new-equipment-id72649.html#breadcrumb\"},\"inLanguage\":\"en-US\",\"potentialAction\":[{\"@type\":\"ReadAction\",\"target\":[\"https:\\\/\\\/www.rri.ro\\\/en\\\/news-and-current-affairs\\\/today-in-the-news\\\/the-romanian-army-to-receive-new-equipment-id72649.html\"]}]},{\"@type\":\"ImageObject\",\"inLanguage\":\"en-US\",\"@id\":\"https:\\\/\\\/www.rri.ro\\\/en\\\/news-and-current-affairs\\\/today-in-the-news\\\/the-romanian-army-to-receive-new-equipment-id72649.html#primaryimage\",\"url\":\"https:\\\/\\\/www.rri.ro\\\/wp-content\\\/uploads\\\/2023\\\/10\\\/avioane-f16-romania.jpg\",\"contentUrl\":\"https:\\\/\\\/www.rri.ro\\\/wp-content\\\/uploads\\\/2023\\\/10\\\/avioane-f16-romania.jpg\",\"width\":640,\"height\":427},{\"@type\":\"BreadcrumbList\",\"@id\":\"https:\\\/\\\/www.rri.ro\\\/en\\\/news-and-current-affairs\\\/today-in-the-news\\\/the-romanian-army-to-receive-new-equipment-id72649.html#breadcrumb\",\"itemListElement\":[{\"@type\":\"ListItem\",\"position\":1,\"name\":\"Homepage\",\"item\":\"https:\\\/\\\/www.rri.ro\\\/en\"},{\"@type\":\"ListItem\",\"position\":2,\"name\":\"News and Current Affairs\",\"item\":\"https:\\\/\\\/www.rri.ro\\\/en\\\/news-and-current-affairs\"},{\"@type\":\"ListItem\",\"position\":3,\"name\":\"Today in the News\",\"item\":\"https:\\\/\\\/www.rri.ro\\\/en\\\/news-and-current-affairs\\\/today-in-the-news\"},{\"@type\":\"ListItem\",\"position\":4,\"name\":\"The Romanian army to receive new equipment\"}]},{\"@type\":\"WebSite\",\"@id\":\"https:\\\/\\\/www.rri.ro\\\/#website\",\"url\":\"https:\\\/\\\/www.rri.ro\\\/\",\"name\":\"Radio Romania International\",\"description\":\"Totul despre Rom\u00e2nia \u015fi rom\u00e2ni, \u00een 13 limbi\\\/dialecte!\",\"inLanguage\":\"en-US\"},{\"@type\":\"Person\",\"@id\":\"https:\\\/\\\/www.rri.ro\\\/#\\\/schema\\\/person\\\/c6036c822534c855dc3aad41a484f05d\",\"name\":\"Mihai Pelin\",\"url\":\"https:\\\/\\\/www.rri.ro\\\/en\\\/author\\\/mihai-pelin\"}]}<\/script>\n<!-- \/ Yoast SEO plugin. -->","yoast_head_json":{"title":"The Romanian army to receive new equipment - Radio Romania International","robots":{"index":"index","follow":"follow","max-snippet":"max-snippet:-1","max-image-preview":"max-image-preview:large","max-video-preview":"max-video-preview:-1"},"canonical":"https:\/\/www.rri.ro\/en\/news-and-current-affairs\/today-in-the-news\/the-romanian-army-to-receive-new-equipment-id72649.html","og_locale":"en_US","og_type":"article","og_title":"The Romanian army to receive new equipment - Radio Romania International","og_description":"The defence ministry is to purchase corvettes manufactured in Romania, as well as 20 F16 airplanes.","og_url":"https:\/\/www.rri.ro\/en\/news-and-current-affairs\/today-in-the-news\/the-romanian-army-to-receive-new-equipment-id72649.html","og_site_name":"Radio Romania International","article_published_time":"2017-03-17T11:02:00+00:00","article_modified_time":"2024-02-16T07:45:06+00:00","og_image":[{"width":640,"height":427,"url":"https:\/\/www.rri.ro\/wp-content\/uploads\/2023\/10\/avioane-f16-romania.jpg","type":"image\/jpeg"}],"author":"Mihai Pelin","twitter_card":"summary_large_image","twitter_misc":{"Written by":"Mihai Pelin","Est. reading time":"2 minutes"},"schema":{"@context":"https:\/\/schema.org","@graph":[{"@type":"Article","@id":"https:\/\/www.rri.ro\/en\/news-and-current-affairs\/today-in-the-news\/the-romanian-army-to-receive-new-equipment-id72649.html#article","isPartOf":{"@id":"https:\/\/www.rri.ro\/en\/news-and-current-affairs\/today-in-the-news\/the-romanian-army-to-receive-new-equipment-id72649.html"},"author":{"name":"Mihai Pelin","@id":"https:\/\/www.rri.ro\/#\/schema\/person\/c6036c822534c855dc3aad41a484f05d"},"headline":"The Romanian army to receive new equipment","datePublished":"2017-03-17T11:02:00+00:00","dateModified":"2024-02-16T07:45:06+00:00","mainEntityOfPage":{"@id":"https:\/\/www.rri.ro\/en\/news-and-current-affairs\/today-in-the-news\/the-romanian-army-to-receive-new-equipment-id72649.html"},"wordCount":389,"image":{"@id":"https:\/\/www.rri.ro\/en\/news-and-current-affairs\/today-in-the-news\/the-romanian-army-to-receive-new-equipment-id72649.html#primaryimage"},"thumbnailUrl":"https:\/\/www.rri.ro\/wp-content\/uploads\/2023\/10\/avioane-f16-romania.jpg","keywords":["army equipping","Romania"],"articleSection":["Today in the News"],"inLanguage":"en-US"},{"@type":"WebPage","@id":"https:\/\/www.rri.ro\/en\/news-and-current-affairs\/today-in-the-news\/the-romanian-army-to-receive-new-equipment-id72649.html","url":"https:\/\/www.rri.ro\/en\/news-and-current-affairs\/today-in-the-news\/the-romanian-army-to-receive-new-equipment-id72649.html","name":"The Romanian army to receive new equipment - Radio Romania International","isPartOf":{"@id":"https:\/\/www.rri.ro\/#website"},"primaryImageOfPage":{"@id":"https:\/\/www.rri.ro\/en\/news-and-current-affairs\/today-in-the-news\/the-romanian-army-to-receive-new-equipment-id72649.html#primaryimage"},"image":{"@id":"https:\/\/www.rri.ro\/en\/news-and-current-affairs\/today-in-the-news\/the-romanian-army-to-receive-new-equipment-id72649.html#primaryimage"},"thumbnailUrl":"https:\/\/www.rri.ro\/wp-content\/uploads\/2023\/10\/avioane-f16-romania.jpg","datePublished":"2017-03-17T11:02:00+00:00","dateModified":"2024-02-16T07:45:06+00:00","author":{"@id":"https:\/\/www.rri.ro\/#\/schema\/person\/c6036c822534c855dc3aad41a484f05d"},"breadcrumb":{"@id":"https:\/\/www.rri.ro\/en\/news-and-current-affairs\/today-in-the-news\/the-romanian-army-to-receive-new-equipment-id72649.html#breadcrumb"},"inLanguage":"en-US","potentialAction":[{"@type":"ReadAction","target":["https:\/\/www.rri.ro\/en\/news-and-current-affairs\/today-in-the-news\/the-romanian-army-to-receive-new-equipment-id72649.html"]}]},{"@type":"ImageObject","inLanguage":"en-US","@id":"https:\/\/www.rri.ro\/en\/news-and-current-affairs\/today-in-the-news\/the-romanian-army-to-receive-new-equipment-id72649.html#primaryimage","url":"https:\/\/www.rri.ro\/wp-content\/uploads\/2023\/10\/avioane-f16-romania.jpg","contentUrl":"https:\/\/www.rri.ro\/wp-content\/uploads\/2023\/10\/avioane-f16-romania.jpg","width":640,"height":427},{"@type":"BreadcrumbList","@id":"https:\/\/www.rri.ro\/en\/news-and-current-affairs\/today-in-the-news\/the-romanian-army-to-receive-new-equipment-id72649.html#breadcrumb","itemListElement":[{"@type":"ListItem","position":1,"name":"Homepage","item":"https:\/\/www.rri.ro\/en"},{"@type":"ListItem","position":2,"name":"News and Current Affairs","item":"https:\/\/www.rri.ro\/en\/news-and-current-affairs"},{"@type":"ListItem","position":3,"name":"Today in the News","item":"https:\/\/www.rri.ro\/en\/news-and-current-affairs\/today-in-the-news"},{"@type":"ListItem","position":4,"name":"The Romanian army to receive new equipment"}]},{"@type":"WebSite","@id":"https:\/\/www.rri.ro\/#website","url":"https:\/\/www.rri.ro\/","name":"Radio Romania International","description":"Totul despre Rom\u00e2nia \u015fi rom\u00e2ni, \u00een 13 limbi\/dialecte!","inLanguage":"en-US"},{"@type":"Person","@id":"https:\/\/www.rri.ro\/#\/schema\/person\/c6036c822534c855dc3aad41a484f05d","name":"Mihai Pelin","url":"https:\/\/www.rri.ro\/en\/author\/mihai-pelin"}]}},"_links":{"self":[{"href":"https:\/\/www.rri.ro\/en\/wp-json\/wp\/v2\/posts\/72649","targetHints":{"allow":["GET"]}}],"collection":[{"href":"https:\/\/www.rri.ro\/en\/wp-json\/wp\/v2\/posts"}],"about":[{"href":"https:\/\/www.rri.ro\/en\/wp-json\/wp\/v2\/types\/post"}],"author":[{"embeddable":true,"href":"https:\/\/www.rri.ro\/en\/wp-json\/wp\/v2\/users\/106"}],"replies":[{"embeddable":true,"href":"https:\/\/www.rri.ro\/en\/wp-json\/wp\/v2\/comments?post=72649"}],"version-history":[{"count":0,"href":"https:\/\/www.rri.ro\/en\/wp-json\/wp\/v2\/posts\/72649\/revisions"}],"wp:featuredmedia":[{"embeddable":true,"href":"https:\/\/www.rri.ro\/en\/wp-json\/wp\/v2\/media\/72650"}],"wp:attachment":[{"href":"https:\/\/www.rri.ro\/en\/wp-json\/wp\/v2\/media?parent=72649"}],"wp:term":[{"taxonomy":"category","embeddable":true,"href":"https:\/\/www.rri.ro\/en\/wp-json\/wp\/v2\/categories?post=72649"},{"taxonomy":"post_tag","embeddable":true,"href":"https:\/\/www.rri.ro\/en\/wp-json\/wp\/v2\/tags?post=72649"},{"taxonomy":"author","embeddable":true,"href":"https:\/\/www.rri.ro\/en\/wp-json\/wp\/v2\/coauthors?post=72649"}],"curies":[{"name":"wp","href":"https:\/\/api.w.org\/{rel}","templated":true}]}}