{"id":72747,"date":"2017-03-22T13:32:06","date_gmt":"2017-03-22T13:32:06","guid":{"rendered":"http:\/\/devrri.freshlemon.ro\/news-and-current-affairs\/newsflash\/romania-and-nato-10-72747.html"},"modified":"2017-03-22T13:32:06","modified_gmt":"2017-03-22T13:32:06","slug":"romania-and-nato-10","status":"publish","type":"post","link":"https:\/\/www.rri.ro\/en\/news-and-current-affairs\/today-in-the-news\/romania-and-nato-10-id72747.html","title":{"rendered":"Romania and NATO"},"content":{"rendered":"<p><p>Romania&#8217;s Supreme&#13;<br \/>\nDefence Council has approved the country&#8217;s mandate at the NATO summit in&#13;<br \/>\nBrussels due on May 25th. Romania&#8217;s expectations are mainly related&#13;<br \/>\nto the reconfirmation of the importance and solidity of the trans-Atlantic&#13;<br \/>\nrelationship, a relationship based on unity and solidarity among allies. Also,&#13;<br \/>\nwe expect that Romania&#8217;s contribution to NATO and to ensuring European and&#13;<br \/>\nEuro-Atlantic security will be emphasised and promoted, and the strategic&#13;<br \/>\nimportance of the Black Sea highlighted, said President Klaus Iohannis, who&#13;<br \/>\nchaired the Supreme Defence Council&#8217;s meeting. He also noted that the NATO&#13;<br \/>\nsummit in Brussels will ensure the framework for the presentation of the vision&#13;<br \/>\nof the new American administration with respect to NATO&#8217;s role, a mid-term&#13;<br \/>\nreview to assess implementation of the decisions taken at the latest NATO&#13;<br \/>\nsummit in Warsaw and the launch of new lines of action in the run-up to the&#13;<br \/>\n2018 Summit. <\/p>\n<p><\/p>\n<p>&#13;<br \/>\n&#13;<br \/>\n&#13;<br \/>\n&#13;<\/p>\n<p>At its latest&#13;<br \/>\nmeeting, Romania&#8217;s Supreme Defence Council also approved an updated version of&#13;<br \/>\nthe programme of equipping the Romanian Army. The revision was necessary&#13;<br \/>\nfollowing this year&#8217;s increase in the country&#8217;s defence budget to 2% of the&#13;<br \/>\nGDP, in keeping with an accord proposed by the President&#8217;s Office and agreed on&#13;<br \/>\nby all political forces. The programme covers the transformation, development&#13;<br \/>\nand equipping of the army by 2026. Its purpose, President Iohannis has&#13;<br \/>\nexplained, is to ensure the army&#8217;s capabilities to protect national interests&#13;<br \/>\nand fulfil international commitments. Klaus Iohannis:<\/p>\n<p><\/p>\n<p>&#13;<br \/>\n&#13;<br \/>\n&#13;<br \/>\n&#13;<\/p>\n<p>By implementing the&#13;<br \/>\nprogramme, which has been revised and is also in agreement with the NATO&#13;<br \/>\nauthorities, essential equipping programmes will be initiated with the&#13;<br \/>\nparticipation of local companies, which will be involved in the manufacture of&#13;<br \/>\nmilitary equipment, such as 8X8 and 4X4 armoured transport vehicles, armoured&#13;<br \/>\nand non-armoured light utility vehicles, multi-role aircraft, command and&#13;<br \/>\ncontrol systems as well as corvettes. <\/p>\n<p><\/p>\n<p>&#13;<br \/>\n&#13;<br \/>\n&#13;<br \/>\n&#13;<\/p>\n<p>In July, Romania&#13;<br \/>\nwill host a comprehensive military drill that will include about 300,000&#13;<br \/>\nsoldiers from NATO countries. The US Ambassador to Romania, Hans Klemm, made&#13;<br \/>\nthis announcement on Tuesday. The American official took the opportunity to&#13;<br \/>\nemphasise the very good Romanian-American relationship, both on a bilateral&#13;<br \/>\nlevel and within NATO. He pointed out that the Romanian and American soldiers&#13;<br \/>\nwork together very well, and that last year alone they carried out about 180&#13;<br \/>\njoint military drills and training exercises.  <\/p>\n<p><\/p>\n","protected":false},"excerpt":{"rendered":"<p>The Supreme Defence Council approves Romania&#8217;s mandate for upcoming NATO summit and updated version of its army-equipping programme<\/p>\n","protected":false},"author":110,"featured_media":72748,"comment_status":"closed","ping_status":"closed","sticky":false,"template":"","format":"standard","meta":{"_acf_changed":false,"footnotes":""},"categories":[37738],"tags":[38881,13794,116464],"coauthors":[],"class_list":["post-72747","post","type-post","status-publish","format-standard","has-post-thumbnail","hentry","category-today-in-the-news","tag-army-equipping","tag-nato","tag-romania-en"],"acf":[],"yoast_head":"<!-- This site is optimized with the Yoast SEO plugin v27.5 - https:\/\/yoast.com\/product\/yoast-seo-wordpress\/ -->\n<title>Romania and NATO - Radio Romania International<\/title>\n<meta name=\"robots\" content=\"index, follow, max-snippet:-1, max-image-preview:large, max-video-preview:-1\" \/>\n<link rel=\"canonical\" href=\"https:\/\/www.rri.ro\/en\/news-and-current-affairs\/today-in-the-news\/romania-and-nato-10-id72747.html\" \/>\n<meta property=\"og:locale\" content=\"en_US\" \/>\n<meta property=\"og:type\" content=\"article\" \/>\n<meta property=\"og:title\" content=\"Romania and NATO - Radio Romania International\" \/>\n<meta property=\"og:description\" content=\"The Supreme Defence Council approves Romania&#039;s mandate for upcoming NATO summit and updated version of its army-equipping programme\" \/>\n<meta property=\"og:url\" content=\"https:\/\/www.rri.ro\/en\/news-and-current-affairs\/today-in-the-news\/romania-and-nato-10-id72747.html\" \/>\n<meta property=\"og:site_name\" content=\"Radio Romania International\" \/>\n<meta property=\"article:published_time\" content=\"2017-03-22T13:32:06+00:00\" \/>\n<meta property=\"og:image\" content=\"https:\/\/www.rri.ro\/wp-content\/uploads\/2023\/10\/sedinta-csat-21-martie-2017.png\" \/>\n\t<meta property=\"og:image:width\" content=\"640\" \/>\n\t<meta property=\"og:image:height\" content=\"360\" \/>\n\t<meta property=\"og:image:type\" content=\"image\/png\" \/>\n<meta name=\"author\" content=\"\u015etefan Stoica\" \/>\n<meta name=\"twitter:card\" content=\"summary_large_image\" \/>\n<meta name=\"twitter:label1\" content=\"Written by\" \/>\n\t<meta name=\"twitter:data1\" content=\"\u015etefan Stoica\" \/>\n\t<meta name=\"twitter:label2\" content=\"Est. reading time\" \/>\n\t<meta name=\"twitter:data2\" content=\"2 minutes\" \/>\n<script type=\"application\/ld+json\" class=\"yoast-schema-graph\">{\"@context\":\"https:\\\/\\\/schema.org\",\"@graph\":[{\"@type\":\"Article\",\"@id\":\"https:\\\/\\\/www.rri.ro\\\/en\\\/news-and-current-affairs\\\/today-in-the-news\\\/romania-and-nato-10-id72747.html#article\",\"isPartOf\":{\"@id\":\"https:\\\/\\\/www.rri.ro\\\/en\\\/news-and-current-affairs\\\/today-in-the-news\\\/romania-and-nato-10-id72747.html\"},\"author\":{\"name\":\"\u015etefan Stoica\",\"@id\":\"https:\\\/\\\/www.rri.ro\\\/#\\\/schema\\\/person\\\/2d81d5dc94d44190d13245f64551d334\"},\"headline\":\"Romania and NATO\",\"datePublished\":\"2017-03-22T13:32:06+00:00\",\"mainEntityOfPage\":{\"@id\":\"https:\\\/\\\/www.rri.ro\\\/en\\\/news-and-current-affairs\\\/today-in-the-news\\\/romania-and-nato-10-id72747.html\"},\"wordCount\":389,\"image\":{\"@id\":\"https:\\\/\\\/www.rri.ro\\\/en\\\/news-and-current-affairs\\\/today-in-the-news\\\/romania-and-nato-10-id72747.html#primaryimage\"},\"thumbnailUrl\":\"https:\\\/\\\/www.rri.ro\\\/wp-content\\\/uploads\\\/2023\\\/10\\\/sedinta-csat-21-martie-2017.png\",\"keywords\":[\"army equipping\",\"NATO\",\"Romania\"],\"articleSection\":[\"Today in the News\"],\"inLanguage\":\"en-US\"},{\"@type\":\"WebPage\",\"@id\":\"https:\\\/\\\/www.rri.ro\\\/en\\\/news-and-current-affairs\\\/today-in-the-news\\\/romania-and-nato-10-id72747.html\",\"url\":\"https:\\\/\\\/www.rri.ro\\\/en\\\/news-and-current-affairs\\\/today-in-the-news\\\/romania-and-nato-10-id72747.html\",\"name\":\"Romania and NATO - Radio Romania International\",\"isPartOf\":{\"@id\":\"https:\\\/\\\/www.rri.ro\\\/#website\"},\"primaryImageOfPage\":{\"@id\":\"https:\\\/\\\/www.rri.ro\\\/en\\\/news-and-current-affairs\\\/today-in-the-news\\\/romania-and-nato-10-id72747.html#primaryimage\"},\"image\":{\"@id\":\"https:\\\/\\\/www.rri.ro\\\/en\\\/news-and-current-affairs\\\/today-in-the-news\\\/romania-and-nato-10-id72747.html#primaryimage\"},\"thumbnailUrl\":\"https:\\\/\\\/www.rri.ro\\\/wp-content\\\/uploads\\\/2023\\\/10\\\/sedinta-csat-21-martie-2017.png\",\"datePublished\":\"2017-03-22T13:32:06+00:00\",\"author\":{\"@id\":\"https:\\\/\\\/www.rri.ro\\\/#\\\/schema\\\/person\\\/2d81d5dc94d44190d13245f64551d334\"},\"breadcrumb\":{\"@id\":\"https:\\\/\\\/www.rri.ro\\\/en\\\/news-and-current-affairs\\\/today-in-the-news\\\/romania-and-nato-10-id72747.html#breadcrumb\"},\"inLanguage\":\"en-US\",\"potentialAction\":[{\"@type\":\"ReadAction\",\"target\":[\"https:\\\/\\\/www.rri.ro\\\/en\\\/news-and-current-affairs\\\/today-in-the-news\\\/romania-and-nato-10-id72747.html\"]}]},{\"@type\":\"ImageObject\",\"inLanguage\":\"en-US\",\"@id\":\"https:\\\/\\\/www.rri.ro\\\/en\\\/news-and-current-affairs\\\/today-in-the-news\\\/romania-and-nato-10-id72747.html#primaryimage\",\"url\":\"https:\\\/\\\/www.rri.ro\\\/wp-content\\\/uploads\\\/2023\\\/10\\\/sedinta-csat-21-martie-2017.png\",\"contentUrl\":\"https:\\\/\\\/www.rri.ro\\\/wp-content\\\/uploads\\\/2023\\\/10\\\/sedinta-csat-21-martie-2017.png\",\"width\":640,\"height\":360},{\"@type\":\"BreadcrumbList\",\"@id\":\"https:\\\/\\\/www.rri.ro\\\/en\\\/news-and-current-affairs\\\/today-in-the-news\\\/romania-and-nato-10-id72747.html#breadcrumb\",\"itemListElement\":[{\"@type\":\"ListItem\",\"position\":1,\"name\":\"Homepage\",\"item\":\"https:\\\/\\\/www.rri.ro\\\/en\"},{\"@type\":\"ListItem\",\"position\":2,\"name\":\"News and Current Affairs\",\"item\":\"https:\\\/\\\/www.rri.ro\\\/en\\\/news-and-current-affairs\"},{\"@type\":\"ListItem\",\"position\":3,\"name\":\"Today in the News\",\"item\":\"https:\\\/\\\/www.rri.ro\\\/en\\\/news-and-current-affairs\\\/today-in-the-news\"},{\"@type\":\"ListItem\",\"position\":4,\"name\":\"Romania and NATO\"}]},{\"@type\":\"WebSite\",\"@id\":\"https:\\\/\\\/www.rri.ro\\\/#website\",\"url\":\"https:\\\/\\\/www.rri.ro\\\/\",\"name\":\"Radio Romania International\",\"description\":\"Totul despre Rom\u00e2nia \u015fi rom\u00e2ni, \u00een 13 limbi\\\/dialecte!\",\"inLanguage\":\"en-US\"},{\"@type\":\"Person\",\"@id\":\"https:\\\/\\\/www.rri.ro\\\/#\\\/schema\\\/person\\\/2d81d5dc94d44190d13245f64551d334\",\"name\":\"\u015etefan Stoica\",\"url\":\"https:\\\/\\\/www.rri.ro\\\/en\\\/author\\\/stefan-stoica\"}]}<\/script>\n<!-- \/ Yoast SEO plugin. -->","yoast_head_json":{"title":"Romania and NATO - Radio Romania International","robots":{"index":"index","follow":"follow","max-snippet":"max-snippet:-1","max-image-preview":"max-image-preview:large","max-video-preview":"max-video-preview:-1"},"canonical":"https:\/\/www.rri.ro\/en\/news-and-current-affairs\/today-in-the-news\/romania-and-nato-10-id72747.html","og_locale":"en_US","og_type":"article","og_title":"Romania and NATO - Radio Romania International","og_description":"The Supreme Defence Council approves Romania's mandate for upcoming NATO summit and updated version of its army-equipping programme","og_url":"https:\/\/www.rri.ro\/en\/news-and-current-affairs\/today-in-the-news\/romania-and-nato-10-id72747.html","og_site_name":"Radio Romania International","article_published_time":"2017-03-22T13:32:06+00:00","og_image":[{"width":640,"height":360,"url":"https:\/\/www.rri.ro\/wp-content\/uploads\/2023\/10\/sedinta-csat-21-martie-2017.png","type":"image\/png"}],"author":"\u015etefan Stoica","twitter_card":"summary_large_image","twitter_misc":{"Written by":"\u015etefan Stoica","Est. reading time":"2 minutes"},"schema":{"@context":"https:\/\/schema.org","@graph":[{"@type":"Article","@id":"https:\/\/www.rri.ro\/en\/news-and-current-affairs\/today-in-the-news\/romania-and-nato-10-id72747.html#article","isPartOf":{"@id":"https:\/\/www.rri.ro\/en\/news-and-current-affairs\/today-in-the-news\/romania-and-nato-10-id72747.html"},"author":{"name":"\u015etefan Stoica","@id":"https:\/\/www.rri.ro\/#\/schema\/person\/2d81d5dc94d44190d13245f64551d334"},"headline":"Romania and NATO","datePublished":"2017-03-22T13:32:06+00:00","mainEntityOfPage":{"@id":"https:\/\/www.rri.ro\/en\/news-and-current-affairs\/today-in-the-news\/romania-and-nato-10-id72747.html"},"wordCount":389,"image":{"@id":"https:\/\/www.rri.ro\/en\/news-and-current-affairs\/today-in-the-news\/romania-and-nato-10-id72747.html#primaryimage"},"thumbnailUrl":"https:\/\/www.rri.ro\/wp-content\/uploads\/2023\/10\/sedinta-csat-21-martie-2017.png","keywords":["army equipping","NATO","Romania"],"articleSection":["Today in the News"],"inLanguage":"en-US"},{"@type":"WebPage","@id":"https:\/\/www.rri.ro\/en\/news-and-current-affairs\/today-in-the-news\/romania-and-nato-10-id72747.html","url":"https:\/\/www.rri.ro\/en\/news-and-current-affairs\/today-in-the-news\/romania-and-nato-10-id72747.html","name":"Romania and NATO - Radio Romania International","isPartOf":{"@id":"https:\/\/www.rri.ro\/#website"},"primaryImageOfPage":{"@id":"https:\/\/www.rri.ro\/en\/news-and-current-affairs\/today-in-the-news\/romania-and-nato-10-id72747.html#primaryimage"},"image":{"@id":"https:\/\/www.rri.ro\/en\/news-and-current-affairs\/today-in-the-news\/romania-and-nato-10-id72747.html#primaryimage"},"thumbnailUrl":"https:\/\/www.rri.ro\/wp-content\/uploads\/2023\/10\/sedinta-csat-21-martie-2017.png","datePublished":"2017-03-22T13:32:06+00:00","author":{"@id":"https:\/\/www.rri.ro\/#\/schema\/person\/2d81d5dc94d44190d13245f64551d334"},"breadcrumb":{"@id":"https:\/\/www.rri.ro\/en\/news-and-current-affairs\/today-in-the-news\/romania-and-nato-10-id72747.html#breadcrumb"},"inLanguage":"en-US","potentialAction":[{"@type":"ReadAction","target":["https:\/\/www.rri.ro\/en\/news-and-current-affairs\/today-in-the-news\/romania-and-nato-10-id72747.html"]}]},{"@type":"ImageObject","inLanguage":"en-US","@id":"https:\/\/www.rri.ro\/en\/news-and-current-affairs\/today-in-the-news\/romania-and-nato-10-id72747.html#primaryimage","url":"https:\/\/www.rri.ro\/wp-content\/uploads\/2023\/10\/sedinta-csat-21-martie-2017.png","contentUrl":"https:\/\/www.rri.ro\/wp-content\/uploads\/2023\/10\/sedinta-csat-21-martie-2017.png","width":640,"height":360},{"@type":"BreadcrumbList","@id":"https:\/\/www.rri.ro\/en\/news-and-current-affairs\/today-in-the-news\/romania-and-nato-10-id72747.html#breadcrumb","itemListElement":[{"@type":"ListItem","position":1,"name":"Homepage","item":"https:\/\/www.rri.ro\/en"},{"@type":"ListItem","position":2,"name":"News and Current Affairs","item":"https:\/\/www.rri.ro\/en\/news-and-current-affairs"},{"@type":"ListItem","position":3,"name":"Today in the News","item":"https:\/\/www.rri.ro\/en\/news-and-current-affairs\/today-in-the-news"},{"@type":"ListItem","position":4,"name":"Romania and NATO"}]},{"@type":"WebSite","@id":"https:\/\/www.rri.ro\/#website","url":"https:\/\/www.rri.ro\/","name":"Radio Romania International","description":"Totul despre Rom\u00e2nia \u015fi rom\u00e2ni, \u00een 13 limbi\/dialecte!","inLanguage":"en-US"},{"@type":"Person","@id":"https:\/\/www.rri.ro\/#\/schema\/person\/2d81d5dc94d44190d13245f64551d334","name":"\u015etefan Stoica","url":"https:\/\/www.rri.ro\/en\/author\/stefan-stoica"}]}},"_links":{"self":[{"href":"https:\/\/www.rri.ro\/en\/wp-json\/wp\/v2\/posts\/72747","targetHints":{"allow":["GET"]}}],"collection":[{"href":"https:\/\/www.rri.ro\/en\/wp-json\/wp\/v2\/posts"}],"about":[{"href":"https:\/\/www.rri.ro\/en\/wp-json\/wp\/v2\/types\/post"}],"author":[{"embeddable":true,"href":"https:\/\/www.rri.ro\/en\/wp-json\/wp\/v2\/users\/110"}],"replies":[{"embeddable":true,"href":"https:\/\/www.rri.ro\/en\/wp-json\/wp\/v2\/comments?post=72747"}],"version-history":[{"count":0,"href":"https:\/\/www.rri.ro\/en\/wp-json\/wp\/v2\/posts\/72747\/revisions"}],"wp:featuredmedia":[{"embeddable":true,"href":"https:\/\/www.rri.ro\/en\/wp-json\/wp\/v2\/media\/72748"}],"wp:attachment":[{"href":"https:\/\/www.rri.ro\/en\/wp-json\/wp\/v2\/media?parent=72747"}],"wp:term":[{"taxonomy":"category","embeddable":true,"href":"https:\/\/www.rri.ro\/en\/wp-json\/wp\/v2\/categories?post=72747"},{"taxonomy":"post_tag","embeddable":true,"href":"https:\/\/www.rri.ro\/en\/wp-json\/wp\/v2\/tags?post=72747"},{"taxonomy":"author","embeddable":true,"href":"https:\/\/www.rri.ro\/en\/wp-json\/wp\/v2\/coauthors?post=72747"}],"curies":[{"name":"wp","href":"https:\/\/api.w.org\/{rel}","templated":true}]}}