{"id":74017,"date":"2017-06-26T13:59:00","date_gmt":"2017-06-26T10:59:00","guid":{"rendered":"http:\/\/devrri.freshlemon.ro\/news-and-current-affairs\/newsflash\/european-issues-on-romanias-agenda-74017.html"},"modified":"2024-02-16T09:47:18","modified_gmt":"2024-02-16T07:47:18","slug":"european-issues-on-romanias-agenda","status":"publish","type":"post","link":"https:\/\/www.rri.ro\/en\/news-and-current-affairs\/today-in-the-news\/european-issues-on-romanias-agenda-id74017.html","title":{"rendered":"European issues on Romania\u2019s agenda"},"content":{"rendered":"<p>Last week, Romanias President Klaus Iohannis attended in Brussels the proceedings of the summer European Council and has returned home with what the media has already dubbed the future Cabinets \u201chomework. The new government, the head of state has announced, will have to get an agreement that, after Brexit, Romania becomes host to the headquarters of the European Medicines Agency.<\/p>\n<p>&#13;<br \/>\n&#13;<\/p>\n<p>&#13;<br \/>\n&#13;<\/p>\n<p>It will be by no means a mere formality, as there are other countries competing, namely France, Sweden, Denmark, Hungary and Bulgaria. Moreover, London itself would like to remain host to the agency, even after the UK leaves the EU. Its not only about prestige, but also about concrete benefits, as the Agency is a decentralized body of the EU responsible for the scientific evaluation, supervision and safety monitoring of medicines in the EU.<\/p>\n<p>&#13;<br \/>\n&#13;<\/p>\n<p>&#13;<br \/>\n&#13;<\/p>\n<p>Therefore, the agency conducts the scientific evaluation of all European requests for marketing medicines aimed to treat AIDS, cancer, diabetes, neuro-degenerative disease and rare diseases. Moreover, it monitors the safety of such drugs by means of a so-called pharma-vigilance network, and takes measures in case reports indicate major side effects. Also, the Agency stimulates innovation and research in the pharmaceutical sector and provides companies with scientific counselling and support to develop new products.<\/p>\n<p>&#13;<br \/>\n&#13;<\/p>\n<p>&#13;<br \/>\n&#13;<\/p>\n<p>At the Council, a call was made for launching a permanent structural cooperation process, under which European military missions and operations will be launched and defence capability will be created. The framework is flexible and allows the participation of all interested parties, including Romania. In the coming three months, the parties will have to develop together the participation criteria and commitment standards.<\/p>\n<p>&#13;<br \/>\n&#13;<\/p>\n<p>&#13;<br \/>\n&#13;<\/p>\n<p>As president Iohannis has stated, the new Government in Romania will have to focus, among other things, on reviving the Romanian defence industry, as it will be able to use resources provided by the new European Defence Fund. The head of state has announced that small and medium-sized enterprises have access to this fund too, and Bucharest is expected to come up with a list of projects aimed at helping develop the European defence capability.<\/p>\n<p>&#13;<br \/>\n&#13;<\/p>\n<p>&#13;<br \/>\n&#13;<\/p>\n<p>On Romanias behalf, president Iohannis pleaded for a tight security cooperation between all the EU members states. Also, he stood against what he called \u201ca parallelism with NATO and encouraged the creation of community structures complementary to those of the North-Atlantic Alliance. (Edited by D. Vijeu) <\/p>\n<p>&#13;<\/p>\n","protected":false},"excerpt":{"rendered":"<p>Romanias hosting the European Medicines Agency and the use of community funds to revive the Romanian defence industry are among the expectations that Romanias President Klaus Iohannis has from the future government<\/p>\n","protected":false},"author":105,"featured_media":74018,"comment_status":"closed","ping_status":"closed","sticky":false,"template":"","format":"standard","meta":{"_acf_changed":false,"footnotes":""},"categories":[37738],"tags":[32167,32318,28945,38995],"coauthors":[],"class_list":["post-74017","post","type-post","status-publish","format-standard","has-post-thumbnail","hentry","category-today-in-the-news","tag-european-defence-fund","tag-european-medicines-agency","tag-klaus-iohannis","tag-summer-european-council"],"acf":[],"yoast_head":"<!-- This site is optimized with the Yoast SEO plugin v27.3 - https:\/\/yoast.com\/product\/yoast-seo-wordpress\/ -->\n<title>European issues on Romania\u2019s agenda - Radio Romania International<\/title>\n<meta name=\"robots\" content=\"index, follow, max-snippet:-1, max-image-preview:large, max-video-preview:-1\" \/>\n<link rel=\"canonical\" href=\"https:\/\/www.rri.ro\/en\/news-and-current-affairs\/today-in-the-news\/european-issues-on-romanias-agenda-id74017.html\" \/>\n<meta property=\"og:locale\" content=\"en_US\" \/>\n<meta property=\"og:type\" content=\"article\" \/>\n<meta property=\"og:title\" content=\"European issues on Romania\u2019s agenda - Radio Romania International\" \/>\n<meta property=\"og:description\" content=\"Romanias hosting the European Medicines Agency and the use of community funds to revive the Romanian defence industry are among the expectations that Romanias President Klaus Iohannis has from the future government\" \/>\n<meta property=\"og:url\" content=\"https:\/\/www.rri.ro\/en\/news-and-current-affairs\/today-in-the-news\/european-issues-on-romanias-agenda-id74017.html\" \/>\n<meta property=\"og:site_name\" content=\"Radio Romania International\" \/>\n<meta property=\"article:published_time\" content=\"2017-06-26T10:59:00+00:00\" \/>\n<meta property=\"article:modified_time\" content=\"2024-02-16T07:47:18+00:00\" \/>\n<meta property=\"og:image\" content=\"https:\/\/www.rri.ro\/wp-content\/uploads\/2023\/10\/iohannis-presa-ce-iun2017.jpg\" \/>\n\t<meta property=\"og:image:width\" content=\"640\" \/>\n\t<meta property=\"og:image:height\" content=\"480\" \/>\n\t<meta property=\"og:image:type\" content=\"image\/png\" \/>\n<meta name=\"author\" content=\"Bogdan Matei\" \/>\n<meta name=\"twitter:card\" content=\"summary_large_image\" \/>\n<meta name=\"twitter:label1\" content=\"Written by\" \/>\n\t<meta name=\"twitter:data1\" content=\"Bogdan Matei\" \/>\n\t<meta name=\"twitter:label2\" content=\"Est. reading time\" \/>\n\t<meta name=\"twitter:data2\" content=\"2 minutes\" \/>\n<script type=\"application\/ld+json\" class=\"yoast-schema-graph\">{\"@context\":\"https:\\\/\\\/schema.org\",\"@graph\":[{\"@type\":\"Article\",\"@id\":\"https:\\\/\\\/www.rri.ro\\\/en\\\/news-and-current-affairs\\\/today-in-the-news\\\/european-issues-on-romanias-agenda-id74017.html#article\",\"isPartOf\":{\"@id\":\"https:\\\/\\\/www.rri.ro\\\/en\\\/news-and-current-affairs\\\/today-in-the-news\\\/european-issues-on-romanias-agenda-id74017.html\"},\"author\":{\"name\":\"Bogdan Matei\",\"@id\":\"https:\\\/\\\/www.rri.ro\\\/#\\\/schema\\\/person\\\/0ed327d40678578e6dbb840527e3ba32\"},\"headline\":\"European issues on Romania\u2019s agenda\",\"datePublished\":\"2017-06-26T10:59:00+00:00\",\"dateModified\":\"2024-02-16T07:47:18+00:00\",\"mainEntityOfPage\":{\"@id\":\"https:\\\/\\\/www.rri.ro\\\/en\\\/news-and-current-affairs\\\/today-in-the-news\\\/european-issues-on-romanias-agenda-id74017.html\"},\"wordCount\":396,\"image\":{\"@id\":\"https:\\\/\\\/www.rri.ro\\\/en\\\/news-and-current-affairs\\\/today-in-the-news\\\/european-issues-on-romanias-agenda-id74017.html#primaryimage\"},\"thumbnailUrl\":\"https:\\\/\\\/www.rri.ro\\\/wp-content\\\/uploads\\\/2023\\\/10\\\/iohannis-presa-ce-iun2017.jpg\",\"keywords\":[\"European Defence Fund\",\"european medicines agency\",\"Klaus Iohannis\",\"summer European Council\"],\"articleSection\":[\"Today in the News\"],\"inLanguage\":\"en-US\"},{\"@type\":\"WebPage\",\"@id\":\"https:\\\/\\\/www.rri.ro\\\/en\\\/news-and-current-affairs\\\/today-in-the-news\\\/european-issues-on-romanias-agenda-id74017.html\",\"url\":\"https:\\\/\\\/www.rri.ro\\\/en\\\/news-and-current-affairs\\\/today-in-the-news\\\/european-issues-on-romanias-agenda-id74017.html\",\"name\":\"European issues on Romania\u2019s agenda - Radio Romania International\",\"isPartOf\":{\"@id\":\"https:\\\/\\\/www.rri.ro\\\/#website\"},\"primaryImageOfPage\":{\"@id\":\"https:\\\/\\\/www.rri.ro\\\/en\\\/news-and-current-affairs\\\/today-in-the-news\\\/european-issues-on-romanias-agenda-id74017.html#primaryimage\"},\"image\":{\"@id\":\"https:\\\/\\\/www.rri.ro\\\/en\\\/news-and-current-affairs\\\/today-in-the-news\\\/european-issues-on-romanias-agenda-id74017.html#primaryimage\"},\"thumbnailUrl\":\"https:\\\/\\\/www.rri.ro\\\/wp-content\\\/uploads\\\/2023\\\/10\\\/iohannis-presa-ce-iun2017.jpg\",\"datePublished\":\"2017-06-26T10:59:00+00:00\",\"dateModified\":\"2024-02-16T07:47:18+00:00\",\"author\":{\"@id\":\"https:\\\/\\\/www.rri.ro\\\/#\\\/schema\\\/person\\\/0ed327d40678578e6dbb840527e3ba32\"},\"breadcrumb\":{\"@id\":\"https:\\\/\\\/www.rri.ro\\\/en\\\/news-and-current-affairs\\\/today-in-the-news\\\/european-issues-on-romanias-agenda-id74017.html#breadcrumb\"},\"inLanguage\":\"en-US\",\"potentialAction\":[{\"@type\":\"ReadAction\",\"target\":[\"https:\\\/\\\/www.rri.ro\\\/en\\\/news-and-current-affairs\\\/today-in-the-news\\\/european-issues-on-romanias-agenda-id74017.html\"]}]},{\"@type\":\"ImageObject\",\"inLanguage\":\"en-US\",\"@id\":\"https:\\\/\\\/www.rri.ro\\\/en\\\/news-and-current-affairs\\\/today-in-the-news\\\/european-issues-on-romanias-agenda-id74017.html#primaryimage\",\"url\":\"https:\\\/\\\/www.rri.ro\\\/wp-content\\\/uploads\\\/2023\\\/10\\\/iohannis-presa-ce-iun2017.jpg\",\"contentUrl\":\"https:\\\/\\\/www.rri.ro\\\/wp-content\\\/uploads\\\/2023\\\/10\\\/iohannis-presa-ce-iun2017.jpg\",\"width\":640,\"height\":480},{\"@type\":\"BreadcrumbList\",\"@id\":\"https:\\\/\\\/www.rri.ro\\\/en\\\/news-and-current-affairs\\\/today-in-the-news\\\/european-issues-on-romanias-agenda-id74017.html#breadcrumb\",\"itemListElement\":[{\"@type\":\"ListItem\",\"position\":1,\"name\":\"Homepage\",\"item\":\"https:\\\/\\\/www.rri.ro\\\/en\"},{\"@type\":\"ListItem\",\"position\":2,\"name\":\"News and Current Affairs\",\"item\":\"https:\\\/\\\/www.rri.ro\\\/en\\\/news-and-current-affairs\"},{\"@type\":\"ListItem\",\"position\":3,\"name\":\"Today in the News\",\"item\":\"https:\\\/\\\/www.rri.ro\\\/en\\\/news-and-current-affairs\\\/today-in-the-news\"},{\"@type\":\"ListItem\",\"position\":4,\"name\":\"European issues on Romania\u2019s agenda\"}]},{\"@type\":\"WebSite\",\"@id\":\"https:\\\/\\\/www.rri.ro\\\/#website\",\"url\":\"https:\\\/\\\/www.rri.ro\\\/\",\"name\":\"Radio Romania International\",\"description\":\"Totul despre Rom\u00e2nia \u015fi rom\u00e2ni, \u00een 13 limbi\\\/dialecte!\",\"inLanguage\":\"en-US\"},{\"@type\":\"Person\",\"@id\":\"https:\\\/\\\/www.rri.ro\\\/#\\\/schema\\\/person\\\/0ed327d40678578e6dbb840527e3ba32\",\"name\":\"Bogdan Matei\",\"url\":\"https:\\\/\\\/www.rri.ro\\\/en\\\/author\\\/bogdan-matei\"}]}<\/script>\n<!-- \/ Yoast SEO plugin. -->","yoast_head_json":{"title":"European issues on Romania\u2019s agenda - Radio Romania International","robots":{"index":"index","follow":"follow","max-snippet":"max-snippet:-1","max-image-preview":"max-image-preview:large","max-video-preview":"max-video-preview:-1"},"canonical":"https:\/\/www.rri.ro\/en\/news-and-current-affairs\/today-in-the-news\/european-issues-on-romanias-agenda-id74017.html","og_locale":"en_US","og_type":"article","og_title":"European issues on Romania\u2019s agenda - Radio Romania International","og_description":"Romanias hosting the European Medicines Agency and the use of community funds to revive the Romanian defence industry are among the expectations that Romanias President Klaus Iohannis has from the future government","og_url":"https:\/\/www.rri.ro\/en\/news-and-current-affairs\/today-in-the-news\/european-issues-on-romanias-agenda-id74017.html","og_site_name":"Radio Romania International","article_published_time":"2017-06-26T10:59:00+00:00","article_modified_time":"2024-02-16T07:47:18+00:00","og_image":[{"width":640,"height":480,"url":"https:\/\/www.rri.ro\/wp-content\/uploads\/2023\/10\/iohannis-presa-ce-iun2017.jpg","type":"image\/png"}],"author":"Bogdan Matei","twitter_card":"summary_large_image","twitter_misc":{"Written by":"Bogdan Matei","Est. reading time":"2 minutes"},"schema":{"@context":"https:\/\/schema.org","@graph":[{"@type":"Article","@id":"https:\/\/www.rri.ro\/en\/news-and-current-affairs\/today-in-the-news\/european-issues-on-romanias-agenda-id74017.html#article","isPartOf":{"@id":"https:\/\/www.rri.ro\/en\/news-and-current-affairs\/today-in-the-news\/european-issues-on-romanias-agenda-id74017.html"},"author":{"name":"Bogdan Matei","@id":"https:\/\/www.rri.ro\/#\/schema\/person\/0ed327d40678578e6dbb840527e3ba32"},"headline":"European issues on Romania\u2019s agenda","datePublished":"2017-06-26T10:59:00+00:00","dateModified":"2024-02-16T07:47:18+00:00","mainEntityOfPage":{"@id":"https:\/\/www.rri.ro\/en\/news-and-current-affairs\/today-in-the-news\/european-issues-on-romanias-agenda-id74017.html"},"wordCount":396,"image":{"@id":"https:\/\/www.rri.ro\/en\/news-and-current-affairs\/today-in-the-news\/european-issues-on-romanias-agenda-id74017.html#primaryimage"},"thumbnailUrl":"https:\/\/www.rri.ro\/wp-content\/uploads\/2023\/10\/iohannis-presa-ce-iun2017.jpg","keywords":["European Defence Fund","european medicines agency","Klaus Iohannis","summer European Council"],"articleSection":["Today in the News"],"inLanguage":"en-US"},{"@type":"WebPage","@id":"https:\/\/www.rri.ro\/en\/news-and-current-affairs\/today-in-the-news\/european-issues-on-romanias-agenda-id74017.html","url":"https:\/\/www.rri.ro\/en\/news-and-current-affairs\/today-in-the-news\/european-issues-on-romanias-agenda-id74017.html","name":"European issues on Romania\u2019s agenda - Radio Romania International","isPartOf":{"@id":"https:\/\/www.rri.ro\/#website"},"primaryImageOfPage":{"@id":"https:\/\/www.rri.ro\/en\/news-and-current-affairs\/today-in-the-news\/european-issues-on-romanias-agenda-id74017.html#primaryimage"},"image":{"@id":"https:\/\/www.rri.ro\/en\/news-and-current-affairs\/today-in-the-news\/european-issues-on-romanias-agenda-id74017.html#primaryimage"},"thumbnailUrl":"https:\/\/www.rri.ro\/wp-content\/uploads\/2023\/10\/iohannis-presa-ce-iun2017.jpg","datePublished":"2017-06-26T10:59:00+00:00","dateModified":"2024-02-16T07:47:18+00:00","author":{"@id":"https:\/\/www.rri.ro\/#\/schema\/person\/0ed327d40678578e6dbb840527e3ba32"},"breadcrumb":{"@id":"https:\/\/www.rri.ro\/en\/news-and-current-affairs\/today-in-the-news\/european-issues-on-romanias-agenda-id74017.html#breadcrumb"},"inLanguage":"en-US","potentialAction":[{"@type":"ReadAction","target":["https:\/\/www.rri.ro\/en\/news-and-current-affairs\/today-in-the-news\/european-issues-on-romanias-agenda-id74017.html"]}]},{"@type":"ImageObject","inLanguage":"en-US","@id":"https:\/\/www.rri.ro\/en\/news-and-current-affairs\/today-in-the-news\/european-issues-on-romanias-agenda-id74017.html#primaryimage","url":"https:\/\/www.rri.ro\/wp-content\/uploads\/2023\/10\/iohannis-presa-ce-iun2017.jpg","contentUrl":"https:\/\/www.rri.ro\/wp-content\/uploads\/2023\/10\/iohannis-presa-ce-iun2017.jpg","width":640,"height":480},{"@type":"BreadcrumbList","@id":"https:\/\/www.rri.ro\/en\/news-and-current-affairs\/today-in-the-news\/european-issues-on-romanias-agenda-id74017.html#breadcrumb","itemListElement":[{"@type":"ListItem","position":1,"name":"Homepage","item":"https:\/\/www.rri.ro\/en"},{"@type":"ListItem","position":2,"name":"News and Current Affairs","item":"https:\/\/www.rri.ro\/en\/news-and-current-affairs"},{"@type":"ListItem","position":3,"name":"Today in the News","item":"https:\/\/www.rri.ro\/en\/news-and-current-affairs\/today-in-the-news"},{"@type":"ListItem","position":4,"name":"European issues on Romania\u2019s agenda"}]},{"@type":"WebSite","@id":"https:\/\/www.rri.ro\/#website","url":"https:\/\/www.rri.ro\/","name":"Radio Romania International","description":"Totul despre Rom\u00e2nia \u015fi rom\u00e2ni, \u00een 13 limbi\/dialecte!","inLanguage":"en-US"},{"@type":"Person","@id":"https:\/\/www.rri.ro\/#\/schema\/person\/0ed327d40678578e6dbb840527e3ba32","name":"Bogdan Matei","url":"https:\/\/www.rri.ro\/en\/author\/bogdan-matei"}]}},"_links":{"self":[{"href":"https:\/\/www.rri.ro\/en\/wp-json\/wp\/v2\/posts\/74017","targetHints":{"allow":["GET"]}}],"collection":[{"href":"https:\/\/www.rri.ro\/en\/wp-json\/wp\/v2\/posts"}],"about":[{"href":"https:\/\/www.rri.ro\/en\/wp-json\/wp\/v2\/types\/post"}],"author":[{"embeddable":true,"href":"https:\/\/www.rri.ro\/en\/wp-json\/wp\/v2\/users\/105"}],"replies":[{"embeddable":true,"href":"https:\/\/www.rri.ro\/en\/wp-json\/wp\/v2\/comments?post=74017"}],"version-history":[{"count":0,"href":"https:\/\/www.rri.ro\/en\/wp-json\/wp\/v2\/posts\/74017\/revisions"}],"wp:featuredmedia":[{"embeddable":true,"href":"https:\/\/www.rri.ro\/en\/wp-json\/wp\/v2\/media\/74018"}],"wp:attachment":[{"href":"https:\/\/www.rri.ro\/en\/wp-json\/wp\/v2\/media?parent=74017"}],"wp:term":[{"taxonomy":"category","embeddable":true,"href":"https:\/\/www.rri.ro\/en\/wp-json\/wp\/v2\/categories?post=74017"},{"taxonomy":"post_tag","embeddable":true,"href":"https:\/\/www.rri.ro\/en\/wp-json\/wp\/v2\/tags?post=74017"},{"taxonomy":"author","embeddable":true,"href":"https:\/\/www.rri.ro\/en\/wp-json\/wp\/v2\/coauthors?post=74017"}],"curies":[{"name":"wp","href":"https:\/\/api.w.org\/{rel}","templated":true}]}}