{"id":74668,"date":"2017-09-12T13:04:00","date_gmt":"2017-09-12T10:04:00","guid":{"rendered":"http:\/\/devrri.freshlemon.ro\/news-and-current-affairs\/newsflash\/broadcasters-from-all-over-the-world-come-together-in-sinaia-74668.html"},"modified":"2024-02-16T09:48:26","modified_gmt":"2024-02-16T07:48:26","slug":"broadcasters-from-all-over-the-world-come-together-in-sinaia","status":"publish","type":"post","link":"https:\/\/www.rri.ro\/en\/news-and-current-affairs\/today-in-the-news\/broadcasters-from-all-over-the-world-come-together-in-sinaia-id74668.html","title":{"rendered":"Broadcasters from all over the world come together in Sinaia"},"content":{"rendered":"<\/p>\n<p>The central&#13;<br \/>\nRomanian resort of Sinaia plays host to the 3rd Asia-Pacific-Europe&#13;<br \/>\nMedia Dialogue conference. The event, which is organised jointly by Radio&#13;<br \/>\nRomania and the Asia-Pacific Broadcasting Union (ABU), brings together experts&#13;<br \/>\nfrom all over the world. The event started on Monday with the Media 2020&#13;<br \/>\nconference, whose theme was  How can&#13;<br \/>\nAsia-Europe cooperation help meet new media challenges. Media 2020&#13;<br \/>\nis a meeting place for radio, TV and other media broadcasters on the 21st&#13;<br \/>\nCentury information highway between Europe and Asia-Pacific. <\/p>\n<p><\/p>\n<p>&#13;<br \/>\n&#13;<br \/>\n&#13;<br \/>\n&#13;<\/p>\n<p>Among other&#13;<br \/>\ntopics, the conference discussed the way in which radio broadcasters respond&#13;<br \/>\nto current challenges in a rapidly changing media landscape. It is essential for&#13;<br \/>\na media institution to remain viewed as an authoritative, trustworthy source of&#13;<br \/>\ninformation, the director of the BBC&#8217;s editorial policy and standards&#13;<br \/>\ndepartment David Jordan has said. He has also pointed out that maintaining&#13;<br \/>\nvalues and standards in a world that is increasingly characterised by&#13;<br \/>\npartisanship is more and more of a challenge. Achieving accuracy and&#13;<br \/>\nimpartiality is a very difficult thing to do and we do not always do it&#13;<br \/>\nproperly, David Jordan went on to say. Being trusted by audiences is absolutely&#13;<br \/>\ncritical to the reputation of the BBC, he has also said. A solution in this&#13;<br \/>\nrespect is an informational platform that should bring together broadcasters&#13;<br \/>\nfrom Asia and Europe so as they can benefit from each other&#8217;s expertise,&#13;<br \/>\nparticipants in the conference concluded. <\/p>\n<p><\/p>\n<p>&#13;<br \/>\n&#13;<br \/>\n&#13;<br \/>\n&#13;<\/p>\n<p>The&#13;<br \/>\nconference also discussed the increased attention that young people pay to&#13;<br \/>\nsocial networks, with participants trying to find solutions to draw younger&#13;<br \/>\naudiences to traditional information providers. In her turn, Olya&#13;<br \/>\nBooyar, ABU Head of Radio, underlined the important role that radio continues&#13;<br \/>\nto play in the new media landscape. She pointed out that in fact public radio&#13;<br \/>\nbroadcasters have adapted their products and have not only survived but have&#13;<br \/>\nalso gained new listeners by embracing the new media. In the Asia-Pacific&#13;<br \/>\nregion, she explained, in all 69 countries, radio is extremely important and&#13;<br \/>\nextremely alive and is actually picking up a lot of new listeners. <\/p>\n<p><\/p>\n<p>&#13;<br \/>\n&#13;<br \/>\n&#13;<br \/>\n&#13;<\/p>\n<p>Javad&#13;<br \/>\nMottaghi, ABU Secretary General, talked about the importance of public radio in&#13;<br \/>\nRomania. He said that the most important challenge for broadcasters is knowing&#13;<br \/>\nwhat to do in order to turn challenges into opportunities and talked about&#13;<br \/>\nconsolidating and expanding a partnership between ABU and the Romanian public&#13;<br \/>\nradio. He also said that  although Radio Romania is a new&#13;<br \/>\nmember of the Asia-Pacific Broadcasting Union, it has proved to be a very&#13;<br \/>\nactive one in trying to create a platform that has helped media professionals&#13;<br \/>\nfrom both continents to get together and have a better understanding about each&#13;<br \/>\nother.<\/p>\n<p><\/p>\n<p>&#13;<br \/>\n&#13;<br \/>\n&#13;<br \/>\n&#13;<\/p>\n<p>Media 2020&#13;<br \/>\nis held in conjunction with another conference, Public Broadcasting&#13;<br \/>\nInternational 2017, taking place in Sinaia on September 12 and 13. The event&#13;<br \/>\nbrings together radio and television professionals from over 40 countries who&#13;<br \/>\nare sharing ideas about the best way to deal with the challenges facing media&#13;<br \/>\ninstitutions. This is the first time that this conference is held in Southeast&#13;<br \/>\nEurope. <\/p>\n<p><\/p>\n","protected":false},"excerpt":{"rendered":"<p>The major issues challenging broadcasting and communications in the 21st Century were tackled at the Media 2020 conference held on Monday in the Romanian mountain resort of Sinaia.<\/p>\n","protected":false},"author":106,"featured_media":74669,"comment_status":"closed","ping_status":"closed","sticky":false,"template":"","format":"standard","meta":{"_acf_changed":false,"footnotes":""},"categories":[37738],"tags":[37857,39040],"coauthors":[],"class_list":["post-74668","post","type-post","status-publish","format-standard","has-post-thumbnail","hentry","category-today-in-the-news","tag-asia-pacific-broadcasting-union","tag-media-2020-conference"],"acf":[],"yoast_head":"<!-- This site is optimized with the Yoast SEO plugin v27.3 - https:\/\/yoast.com\/product\/yoast-seo-wordpress\/ -->\n<title>Broadcasters from all over the world come together in Sinaia - Radio Romania International<\/title>\n<meta name=\"robots\" content=\"index, follow, max-snippet:-1, max-image-preview:large, max-video-preview:-1\" \/>\n<link rel=\"canonical\" href=\"https:\/\/www.rri.ro\/en\/news-and-current-affairs\/today-in-the-news\/broadcasters-from-all-over-the-world-come-together-in-sinaia-id74668.html\" \/>\n<meta property=\"og:locale\" content=\"en_US\" \/>\n<meta property=\"og:type\" content=\"article\" \/>\n<meta property=\"og:title\" content=\"Broadcasters from all over the world come together in Sinaia - Radio Romania International\" \/>\n<meta property=\"og:description\" content=\"The major issues challenging broadcasting and communications in the 21st Century were tackled at the Media 2020 conference held on Monday in the Romanian mountain resort of Sinaia.\" \/>\n<meta property=\"og:url\" content=\"https:\/\/www.rri.ro\/en\/news-and-current-affairs\/today-in-the-news\/broadcasters-from-all-over-the-world-come-together-in-sinaia-id74668.html\" \/>\n<meta property=\"og:site_name\" content=\"Radio Romania International\" \/>\n<meta property=\"article:published_time\" content=\"2017-09-12T10:04:00+00:00\" \/>\n<meta property=\"article:modified_time\" content=\"2024-02-16T07:48:26+00:00\" \/>\n<meta property=\"og:image\" content=\"https:\/\/www.rri.ro\/wp-content\/uploads\/2023\/10\/media-2020.png\" \/>\n\t<meta property=\"og:image:width\" content=\"640\" \/>\n\t<meta property=\"og:image:height\" content=\"462\" \/>\n\t<meta property=\"og:image:type\" content=\"image\/png\" \/>\n<meta name=\"author\" content=\"Mihai Pelin\" \/>\n<meta name=\"twitter:card\" content=\"summary_large_image\" \/>\n<meta name=\"twitter:label1\" content=\"Written by\" \/>\n\t<meta name=\"twitter:data1\" content=\"Mihai Pelin\" \/>\n\t<meta name=\"twitter:label2\" content=\"Est. reading time\" \/>\n\t<meta name=\"twitter:data2\" content=\"2 minutes\" \/>\n<script type=\"application\/ld+json\" class=\"yoast-schema-graph\">{\"@context\":\"https:\\\/\\\/schema.org\",\"@graph\":[{\"@type\":\"Article\",\"@id\":\"https:\\\/\\\/www.rri.ro\\\/en\\\/news-and-current-affairs\\\/today-in-the-news\\\/broadcasters-from-all-over-the-world-come-together-in-sinaia-id74668.html#article\",\"isPartOf\":{\"@id\":\"https:\\\/\\\/www.rri.ro\\\/en\\\/news-and-current-affairs\\\/today-in-the-news\\\/broadcasters-from-all-over-the-world-come-together-in-sinaia-id74668.html\"},\"author\":{\"name\":\"Mihai Pelin\",\"@id\":\"https:\\\/\\\/www.rri.ro\\\/#\\\/schema\\\/person\\\/c6036c822534c855dc3aad41a484f05d\"},\"headline\":\"Broadcasters from all over the world come together in Sinaia\",\"datePublished\":\"2017-09-12T10:04:00+00:00\",\"dateModified\":\"2024-02-16T07:48:26+00:00\",\"mainEntityOfPage\":{\"@id\":\"https:\\\/\\\/www.rri.ro\\\/en\\\/news-and-current-affairs\\\/today-in-the-news\\\/broadcasters-from-all-over-the-world-come-together-in-sinaia-id74668.html\"},\"wordCount\":510,\"image\":{\"@id\":\"https:\\\/\\\/www.rri.ro\\\/en\\\/news-and-current-affairs\\\/today-in-the-news\\\/broadcasters-from-all-over-the-world-come-together-in-sinaia-id74668.html#primaryimage\"},\"thumbnailUrl\":\"https:\\\/\\\/www.rri.ro\\\/wp-content\\\/uploads\\\/2023\\\/10\\\/media-2020.png\",\"keywords\":[\"Asia-Pacific Broadcasting Union\",\"media 2020 conference\"],\"articleSection\":[\"Today in the News\"],\"inLanguage\":\"en-US\"},{\"@type\":\"WebPage\",\"@id\":\"https:\\\/\\\/www.rri.ro\\\/en\\\/news-and-current-affairs\\\/today-in-the-news\\\/broadcasters-from-all-over-the-world-come-together-in-sinaia-id74668.html\",\"url\":\"https:\\\/\\\/www.rri.ro\\\/en\\\/news-and-current-affairs\\\/today-in-the-news\\\/broadcasters-from-all-over-the-world-come-together-in-sinaia-id74668.html\",\"name\":\"Broadcasters from all over the world come together in Sinaia - Radio Romania International\",\"isPartOf\":{\"@id\":\"https:\\\/\\\/www.rri.ro\\\/#website\"},\"primaryImageOfPage\":{\"@id\":\"https:\\\/\\\/www.rri.ro\\\/en\\\/news-and-current-affairs\\\/today-in-the-news\\\/broadcasters-from-all-over-the-world-come-together-in-sinaia-id74668.html#primaryimage\"},\"image\":{\"@id\":\"https:\\\/\\\/www.rri.ro\\\/en\\\/news-and-current-affairs\\\/today-in-the-news\\\/broadcasters-from-all-over-the-world-come-together-in-sinaia-id74668.html#primaryimage\"},\"thumbnailUrl\":\"https:\\\/\\\/www.rri.ro\\\/wp-content\\\/uploads\\\/2023\\\/10\\\/media-2020.png\",\"datePublished\":\"2017-09-12T10:04:00+00:00\",\"dateModified\":\"2024-02-16T07:48:26+00:00\",\"author\":{\"@id\":\"https:\\\/\\\/www.rri.ro\\\/#\\\/schema\\\/person\\\/c6036c822534c855dc3aad41a484f05d\"},\"breadcrumb\":{\"@id\":\"https:\\\/\\\/www.rri.ro\\\/en\\\/news-and-current-affairs\\\/today-in-the-news\\\/broadcasters-from-all-over-the-world-come-together-in-sinaia-id74668.html#breadcrumb\"},\"inLanguage\":\"en-US\",\"potentialAction\":[{\"@type\":\"ReadAction\",\"target\":[\"https:\\\/\\\/www.rri.ro\\\/en\\\/news-and-current-affairs\\\/today-in-the-news\\\/broadcasters-from-all-over-the-world-come-together-in-sinaia-id74668.html\"]}]},{\"@type\":\"ImageObject\",\"inLanguage\":\"en-US\",\"@id\":\"https:\\\/\\\/www.rri.ro\\\/en\\\/news-and-current-affairs\\\/today-in-the-news\\\/broadcasters-from-all-over-the-world-come-together-in-sinaia-id74668.html#primaryimage\",\"url\":\"https:\\\/\\\/www.rri.ro\\\/wp-content\\\/uploads\\\/2023\\\/10\\\/media-2020.png\",\"contentUrl\":\"https:\\\/\\\/www.rri.ro\\\/wp-content\\\/uploads\\\/2023\\\/10\\\/media-2020.png\",\"width\":640,\"height\":462},{\"@type\":\"BreadcrumbList\",\"@id\":\"https:\\\/\\\/www.rri.ro\\\/en\\\/news-and-current-affairs\\\/today-in-the-news\\\/broadcasters-from-all-over-the-world-come-together-in-sinaia-id74668.html#breadcrumb\",\"itemListElement\":[{\"@type\":\"ListItem\",\"position\":1,\"name\":\"Homepage\",\"item\":\"https:\\\/\\\/www.rri.ro\\\/en\"},{\"@type\":\"ListItem\",\"position\":2,\"name\":\"News and Current Affairs\",\"item\":\"https:\\\/\\\/www.rri.ro\\\/en\\\/news-and-current-affairs\"},{\"@type\":\"ListItem\",\"position\":3,\"name\":\"Today in the News\",\"item\":\"https:\\\/\\\/www.rri.ro\\\/en\\\/news-and-current-affairs\\\/today-in-the-news\"},{\"@type\":\"ListItem\",\"position\":4,\"name\":\"Broadcasters from all over the world come together in Sinaia\"}]},{\"@type\":\"WebSite\",\"@id\":\"https:\\\/\\\/www.rri.ro\\\/#website\",\"url\":\"https:\\\/\\\/www.rri.ro\\\/\",\"name\":\"Radio Romania International\",\"description\":\"Totul despre Rom\u00e2nia \u015fi rom\u00e2ni, \u00een 13 limbi\\\/dialecte!\",\"inLanguage\":\"en-US\"},{\"@type\":\"Person\",\"@id\":\"https:\\\/\\\/www.rri.ro\\\/#\\\/schema\\\/person\\\/c6036c822534c855dc3aad41a484f05d\",\"name\":\"Mihai Pelin\",\"url\":\"https:\\\/\\\/www.rri.ro\\\/en\\\/author\\\/mihai-pelin\"}]}<\/script>\n<!-- \/ Yoast SEO plugin. -->","yoast_head_json":{"title":"Broadcasters from all over the world come together in Sinaia - Radio Romania International","robots":{"index":"index","follow":"follow","max-snippet":"max-snippet:-1","max-image-preview":"max-image-preview:large","max-video-preview":"max-video-preview:-1"},"canonical":"https:\/\/www.rri.ro\/en\/news-and-current-affairs\/today-in-the-news\/broadcasters-from-all-over-the-world-come-together-in-sinaia-id74668.html","og_locale":"en_US","og_type":"article","og_title":"Broadcasters from all over the world come together in Sinaia - Radio Romania International","og_description":"The major issues challenging broadcasting and communications in the 21st Century were tackled at the Media 2020 conference held on Monday in the Romanian mountain resort of Sinaia.","og_url":"https:\/\/www.rri.ro\/en\/news-and-current-affairs\/today-in-the-news\/broadcasters-from-all-over-the-world-come-together-in-sinaia-id74668.html","og_site_name":"Radio Romania International","article_published_time":"2017-09-12T10:04:00+00:00","article_modified_time":"2024-02-16T07:48:26+00:00","og_image":[{"width":640,"height":462,"url":"https:\/\/www.rri.ro\/wp-content\/uploads\/2023\/10\/media-2020.png","type":"image\/png"}],"author":"Mihai Pelin","twitter_card":"summary_large_image","twitter_misc":{"Written by":"Mihai Pelin","Est. reading time":"2 minutes"},"schema":{"@context":"https:\/\/schema.org","@graph":[{"@type":"Article","@id":"https:\/\/www.rri.ro\/en\/news-and-current-affairs\/today-in-the-news\/broadcasters-from-all-over-the-world-come-together-in-sinaia-id74668.html#article","isPartOf":{"@id":"https:\/\/www.rri.ro\/en\/news-and-current-affairs\/today-in-the-news\/broadcasters-from-all-over-the-world-come-together-in-sinaia-id74668.html"},"author":{"name":"Mihai Pelin","@id":"https:\/\/www.rri.ro\/#\/schema\/person\/c6036c822534c855dc3aad41a484f05d"},"headline":"Broadcasters from all over the world come together in Sinaia","datePublished":"2017-09-12T10:04:00+00:00","dateModified":"2024-02-16T07:48:26+00:00","mainEntityOfPage":{"@id":"https:\/\/www.rri.ro\/en\/news-and-current-affairs\/today-in-the-news\/broadcasters-from-all-over-the-world-come-together-in-sinaia-id74668.html"},"wordCount":510,"image":{"@id":"https:\/\/www.rri.ro\/en\/news-and-current-affairs\/today-in-the-news\/broadcasters-from-all-over-the-world-come-together-in-sinaia-id74668.html#primaryimage"},"thumbnailUrl":"https:\/\/www.rri.ro\/wp-content\/uploads\/2023\/10\/media-2020.png","keywords":["Asia-Pacific Broadcasting Union","media 2020 conference"],"articleSection":["Today in the News"],"inLanguage":"en-US"},{"@type":"WebPage","@id":"https:\/\/www.rri.ro\/en\/news-and-current-affairs\/today-in-the-news\/broadcasters-from-all-over-the-world-come-together-in-sinaia-id74668.html","url":"https:\/\/www.rri.ro\/en\/news-and-current-affairs\/today-in-the-news\/broadcasters-from-all-over-the-world-come-together-in-sinaia-id74668.html","name":"Broadcasters from all over the world come together in Sinaia - Radio Romania International","isPartOf":{"@id":"https:\/\/www.rri.ro\/#website"},"primaryImageOfPage":{"@id":"https:\/\/www.rri.ro\/en\/news-and-current-affairs\/today-in-the-news\/broadcasters-from-all-over-the-world-come-together-in-sinaia-id74668.html#primaryimage"},"image":{"@id":"https:\/\/www.rri.ro\/en\/news-and-current-affairs\/today-in-the-news\/broadcasters-from-all-over-the-world-come-together-in-sinaia-id74668.html#primaryimage"},"thumbnailUrl":"https:\/\/www.rri.ro\/wp-content\/uploads\/2023\/10\/media-2020.png","datePublished":"2017-09-12T10:04:00+00:00","dateModified":"2024-02-16T07:48:26+00:00","author":{"@id":"https:\/\/www.rri.ro\/#\/schema\/person\/c6036c822534c855dc3aad41a484f05d"},"breadcrumb":{"@id":"https:\/\/www.rri.ro\/en\/news-and-current-affairs\/today-in-the-news\/broadcasters-from-all-over-the-world-come-together-in-sinaia-id74668.html#breadcrumb"},"inLanguage":"en-US","potentialAction":[{"@type":"ReadAction","target":["https:\/\/www.rri.ro\/en\/news-and-current-affairs\/today-in-the-news\/broadcasters-from-all-over-the-world-come-together-in-sinaia-id74668.html"]}]},{"@type":"ImageObject","inLanguage":"en-US","@id":"https:\/\/www.rri.ro\/en\/news-and-current-affairs\/today-in-the-news\/broadcasters-from-all-over-the-world-come-together-in-sinaia-id74668.html#primaryimage","url":"https:\/\/www.rri.ro\/wp-content\/uploads\/2023\/10\/media-2020.png","contentUrl":"https:\/\/www.rri.ro\/wp-content\/uploads\/2023\/10\/media-2020.png","width":640,"height":462},{"@type":"BreadcrumbList","@id":"https:\/\/www.rri.ro\/en\/news-and-current-affairs\/today-in-the-news\/broadcasters-from-all-over-the-world-come-together-in-sinaia-id74668.html#breadcrumb","itemListElement":[{"@type":"ListItem","position":1,"name":"Homepage","item":"https:\/\/www.rri.ro\/en"},{"@type":"ListItem","position":2,"name":"News and Current Affairs","item":"https:\/\/www.rri.ro\/en\/news-and-current-affairs"},{"@type":"ListItem","position":3,"name":"Today in the News","item":"https:\/\/www.rri.ro\/en\/news-and-current-affairs\/today-in-the-news"},{"@type":"ListItem","position":4,"name":"Broadcasters from all over the world come together in Sinaia"}]},{"@type":"WebSite","@id":"https:\/\/www.rri.ro\/#website","url":"https:\/\/www.rri.ro\/","name":"Radio Romania International","description":"Totul despre Rom\u00e2nia \u015fi rom\u00e2ni, \u00een 13 limbi\/dialecte!","inLanguage":"en-US"},{"@type":"Person","@id":"https:\/\/www.rri.ro\/#\/schema\/person\/c6036c822534c855dc3aad41a484f05d","name":"Mihai Pelin","url":"https:\/\/www.rri.ro\/en\/author\/mihai-pelin"}]}},"_links":{"self":[{"href":"https:\/\/www.rri.ro\/en\/wp-json\/wp\/v2\/posts\/74668","targetHints":{"allow":["GET"]}}],"collection":[{"href":"https:\/\/www.rri.ro\/en\/wp-json\/wp\/v2\/posts"}],"about":[{"href":"https:\/\/www.rri.ro\/en\/wp-json\/wp\/v2\/types\/post"}],"author":[{"embeddable":true,"href":"https:\/\/www.rri.ro\/en\/wp-json\/wp\/v2\/users\/106"}],"replies":[{"embeddable":true,"href":"https:\/\/www.rri.ro\/en\/wp-json\/wp\/v2\/comments?post=74668"}],"version-history":[{"count":0,"href":"https:\/\/www.rri.ro\/en\/wp-json\/wp\/v2\/posts\/74668\/revisions"}],"wp:featuredmedia":[{"embeddable":true,"href":"https:\/\/www.rri.ro\/en\/wp-json\/wp\/v2\/media\/74669"}],"wp:attachment":[{"href":"https:\/\/www.rri.ro\/en\/wp-json\/wp\/v2\/media?parent=74668"}],"wp:term":[{"taxonomy":"category","embeddable":true,"href":"https:\/\/www.rri.ro\/en\/wp-json\/wp\/v2\/categories?post=74668"},{"taxonomy":"post_tag","embeddable":true,"href":"https:\/\/www.rri.ro\/en\/wp-json\/wp\/v2\/tags?post=74668"},{"taxonomy":"author","embeddable":true,"href":"https:\/\/www.rri.ro\/en\/wp-json\/wp\/v2\/coauthors?post=74668"}],"curies":[{"name":"wp","href":"https:\/\/api.w.org\/{rel}","templated":true}]}}