{"id":75323,"date":"2017-10-31T13:30:00","date_gmt":"2017-10-31T11:30:00","guid":{"rendered":"http:\/\/devrri.freshlemon.ro\/news-and-current-affairs\/newsflash\/talks-on-the-budget-bill-for-2018-75323.html"},"modified":"2024-02-16T09:52:35","modified_gmt":"2024-02-16T07:52:35","slug":"talks-on-the-budget-bill-for-2018","status":"publish","type":"post","link":"https:\/\/www.rri.ro\/en\/news-and-current-affairs\/today-in-the-news\/talks-on-the-budget-bill-for-2018-id75323.html","title":{"rendered":"Talks on the budget bill for 2018"},"content":{"rendered":"<p>The governing coalition in Bucharest has met to discuss the country\u2019s budget for 2018. The budget bill for 2018 will be submitted for Parliament\u2019s debate in November and is to be passed most likely in early December, said Liviu Dragnea. &#13;<br \/>\n&#13;<\/p>\n<p>&#13;<br \/>\n&#13;<\/p>\n<p>He added that the bill would observe the budget deficit target and the budget rectification would be a positive one: \u201cThe good news is that the budget is going to observe the deficit target of less than 3% for 2018. We also tackled the issue of a positive rectification for 2017. And the budget deficit for 2017 is also going to be under 3%. We also talked about the transfer from employers to employees of the obligation to pay social security contributions and about the split VAT. We sent the amendments to the Senate to be adopted by the experts\u2019 committees.\u201d<\/p>\n<p>&#13;<br \/>\n&#13;<\/p>\n<p>&#13;<br \/>\n&#13;<\/p>\n<p>The Social Democrat leader added that the completion of the budget bill for 2018 also depended on the approval of the country\u2019s Supreme Defense Council. In turn, the leader of the Alliance of Liberals and Democrats, C\u0103lin Popescu T\u0103riceanu, believes that it\u2019s necessary to maintain the same level of budget expenses. He also spoke about the need to reduce material expenses, in the sense of stopping the tendency of bureaucratic organizations to oversize their material needs. C\u0103lin Popescu T\u0103riceanu thinks the money should be allotted for investments in various fields. <\/p>\n<p>&#13;<br \/>\n&#13;<\/p>\n<p>&#13;<br \/>\n&#13;<\/p>\n<p>In another development, he also gave assurances that the salaries of public sector employees would not be diminished: \u201cNobody will lose their jobs, there was no talk about such an issue, but I think it is necessary to put a cap on material expenses, because we also need money for investments. One of the priorities that we discussed in principle for next year\u2019s budget will be the allotment of substantial funds for the fulfillment of investment projects in various domains, not only in infrastructure. We need investments in the healthcare and education sectors as well as in other sectors, that should lead to the improvement of citizens\u2019 quality of life.\u201d<\/p>\n<p>&#13;<br \/>\n&#13;<\/p>\n<p>&#13;<br \/>\n&#13;<\/p>\n<p>The government coalition leaders have analyzed a first strategy for the big infrastructure projects, and they are going to hold technical meetings with the representatives of the World Bank and the European Investment Bank. The public-private partnership project is going to be passed by an emergency ordinance in the coming days.<\/p>\n<p>&#13;<\/p>\n","protected":false},"excerpt":{"rendered":"<p>The budget bill for 2018 will be approved by early December, announced the Social Democrats leader and Speaker of the Chamber of Deputies, Liviu Dragnea.<\/p>\n","protected":false},"author":106,"featured_media":73887,"comment_status":"closed","ping_status":"closed","sticky":false,"template":"","format":"standard","meta":{"_acf_changed":false,"footnotes":""},"categories":[37738],"tags":[39097,33213],"coauthors":[],"class_list":["post-75323","post","type-post","status-publish","format-standard","has-post-thumbnail","hentry","category-today-in-the-news","tag-budget-bill-2018","tag-government-coalition"],"acf":[],"yoast_head":"<!-- This site is optimized with the Yoast SEO plugin v27.3 - https:\/\/yoast.com\/product\/yoast-seo-wordpress\/ -->\n<title>Talks on the budget bill for 2018 - Radio Romania International<\/title>\n<meta name=\"robots\" content=\"index, follow, max-snippet:-1, max-image-preview:large, max-video-preview:-1\" \/>\n<link rel=\"canonical\" href=\"https:\/\/www.rri.ro\/en\/news-and-current-affairs\/today-in-the-news\/talks-on-the-budget-bill-for-2018-id75323.html\" \/>\n<meta property=\"og:locale\" content=\"en_US\" \/>\n<meta property=\"og:type\" content=\"article\" \/>\n<meta property=\"og:title\" content=\"Talks on the budget bill for 2018 - Radio Romania International\" \/>\n<meta property=\"og:description\" content=\"The budget bill for 2018 will be approved by early December, announced the Social Democrats leader and Speaker of the Chamber of Deputies, Liviu Dragnea.\" \/>\n<meta property=\"og:url\" content=\"https:\/\/www.rri.ro\/en\/news-and-current-affairs\/today-in-the-news\/talks-on-the-budget-bill-for-2018-id75323.html\" \/>\n<meta property=\"og:site_name\" content=\"Radio Romania International\" \/>\n<meta property=\"article:published_time\" content=\"2017-10-31T11:30:00+00:00\" \/>\n<meta property=\"article:modified_time\" content=\"2024-02-16T07:52:35+00:00\" \/>\n<meta property=\"og:image\" content=\"https:\/\/www.rri.ro\/wp-content\/uploads\/2023\/10\/dragnea-tariceanu.png\" \/>\n\t<meta property=\"og:image:width\" content=\"640\" \/>\n\t<meta property=\"og:image:height\" content=\"480\" \/>\n\t<meta property=\"og:image:type\" content=\"image\/png\" \/>\n<meta name=\"author\" content=\"Mihai Pelin\" \/>\n<meta name=\"twitter:card\" content=\"summary_large_image\" \/>\n<meta name=\"twitter:label1\" content=\"Written by\" \/>\n\t<meta name=\"twitter:data1\" content=\"Mihai Pelin\" \/>\n\t<meta name=\"twitter:label2\" content=\"Est. reading time\" \/>\n\t<meta name=\"twitter:data2\" content=\"2 minutes\" \/>\n<script type=\"application\/ld+json\" class=\"yoast-schema-graph\">{\"@context\":\"https:\\\/\\\/schema.org\",\"@graph\":[{\"@type\":\"Article\",\"@id\":\"https:\\\/\\\/www.rri.ro\\\/en\\\/news-and-current-affairs\\\/today-in-the-news\\\/talks-on-the-budget-bill-for-2018-id75323.html#article\",\"isPartOf\":{\"@id\":\"https:\\\/\\\/www.rri.ro\\\/en\\\/news-and-current-affairs\\\/today-in-the-news\\\/talks-on-the-budget-bill-for-2018-id75323.html\"},\"author\":{\"name\":\"Mihai Pelin\",\"@id\":\"https:\\\/\\\/www.rri.ro\\\/#\\\/schema\\\/person\\\/c6036c822534c855dc3aad41a484f05d\"},\"headline\":\"Talks on the budget bill for 2018\",\"datePublished\":\"2017-10-31T11:30:00+00:00\",\"dateModified\":\"2024-02-16T07:52:35+00:00\",\"mainEntityOfPage\":{\"@id\":\"https:\\\/\\\/www.rri.ro\\\/en\\\/news-and-current-affairs\\\/today-in-the-news\\\/talks-on-the-budget-bill-for-2018-id75323.html\"},\"wordCount\":399,\"image\":{\"@id\":\"https:\\\/\\\/www.rri.ro\\\/en\\\/news-and-current-affairs\\\/today-in-the-news\\\/talks-on-the-budget-bill-for-2018-id75323.html#primaryimage\"},\"thumbnailUrl\":\"https:\\\/\\\/www.rri.ro\\\/wp-content\\\/uploads\\\/2023\\\/10\\\/dragnea-tariceanu.png\",\"keywords\":[\"budget bill 2018\",\"government coalition\"],\"articleSection\":[\"Today in the News\"],\"inLanguage\":\"en-US\"},{\"@type\":\"WebPage\",\"@id\":\"https:\\\/\\\/www.rri.ro\\\/en\\\/news-and-current-affairs\\\/today-in-the-news\\\/talks-on-the-budget-bill-for-2018-id75323.html\",\"url\":\"https:\\\/\\\/www.rri.ro\\\/en\\\/news-and-current-affairs\\\/today-in-the-news\\\/talks-on-the-budget-bill-for-2018-id75323.html\",\"name\":\"Talks on the budget bill for 2018 - Radio Romania International\",\"isPartOf\":{\"@id\":\"https:\\\/\\\/www.rri.ro\\\/#website\"},\"primaryImageOfPage\":{\"@id\":\"https:\\\/\\\/www.rri.ro\\\/en\\\/news-and-current-affairs\\\/today-in-the-news\\\/talks-on-the-budget-bill-for-2018-id75323.html#primaryimage\"},\"image\":{\"@id\":\"https:\\\/\\\/www.rri.ro\\\/en\\\/news-and-current-affairs\\\/today-in-the-news\\\/talks-on-the-budget-bill-for-2018-id75323.html#primaryimage\"},\"thumbnailUrl\":\"https:\\\/\\\/www.rri.ro\\\/wp-content\\\/uploads\\\/2023\\\/10\\\/dragnea-tariceanu.png\",\"datePublished\":\"2017-10-31T11:30:00+00:00\",\"dateModified\":\"2024-02-16T07:52:35+00:00\",\"author\":{\"@id\":\"https:\\\/\\\/www.rri.ro\\\/#\\\/schema\\\/person\\\/c6036c822534c855dc3aad41a484f05d\"},\"breadcrumb\":{\"@id\":\"https:\\\/\\\/www.rri.ro\\\/en\\\/news-and-current-affairs\\\/today-in-the-news\\\/talks-on-the-budget-bill-for-2018-id75323.html#breadcrumb\"},\"inLanguage\":\"en-US\",\"potentialAction\":[{\"@type\":\"ReadAction\",\"target\":[\"https:\\\/\\\/www.rri.ro\\\/en\\\/news-and-current-affairs\\\/today-in-the-news\\\/talks-on-the-budget-bill-for-2018-id75323.html\"]}]},{\"@type\":\"ImageObject\",\"inLanguage\":\"en-US\",\"@id\":\"https:\\\/\\\/www.rri.ro\\\/en\\\/news-and-current-affairs\\\/today-in-the-news\\\/talks-on-the-budget-bill-for-2018-id75323.html#primaryimage\",\"url\":\"https:\\\/\\\/www.rri.ro\\\/wp-content\\\/uploads\\\/2023\\\/10\\\/dragnea-tariceanu.png\",\"contentUrl\":\"https:\\\/\\\/www.rri.ro\\\/wp-content\\\/uploads\\\/2023\\\/10\\\/dragnea-tariceanu.png\",\"width\":640,\"height\":480},{\"@type\":\"BreadcrumbList\",\"@id\":\"https:\\\/\\\/www.rri.ro\\\/en\\\/news-and-current-affairs\\\/today-in-the-news\\\/talks-on-the-budget-bill-for-2018-id75323.html#breadcrumb\",\"itemListElement\":[{\"@type\":\"ListItem\",\"position\":1,\"name\":\"Homepage\",\"item\":\"https:\\\/\\\/www.rri.ro\\\/en\"},{\"@type\":\"ListItem\",\"position\":2,\"name\":\"News and Current Affairs\",\"item\":\"https:\\\/\\\/www.rri.ro\\\/en\\\/news-and-current-affairs\"},{\"@type\":\"ListItem\",\"position\":3,\"name\":\"Today in the News\",\"item\":\"https:\\\/\\\/www.rri.ro\\\/en\\\/news-and-current-affairs\\\/today-in-the-news\"},{\"@type\":\"ListItem\",\"position\":4,\"name\":\"Talks on the budget bill for 2018\"}]},{\"@type\":\"WebSite\",\"@id\":\"https:\\\/\\\/www.rri.ro\\\/#website\",\"url\":\"https:\\\/\\\/www.rri.ro\\\/\",\"name\":\"Radio Romania International\",\"description\":\"Totul despre Rom\u00e2nia \u015fi rom\u00e2ni, \u00een 13 limbi\\\/dialecte!\",\"inLanguage\":\"en-US\"},{\"@type\":\"Person\",\"@id\":\"https:\\\/\\\/www.rri.ro\\\/#\\\/schema\\\/person\\\/c6036c822534c855dc3aad41a484f05d\",\"name\":\"Mihai Pelin\",\"url\":\"https:\\\/\\\/www.rri.ro\\\/en\\\/author\\\/mihai-pelin\"}]}<\/script>\n<!-- \/ Yoast SEO plugin. -->","yoast_head_json":{"title":"Talks on the budget bill for 2018 - Radio Romania International","robots":{"index":"index","follow":"follow","max-snippet":"max-snippet:-1","max-image-preview":"max-image-preview:large","max-video-preview":"max-video-preview:-1"},"canonical":"https:\/\/www.rri.ro\/en\/news-and-current-affairs\/today-in-the-news\/talks-on-the-budget-bill-for-2018-id75323.html","og_locale":"en_US","og_type":"article","og_title":"Talks on the budget bill for 2018 - Radio Romania International","og_description":"The budget bill for 2018 will be approved by early December, announced the Social Democrats leader and Speaker of the Chamber of Deputies, Liviu Dragnea.","og_url":"https:\/\/www.rri.ro\/en\/news-and-current-affairs\/today-in-the-news\/talks-on-the-budget-bill-for-2018-id75323.html","og_site_name":"Radio Romania International","article_published_time":"2017-10-31T11:30:00+00:00","article_modified_time":"2024-02-16T07:52:35+00:00","og_image":[{"width":640,"height":480,"url":"https:\/\/www.rri.ro\/wp-content\/uploads\/2023\/10\/dragnea-tariceanu.png","type":"image\/png"}],"author":"Mihai Pelin","twitter_card":"summary_large_image","twitter_misc":{"Written by":"Mihai Pelin","Est. reading time":"2 minutes"},"schema":{"@context":"https:\/\/schema.org","@graph":[{"@type":"Article","@id":"https:\/\/www.rri.ro\/en\/news-and-current-affairs\/today-in-the-news\/talks-on-the-budget-bill-for-2018-id75323.html#article","isPartOf":{"@id":"https:\/\/www.rri.ro\/en\/news-and-current-affairs\/today-in-the-news\/talks-on-the-budget-bill-for-2018-id75323.html"},"author":{"name":"Mihai Pelin","@id":"https:\/\/www.rri.ro\/#\/schema\/person\/c6036c822534c855dc3aad41a484f05d"},"headline":"Talks on the budget bill for 2018","datePublished":"2017-10-31T11:30:00+00:00","dateModified":"2024-02-16T07:52:35+00:00","mainEntityOfPage":{"@id":"https:\/\/www.rri.ro\/en\/news-and-current-affairs\/today-in-the-news\/talks-on-the-budget-bill-for-2018-id75323.html"},"wordCount":399,"image":{"@id":"https:\/\/www.rri.ro\/en\/news-and-current-affairs\/today-in-the-news\/talks-on-the-budget-bill-for-2018-id75323.html#primaryimage"},"thumbnailUrl":"https:\/\/www.rri.ro\/wp-content\/uploads\/2023\/10\/dragnea-tariceanu.png","keywords":["budget bill 2018","government coalition"],"articleSection":["Today in the News"],"inLanguage":"en-US"},{"@type":"WebPage","@id":"https:\/\/www.rri.ro\/en\/news-and-current-affairs\/today-in-the-news\/talks-on-the-budget-bill-for-2018-id75323.html","url":"https:\/\/www.rri.ro\/en\/news-and-current-affairs\/today-in-the-news\/talks-on-the-budget-bill-for-2018-id75323.html","name":"Talks on the budget bill for 2018 - Radio Romania International","isPartOf":{"@id":"https:\/\/www.rri.ro\/#website"},"primaryImageOfPage":{"@id":"https:\/\/www.rri.ro\/en\/news-and-current-affairs\/today-in-the-news\/talks-on-the-budget-bill-for-2018-id75323.html#primaryimage"},"image":{"@id":"https:\/\/www.rri.ro\/en\/news-and-current-affairs\/today-in-the-news\/talks-on-the-budget-bill-for-2018-id75323.html#primaryimage"},"thumbnailUrl":"https:\/\/www.rri.ro\/wp-content\/uploads\/2023\/10\/dragnea-tariceanu.png","datePublished":"2017-10-31T11:30:00+00:00","dateModified":"2024-02-16T07:52:35+00:00","author":{"@id":"https:\/\/www.rri.ro\/#\/schema\/person\/c6036c822534c855dc3aad41a484f05d"},"breadcrumb":{"@id":"https:\/\/www.rri.ro\/en\/news-and-current-affairs\/today-in-the-news\/talks-on-the-budget-bill-for-2018-id75323.html#breadcrumb"},"inLanguage":"en-US","potentialAction":[{"@type":"ReadAction","target":["https:\/\/www.rri.ro\/en\/news-and-current-affairs\/today-in-the-news\/talks-on-the-budget-bill-for-2018-id75323.html"]}]},{"@type":"ImageObject","inLanguage":"en-US","@id":"https:\/\/www.rri.ro\/en\/news-and-current-affairs\/today-in-the-news\/talks-on-the-budget-bill-for-2018-id75323.html#primaryimage","url":"https:\/\/www.rri.ro\/wp-content\/uploads\/2023\/10\/dragnea-tariceanu.png","contentUrl":"https:\/\/www.rri.ro\/wp-content\/uploads\/2023\/10\/dragnea-tariceanu.png","width":640,"height":480},{"@type":"BreadcrumbList","@id":"https:\/\/www.rri.ro\/en\/news-and-current-affairs\/today-in-the-news\/talks-on-the-budget-bill-for-2018-id75323.html#breadcrumb","itemListElement":[{"@type":"ListItem","position":1,"name":"Homepage","item":"https:\/\/www.rri.ro\/en"},{"@type":"ListItem","position":2,"name":"News and Current Affairs","item":"https:\/\/www.rri.ro\/en\/news-and-current-affairs"},{"@type":"ListItem","position":3,"name":"Today in the News","item":"https:\/\/www.rri.ro\/en\/news-and-current-affairs\/today-in-the-news"},{"@type":"ListItem","position":4,"name":"Talks on the budget bill for 2018"}]},{"@type":"WebSite","@id":"https:\/\/www.rri.ro\/#website","url":"https:\/\/www.rri.ro\/","name":"Radio Romania International","description":"Totul despre Rom\u00e2nia \u015fi rom\u00e2ni, \u00een 13 limbi\/dialecte!","inLanguage":"en-US"},{"@type":"Person","@id":"https:\/\/www.rri.ro\/#\/schema\/person\/c6036c822534c855dc3aad41a484f05d","name":"Mihai Pelin","url":"https:\/\/www.rri.ro\/en\/author\/mihai-pelin"}]}},"_links":{"self":[{"href":"https:\/\/www.rri.ro\/en\/wp-json\/wp\/v2\/posts\/75323","targetHints":{"allow":["GET"]}}],"collection":[{"href":"https:\/\/www.rri.ro\/en\/wp-json\/wp\/v2\/posts"}],"about":[{"href":"https:\/\/www.rri.ro\/en\/wp-json\/wp\/v2\/types\/post"}],"author":[{"embeddable":true,"href":"https:\/\/www.rri.ro\/en\/wp-json\/wp\/v2\/users\/106"}],"replies":[{"embeddable":true,"href":"https:\/\/www.rri.ro\/en\/wp-json\/wp\/v2\/comments?post=75323"}],"version-history":[{"count":0,"href":"https:\/\/www.rri.ro\/en\/wp-json\/wp\/v2\/posts\/75323\/revisions"}],"wp:featuredmedia":[{"embeddable":true,"href":"https:\/\/www.rri.ro\/en\/wp-json\/wp\/v2\/media\/73887"}],"wp:attachment":[{"href":"https:\/\/www.rri.ro\/en\/wp-json\/wp\/v2\/media?parent=75323"}],"wp:term":[{"taxonomy":"category","embeddable":true,"href":"https:\/\/www.rri.ro\/en\/wp-json\/wp\/v2\/categories?post=75323"},{"taxonomy":"post_tag","embeddable":true,"href":"https:\/\/www.rri.ro\/en\/wp-json\/wp\/v2\/tags?post=75323"},{"taxonomy":"author","embeddable":true,"href":"https:\/\/www.rri.ro\/en\/wp-json\/wp\/v2\/coauthors?post=75323"}],"curies":[{"name":"wp","href":"https:\/\/api.w.org\/{rel}","templated":true}]}}