{"id":76208,"date":"2018-01-23T13:38:00","date_gmt":"2018-01-23T11:38:00","guid":{"rendered":"http:\/\/devrri.freshlemon.ro\/news-and-current-affairs\/newsflash\/preparations-for-the-eu-council-presidency-76208.html"},"modified":"2024-02-16T09:54:19","modified_gmt":"2024-02-16T07:54:19","slug":"preparations-for-the-eu-council-presidency","status":"publish","type":"post","link":"https:\/\/www.rri.ro\/en\/news-and-current-affairs\/today-in-the-news\/preparations-for-the-eu-council-presidency-id76208.html","title":{"rendered":"Preparations for the EU Council Presidency"},"content":{"rendered":"<p><p>Bucharest has&#13;<br \/>\nhosted a meeting of the representatives of the forthcoming Romanian, Finnish&#13;<br \/>\nand Croatian EU Council presidencies, marking the official start of the&#13;<br \/>\ndialogue between the three states on the development of a common working&#13;<br \/>\nprogramme. The three delegations agreed on the methodology for putting together&#13;<br \/>\na calendar for the trio and talks have been initiated on the themes to be&#13;<br \/>\nincluded in the common programme. The Romanian, Finnish and Croatian officials&#13;<br \/>\nhave also agreed that the efforts of the trio would focus on the need to&#13;<br \/>\nrestart the European project and on the desire to make a substantial&#13;<br \/>\ncontribution to the European debate on this topic. <\/p>\n<p><\/p>\n<p>&#13;<br \/>\n&#13;<br \/>\n&#13;<br \/>\n&#13;<\/p>\n<p>The Romanian&#13;<br \/>\nMinister for European Affairs, Victor Negrescu, has announced that Romania&#8217;s&#13;<br \/>\nnational priorities for the EU presidency will be approved no later than&#13;<br \/>\nSeptember. He promised that there are experts ensuring the continuity of&#13;<br \/>\npreparations for the Romanian presidency, in spite of the current political&#13;<br \/>\ncomplications and government reshuffling. The membership of a new government,&#13;<br \/>\nformed by the Social Democratic Party and the Alliance of Liberals and&#13;<br \/>\nDemocrats, is being negotiated these days in Bucharest. Victor Negrescu:<\/p>\n<p><\/p>\n<p>&#13;<br \/>\n&#13;<br \/>\n&#13;<br \/>\n&#13;<\/p>\n<p>In my opinion,&#13;<br \/>\nthis is not about one minister or another. It is about the government&#8217;s ability&#13;<br \/>\nto be consistent. Attending this meeting were colleagues from the Foreign&#13;<br \/>\nMinistry, who have the capacity to move this project forward. For us, this was&#13;<br \/>\nan important signal, a guarantee that regardless of these changes we are&#13;<br \/>\ncapable of managing this presidency.<\/p>\n<p><\/p>\n<p>&#13;<br \/>\n&#13;<br \/>\n&#13;<br \/>\n&#13;<\/p>\n<p>Negrescu also&#13;<br \/>\nemphasised the importance of a constant dialogue with Finland and Croatia, and&#13;<br \/>\nin this context he mentioned a number of topics of mutual interest, which will&#13;<br \/>\nshape the agenda of the three countries&#8217; presidency, such as the completion of&#13;<br \/>\nthe Brexit talks, the negotiations on the post-2020 multiannual financial&#13;<br \/>\nframework, and the 2019 European Parliament elections. According to the&#13;<br \/>\nRomanian Minister for European Affairs, Romania must act with professionalism&#13;<br \/>\nduring its EU presidency, but it must also take this opportunity to improve its&#13;<br \/>\nimage and strengthen its position in the EU. <\/p>\n<p><\/p>\n<p>&#13;<br \/>\n&#13;<br \/>\n&#13;<br \/>\n&#13;<\/p>\n<p>Romania will&#13;<br \/>\nhold the presidency of the European Union Council between January 1 and June 30&#13;<br \/>\nnext year, and will be followed by Finland and Croatia. The EU Council is&#13;<br \/>\nchaired in a rotation system, by each member state for a six-month term. The&#13;<br \/>\n2009 Lisbon Treaty introduced a trio methodology, with 3-country groups working&#13;<br \/>\ntogether to come up with a common agenda of the Council&#8217;s priorities for the&#13;<br \/>\nensuing 18 months. Each country also prepares its own, more detailed programme&#13;<br \/>\nfor its 6-month term.<\/p>\n<p><\/p>\n","protected":false},"excerpt":{"rendered":"<p>Romania steps up preparations to take over, on January 1, 2019, the rotating presidency of the European Union.<\/p>\n","protected":false},"author":106,"featured_media":76209,"comment_status":"closed","ping_status":"closed","sticky":false,"template":"","format":"standard","meta":{"_acf_changed":false,"footnotes":""},"categories":[37738],"tags":[33090,116464],"coauthors":[],"class_list":["post-76208","post","type-post","status-publish","format-standard","has-post-thumbnail","hentry","category-today-in-the-news","tag-eu-council-presidency","tag-romania-en"],"acf":[],"yoast_head":"<!-- This site is optimized with the Yoast SEO plugin v27.3 - https:\/\/yoast.com\/product\/yoast-seo-wordpress\/ -->\n<title>Preparations for the EU Council Presidency - Radio Romania International<\/title>\n<meta name=\"robots\" content=\"index, follow, max-snippet:-1, max-image-preview:large, max-video-preview:-1\" \/>\n<link rel=\"canonical\" href=\"https:\/\/www.rri.ro\/en\/news-and-current-affairs\/today-in-the-news\/preparations-for-the-eu-council-presidency-id76208.html\" \/>\n<meta property=\"og:locale\" content=\"en_US\" \/>\n<meta property=\"og:type\" content=\"article\" \/>\n<meta property=\"og:title\" content=\"Preparations for the EU Council Presidency - Radio Romania International\" \/>\n<meta property=\"og:description\" content=\"Romania steps up preparations to take over, on January 1, 2019, the rotating presidency of the European Union.\" \/>\n<meta property=\"og:url\" content=\"https:\/\/www.rri.ro\/en\/news-and-current-affairs\/today-in-the-news\/preparations-for-the-eu-council-presidency-id76208.html\" \/>\n<meta property=\"og:site_name\" content=\"Radio Romania International\" \/>\n<meta property=\"article:published_time\" content=\"2018-01-23T11:38:00+00:00\" \/>\n<meta property=\"article:modified_time\" content=\"2024-02-16T07:54:19+00:00\" \/>\n<meta property=\"og:image\" content=\"https:\/\/www.rri.ro\/wp-content\/uploads\/2023\/10\/negrescu-conferinta-ian2018.jpg\" \/>\n\t<meta property=\"og:image:width\" content=\"640\" \/>\n\t<meta property=\"og:image:height\" content=\"427\" \/>\n\t<meta property=\"og:image:type\" content=\"image\/jpeg\" \/>\n<meta name=\"author\" content=\"Mihai Pelin\" \/>\n<meta name=\"twitter:card\" content=\"summary_large_image\" \/>\n<meta name=\"twitter:label1\" content=\"Written by\" \/>\n\t<meta name=\"twitter:data1\" content=\"Mihai Pelin\" \/>\n\t<meta name=\"twitter:label2\" content=\"Est. reading time\" \/>\n\t<meta name=\"twitter:data2\" content=\"2 minutes\" \/>\n<script type=\"application\/ld+json\" class=\"yoast-schema-graph\">{\"@context\":\"https:\\\/\\\/schema.org\",\"@graph\":[{\"@type\":\"Article\",\"@id\":\"https:\\\/\\\/www.rri.ro\\\/en\\\/news-and-current-affairs\\\/today-in-the-news\\\/preparations-for-the-eu-council-presidency-id76208.html#article\",\"isPartOf\":{\"@id\":\"https:\\\/\\\/www.rri.ro\\\/en\\\/news-and-current-affairs\\\/today-in-the-news\\\/preparations-for-the-eu-council-presidency-id76208.html\"},\"author\":{\"name\":\"Mihai Pelin\",\"@id\":\"https:\\\/\\\/www.rri.ro\\\/#\\\/schema\\\/person\\\/c6036c822534c855dc3aad41a484f05d\"},\"headline\":\"Preparations for the EU Council Presidency\",\"datePublished\":\"2018-01-23T11:38:00+00:00\",\"dateModified\":\"2024-02-16T07:54:19+00:00\",\"mainEntityOfPage\":{\"@id\":\"https:\\\/\\\/www.rri.ro\\\/en\\\/news-and-current-affairs\\\/today-in-the-news\\\/preparations-for-the-eu-council-presidency-id76208.html\"},\"wordCount\":427,\"image\":{\"@id\":\"https:\\\/\\\/www.rri.ro\\\/en\\\/news-and-current-affairs\\\/today-in-the-news\\\/preparations-for-the-eu-council-presidency-id76208.html#primaryimage\"},\"thumbnailUrl\":\"https:\\\/\\\/www.rri.ro\\\/wp-content\\\/uploads\\\/2023\\\/10\\\/negrescu-conferinta-ian2018.jpg\",\"keywords\":[\"EU Council Presidency\",\"Romania\"],\"articleSection\":[\"Today in the News\"],\"inLanguage\":\"en-US\"},{\"@type\":\"WebPage\",\"@id\":\"https:\\\/\\\/www.rri.ro\\\/en\\\/news-and-current-affairs\\\/today-in-the-news\\\/preparations-for-the-eu-council-presidency-id76208.html\",\"url\":\"https:\\\/\\\/www.rri.ro\\\/en\\\/news-and-current-affairs\\\/today-in-the-news\\\/preparations-for-the-eu-council-presidency-id76208.html\",\"name\":\"Preparations for the EU Council Presidency - Radio Romania International\",\"isPartOf\":{\"@id\":\"https:\\\/\\\/www.rri.ro\\\/#website\"},\"primaryImageOfPage\":{\"@id\":\"https:\\\/\\\/www.rri.ro\\\/en\\\/news-and-current-affairs\\\/today-in-the-news\\\/preparations-for-the-eu-council-presidency-id76208.html#primaryimage\"},\"image\":{\"@id\":\"https:\\\/\\\/www.rri.ro\\\/en\\\/news-and-current-affairs\\\/today-in-the-news\\\/preparations-for-the-eu-council-presidency-id76208.html#primaryimage\"},\"thumbnailUrl\":\"https:\\\/\\\/www.rri.ro\\\/wp-content\\\/uploads\\\/2023\\\/10\\\/negrescu-conferinta-ian2018.jpg\",\"datePublished\":\"2018-01-23T11:38:00+00:00\",\"dateModified\":\"2024-02-16T07:54:19+00:00\",\"author\":{\"@id\":\"https:\\\/\\\/www.rri.ro\\\/#\\\/schema\\\/person\\\/c6036c822534c855dc3aad41a484f05d\"},\"breadcrumb\":{\"@id\":\"https:\\\/\\\/www.rri.ro\\\/en\\\/news-and-current-affairs\\\/today-in-the-news\\\/preparations-for-the-eu-council-presidency-id76208.html#breadcrumb\"},\"inLanguage\":\"en-US\",\"potentialAction\":[{\"@type\":\"ReadAction\",\"target\":[\"https:\\\/\\\/www.rri.ro\\\/en\\\/news-and-current-affairs\\\/today-in-the-news\\\/preparations-for-the-eu-council-presidency-id76208.html\"]}]},{\"@type\":\"ImageObject\",\"inLanguage\":\"en-US\",\"@id\":\"https:\\\/\\\/www.rri.ro\\\/en\\\/news-and-current-affairs\\\/today-in-the-news\\\/preparations-for-the-eu-council-presidency-id76208.html#primaryimage\",\"url\":\"https:\\\/\\\/www.rri.ro\\\/wp-content\\\/uploads\\\/2023\\\/10\\\/negrescu-conferinta-ian2018.jpg\",\"contentUrl\":\"https:\\\/\\\/www.rri.ro\\\/wp-content\\\/uploads\\\/2023\\\/10\\\/negrescu-conferinta-ian2018.jpg\",\"width\":640,\"height\":427},{\"@type\":\"BreadcrumbList\",\"@id\":\"https:\\\/\\\/www.rri.ro\\\/en\\\/news-and-current-affairs\\\/today-in-the-news\\\/preparations-for-the-eu-council-presidency-id76208.html#breadcrumb\",\"itemListElement\":[{\"@type\":\"ListItem\",\"position\":1,\"name\":\"Homepage\",\"item\":\"https:\\\/\\\/www.rri.ro\\\/en\"},{\"@type\":\"ListItem\",\"position\":2,\"name\":\"News and Current Affairs\",\"item\":\"https:\\\/\\\/www.rri.ro\\\/en\\\/news-and-current-affairs\"},{\"@type\":\"ListItem\",\"position\":3,\"name\":\"Today in the News\",\"item\":\"https:\\\/\\\/www.rri.ro\\\/en\\\/news-and-current-affairs\\\/today-in-the-news\"},{\"@type\":\"ListItem\",\"position\":4,\"name\":\"Preparations for the EU Council Presidency\"}]},{\"@type\":\"WebSite\",\"@id\":\"https:\\\/\\\/www.rri.ro\\\/#website\",\"url\":\"https:\\\/\\\/www.rri.ro\\\/\",\"name\":\"Radio Romania International\",\"description\":\"Totul despre Rom\u00e2nia \u015fi rom\u00e2ni, \u00een 13 limbi\\\/dialecte!\",\"inLanguage\":\"en-US\"},{\"@type\":\"Person\",\"@id\":\"https:\\\/\\\/www.rri.ro\\\/#\\\/schema\\\/person\\\/c6036c822534c855dc3aad41a484f05d\",\"name\":\"Mihai Pelin\",\"url\":\"https:\\\/\\\/www.rri.ro\\\/en\\\/author\\\/mihai-pelin\"}]}<\/script>\n<!-- \/ Yoast SEO plugin. -->","yoast_head_json":{"title":"Preparations for the EU Council Presidency - Radio Romania International","robots":{"index":"index","follow":"follow","max-snippet":"max-snippet:-1","max-image-preview":"max-image-preview:large","max-video-preview":"max-video-preview:-1"},"canonical":"https:\/\/www.rri.ro\/en\/news-and-current-affairs\/today-in-the-news\/preparations-for-the-eu-council-presidency-id76208.html","og_locale":"en_US","og_type":"article","og_title":"Preparations for the EU Council Presidency - Radio Romania International","og_description":"Romania steps up preparations to take over, on January 1, 2019, the rotating presidency of the European Union.","og_url":"https:\/\/www.rri.ro\/en\/news-and-current-affairs\/today-in-the-news\/preparations-for-the-eu-council-presidency-id76208.html","og_site_name":"Radio Romania International","article_published_time":"2018-01-23T11:38:00+00:00","article_modified_time":"2024-02-16T07:54:19+00:00","og_image":[{"width":640,"height":427,"url":"https:\/\/www.rri.ro\/wp-content\/uploads\/2023\/10\/negrescu-conferinta-ian2018.jpg","type":"image\/jpeg"}],"author":"Mihai Pelin","twitter_card":"summary_large_image","twitter_misc":{"Written by":"Mihai Pelin","Est. reading time":"2 minutes"},"schema":{"@context":"https:\/\/schema.org","@graph":[{"@type":"Article","@id":"https:\/\/www.rri.ro\/en\/news-and-current-affairs\/today-in-the-news\/preparations-for-the-eu-council-presidency-id76208.html#article","isPartOf":{"@id":"https:\/\/www.rri.ro\/en\/news-and-current-affairs\/today-in-the-news\/preparations-for-the-eu-council-presidency-id76208.html"},"author":{"name":"Mihai Pelin","@id":"https:\/\/www.rri.ro\/#\/schema\/person\/c6036c822534c855dc3aad41a484f05d"},"headline":"Preparations for the EU Council Presidency","datePublished":"2018-01-23T11:38:00+00:00","dateModified":"2024-02-16T07:54:19+00:00","mainEntityOfPage":{"@id":"https:\/\/www.rri.ro\/en\/news-and-current-affairs\/today-in-the-news\/preparations-for-the-eu-council-presidency-id76208.html"},"wordCount":427,"image":{"@id":"https:\/\/www.rri.ro\/en\/news-and-current-affairs\/today-in-the-news\/preparations-for-the-eu-council-presidency-id76208.html#primaryimage"},"thumbnailUrl":"https:\/\/www.rri.ro\/wp-content\/uploads\/2023\/10\/negrescu-conferinta-ian2018.jpg","keywords":["EU Council Presidency","Romania"],"articleSection":["Today in the News"],"inLanguage":"en-US"},{"@type":"WebPage","@id":"https:\/\/www.rri.ro\/en\/news-and-current-affairs\/today-in-the-news\/preparations-for-the-eu-council-presidency-id76208.html","url":"https:\/\/www.rri.ro\/en\/news-and-current-affairs\/today-in-the-news\/preparations-for-the-eu-council-presidency-id76208.html","name":"Preparations for the EU Council Presidency - Radio Romania International","isPartOf":{"@id":"https:\/\/www.rri.ro\/#website"},"primaryImageOfPage":{"@id":"https:\/\/www.rri.ro\/en\/news-and-current-affairs\/today-in-the-news\/preparations-for-the-eu-council-presidency-id76208.html#primaryimage"},"image":{"@id":"https:\/\/www.rri.ro\/en\/news-and-current-affairs\/today-in-the-news\/preparations-for-the-eu-council-presidency-id76208.html#primaryimage"},"thumbnailUrl":"https:\/\/www.rri.ro\/wp-content\/uploads\/2023\/10\/negrescu-conferinta-ian2018.jpg","datePublished":"2018-01-23T11:38:00+00:00","dateModified":"2024-02-16T07:54:19+00:00","author":{"@id":"https:\/\/www.rri.ro\/#\/schema\/person\/c6036c822534c855dc3aad41a484f05d"},"breadcrumb":{"@id":"https:\/\/www.rri.ro\/en\/news-and-current-affairs\/today-in-the-news\/preparations-for-the-eu-council-presidency-id76208.html#breadcrumb"},"inLanguage":"en-US","potentialAction":[{"@type":"ReadAction","target":["https:\/\/www.rri.ro\/en\/news-and-current-affairs\/today-in-the-news\/preparations-for-the-eu-council-presidency-id76208.html"]}]},{"@type":"ImageObject","inLanguage":"en-US","@id":"https:\/\/www.rri.ro\/en\/news-and-current-affairs\/today-in-the-news\/preparations-for-the-eu-council-presidency-id76208.html#primaryimage","url":"https:\/\/www.rri.ro\/wp-content\/uploads\/2023\/10\/negrescu-conferinta-ian2018.jpg","contentUrl":"https:\/\/www.rri.ro\/wp-content\/uploads\/2023\/10\/negrescu-conferinta-ian2018.jpg","width":640,"height":427},{"@type":"BreadcrumbList","@id":"https:\/\/www.rri.ro\/en\/news-and-current-affairs\/today-in-the-news\/preparations-for-the-eu-council-presidency-id76208.html#breadcrumb","itemListElement":[{"@type":"ListItem","position":1,"name":"Homepage","item":"https:\/\/www.rri.ro\/en"},{"@type":"ListItem","position":2,"name":"News and Current Affairs","item":"https:\/\/www.rri.ro\/en\/news-and-current-affairs"},{"@type":"ListItem","position":3,"name":"Today in the News","item":"https:\/\/www.rri.ro\/en\/news-and-current-affairs\/today-in-the-news"},{"@type":"ListItem","position":4,"name":"Preparations for the EU Council Presidency"}]},{"@type":"WebSite","@id":"https:\/\/www.rri.ro\/#website","url":"https:\/\/www.rri.ro\/","name":"Radio Romania International","description":"Totul despre Rom\u00e2nia \u015fi rom\u00e2ni, \u00een 13 limbi\/dialecte!","inLanguage":"en-US"},{"@type":"Person","@id":"https:\/\/www.rri.ro\/#\/schema\/person\/c6036c822534c855dc3aad41a484f05d","name":"Mihai Pelin","url":"https:\/\/www.rri.ro\/en\/author\/mihai-pelin"}]}},"_links":{"self":[{"href":"https:\/\/www.rri.ro\/en\/wp-json\/wp\/v2\/posts\/76208","targetHints":{"allow":["GET"]}}],"collection":[{"href":"https:\/\/www.rri.ro\/en\/wp-json\/wp\/v2\/posts"}],"about":[{"href":"https:\/\/www.rri.ro\/en\/wp-json\/wp\/v2\/types\/post"}],"author":[{"embeddable":true,"href":"https:\/\/www.rri.ro\/en\/wp-json\/wp\/v2\/users\/106"}],"replies":[{"embeddable":true,"href":"https:\/\/www.rri.ro\/en\/wp-json\/wp\/v2\/comments?post=76208"}],"version-history":[{"count":0,"href":"https:\/\/www.rri.ro\/en\/wp-json\/wp\/v2\/posts\/76208\/revisions"}],"wp:featuredmedia":[{"embeddable":true,"href":"https:\/\/www.rri.ro\/en\/wp-json\/wp\/v2\/media\/76209"}],"wp:attachment":[{"href":"https:\/\/www.rri.ro\/en\/wp-json\/wp\/v2\/media?parent=76208"}],"wp:term":[{"taxonomy":"category","embeddable":true,"href":"https:\/\/www.rri.ro\/en\/wp-json\/wp\/v2\/categories?post=76208"},{"taxonomy":"post_tag","embeddable":true,"href":"https:\/\/www.rri.ro\/en\/wp-json\/wp\/v2\/tags?post=76208"},{"taxonomy":"author","embeddable":true,"href":"https:\/\/www.rri.ro\/en\/wp-json\/wp\/v2\/coauthors?post=76208"}],"curies":[{"name":"wp","href":"https:\/\/api.w.org\/{rel}","templated":true}]}}