{"id":76223,"date":"2018-01-25T13:45:00","date_gmt":"2018-01-25T11:45:00","guid":{"rendered":"http:\/\/devrri.freshlemon.ro\/news-and-current-affairs\/newsflash\/romanians-celebrated-the-union-of-1859-76223.html"},"modified":"2024-02-16T09:54:21","modified_gmt":"2024-02-16T07:54:21","slug":"romanians-celebrated-the-union-of-1859","status":"publish","type":"post","link":"https:\/\/www.rri.ro\/en\/news-and-current-affairs\/today-in-the-news\/romanians-celebrated-the-union-of-1859-id76223.html","title":{"rendered":"Romanians celebrated the Union of 1859"},"content":{"rendered":"<p>On January 24, 1859, Alexandru Ioan Cuza, elected a week earlier ruler of Moldavia, was elected by the Elective Assembly in Bucharest as sovereign of Wallachia and proclaimed ruler of the United Principalities.<\/p>\n<p>&#13;<br \/>\n&#13;<\/p>\n<p>&#13;<br \/>\n&#13;<\/p>\n<p>During his 7-year rule, Cuza promoted several radical reforms, which established the institutional foundation of modern Romania, further consolidated by Kings Carol I and Ferdinand. Dubbed the \u201cUnifier\u201d, Ferdinand would unite in 1918, at the end of WWI, all the Romanian territories that until then had been under the rule of the neighboring multi-national empires.<\/p>\n<p>&#13;<br \/>\n&#13;<\/p>\n<p>&#13;<br \/>\n&#13;<\/p>\n<p>The Little Union of 1859 was celebrated on Wednesday through religious and military ceremonies, floral tributes and open air shows. Romania\u2019s President Klaus Iohannis participated in the official mass held at the Patriarchal Cathedral in Bucharest and also in the scientific session organized by the Romanian Academy.<\/p>\n<p>&#13;<br \/>\n&#13;<\/p>\n<p>&#13;<br \/>\n&#13;<\/p>\n<p>Iohannis reiterated his conviction that Romania\u2019s progress is indissolubly linked with the existence of a coherent and stable legislation, which sanctions abuses and dishonesty. Klaus Iohannis: \u201cPeople who rule the country have the duty to pay more attention to citizen\u2019s needs, to be more concerned about the long-term consequences of the decisions they make and to be more open to dialogue. We need a state to serve the interests of society, because Romanians want a decent and efficient governing.\u201d<\/p>\n<p>&#13;<br \/>\n&#13;<\/p>\n<p>&#13;<br \/>\n&#13;<\/p>\n<p>In a message posted on the Government\u2019s site, the interim PM Mihai Fifor says that the union of the Romanian principalities 159 years ago was the effort of the entire Romanian nation, which managed to turn history into a direction that was different from the one the foreign powers had envisaged. The union message was carried from Bucharest to Iasi, the historical capital of the Principality of Moldavia, by a train symbolically named \u201cthe Union Train\u201d, with a locomotive painted in Romania\u2019s national colors: red, yellow and blue. The ceremonies in Iasi were attended by the Custodian of the Romanian Crown, Princess Margaret, MPs, local authorities and guests from the Republic of Moldova.<\/p>\n<p>&#13;<br \/>\n&#13;<\/p>\n<p>&#13;<br \/>\n&#13;<\/p>\n<p>According to our correspondents, the Union Day was also celebrated in the Moldovan capital, Chisinau, where floral tributes were paid at the statue of ruler Alexandru Ioan Cuza and many people of culture, historians and politicians talked about the importance of that historic moment.<\/p>\n<p>&#13;<br \/>\n&#13;<\/p>\n<p>&#13;<br \/>\n&#13;<\/p>\n<p>Also, for ten years now, a community in Rome, made up of Romanian Christians of different denominations &#8212; Orthodox, Greek and Roman- Catholic &#8212; have celebrated the Union together through a religious mass. The Te-Deum held on Wednesday was also attended by the Romanian ambassadors to Rome and the Vatican. (Translated by M. Ignatescu, edited by D. Vijeu)<\/p>\n<p>&#13;<\/p>\n","protected":false},"excerpt":{"rendered":"<p>On January 24, Romanians across the country, in the diaspora and in the Republic of Moldova celebrated 159 years since the Union of the Romanian Principalities, which laid the foundation of the future modern unitary state<\/p>\n","protected":false},"author":105,"featured_media":76224,"comment_status":"closed","ping_status":"closed","sticky":false,"template":"","format":"standard","meta":{"_acf_changed":false,"footnotes":""},"categories":[37738],"tags":[1859,34422,36524],"coauthors":[],"class_list":["post-76223","post","type-post","status-publish","format-standard","has-post-thumbnail","hentry","category-today-in-the-news","tag-ambasada-romaniei-la-washington-coronavirus-angajat","tag-january-24","tag-union-of-the-romanian-principalities"],"acf":[],"yoast_head":"<!-- This site is optimized with the Yoast SEO plugin v27.3 - https:\/\/yoast.com\/product\/yoast-seo-wordpress\/ -->\n<title>Romanians celebrated the Union of 1859 - Radio Romania International<\/title>\n<meta name=\"robots\" content=\"index, follow, max-snippet:-1, max-image-preview:large, max-video-preview:-1\" \/>\n<link rel=\"canonical\" href=\"https:\/\/www.rri.ro\/en\/news-and-current-affairs\/today-in-the-news\/romanians-celebrated-the-union-of-1859-id76223.html\" \/>\n<meta property=\"og:locale\" content=\"en_US\" \/>\n<meta property=\"og:type\" content=\"article\" \/>\n<meta property=\"og:title\" content=\"Romanians celebrated the Union of 1859 - Radio Romania International\" \/>\n<meta property=\"og:description\" content=\"On January 24, Romanians across the country, in the diaspora and in the Republic of Moldova celebrated 159 years since the Union of the Romanian Principalities, which laid the foundation of the future modern unitary state\" \/>\n<meta property=\"og:url\" content=\"https:\/\/www.rri.ro\/en\/news-and-current-affairs\/today-in-the-news\/romanians-celebrated-the-union-of-1859-id76223.html\" \/>\n<meta property=\"og:site_name\" content=\"Radio Romania International\" \/>\n<meta property=\"article:published_time\" content=\"2018-01-25T11:45:00+00:00\" \/>\n<meta property=\"article:modified_time\" content=\"2024-02-16T07:54:21+00:00\" \/>\n<meta property=\"og:image\" content=\"https:\/\/www.rri.ro\/wp-content\/uploads\/2023\/10\/24-ianuarie-iohannis-ziua-unirii-principatelor.png\" \/>\n\t<meta property=\"og:image:width\" content=\"640\" \/>\n\t<meta property=\"og:image:height\" content=\"360\" \/>\n\t<meta property=\"og:image:type\" content=\"image\/png\" \/>\n<meta name=\"author\" content=\"Bogdan Matei\" \/>\n<meta name=\"twitter:card\" content=\"summary_large_image\" \/>\n<meta name=\"twitter:label1\" content=\"Written by\" \/>\n\t<meta name=\"twitter:data1\" content=\"Bogdan Matei\" \/>\n\t<meta name=\"twitter:label2\" content=\"Est. reading time\" \/>\n\t<meta name=\"twitter:data2\" content=\"2 minutes\" \/>\n<script type=\"application\/ld+json\" class=\"yoast-schema-graph\">{\"@context\":\"https:\\\/\\\/schema.org\",\"@graph\":[{\"@type\":\"Article\",\"@id\":\"https:\\\/\\\/www.rri.ro\\\/en\\\/news-and-current-affairs\\\/today-in-the-news\\\/romanians-celebrated-the-union-of-1859-id76223.html#article\",\"isPartOf\":{\"@id\":\"https:\\\/\\\/www.rri.ro\\\/en\\\/news-and-current-affairs\\\/today-in-the-news\\\/romanians-celebrated-the-union-of-1859-id76223.html\"},\"author\":{\"name\":\"Bogdan Matei\",\"@id\":\"https:\\\/\\\/www.rri.ro\\\/#\\\/schema\\\/person\\\/0ed327d40678578e6dbb840527e3ba32\"},\"headline\":\"Romanians celebrated the Union of 1859\",\"datePublished\":\"2018-01-25T11:45:00+00:00\",\"dateModified\":\"2024-02-16T07:54:21+00:00\",\"mainEntityOfPage\":{\"@id\":\"https:\\\/\\\/www.rri.ro\\\/en\\\/news-and-current-affairs\\\/today-in-the-news\\\/romanians-celebrated-the-union-of-1859-id76223.html\"},\"wordCount\":434,\"image\":{\"@id\":\"https:\\\/\\\/www.rri.ro\\\/en\\\/news-and-current-affairs\\\/today-in-the-news\\\/romanians-celebrated-the-union-of-1859-id76223.html#primaryimage\"},\"thumbnailUrl\":\"https:\\\/\\\/www.rri.ro\\\/wp-content\\\/uploads\\\/2023\\\/10\\\/24-ianuarie-iohannis-ziua-unirii-principatelor.png\",\"keywords\":[\"Ambasada Romaniei la Washington, coronavirus, angajat\",\"January 24\",\"Union of the Romanian Principalities\"],\"articleSection\":[\"Today in the News\"],\"inLanguage\":\"en-US\"},{\"@type\":\"WebPage\",\"@id\":\"https:\\\/\\\/www.rri.ro\\\/en\\\/news-and-current-affairs\\\/today-in-the-news\\\/romanians-celebrated-the-union-of-1859-id76223.html\",\"url\":\"https:\\\/\\\/www.rri.ro\\\/en\\\/news-and-current-affairs\\\/today-in-the-news\\\/romanians-celebrated-the-union-of-1859-id76223.html\",\"name\":\"Romanians celebrated the Union of 1859 - Radio Romania International\",\"isPartOf\":{\"@id\":\"https:\\\/\\\/www.rri.ro\\\/#website\"},\"primaryImageOfPage\":{\"@id\":\"https:\\\/\\\/www.rri.ro\\\/en\\\/news-and-current-affairs\\\/today-in-the-news\\\/romanians-celebrated-the-union-of-1859-id76223.html#primaryimage\"},\"image\":{\"@id\":\"https:\\\/\\\/www.rri.ro\\\/en\\\/news-and-current-affairs\\\/today-in-the-news\\\/romanians-celebrated-the-union-of-1859-id76223.html#primaryimage\"},\"thumbnailUrl\":\"https:\\\/\\\/www.rri.ro\\\/wp-content\\\/uploads\\\/2023\\\/10\\\/24-ianuarie-iohannis-ziua-unirii-principatelor.png\",\"datePublished\":\"2018-01-25T11:45:00+00:00\",\"dateModified\":\"2024-02-16T07:54:21+00:00\",\"author\":{\"@id\":\"https:\\\/\\\/www.rri.ro\\\/#\\\/schema\\\/person\\\/0ed327d40678578e6dbb840527e3ba32\"},\"breadcrumb\":{\"@id\":\"https:\\\/\\\/www.rri.ro\\\/en\\\/news-and-current-affairs\\\/today-in-the-news\\\/romanians-celebrated-the-union-of-1859-id76223.html#breadcrumb\"},\"inLanguage\":\"en-US\",\"potentialAction\":[{\"@type\":\"ReadAction\",\"target\":[\"https:\\\/\\\/www.rri.ro\\\/en\\\/news-and-current-affairs\\\/today-in-the-news\\\/romanians-celebrated-the-union-of-1859-id76223.html\"]}]},{\"@type\":\"ImageObject\",\"inLanguage\":\"en-US\",\"@id\":\"https:\\\/\\\/www.rri.ro\\\/en\\\/news-and-current-affairs\\\/today-in-the-news\\\/romanians-celebrated-the-union-of-1859-id76223.html#primaryimage\",\"url\":\"https:\\\/\\\/www.rri.ro\\\/wp-content\\\/uploads\\\/2023\\\/10\\\/24-ianuarie-iohannis-ziua-unirii-principatelor.png\",\"contentUrl\":\"https:\\\/\\\/www.rri.ro\\\/wp-content\\\/uploads\\\/2023\\\/10\\\/24-ianuarie-iohannis-ziua-unirii-principatelor.png\",\"width\":640,\"height\":360},{\"@type\":\"BreadcrumbList\",\"@id\":\"https:\\\/\\\/www.rri.ro\\\/en\\\/news-and-current-affairs\\\/today-in-the-news\\\/romanians-celebrated-the-union-of-1859-id76223.html#breadcrumb\",\"itemListElement\":[{\"@type\":\"ListItem\",\"position\":1,\"name\":\"Homepage\",\"item\":\"https:\\\/\\\/www.rri.ro\\\/en\"},{\"@type\":\"ListItem\",\"position\":2,\"name\":\"News and Current Affairs\",\"item\":\"https:\\\/\\\/www.rri.ro\\\/en\\\/news-and-current-affairs\"},{\"@type\":\"ListItem\",\"position\":3,\"name\":\"Today in the News\",\"item\":\"https:\\\/\\\/www.rri.ro\\\/en\\\/news-and-current-affairs\\\/today-in-the-news\"},{\"@type\":\"ListItem\",\"position\":4,\"name\":\"Romanians celebrated the Union of 1859\"}]},{\"@type\":\"WebSite\",\"@id\":\"https:\\\/\\\/www.rri.ro\\\/#website\",\"url\":\"https:\\\/\\\/www.rri.ro\\\/\",\"name\":\"Radio Romania International\",\"description\":\"Totul despre Rom\u00e2nia \u015fi rom\u00e2ni, \u00een 13 limbi\\\/dialecte!\",\"inLanguage\":\"en-US\"},{\"@type\":\"Person\",\"@id\":\"https:\\\/\\\/www.rri.ro\\\/#\\\/schema\\\/person\\\/0ed327d40678578e6dbb840527e3ba32\",\"name\":\"Bogdan Matei\",\"url\":\"https:\\\/\\\/www.rri.ro\\\/en\\\/author\\\/bogdan-matei\"}]}<\/script>\n<!-- \/ Yoast SEO plugin. -->","yoast_head_json":{"title":"Romanians celebrated the Union of 1859 - Radio Romania International","robots":{"index":"index","follow":"follow","max-snippet":"max-snippet:-1","max-image-preview":"max-image-preview:large","max-video-preview":"max-video-preview:-1"},"canonical":"https:\/\/www.rri.ro\/en\/news-and-current-affairs\/today-in-the-news\/romanians-celebrated-the-union-of-1859-id76223.html","og_locale":"en_US","og_type":"article","og_title":"Romanians celebrated the Union of 1859 - Radio Romania International","og_description":"On January 24, Romanians across the country, in the diaspora and in the Republic of Moldova celebrated 159 years since the Union of the Romanian Principalities, which laid the foundation of the future modern unitary state","og_url":"https:\/\/www.rri.ro\/en\/news-and-current-affairs\/today-in-the-news\/romanians-celebrated-the-union-of-1859-id76223.html","og_site_name":"Radio Romania International","article_published_time":"2018-01-25T11:45:00+00:00","article_modified_time":"2024-02-16T07:54:21+00:00","og_image":[{"width":640,"height":360,"url":"https:\/\/www.rri.ro\/wp-content\/uploads\/2023\/10\/24-ianuarie-iohannis-ziua-unirii-principatelor.png","type":"image\/png"}],"author":"Bogdan Matei","twitter_card":"summary_large_image","twitter_misc":{"Written by":"Bogdan Matei","Est. reading time":"2 minutes"},"schema":{"@context":"https:\/\/schema.org","@graph":[{"@type":"Article","@id":"https:\/\/www.rri.ro\/en\/news-and-current-affairs\/today-in-the-news\/romanians-celebrated-the-union-of-1859-id76223.html#article","isPartOf":{"@id":"https:\/\/www.rri.ro\/en\/news-and-current-affairs\/today-in-the-news\/romanians-celebrated-the-union-of-1859-id76223.html"},"author":{"name":"Bogdan Matei","@id":"https:\/\/www.rri.ro\/#\/schema\/person\/0ed327d40678578e6dbb840527e3ba32"},"headline":"Romanians celebrated the Union of 1859","datePublished":"2018-01-25T11:45:00+00:00","dateModified":"2024-02-16T07:54:21+00:00","mainEntityOfPage":{"@id":"https:\/\/www.rri.ro\/en\/news-and-current-affairs\/today-in-the-news\/romanians-celebrated-the-union-of-1859-id76223.html"},"wordCount":434,"image":{"@id":"https:\/\/www.rri.ro\/en\/news-and-current-affairs\/today-in-the-news\/romanians-celebrated-the-union-of-1859-id76223.html#primaryimage"},"thumbnailUrl":"https:\/\/www.rri.ro\/wp-content\/uploads\/2023\/10\/24-ianuarie-iohannis-ziua-unirii-principatelor.png","keywords":["Ambasada Romaniei la Washington, coronavirus, angajat","January 24","Union of the Romanian Principalities"],"articleSection":["Today in the News"],"inLanguage":"en-US"},{"@type":"WebPage","@id":"https:\/\/www.rri.ro\/en\/news-and-current-affairs\/today-in-the-news\/romanians-celebrated-the-union-of-1859-id76223.html","url":"https:\/\/www.rri.ro\/en\/news-and-current-affairs\/today-in-the-news\/romanians-celebrated-the-union-of-1859-id76223.html","name":"Romanians celebrated the Union of 1859 - Radio Romania International","isPartOf":{"@id":"https:\/\/www.rri.ro\/#website"},"primaryImageOfPage":{"@id":"https:\/\/www.rri.ro\/en\/news-and-current-affairs\/today-in-the-news\/romanians-celebrated-the-union-of-1859-id76223.html#primaryimage"},"image":{"@id":"https:\/\/www.rri.ro\/en\/news-and-current-affairs\/today-in-the-news\/romanians-celebrated-the-union-of-1859-id76223.html#primaryimage"},"thumbnailUrl":"https:\/\/www.rri.ro\/wp-content\/uploads\/2023\/10\/24-ianuarie-iohannis-ziua-unirii-principatelor.png","datePublished":"2018-01-25T11:45:00+00:00","dateModified":"2024-02-16T07:54:21+00:00","author":{"@id":"https:\/\/www.rri.ro\/#\/schema\/person\/0ed327d40678578e6dbb840527e3ba32"},"breadcrumb":{"@id":"https:\/\/www.rri.ro\/en\/news-and-current-affairs\/today-in-the-news\/romanians-celebrated-the-union-of-1859-id76223.html#breadcrumb"},"inLanguage":"en-US","potentialAction":[{"@type":"ReadAction","target":["https:\/\/www.rri.ro\/en\/news-and-current-affairs\/today-in-the-news\/romanians-celebrated-the-union-of-1859-id76223.html"]}]},{"@type":"ImageObject","inLanguage":"en-US","@id":"https:\/\/www.rri.ro\/en\/news-and-current-affairs\/today-in-the-news\/romanians-celebrated-the-union-of-1859-id76223.html#primaryimage","url":"https:\/\/www.rri.ro\/wp-content\/uploads\/2023\/10\/24-ianuarie-iohannis-ziua-unirii-principatelor.png","contentUrl":"https:\/\/www.rri.ro\/wp-content\/uploads\/2023\/10\/24-ianuarie-iohannis-ziua-unirii-principatelor.png","width":640,"height":360},{"@type":"BreadcrumbList","@id":"https:\/\/www.rri.ro\/en\/news-and-current-affairs\/today-in-the-news\/romanians-celebrated-the-union-of-1859-id76223.html#breadcrumb","itemListElement":[{"@type":"ListItem","position":1,"name":"Homepage","item":"https:\/\/www.rri.ro\/en"},{"@type":"ListItem","position":2,"name":"News and Current Affairs","item":"https:\/\/www.rri.ro\/en\/news-and-current-affairs"},{"@type":"ListItem","position":3,"name":"Today in the News","item":"https:\/\/www.rri.ro\/en\/news-and-current-affairs\/today-in-the-news"},{"@type":"ListItem","position":4,"name":"Romanians celebrated the Union of 1859"}]},{"@type":"WebSite","@id":"https:\/\/www.rri.ro\/#website","url":"https:\/\/www.rri.ro\/","name":"Radio Romania International","description":"Totul despre Rom\u00e2nia \u015fi rom\u00e2ni, \u00een 13 limbi\/dialecte!","inLanguage":"en-US"},{"@type":"Person","@id":"https:\/\/www.rri.ro\/#\/schema\/person\/0ed327d40678578e6dbb840527e3ba32","name":"Bogdan Matei","url":"https:\/\/www.rri.ro\/en\/author\/bogdan-matei"}]}},"_links":{"self":[{"href":"https:\/\/www.rri.ro\/en\/wp-json\/wp\/v2\/posts\/76223","targetHints":{"allow":["GET"]}}],"collection":[{"href":"https:\/\/www.rri.ro\/en\/wp-json\/wp\/v2\/posts"}],"about":[{"href":"https:\/\/www.rri.ro\/en\/wp-json\/wp\/v2\/types\/post"}],"author":[{"embeddable":true,"href":"https:\/\/www.rri.ro\/en\/wp-json\/wp\/v2\/users\/105"}],"replies":[{"embeddable":true,"href":"https:\/\/www.rri.ro\/en\/wp-json\/wp\/v2\/comments?post=76223"}],"version-history":[{"count":0,"href":"https:\/\/www.rri.ro\/en\/wp-json\/wp\/v2\/posts\/76223\/revisions"}],"wp:featuredmedia":[{"embeddable":true,"href":"https:\/\/www.rri.ro\/en\/wp-json\/wp\/v2\/media\/76224"}],"wp:attachment":[{"href":"https:\/\/www.rri.ro\/en\/wp-json\/wp\/v2\/media?parent=76223"}],"wp:term":[{"taxonomy":"category","embeddable":true,"href":"https:\/\/www.rri.ro\/en\/wp-json\/wp\/v2\/categories?post=76223"},{"taxonomy":"post_tag","embeddable":true,"href":"https:\/\/www.rri.ro\/en\/wp-json\/wp\/v2\/tags?post=76223"},{"taxonomy":"author","embeddable":true,"href":"https:\/\/www.rri.ro\/en\/wp-json\/wp\/v2\/coauthors?post=76223"}],"curies":[{"name":"wp","href":"https:\/\/api.w.org\/{rel}","templated":true}]}}